{"id":16293,"date":"2023-04-14T09:55:45Z","date_gmt":"2023-04-14T07:55:45Z","guid":{"rendered":"https:\/\/www.omni-biotic.com\/cs-cz\/vykrocte-do-jara-pravou-nohou\/"},"modified":"2023-04-14T09:55:45Z","modified_gmt":"2023-04-14T07:55:45Z","slug":"vykrocte-do-jara-pravou-nohou","status":"publish","type":"post","link":"https:\/\/www.omni-biotic.com\/cs-cz\/blog\/vykrocte-do-jara-pravou-nohou\/","title":{"rendered":"Vykro\u010dte do jara pravou nohou!"},"content":{"rendered":"","protected":false},"excerpt":{"rendered":"","protected":false},"author":2,"featured_media":16294,"comment_status":"open","ping_status":"open","sticky":false,"template":"","format":"standard","meta":{"_acf_changed":false,"inline_featured_image":false,"footnotes":""},"categories":[108,113,109],"tags":[],"class_list":["post-16293","post","type-post","status-publish","format-standard","has-post-thumbnail","hentry","category-potize-a-poradenstvi","category-vareni-s-probiotiky","category-vyziva-a-recepty"],"acf":[],"rank_math":{"og:title":"Vykro\u010dte do jara pravou nohou! - OMNi-BiOTiC\u00ae","og:desc":"Kone\u010dn\u011b jaro! Po chladn\u00fdch a tmav\u00fdch zimn\u00edch m\u011bs\u00edc\u00edch se nyn\u00ed m\u016f\u017eeme radovat z tepla, slunce a probouzej\u00edc\u00ed se fl\u00f3ry a fauny. P\u0159\u00edroda se op\u011bt za\u010d\u00edn\u00e1 t\u011b\u0161it pln\u00e9 s\u00edle a pro mnoho z n\u00e1s\u00a0 symbolizuje jaro tak\u00e9\u00a0 nov\u00e9 za\u010d\u00e1tky. K \u00fasp\u011b\u0161n\u00e9mu nov\u00e9mu startu je v\u0161ak d\u016fle\u017eit\u00e9 se zbavit\u00a0 zbyte\u010dn\u00e9 z\u00e1t\u011b\u017ee a dodat t\u011blu dostate\u010dnou podporu a [?]","og:url":"https:\/\/www.omni-biotic.com\/cs-cz\/blog\/vykrocte-do-jara-pravou-nohou\/","og:locale":"cs_CZ","og:image":"https:\/\/www.omni-biotic.com\/cs-cz\/wp-content\/uploads\/sites\/8\/2023\/06\/cz-zdrave-do-jara.jpg","og:image:width":"960","og:image:height":"666"},"additional_data":{"thumbnail":"https:\/\/www.omni-biotic.com\/cs-cz\/wp-content\/uploads\/sites\/8\/2023\/06\/cz-zdrave-do-jara.jpg"},"blog_info":{"country":"cs-cz"},"_links":{"self":[{"href":"https:\/\/www.omni-biotic.com\/cs-cz\/wp-json\/wp\/v2\/posts\/16293","targetHints":{"allow":["GET"]}}],"collection":[{"href":"https:\/\/www.omni-biotic.com\/cs-cz\/wp-json\/wp\/v2\/posts"}],"about":[{"href":"https:\/\/www.omni-biotic.com\/cs-cz\/wp-json\/wp\/v2\/types\/post"}],"author":[{"embeddable":true,"href":"https:\/\/www.omni-biotic.com\/cs-cz\/wp-json\/wp\/v2\/users\/2"}],"replies":[{"embeddable":true,"href":"https:\/\/www.omni-biotic.com\/cs-cz\/wp-json\/wp\/v2\/comments?post=16293"}],"version-history":[{"count":1,"href":"https:\/\/www.omni-biotic.com\/cs-cz\/wp-json\/wp\/v2\/posts\/16293\/revisions"}],"predecessor-version":[{"id":17843,"href":"https:\/\/www.omni-biotic.com\/cs-cz\/wp-json\/wp\/v2\/posts\/16293\/revisions\/17843"}],"wp:featuredmedia":[{"embeddable":true,"href":"https:\/\/www.omni-biotic.com\/cs-cz\/wp-json\/wp\/v2\/media\/16294"}],"wp:attachment":[{"href":"https:\/\/www.omni-biotic.com\/cs-cz\/wp-json\/wp\/v2\/media?parent=16293"}],"wp:term":[{"taxonomy":"category","embeddable":true,"href":"https:\/\/www.omni-biotic.com\/cs-cz\/wp-json\/wp\/v2\/categories?post=16293"},{"taxonomy":"post_tag","embeddable":true,"href":"https:\/\/www.omni-biotic.com\/cs-cz\/wp-json\/wp\/v2\/tags?post=16293"}],"curies":[{"name":"wp","href":"https:\/\/api.w.org\/{rel}","templated":true}]}}