{"id":17905,"date":"2024-03-19T10:15:24Z","date_gmt":"2024-03-19T09:15:24Z","guid":{"rendered":"https:\/\/www.omni-biotic.com\/cs-cz\/?p=17905"},"modified":"2024-04-16T13:35:09Z","modified_gmt":"2024-04-16T11:35:09Z","slug":"elementor-17905","status":"publish","type":"post","link":"https:\/\/www.omni-biotic.com\/cs-cz\/blog\/elementor-17905\/","title":{"rendered":"Miminka a jejich b\u0159\u00ed\u0161ko &#8211; St\u0159evn\u00ed mikrobiom ovliv\u0148uje n\u00e1ladu novorozenc\u016f"},"content":{"rendered":"\t\t<div data-elementor-type=\"wp-post\" data-elementor-id=\"17905\" class=\"elementor elementor-17905\" data-elementor-post-type=\"post\">\n\t\t\t\t<div class=\"elementor-element elementor-element-70da80e obcs none e-flex e-con-boxed e-con e-parent\" data-id=\"70da80e\" data-element_type=\"container\">\n\t\t\t\t\t<div class=\"e-con-inner\">\n\t\t\t\t<div class=\"elementor-element elementor-element-40947fc elementor-widget elementor-widget-image\" data-id=\"40947fc\" data-element_type=\"widget\" data-widget_type=\"image.default\">\n\t\t\t\t<div class=\"elementor-widget-container\">\n\t\t\t\t\t\t\t\t\t\t\t\t\t\t\t<img fetchpriority=\"high\" decoding=\"async\" width=\"768\" height=\"549\" src=\"https:\/\/www.omni-biotic.com\/cs-cz\/wp-content\/uploads\/sites\/8\/2024\/03\/Kojenci_Mikrobiom.jpg\" class=\"attachment-medium_large size-medium_large wp-image-18271\" alt=\"\" srcset=\"https:\/\/www.omni-biotic.com\/cs-cz\/wp-content\/uploads\/sites\/8\/2024\/03\/Kojenci_Mikrobiom.jpg 768w, https:\/\/www.omni-biotic.com\/cs-cz\/wp-content\/uploads\/sites\/8\/2024\/03\/Kojenci_Mikrobiom-300x214.jpg 300w\" sizes=\"(max-width: 768px) 100vw, 768px\" title=\"\">\t\t\t\t\t\t\t\t\t\t\t\t\t\t\t<\/div>\n\t\t\t\t<\/div>\n\t\t\t\t<div class=\"elementor-element elementor-element-93b21b8 elementor-widget elementor-widget-spacer\" data-id=\"93b21b8\" data-element_type=\"widget\" data-widget_type=\"spacer.default\">\n\t\t\t\t<div class=\"elementor-widget-container\">\n\t\t\t\t\t\t\t<div class=\"elementor-spacer\">\n\t\t\t<div class=\"elementor-spacer-inner\"><\/div>\n\t\t<\/div>\n\t\t\t\t\t\t<\/div>\n\t\t\t\t<\/div>\n\t\t\t\t<div class=\"elementor-element elementor-element-e6c46cc elementor-widget elementor-widget-heading\" data-id=\"e6c46cc\" data-element_type=\"widget\" data-widget_type=\"heading.default\">\n\t\t\t\t<div class=\"elementor-widget-container\">\n\t\t\t\t\t<h2 class=\"elementor-heading-title elementor-size-default\">Nov\u00e1 perspektiva d\u00edky pr\u016flomov\u00e9 studii<\/h2>\t\t\t\t<\/div>\n\t\t\t\t<\/div>\n\t\t\t\t\t<\/div>\n\t\t\t\t<\/div>\n\t\t<div class=\"elementor-element elementor-element-3391142 obcs none e-flex e-con-boxed e-con e-parent\" data-id=\"3391142\" data-element_type=\"container\">\n\t\t\t\t\t<div class=\"e-con-inner\">\n\t\t\t\t<div class=\"elementor-element elementor-element-ff6a1e1 elementor-widget elementor-widget-text-editor\" data-id=\"ff6a1e1\" data-element_type=\"widget\" data-widget_type=\"text-editor.default\">\n\t\t\t\t<div class=\"elementor-widget-container\">\n\t\t\t\t\t\t\t\t\t<p>Tato prvn\u011b aplikovan\u00e1 longitudin\u00e1ln\u00ed kohortov\u00e1 studie zkoumala mo\u017en\u00fd <strong>p\u0159\u00ed\u010dinn\u00fd vztah<\/strong>\u00a0 mezi <strong>zm\u011bnami<\/strong><a href=\"https:\/\/www.omni-biotic.com\/cs-cz\/zdravi-strev\/strevo-centrala-zdravi\/strevni-mikrobiom\/\"><strong> st\u0159evn\u00edho mikrobiomu<\/strong><\/a> a <strong>temperamentem <\/strong>u<strong> mal\u00fdch d\u011bt\u00ed<\/strong> b\u011bhem <strong>prvn\u00edch dvou let \u017eivota<\/strong>. Pomoc\u00ed line\u00e1rn\u00ed regresn\u00ed anal\u00fdzy a v\u00edcevrstv\u00e9 asocia\u010dn\u00ed anal\u00fdzy mikrobiomu mohli v\u00fdzkumn\u00edci podrobn\u011b zkoumat \u010dasov\u00fd pr\u016fb\u011bh vztahu mezi st\u0159evn\u00edm mikrobiomem a m\u011b\u0159iteln\u00fdm temperamentem mal\u00fdch \u00fa\u010dastn\u00edk\u016f t\u00e9to studie.<\/p>\t\t\t\t\t\t\t\t<\/div>\n\t\t\t\t<\/div>\n\t\t\t\t\t<\/div>\n\t\t\t\t<\/div>\n\t\t<div class=\"elementor-element elementor-element-24d6319 obcs none e-flex e-con-boxed e-con e-parent\" data-id=\"24d6319\" data-element_type=\"container\">\n\t\t\t\t\t<div class=\"e-con-inner\">\n\t\t\t\t<div class=\"elementor-element elementor-element-473f5ee elementor-widget elementor-widget-heading\" data-id=\"473f5ee\" data-element_type=\"widget\" data-widget_type=\"heading.default\">\n\t\t\t\t<div class=\"elementor-widget-container\">\n\t\t\t\t\t<h2 class=\"elementor-heading-title elementor-size-default\">Pohled na mo\u017en\u00e9 souvislosti<\/h2>\t\t\t\t<\/div>\n\t\t\t\t<\/div>\n\t\t\t\t<div class=\"elementor-element elementor-element-edb57d1 elementor-widget elementor-widget-text-editor\" data-id=\"edb57d1\" data-element_type=\"widget\" data-widget_type=\"text-editor.default\">\n\t\t\t\t<div class=\"elementor-widget-container\">\n\t\t\t\t\t\t\t\t\t<p>Studie analyzovala celkem <strong>41 kojenc\u016f<\/strong> (25 d\u00edvek a 16 chlapc\u016f) na z\u00e1klad\u011b<strong> 142 vzork\u016f stolice<\/strong>. V\u00fdsledky uk\u00e1zaly, \u017ee diverzita st\u0159evn\u00edho mikrobu m\u011b\u0159en\u00e1 pomoc\u00ed Shannonova indexu a Chao-1 indexu negativn\u011b korelovala s rozm\u011brem &#8222;roz\u010dilen\u00ed&#8220; p\u0159i narozen\u00ed. Jin\u00fdmi slovy, vy\u0161\u0161\u00ed diverzita st\u0159evn\u00ed mikrofl\u00f3ry p\u0159i narozen\u00ed byla spojena s men\u0161\u00edm &#8222;roz\u010darov\u00e1n\u00edm\u00ed&#8220; novorozenc\u016f v prvn\u00edch dnech \u017eivota. Pokud byl<strong> index Shannon a Chao-1 po 6 m\u011bs\u00edc\u00edch vy\u0161\u0161\u00ed<\/strong>, <strong>m\u011bly d\u011bti vy\u0161\u0161\u00ed sk\u00f3re v oblasti &#8222;nad\u0161en\u00ed\/extroverze&#8220;<\/strong>. A kone\u010dn\u011b vy\u0161\u0161\u00ed hodnoty Shannonova a Chao-1 indexu ve 2 letech v\u011bku korelovaly s vy\u0161\u0161\u00edmi hodnotami v dimenzi &#8222;p\u0159\u00edtulnost miminek&#8220;.<\/p>\t\t\t\t\t\t\t\t<\/div>\n\t\t\t\t<\/div>\n\t\t\t\t\t<\/div>\n\t\t\t\t<\/div>\n\t\t<div class=\"elementor-element elementor-element-241e838 obcs none e-flex e-con-boxed e-con e-parent\" data-id=\"241e838\" data-element_type=\"container\">\n\t\t\t\t\t<div class=\"e-con-inner\">\n\t\t\t\t<div class=\"elementor-element elementor-element-fd4523a elementor-widget elementor-widget-heading\" data-id=\"fd4523a\" data-element_type=\"widget\" data-widget_type=\"heading.default\">\n\t\t\t\t<div class=\"elementor-widget-container\">\n\t\t\t\t\t<h2 class=\"elementor-heading-title elementor-size-default\">N\u00e1hled na budouc\u00ed v\u00fdvoj<\/h2>\t\t\t\t<\/div>\n\t\t\t\t<\/div>\n\t\t\t\t\t<\/div>\n\t\t\t\t<\/div>\n\t\t<div class=\"elementor-element elementor-element-5c5fdc8 obcs none e-flex e-con-boxed e-con e-parent\" data-id=\"5c5fdc8\" data-element_type=\"container\">\n\t\t\t\t\t<div class=\"e-con-inner\">\n\t\t\t\t<div class=\"elementor-element elementor-element-26fcab3 elementor-widget elementor-widget-text-editor\" data-id=\"26fcab3\" data-element_type=\"widget\" data-widget_type=\"text-editor.default\">\n\t\t\t\t<div class=\"elementor-widget-container\">\n\t\t\t\t\t\t\t\t\t<p>V\u00fdsledky t\u00e9to pr\u016flomov\u00e9<strong> studie <\/strong>poprv\u00e9 potvrdily dosud pouze p\u0159edpokl\u00e1danou <strong>souvislost<\/strong> mezi<strong> zm\u011bnami v<\/strong> <strong>rozmanitosti a slo\u017een\u00ed<\/strong> <strong>st\u0159evn\u00edho mikrobiomu<\/strong> a <strong>temperamentem<\/strong> <strong>kojenc\u016f<\/strong> v prvn\u00edch dvou letech \u017eivota. V\u00fdzkum uk\u00e1zal, \u017ee mikrobi\u00e1ln\u00ed spole\u010denstv\u00ed, v n\u011bm\u017e p\u0159i narozen\u00ed dominuj\u00ed druhy rod\u016f <strong><em>Bacteroides<\/em><\/strong> a <strong><em>Bifidobacterium<\/em>,<\/strong> a vysok\u00e1 diverzita <strong>st\u0159evn\u00edho mikrobiomu<\/strong> v r\u016fzn\u00fdch \u010dasov\u00fdch obdob\u00edch p\u0159isp\u011bly k rozvoji trvale<strong> pozitivn\u00ed n\u00e1lady<\/strong> u zkouman\u00fdch d\u011bt\u00ed. Tato studie tak\u00e9 zd\u016fraz\u0148uje d\u016fle\u017eitou roli <a href=\"https:\/\/www.omni-biotic.com\/cs-cz\/zdravi-strev\/strevo-centrala-zdravi\/strevni-mikrobiom\/\"><strong>slo\u017een\u00ed st\u0159evn\u00edho mikrobiomu<\/strong><\/a> p\u0159i narozen\u00ed pro pozd\u011bj\u0161\u00ed temperament d\u011bt\u00ed.<\/p>\t\t\t\t\t\t\t\t<\/div>\n\t\t\t\t<\/div>\n\t\t\t\t\t<\/div>\n\t\t\t\t<\/div>\n\t\t<div class=\"elementor-element elementor-element-b16b47b obcs none e-flex e-con-boxed e-con e-parent\" data-id=\"b16b47b\" data-element_type=\"container\">\n\t\t\t\t\t<div class=\"e-con-inner\">\n\t\t\t\t\t<\/div>\n\t\t\t\t<\/div>\n\t\t\t\t<\/div>\n\t\t","protected":false},"excerpt":{"rendered":"<p>V\u00fdznam st\u0159evn\u00ed mikrofl\u00f3ry pro pohodu novorozenc\u016f je zn\u00e1m ji\u017e z p\u0159edchoz\u00edch studi\u00ed. Nejnov\u011bj\u0161\u00ed zji\u0161t\u011bn\u00ed v\u0161ak poch\u00e1z\u00ed z pr\u016flomov\u00e9 longitudin\u00e1ln\u00ed studie, kter\u00e1 nejen potvrzuje, ale tak\u00e9 roz\u0161i\u0159uje informace o tom, jak st\u0159evn\u00ed mikrobiom ovliv\u0148uje temperament novorozenc\u016f a kojenc\u016f.<\/p>\n","protected":false},"author":13,"featured_media":18505,"comment_status":"closed","ping_status":"closed","sticky":false,"template":"","format":"standard","meta":{"_acf_changed":false,"inline_featured_image":false,"footnotes":""},"categories":[112,107],"tags":[],"class_list":["post-17905","post","type-post","status-publish","format-standard","has-post-thumbnail","hentry","category-matka-a-dite","category-novinky-ve-vyzkumu"],"acf":[],"rank_math":{"og:title":"B\u0159\u00ed\u0161ko miminek - Mikrobiom ovliv\u0148uje n\u00e1ladu novorozenc\u016f","og:desc":"Jak je mo\u017en\u00e9, \u017ee n\u011bkter\u00e9 d\u011bti p\u0159ijdou na sv\u011bt pom\u011brn\u011b klidn\u00e9 a jin\u00e9 d\u011bti d\u011bti str\u00e1v\u00ed prvn\u00ed roky \u017eivota pl\u00e1\u010dem? Jakou roli zde hraje st\u0159evn\u00ed mikrobiom?","og:url":"https:\/\/www.omni-biotic.com\/cs-cz\/blog\/elementor-17905\/","og:locale":"cs_CZ","og:image":"https:\/\/www.omni-biotic.com\/cs-cz\/wp-content\/uploads\/sites\/8\/2024\/03\/Kojenci_Mikrobiom-1.jpg","og:image:width":"768","og:image:height":"549"},"additional_data":{"thumbnail":"https:\/\/www.omni-biotic.com\/cs-cz\/wp-content\/uploads\/sites\/8\/2024\/03\/Kojenci_Mikrobiom-1.jpg"},"blog_info":{"country":"cs-cz"},"_links":{"self":[{"href":"https:\/\/www.omni-biotic.com\/cs-cz\/wp-json\/wp\/v2\/posts\/17905","targetHints":{"allow":["GET"]}}],"collection":[{"href":"https:\/\/www.omni-biotic.com\/cs-cz\/wp-json\/wp\/v2\/posts"}],"about":[{"href":"https:\/\/www.omni-biotic.com\/cs-cz\/wp-json\/wp\/v2\/types\/post"}],"author":[{"embeddable":true,"href":"https:\/\/www.omni-biotic.com\/cs-cz\/wp-json\/wp\/v2\/users\/13"}],"replies":[{"embeddable":true,"href":"https:\/\/www.omni-biotic.com\/cs-cz\/wp-json\/wp\/v2\/comments?post=17905"}],"version-history":[{"count":7,"href":"https:\/\/www.omni-biotic.com\/cs-cz\/wp-json\/wp\/v2\/posts\/17905\/revisions"}],"predecessor-version":[{"id":18506,"href":"https:\/\/www.omni-biotic.com\/cs-cz\/wp-json\/wp\/v2\/posts\/17905\/revisions\/18506"}],"wp:featuredmedia":[{"embeddable":true,"href":"https:\/\/www.omni-biotic.com\/cs-cz\/wp-json\/wp\/v2\/media\/18505"}],"wp:attachment":[{"href":"https:\/\/www.omni-biotic.com\/cs-cz\/wp-json\/wp\/v2\/media?parent=17905"}],"wp:term":[{"taxonomy":"category","embeddable":true,"href":"https:\/\/www.omni-biotic.com\/cs-cz\/wp-json\/wp\/v2\/categories?post=17905"},{"taxonomy":"post_tag","embeddable":true,"href":"https:\/\/www.omni-biotic.com\/cs-cz\/wp-json\/wp\/v2\/tags?post=17905"}],"curies":[{"name":"wp","href":"https:\/\/api.w.org\/{rel}","templated":true}]}}