{"id":18099,"date":"2024-01-05T09:20:47Z","date_gmt":"2024-01-05T08:20:47Z","guid":{"rendered":"https:\/\/www.omni-biotic.com\/cs-cz\/?p=18099"},"modified":"2024-10-22T15:20:58Z","modified_gmt":"2024-10-22T13:20:58Z","slug":"meta-care-vase-plus-pro-zdravi-a-vitalitu","status":"publish","type":"post","link":"https:\/\/www.omni-biotic.com\/cs-cz\/blog\/meta-care-vase-plus-pro-zdravi-a-vitalitu\/","title":{"rendered":"META-CARE\u00ae: Va\u0161e plus pro zdrav\u00ed a vitalitu"},"content":{"rendered":"\t\t<div data-elementor-type=\"wp-post\" data-elementor-id=\"18099\" class=\"elementor elementor-18099\" data-elementor-post-type=\"post\">\n\t\t\t\t<div class=\"elementor-element elementor-element-851fcc9 obcs none e-flex e-con-boxed e-con e-parent\" data-id=\"851fcc9\" data-element_type=\"container\">\n\t\t\t\t\t<div class=\"e-con-inner\">\n\t\t\t\t<div class=\"elementor-element elementor-element-78295b2 elementor-widget elementor-widget-text-editor\" data-id=\"78295b2\" data-element_type=\"widget\" data-widget_type=\"text-editor.default\">\n\t\t\t\t<div class=\"elementor-widget-container\">\n\t\t\t\t\t\t\t\t\t<p><span style=\"color: #b6185c\"><em>Sv\u011bdomit\u00e1 strava a p\u00e9\u010de o zdrav\u00ed je ji\u017e pro mnoho z n\u00e1s sou\u010d\u00e1st\u00ed ka\u017edodenn\u00edho \u017eivota. Av\u0161ak v dob\u011b, kdy potraviny musej\u00ed p\u0159ekon\u00e1vat st\u00e1le v\u011bt\u0161\u00ed vzd\u00e1lenosti, ne\u017e se n\u00e1m dostanou na tal\u00ed\u0159 a kdy se ovoce a zelenina skl\u00edz\u00ed v\u011bt\u0161inou nezral\u00e9 ve sklen\u00edc\u00edch nebo kdy rostliny \u010dasto rostou na miner\u00e1ln\u00ed vat\u011b m\u00edsto na p\u016fd\u011b, nen\u00ed v\u017edy snadn\u00e9 ani pro zdrav\u011b sm\u00fd\u0161lej\u00edc\u00ed lidi pokr\u00fdt svou denn\u00ed pot\u0159ebu vitamin\u016f, miner\u00e1l\u016f a stopov\u00fdch prvk\u016f ka\u017edodenn\u00ed stravou.<\/em><\/span><\/p>\t\t\t\t\t\t\t\t<\/div>\n\t\t\t\t<\/div>\n\t\t\t\t\t<\/div>\n\t\t\t\t<\/div>\n\t\t<div class=\"elementor-element elementor-element-b5df994 obcs none e-flex e-con-boxed e-con e-parent\" data-id=\"b5df994\" data-element_type=\"container\">\n\t\t\t\t\t<div class=\"e-con-inner\">\n\t\t\t\t<div class=\"elementor-element elementor-element-3e1adbb elementor-widget elementor-widget-text-editor\" data-id=\"3e1adbb\" data-element_type=\"widget\" data-widget_type=\"text-editor.default\">\n\t\t\t\t<div class=\"elementor-widget-container\">\n\t\t\t\t\t\t\t\t\t<p>Sni\u017euj\u00edc\u00ed se <strong>obsah \u017eivin v potravin\u00e1ch<\/strong> je jedn\u00edm probl\u00e9mem, druh\u00fdm jsou ka\u017edodenn\u00ed situace, kdy se <strong>pot\u0159eba \u017eivin<\/strong> zvy\u0161uje: <strong><a href=\"https:\/\/www.omni-biotic.com\/cs-cz\/blog\/vedlejsi-ucinky-stresu\/\">Stres,<\/a><\/strong> velk\u00e1 fyzick\u00e1 nebo psychick\u00e1 z\u00e1t\u011b\u017e, ale tak\u00e9 diety nebo <strong><a href=\"https:\/\/www.omni-biotic.com\/cs-cz\/blog\/potravinova-intolerance-nebo-alergie\/\">potravinov\u00e9 intolerance<\/a><\/strong> mohou v\u00e9st k <strong>alarmuj\u00edc\u00edmu nedostatku pot\u0159ebn\u00fdch \u017eivin.<\/strong><\/p><p>V\u00fdrobky zna\u010dky<strong> META-CARE\u00ae<\/strong> byly vyvinuty s c\u00edlem poskytnout v\u0161em, kte\u0159\u00ed si cht\u011bj\u00ed co nejd\u00e9le udr\u017eet zdrav\u00ed a vitalitu, optim\u00e1ln\u00ed p\u0159\u00edsun \u017eivin!<\/p>\t\t\t\t\t\t\t\t<\/div>\n\t\t\t\t<\/div>\n\t\t\t\t\t<\/div>\n\t\t\t\t<\/div>\n\t\t<div class=\"elementor-element elementor-element-960f97f obcs none e-flex e-con-boxed e-con e-parent\" data-id=\"960f97f\" data-element_type=\"container\">\n\t\t\t\t\t<div class=\"e-con-inner\">\n\t\t\t\t<div class=\"elementor-element elementor-element-b35e54e elementor-widget elementor-widget-heading\" data-id=\"b35e54e\" data-element_type=\"widget\" data-widget_type=\"heading.default\">\n\t\t\t\t<div class=\"elementor-widget-container\">\n\t\t\t\t\t<h2 class=\"elementor-heading-title elementor-size-default\">V\u00edc ne\u017e jen dopln\u011bk stravy<\/h2>\t\t\t\t<\/div>\n\t\t\t\t<\/div>\n\t\t\t\t\t<\/div>\n\t\t\t\t<\/div>\n\t\t<div class=\"elementor-element elementor-element-17990be obcs none e-flex e-con-boxed e-con e-parent\" data-id=\"17990be\" data-element_type=\"container\">\n\t\t\t\t\t<div class=\"e-con-inner\">\n\t\t\t\t<div class=\"elementor-element elementor-element-36df9ec elementor-widget elementor-widget-text-editor\" data-id=\"36df9ec\" data-element_type=\"widget\" data-widget_type=\"text-editor.default\">\n\t\t\t\t<div class=\"elementor-widget-container\">\n\t\t\t\t\t\t\t\t\t<p>Stejn\u011b jako u v\u0161ech produkt\u016f<strong><a href=\"https:\/\/www.omni-biotic.com\/cs-cz\/o-nas\/institut-allergosan\/\"> Institutu AllergoSan<\/a><\/strong> je i u zna\u010dky <strong>META-CARE\u00ae<\/strong> samoz\u0159ejm\u011b na prvn\u00edm m\u00edst\u011b d\u016fmysln\u00e9 slo\u017een\u00ed jednotliv\u00fdch produkt\u016f a spln\u011bn\u00ed nejvy\u0161\u0161\u00edch standard\u016f kvality, jak vysv\u011btluje <strong><a href=\"https:\/\/www.omni-biotic.com\/cs-cz\/o-nas\/institut-allergosan\/anita-frauwallner\/\">prof. Anita Frauwallner:<\/a><\/strong> &#8222;Dopl\u0148ky stravy na\u0161\u00ed zna\u010dky <strong>META-CARE\u00ae<\/strong> jsou v\u00edc, ne\u017e o\u010dek\u00e1v\u00e1te. Spojuj\u00ed jedine\u010dnou s\u00edlu p\u0159\u00edrody s nejvy\u0161\u0161\u00ed kvalitou a komplexn\u00edmi znalostmi \u00fa\u010dink\u016f a optim\u00e1ln\u00ed kombinac\u00ed obsa\u017een\u00fdch slo\u017eek. Proto v\u00e1m je doporu\u010duji: Starejte se o sebe &#8211; u\u017e\u00edvejte <strong>META-CARE\u00ae!&#8220;<\/strong><\/p>\t\t\t\t\t\t\t\t<\/div>\n\t\t\t\t<\/div>\n\t\t\t\t<div class=\"elementor-element elementor-element-b916e4d elementor-widget elementor-widget-text-editor\" data-id=\"b916e4d\" data-element_type=\"widget\" data-widget_type=\"text-editor.default\">\n\t\t\t\t<div class=\"elementor-widget-container\">\n\t\t\t\t\t\t\t\t\t<p>Stejn\u011b jako u v\u0161ech produkt\u016f<strong><a href=\"https:\/\/www.omni-biotic.com\/cs-cz\/o-nas\/institut-allergosan\/\"> Institutu AllergoSan<\/a><\/strong> je i u zna\u010dky <strong>META-CARE\u00ae<\/strong> samoz\u0159ejm\u011b na prvn\u00edm m\u00edst\u011b d\u016fmysln\u00e9 slo\u017een\u00ed jednotliv\u00fdch produkt\u016f a spln\u011bn\u00ed nejvy\u0161\u0161\u00edch standard\u016f kvality, jak vysv\u011btluje <strong><a href=\"https:\/\/www.omni-biotic.com\/cs-cz\/o-nas\/institut-allergosan\/anita-frauwallner\/\">prof. Anita Frauwallner:<\/a><\/strong> &#8222;Dopl\u0148ky stravy na\u0161\u00ed zna\u010dky <strong>META-CARE\u00ae<\/strong> jsou v\u00edc, ne\u017e o\u010dek\u00e1v\u00e1te. Spojuj\u00ed jedine\u010dnou s\u00edlu p\u0159\u00edrody s nejvy\u0161\u0161\u00ed kvalitou a komplexn\u00edmi znalostmi \u00fa\u010dink\u016f a optim\u00e1ln\u00ed kombinac\u00ed obsa\u017een\u00fdch slo\u017eek. Proto v\u00e1m je doporu\u010duji: Starejte se o sebe &#8211; u\u017e\u00edvejte <strong>META-CARE\u00ae!&#8220;<\/strong><\/p>\t\t\t\t\t\t\t\t<\/div>\n\t\t\t\t<\/div>\n\t\t\t\t<div class=\"elementor-element elementor-element-a418b84 elementor-widget elementor-widget-image\" data-id=\"a418b84\" data-element_type=\"widget\" data-widget_type=\"image.default\">\n\t\t\t\t<div class=\"elementor-widget-container\">\n\t\t\t\t\t\t\t\t\t\t\t\t\t\t\t<img fetchpriority=\"high\" decoding=\"async\" width=\"800\" height=\"482\" src=\"https:\/\/www.omni-biotic.com\/cs-cz\/wp-content\/uploads\/sites\/8\/2024\/01\/Doplnek_stravy-1024x617.png\" class=\"attachment-large size-large wp-image-18103\" alt=\"\" srcset=\"https:\/\/www.omni-biotic.com\/cs-cz\/wp-content\/uploads\/sites\/8\/2024\/01\/Doplnek_stravy-1024x617.png 1024w, https:\/\/www.omni-biotic.com\/cs-cz\/wp-content\/uploads\/sites\/8\/2024\/01\/Doplnek_stravy-300x181.png 300w, https:\/\/www.omni-biotic.com\/cs-cz\/wp-content\/uploads\/sites\/8\/2024\/01\/Doplnek_stravy-768x463.png 768w, https:\/\/www.omni-biotic.com\/cs-cz\/wp-content\/uploads\/sites\/8\/2024\/01\/Doplnek_stravy.png 1200w\" sizes=\"(max-width: 800px) 100vw, 800px\" title=\"\">\t\t\t\t\t\t\t\t\t\t\t\t\t\t\t<\/div>\n\t\t\t\t<\/div>\n\t\t\t\t\t<\/div>\n\t\t\t\t<\/div>\n\t\t<div class=\"elementor-element elementor-element-387e329 obcs none e-flex e-con-boxed e-con e-parent\" data-id=\"387e329\" data-element_type=\"container\">\n\t\t\t\t\t<div class=\"e-con-inner\">\n\t\t\t\t<div class=\"elementor-element elementor-element-d6be0b1 elementor-widget elementor-widget-heading\" data-id=\"d6be0b1\" data-element_type=\"widget\" data-widget_type=\"heading.default\">\n\t\t\t\t<div class=\"elementor-widget-container\">\n\t\t\t\t\t<h2 class=\"elementor-heading-title elementor-size-default\">Od p\u0159\u00edrody k p\u0159\u00edrod\u011b<\/h2>\t\t\t\t<\/div>\n\t\t\t\t<\/div>\n\t\t\t\t\t<\/div>\n\t\t\t\t<\/div>\n\t\t<div class=\"elementor-element elementor-element-d45cbac obcs none e-flex e-con-boxed e-con e-parent\" data-id=\"d45cbac\" data-element_type=\"container\">\n\t\t\t\t\t<div class=\"e-con-inner\">\n\t\t\t\t<div class=\"elementor-element elementor-element-6c8c2ca elementor-widget elementor-widget-text-editor\" data-id=\"6c8c2ca\" data-element_type=\"widget\" data-widget_type=\"text-editor.default\">\n\t\t\t\t<div class=\"elementor-widget-container\">\n\t\t\t\t\t\t\t\t\t<p>Ale co je to &#8222;v\u00edc&#8220;, co m\u016f\u017eeme od <strong>META-CARE\u00ae<\/strong> o\u010dek\u00e1vat? Za zd\u016frazn\u011bn\u00ed stoj\u00ed zejm\u00e9na extra rostlinn\u00e1 s\u00edla. Mikro\u017eiviny v jednotliv\u00fdch produktech <strong>META-CARE\u00ae<\/strong> jsou kombinov\u00e1ny s <strong>vysoce kvalitn\u00edmi rostlinn\u00fdmi extrakty.<\/strong><\/p><p>Za t\u00edmto \u00fa\u010delem jsou vyb\u00edr\u00e1ny rostliny, kter\u00e9 se tradi\u010dn\u011b pou\u017e\u00edvaj\u00ed v nejr\u016fzn\u011bj\u0161\u00edch oblastech (nap\u0159. fenykl zklid\u0148uje tr\u00e1ven\u00ed), ale tak\u00e9 rostliny, kter\u00e9 jsou samy o sob\u011b zdrojem vysoce <strong>kvalitn\u00edch vitamin\u016f<\/strong> (nap\u0159. \u0161t\u00fdrsk\u00fd \u010dern\u00fd bez obsahuje cenn\u00fd vitamin C) nebo pom\u00e1haj\u00ed t\u011blu optim\u00e1ln\u011b vst\u0159eb\u00e1vat mikro\u017eiviny (nap\u0159. \u010dern\u00fd pep\u0159 zlep\u0161uje biologickou dostupnost).<\/p><blockquote><p><strong><span style=\"color: #b6185c\"><em>&#8222;Mikro\u017eiviny v jednotliv\u00fdch produktech META-CARE\u00ae jsou kombinov\u00e1ny s vysoce kvalitn\u00edmi rostlinn\u00fdmi extrakty.&#8220;<\/em><\/span><\/strong><\/p><\/blockquote><p><strong>Sama p\u0159\u00edroda<\/strong> je p\u0159itom nejen zdrojem pro z\u00edsk\u00e1v\u00e1n\u00ed <strong>vysoce kvalitn\u00edch produkt\u016f,<\/strong> ale tak\u00e9 vzorem a inspirac\u00ed. Pro <strong><a href=\"https:\/\/www.omni-biotic.com\/cs-cz\/o-nas\/institut-allergosan\/\">Institut AllergoSan<\/a> <\/strong>je proto samoz\u0159ejmost\u00ed <strong>ochrana \u017eivotn\u00edho prost\u0159ed\u00ed<\/strong> a jeho vz\u00e1cn\u00fdch zdroj\u016f.<\/p><p>Nap\u0159\u00edklad plechovky na obaly v\u00fdrobk\u016f <strong>META-CARE\u00ae<\/strong> jsou vyrobeny ze 100% recyklovan\u00e9ho materi\u00e1lu (rePET). Recyklace pou\u017eit\u00fdch PET lahv\u00ed nejen sni\u017euje mno\u017estv\u00ed odpadu, ale tak\u00e9 \u00fa\u010dinn\u011b sni\u017euje emise CO2.<\/p>\t\t\t\t\t\t\t\t<\/div>\n\t\t\t\t<\/div>\n\t\t\t\t\t<\/div>\n\t\t\t\t<\/div>\n\t\t<div class=\"elementor-element elementor-element-9a3c863 obcs none e-flex e-con-boxed e-con e-parent\" data-id=\"9a3c863\" data-element_type=\"container\">\n\t\t\t\t\t<div class=\"e-con-inner\">\n\t\t\t\t<div class=\"elementor-element elementor-element-4fe9255 elementor-widget elementor-widget-heading\" data-id=\"4fe9255\" data-element_type=\"widget\" data-widget_type=\"heading.default\">\n\t\t\t\t<div class=\"elementor-widget-container\">\n\t\t\t\t\t<h2 class=\"elementor-heading-title elementor-size-default\">Spole\u010dn\u00edk pro ka\u017edou situaci<\/h2>\t\t\t\t<\/div>\n\t\t\t\t<\/div>\n\t\t\t\t\t<\/div>\n\t\t\t\t<\/div>\n\t\t<div class=\"elementor-element elementor-element-a5883f2 obcs none e-flex e-con-boxed e-con e-parent\" data-id=\"a5883f2\" data-element_type=\"container\">\n\t\t\t\t\t<div class=\"e-con-inner\">\n\t\t\t\t<div class=\"elementor-element elementor-element-8d36315 elementor-widget elementor-widget-text-editor\" data-id=\"8d36315\" data-element_type=\"widget\" data-widget_type=\"text-editor.default\">\n\t\t\t\t<div class=\"elementor-widget-container\">\n\t\t\t\t\t\t\t\t\t<p>Roz\u0161\u00ed\u0159en\u00e1 \u0159ada v\u00fdrobk\u016f <strong>META-CARE\u00ae<\/strong> nab\u00edz\u00ed <strong>mikro\u017eiviny s p\u0159idanou rostlinnou silou<\/strong> pro r\u016fzn\u00e9 situace v\u0161edn\u00edho dne. Nejvy\u0161\u0161\u00ed prioritou t\u00e9to \u0159ady v\u00fdrobk\u016f je tak\u00e9 z\u00e1sobov\u00e1n\u00ed na\u0161eho &#8222;centra zdrav\u00ed&#8220; <strong><a href=\"https:\/\/www.omni-biotic.com\/cs-cz\/zdravi-strev\/\">st\u0159eva<\/a><\/strong> vhodn\u00fdmi \u017eivinami pro zaji\u0161t\u011bn\u00ed optim\u00e1ln\u00ed funkce <strong><a href=\"https:\/\/www.omni-biotic.com\/cs-cz\/strevni-potize\/leaky-gut\/\">st\u0159evn\u00ed bari\u00e9ry.<\/a><\/strong><\/p><p><strong>META-CARE\u00ae<\/strong> v\u0161ak nab\u00edz\u00ed tak\u00e9 vhodn\u00e9 \u0159e\u0161en\u00ed pro v\u0161echny, kte\u0159\u00ed cht\u011bj\u00ed proch\u00e1zet \u017eivotem s <strong>vitalitou<\/strong> a cht\u011bj\u00ed zvl\u00e1dat ka\u017edodenn\u00ed shon v<strong> uvoln\u011bn\u00e9 a vesel\u00e9 n\u00e1lad\u011b.<\/strong> Krom\u011b toho je tak\u00e9 zapot\u0159eb\u00ed udr\u017eovat<strong> svaly a klouby<\/strong> v dobr\u00e9 kondici, aby byly siln\u00e9 a pohybliv\u00e9, a v neposledn\u00ed \u0159ad\u011b se <strong><a href=\"https:\/\/www.omni-biotic.com\/cs-cz\/zdravi-strev\/oblasti-pusobeni-streva\/imunitni-system\/\">imunitn\u00edmu syst\u00e9mu<\/a><\/strong> dost\u00e1v\u00e1 t\u00e9 nejlep\u0161\u00ed mo\u017en\u00e9 podpory d\u00edky <strong>ide\u00e1ln\u011b kombinovan\u00fdm mikro\u017eivin\u00e1m.<\/strong><\/p>\t\t\t\t\t\t\t\t<\/div>\n\t\t\t\t<\/div>\n\t\t\t\t\t<\/div>\n\t\t\t\t<\/div>\n\t\t<div class=\"elementor-element elementor-element-5694480 obcs none e-flex e-con-boxed e-con e-parent\" data-id=\"5694480\" data-element_type=\"container\">\n\t\t\t\t\t<div class=\"e-con-inner\">\n\t\t\t\t<div class=\"elementor-element elementor-element-2783fb7 elementor-widget elementor-widget-image\" data-id=\"2783fb7\" data-element_type=\"widget\" data-widget_type=\"image.default\">\n\t\t\t\t<div class=\"elementor-widget-container\">\n\t\t\t\t\t\t\t\t\t\t\t\t\t\t\t<img decoding=\"async\" width=\"800\" height=\"414\" src=\"https:\/\/www.omni-biotic.com\/cs-cz\/wp-content\/uploads\/sites\/8\/2024\/01\/Rodina_Meta_Care-1024x530.png\" class=\"attachment-large size-large wp-image-18104\" alt=\"\" srcset=\"https:\/\/www.omni-biotic.com\/cs-cz\/wp-content\/uploads\/sites\/8\/2024\/01\/Rodina_Meta_Care-1024x530.png 1024w, https:\/\/www.omni-biotic.com\/cs-cz\/wp-content\/uploads\/sites\/8\/2024\/01\/Rodina_Meta_Care-300x155.png 300w, https:\/\/www.omni-biotic.com\/cs-cz\/wp-content\/uploads\/sites\/8\/2024\/01\/Rodina_Meta_Care-768x397.png 768w, https:\/\/www.omni-biotic.com\/cs-cz\/wp-content\/uploads\/sites\/8\/2024\/01\/Rodina_Meta_Care.png 1200w\" sizes=\"(max-width: 800px) 100vw, 800px\" title=\"\">\t\t\t\t\t\t\t\t\t\t\t\t\t\t\t<\/div>\n\t\t\t\t<\/div>\n\t\t\t\t\t<\/div>\n\t\t\t\t<\/div>\n\t\t<div class=\"elementor-element elementor-element-31da654 obcs none e-flex e-con-boxed e-con e-parent\" data-id=\"31da654\" data-element_type=\"container\">\n\t\t\t\t\t<div class=\"e-con-inner\">\n\t\t\t\t<div class=\"elementor-element elementor-element-2b27dd6 elementor-widget elementor-widget-text-editor\" data-id=\"2b27dd6\" data-element_type=\"widget\" data-widget_type=\"text-editor.default\">\n\t\t\t\t<div class=\"elementor-widget-container\">\n\t\t\t\t\t\t\t\t\t<p><strong>Nejnov\u011bj\u0161\u00ed poznatky<\/strong> z <a href=\"https:\/\/www.omni-biotic.com\/cs-cz\/o-nas\/vyzkum-a-vyvoj\/\"><strong>v\u00fdzkumu<\/strong><\/a> spolu s <strong>tradi\u010dn\u00edmi znalostmi<\/strong> integrativn\u00ed medic\u00edny tvo\u0159\u00ed z\u00e1klad pro v\u00fdvoj a neust\u00e1l\u00e9 zdokonalov\u00e1n\u00ed produkt\u016f zna\u010dky <strong>META-CARE\u00ae.<\/strong> V\u00fdsledkem jsou d\u016fmysln\u011b kombinovan\u00e9 produkty s ide\u00e1ln\u011b d\u00e1vkovan\u00fdmi slo\u017ekami &#8211; optim\u00e1ln\u011b p\u0159izp\u016fsoben\u00e9 pot\u0159eb\u00e1m ka\u017edodenn\u00edho \u017eivota.<\/p>\t\t\t\t\t\t\t\t<\/div>\n\t\t\t\t<\/div>\n\t\t\t\t\t<\/div>\n\t\t\t\t<\/div>\n\t\t<div class=\"elementor-element elementor-element-4c9413f obcs none e-flex e-con-boxed e-con e-parent\" data-id=\"4c9413f\" data-element_type=\"container\">\n\t\t\t\t\t<div class=\"e-con-inner\">\n\t\t\t\t<div class=\"elementor-element elementor-element-fbd4a0d elementor-widget elementor-widget-image\" data-id=\"fbd4a0d\" data-element_type=\"widget\" data-widget_type=\"image.default\">\n\t\t\t\t<div class=\"elementor-widget-container\">\n\t\t\t\t\t\t\t\t\t\t\t\t\t\t\t<img decoding=\"async\" width=\"768\" height=\"543\" src=\"https:\/\/www.omni-biotic.com\/cs-cz\/wp-content\/uploads\/sites\/8\/2024\/01\/meta-care.jpg\" class=\"attachment-large size-large wp-image-18105\" alt=\"\" srcset=\"https:\/\/www.omni-biotic.com\/cs-cz\/wp-content\/uploads\/sites\/8\/2024\/01\/meta-care.jpg 768w, https:\/\/www.omni-biotic.com\/cs-cz\/wp-content\/uploads\/sites\/8\/2024\/01\/meta-care-300x212.jpg 300w\" sizes=\"(max-width: 768px) 100vw, 768px\" title=\"\">\t\t\t\t\t\t\t\t\t\t\t\t\t\t\t<\/div>\n\t\t\t\t<\/div>\n\t\t\t\t\t<\/div>\n\t\t\t\t<\/div>\n\t\t\t\t<\/div>\n\t\t","protected":false},"excerpt":{"rendered":"<p>Sv\u011bdomit\u00e1 strava a p\u00e9\u010de o zdrav\u00ed je ji\u017e pro mnoho z n\u00e1s sou\u010d\u00e1st\u00ed ka\u017edodenn\u00edho \u017eivota. Av\u0161ak v dob\u011b, kdy potraviny musej\u00ed p\u0159ekon\u00e1vat st\u00e1le v\u011bt\u0161\u00ed vzd\u00e1lenosti, ne\u017e se n\u00e1m dostanou na tal\u00ed\u0159 a kdy se ovoce a zelenina skl\u00edz\u00ed v\u011bt\u0161inou nezral\u00e9 ve sklen\u00edc\u00edch nebo kdy rostliny \u010dasto rostou na miner\u00e1ln\u00ed vat\u011b m\u00edsto na p\u016fd\u011b, nen\u00ed v\u017edy [&hellip;]<\/p>\n","protected":false},"author":13,"featured_media":18512,"comment_status":"closed","ping_status":"closed","sticky":false,"template":"","format":"standard","meta":{"_acf_changed":false,"inline_featured_image":false,"footnotes":""},"categories":[111],"tags":[],"class_list":["post-18099","post","type-post","status-publish","format-standard","has-post-thumbnail","hentry","category-institut-allergosan"],"acf":[],"rank_math":{"og:title":"META-CARE\u00ae: Va\u0161e plus pro zdrav\u00ed a vitalitu","og:desc":"Zdrav\u00ed a vitalitu si chceme zachovat co nejd\u00e9le. Ne v\u017edy to je v\u0161ak \u00fapln\u011b jednoduch\u00e9. Co odli\u0161uje v\u00fdrobky META-CARE\u00aeod jin\u00fdch dopl\u0148k\u016f stravy?","og:url":"https:\/\/www.omni-biotic.com\/cs-cz\/blog\/meta-care-vase-plus-pro-zdravi-a-vitalitu\/","og:locale":"cs_CZ","og:image":"https:\/\/www.omni-biotic.com\/cs-cz\/wp-content\/uploads\/sites\/8\/2024\/01\/meta-care-1.jpg","og:image:width":"768","og:image:height":"543"},"additional_data":{"thumbnail":"https:\/\/www.omni-biotic.com\/cs-cz\/wp-content\/uploads\/sites\/8\/2024\/01\/meta-care-1.jpg"},"blog_info":{"country":"cs-cz"},"_links":{"self":[{"href":"https:\/\/www.omni-biotic.com\/cs-cz\/wp-json\/wp\/v2\/posts\/18099","targetHints":{"allow":["GET"]}}],"collection":[{"href":"https:\/\/www.omni-biotic.com\/cs-cz\/wp-json\/wp\/v2\/posts"}],"about":[{"href":"https:\/\/www.omni-biotic.com\/cs-cz\/wp-json\/wp\/v2\/types\/post"}],"author":[{"embeddable":true,"href":"https:\/\/www.omni-biotic.com\/cs-cz\/wp-json\/wp\/v2\/users\/13"}],"replies":[{"embeddable":true,"href":"https:\/\/www.omni-biotic.com\/cs-cz\/wp-json\/wp\/v2\/comments?post=18099"}],"version-history":[{"count":7,"href":"https:\/\/www.omni-biotic.com\/cs-cz\/wp-json\/wp\/v2\/posts\/18099\/revisions"}],"predecessor-version":[{"id":19337,"href":"https:\/\/www.omni-biotic.com\/cs-cz\/wp-json\/wp\/v2\/posts\/18099\/revisions\/19337"}],"wp:featuredmedia":[{"embeddable":true,"href":"https:\/\/www.omni-biotic.com\/cs-cz\/wp-json\/wp\/v2\/media\/18512"}],"wp:attachment":[{"href":"https:\/\/www.omni-biotic.com\/cs-cz\/wp-json\/wp\/v2\/media?parent=18099"}],"wp:term":[{"taxonomy":"category","embeddable":true,"href":"https:\/\/www.omni-biotic.com\/cs-cz\/wp-json\/wp\/v2\/categories?post=18099"},{"taxonomy":"post_tag","embeddable":true,"href":"https:\/\/www.omni-biotic.com\/cs-cz\/wp-json\/wp\/v2\/tags?post=18099"}],"curies":[{"name":"wp","href":"https:\/\/api.w.org\/{rel}","templated":true}]}}