{"id":18172,"date":"2024-02-22T11:33:16Z","date_gmt":"2024-02-22T10:33:16Z","guid":{"rendered":"https:\/\/www.omni-biotic.com\/cs-cz\/?p=18172"},"modified":"2024-04-16T13:40:24Z","modified_gmt":"2024-04-16T11:40:24Z","slug":"jarni-reset-organismu","status":"publish","type":"post","link":"https:\/\/www.omni-biotic.com\/cs-cz\/blog\/jarni-reset-organismu\/","title":{"rendered":"Jarn\u00ed reset organismu"},"content":{"rendered":"\t\t<div data-elementor-type=\"wp-post\" data-elementor-id=\"18172\" class=\"elementor elementor-18172\" data-elementor-post-type=\"post\">\n\t\t\t\t<div class=\"elementor-element elementor-element-1f0bb83 obcs none e-flex e-con-boxed e-con e-parent\" data-id=\"1f0bb83\" data-element_type=\"container\">\n\t\t\t\t\t<div class=\"e-con-inner\">\n\t\t\t\t<div class=\"elementor-element elementor-element-22ff893 elementor-widget elementor-widget-image\" data-id=\"22ff893\" data-element_type=\"widget\" data-widget_type=\"image.default\">\n\t\t\t\t<div class=\"elementor-widget-container\">\n\t\t\t\t\t\t\t\t\t\t\t\t\t\t\t<img fetchpriority=\"high\" decoding=\"async\" width=\"700\" height=\"500\" src=\"https:\/\/www.omni-biotic.com\/cs-cz\/wp-content\/uploads\/sites\/8\/2024\/02\/ocista_strev_detox.jpg\" class=\"attachment-large size-large wp-image-18176\" alt=\"\" srcset=\"https:\/\/www.omni-biotic.com\/cs-cz\/wp-content\/uploads\/sites\/8\/2024\/02\/ocista_strev_detox.jpg 700w, https:\/\/www.omni-biotic.com\/cs-cz\/wp-content\/uploads\/sites\/8\/2024\/02\/ocista_strev_detox-300x214.jpg 300w\" sizes=\"(max-width: 700px) 100vw, 700px\" title=\"\">\t\t\t\t\t\t\t\t\t\t\t\t\t\t\t<\/div>\n\t\t\t\t<\/div>\n\t\t\t\t<div class=\"elementor-element elementor-element-e49761b elementor-widget elementor-widget-heading\" data-id=\"e49761b\" data-element_type=\"widget\" data-widget_type=\"heading.default\">\n\t\t\t\t<div class=\"elementor-widget-container\">\n\t\t\t\t\t<h2 class=\"elementor-heading-title elementor-size-default\">Vykro\u010dte do jara se zdrav\u00fdm intestinem<\/h2>\t\t\t\t<\/div>\n\t\t\t\t<\/div>\n\t\t\t\t<div class=\"elementor-element elementor-element-3b7b2bf elementor-widget elementor-widget-text-editor\" data-id=\"3b7b2bf\" data-element_type=\"widget\" data-widget_type=\"text-editor.default\">\n\t\t\t\t<div class=\"elementor-widget-container\">\n\t\t\t\t\t\t\t\t\t<p>Po tis\u00edce let je p\u016fst v mnoha kultur\u00e1ch osv\u011bd\u010denou <strong>metodou, kter\u00e1<\/strong> slou\u017e\u00ed k <strong>o\u010dist\u011b<\/strong> a pos\u00edlen\u00ed <strong>organismu<\/strong> v mnoha sm\u011brech &#8211; <strong>fyzick\u00e9m, psychick\u00e9m i duchovn\u00edm<\/strong> &#8211; a k <strong>aktivaci<\/strong> <strong>samol\u00e9\u010div\u00fdch sil t\u011bla<\/strong>. V prav\u00e9m slova smyslu jde o to,\u00a0 zbavit se ve\u0161ker\u00e9 z\u00e1t\u011b\u017ee. P\u016fst znamen\u00e1 mimo jin\u00e9 i detoxikaci, tj. zbaven\u00ed t\u011bla nejr\u016fzn\u011bj\u0161\u00edch \u0161kodliv\u00fdch l\u00e1tek.<\/p><p>V sou\u010dasn\u00e9 dob\u011b je p\u016fst op\u011bt v m\u00f3d\u011b &#8211; zejm\u00e9na tzv. <strong>p\u0159eru\u0161ovan\u00fd p\u016fst,<\/strong> zn\u00e1m\u00fd tak\u00e9 jako <strong>intermitentn\u00ed hladov\u011bn\u00ed<\/strong>, dal t\u00e9to tradi\u010dn\u00ed l\u00e9\u010debn\u00e9 metod\u011b obrovsk\u00fd impuls. Zdrav\u00ed prosp\u011b\u0161n\u00fdmi \u00fa\u010dinky p\u016fstu se zab\u00fdvaj\u00ed i \u010detn\u00e9 studie, kter\u00e9 potvrzuj\u00ed jeho <strong>pozitivn\u00ed vliv<\/strong> na <a href=\"https:\/\/www.omni-biotic.com\/cs-cz\/zdravi-strev\/\"><strong>zdrav\u00ed st\u0159ev.<\/strong><\/a> Tr\u00e1vic\u00edmu traktu se p\u016fstem zna\u010dn\u011b ulev\u00ed &#8211; a pr\u00e1v\u011b zde je vhodn\u00e1 c\u00edlen\u00e1 <strong>st\u0159evn\u00ed o\u010dista<\/strong>, kter\u00e1 pom\u016f\u017ee napravit st\u00e1vaj\u00edc\u00ed po\u0161kozen\u00ed st\u0159ev a obnov\u00ed jejich zdrav\u00ed prosp\u011b\u0161nou funkci.<\/p>\t\t\t\t\t\t\t\t<\/div>\n\t\t\t\t<\/div>\n\t\t\t\t<div class=\"elementor-element elementor-element-a3e782f elementor-widget elementor-widget-heading\" data-id=\"a3e782f\" data-element_type=\"widget\" data-widget_type=\"heading.default\">\n\t\t\t\t<div class=\"elementor-widget-container\">\n\t\t\t\t\t<h2 class=\"elementor-heading-title elementor-size-default\">Co d\u011blaj\u00ed \u0161kodliviny s na\u0161\u00edm t\u011blem?<\/h2>\t\t\t\t<\/div>\n\t\t\t\t<\/div>\n\t\t\t\t<div class=\"elementor-element elementor-element-0814cb2 elementor-widget elementor-widget-text-editor\" data-id=\"0814cb2\" data-element_type=\"widget\" data-widget_type=\"text-editor.default\">\n\t\t\t\t<div class=\"elementor-widget-container\">\n\t\t\t\t\t\t\t\t\t<p>Od <strong>pr\u016fmyslov\u011b zpracovan\u00fdch potravin a polotovar\u016f<\/strong> s nejr\u016fzn\u011bj\u0161\u00edmi <strong>p\u0159\u00eddan\u00fdmi l\u00e1tkami<\/strong> a <strong>l\u00e9ky<\/strong> a\u017e po <strong>sprchov\u00e9 gely<\/strong>, <strong>zubn\u00ed pasty<\/strong> a <strong>kosmetiku.<\/strong> Na\u0161e t\u011blo je den co den vystaveno vlivu mnoha chemick\u00fdch l\u00e1tek. Do na\u0161eho organismu se dost\u00e1vaj\u00ed p\u0159es k\u016f\u017ei, pl\u00edce a st\u0159eva. \u010c\u00edm v\u00edce t\u011bchto <strong>cizorod\u00fdch \u010d\u00e1stic p\u0159ij\u00edm\u00e1me<\/strong>, t\u00edm <strong>v\u011bt\u0161\u00ed z\u00e1t\u011b\u017e<\/strong> pro n\u00e1s p\u0159edstavuj\u00ed, a to zejm\u00e9na pro na\u0161e <a href=\"https:\/\/www.omni-biotic.com\/cs-cz\/zdravi-strev\/strevo-centrala-zdravi\/osa-strevo-jatra\/\"><strong>detoxika\u010dn\u00ed org\u00e1ny<\/strong><\/a>.<\/p>\t\t\t\t\t\t\t\t<\/div>\n\t\t\t\t<\/div>\n\t\t\t\t<div class=\"elementor-element elementor-element-dfeac4e elementor-widget elementor-widget-infobox\" data-id=\"dfeac4e\" data-element_type=\"widget\" data-widget_type=\"infobox.default\">\n\t\t\t\t<div class=\"elementor-widget-container\">\n\t\t\t\t\t\n<div class=\"li-widgets--infobox blue highlights-always-magenta\">\n\n    <div class=\"li-widgets--infobox__icon\">\n        <i aria-hidden=\"true\" class=\"fas fa-info\"><\/i>    <\/div>\n    <div class=\"li-widgets--infobox__text\">\n        C\u00edlen\u00e1 st\u0159evn\u00ed o\u010dista je ide\u00e1ln\u00ed p\u0159\u00edle\u017eitost\u00ed k n\u00e1prav\u011b st\u0159evn\u00edho mikrobiomu a z\u00e1rove\u0148 k regeneraci st\u0159evn\u00ed sliznice.\n    <\/div>\n    <div class=\"li-widgets--infobox__text-body\">\n            <\/div>\n\n    \n<\/div>\n\t\t\t\t<\/div>\n\t\t\t\t<\/div>\n\t\t\t\t<div class=\"elementor-element elementor-element-e3690a6 elementor-widget elementor-widget-text-editor\" data-id=\"e3690a6\" data-element_type=\"widget\" data-widget_type=\"text-editor.default\">\n\t\t\t\t<div class=\"elementor-widget-container\">\n\t\t\t\t\t\t\t\t\t<p>Z dlouhodob\u00e9ho hlediska mohou \u0161kodliv\u00e9 l\u00e1tky a toxiny naru\u0161it <a href=\"https:\/\/www.omni-biotic.com\/cs-cz\/zdravi-strev\/strevo-centrala-zdravi\/strevni-bakterie\/\">st\u0159evn\u00ed bakteri\u00e1ln\u00ed syst\u00e9m<\/a>, nebo\u0165 mnoho na\u0161ich prosp\u011b\u0161n\u00fdch st\u0159evn\u00edch obyvatel vlivem t\u011bchto l\u00e1tek a celkov\u00e9 z\u00e1t\u011b\u017ee \u010dasem zahyne, co\u017e vede nerovnov\u00e1ze ve st\u0159evn\u00edm mikrobiomu. <strong>Dr. Michaela E. Detzelov\u00e1<\/strong>, chemi\u010dka, naturopatka a odbornice na o\u010distu st\u0159ev, v\u00ed, jak\u00e9 to m\u016f\u017ee <strong>m\u00edt d\u016fsledky<\/strong>: &#8222;Pokud ji\u017e nen\u00ed udr\u017eov\u00e1na rovnov\u00e1ha mezi st\u0159evn\u00edmi bakteriemi, m\u016f\u017ee to v\u00e9st ke <strong>zv\u00fd\u0161en\u00e9 propustnosti st\u0159ev<\/strong>. To znamen\u00e1, \u017ee st\u0159evn\u00ed sliznice &#8222;d\u011brav\u00ed&#8220;, co\u017e m\u00e1 za n\u00e1sledek vadn\u00fd filtra\u010dn\u00ed syst\u00e9m, tzv. <a href=\"https:\/\/www.omni-biotic.com\/cs-cz\/strevni-potize\/leaky-gut\/\"><strong>syndrom zv\u00fd\u0161en\u00e9 propustnosti st\u0159ev<\/strong><\/a>. V tomto p\u0159\u00edpad\u011b se pak do krve &#8211; a tedy i do cel\u00e9ho t\u011bla &#8211; dost\u00e1vaj\u00ed l\u00e1tky ze st\u0159ev, kter\u00e9 by tam za norm\u00e1ln\u00edch okolnost\u00ed nem\u011bly p\u0159\u00edstup.&#8220;\u00a0<\/p><p>A to m\u016f\u017ee m\u00edt <strong>dalekos\u00e1hl\u00e9 d\u016fsledky.<\/strong>\u00a0Zpo\u010d\u00e1tku m\u00edrn\u00e9 <strong>z\u00e1n\u011bty<\/strong>\u00a0se mohou roz\u0161\u00ed\u0159it a v\u00e9st k psychick\u00e9mu <strong>vy\u010derp\u00e1n\u00ed<\/strong>, <strong>ko\u017en\u00edm probl\u00e9m\u016fm<\/strong>, <a href=\"https:\/\/www.omni-biotic.com\/cs-cz\/blog\/strevo-neviditelna-past-pri-hubnuti\/\"><strong>p\u0159ib\u00fdv\u00e1n\u00ed na v\u00e1ze <\/strong><\/a>nebo dokonce k chronick\u00fdm onemocn\u011bn\u00edm, jako je <strong>Crohnova choroba <\/strong>nebo jin\u00e1 autoimunitn\u00ed onemocn\u011bn\u00ed.<\/p>\t\t\t\t\t\t\t\t<\/div>\n\t\t\t\t<\/div>\n\t\t\t\t<div class=\"elementor-element elementor-element-b2d1f91 elementor-widget elementor-widget-heading\" data-id=\"b2d1f91\" data-element_type=\"widget\" data-widget_type=\"heading.default\">\n\t\t\t\t<div class=\"elementor-widget-container\">\n\t\t\t\t\t<h2 class=\"elementor-heading-title elementor-size-default\">P\u016fst a o\u010dista st\u0159ev: vysoce \u00fa\u010dinn\u00e1 kombinace<\/h2>\t\t\t\t<\/div>\n\t\t\t\t<\/div>\n\t\t\t\t<div class=\"elementor-element elementor-element-6e9a027 elementor-widget elementor-widget-image\" data-id=\"6e9a027\" data-element_type=\"widget\" data-widget_type=\"image.default\">\n\t\t\t\t<div class=\"elementor-widget-container\">\n\t\t\t\t\t\t\t\t\t\t\t\t\t\t\t<img decoding=\"async\" width=\"700\" height=\"500\" src=\"https:\/\/www.omni-biotic.com\/cs-cz\/wp-content\/uploads\/sites\/8\/2024\/02\/Ovoce_hubnuti.jpg\" class=\"attachment-large size-large wp-image-18177\" alt=\"\" srcset=\"https:\/\/www.omni-biotic.com\/cs-cz\/wp-content\/uploads\/sites\/8\/2024\/02\/Ovoce_hubnuti.jpg 700w, https:\/\/www.omni-biotic.com\/cs-cz\/wp-content\/uploads\/sites\/8\/2024\/02\/Ovoce_hubnuti-300x214.jpg 300w\" sizes=\"(max-width: 700px) 100vw, 700px\" title=\"\">\t\t\t\t\t\t\t\t\t\t\t\t\t\t\t<\/div>\n\t\t\t\t<\/div>\n\t\t\t\t<div class=\"elementor-element elementor-element-cb9e322 elementor-widget elementor-widget-text-editor\" data-id=\"cb9e322\" data-element_type=\"widget\" data-widget_type=\"text-editor.default\">\n\t\t\t\t<div class=\"elementor-widget-container\">\n\t\t\t\t\t\t\t\t\t<p>Jak ale m\u016f\u017eeme co nejl\u00e9pe <strong>podpo\u0159it<\/strong> na\u0161e <strong>t\u011blo<\/strong> p\u0159i <strong>vylu\u010dov\u00e1n\u00ed<\/strong> <strong>\u0161kodliv\u00fdch l\u00e1tek a toxin\u016f<\/strong> a zajistit si tak zdrav\u00fd t\u011blesn\u00fd z\u00e1klad? Kombinace p\u016fstu a st\u0159evn\u00ed o\u010disty se Dr. Dezetel, kter\u00e1 ve sv\u00e9 ordinaci vitalM.E.D. nedaleko Frankfurtu nad Mohanem nab\u00edz\u00ed takzvanou <strong>integrovanou st\u0159evn\u00ed o\u010distu p\u016fstem<\/strong>, osv\u011bd\u010dila jako velmi \u00fa\u010dinn\u00e1 terapie: &#8222;Prost\u0159ednictv\u00edm <strong>(l\u00e9\u010debn\u00e9ho) p\u016fstu<\/strong> m\u016f\u017eeme co nejintenzivn\u011bji <strong>ulevit<\/strong> <strong>tr\u00e1vic\u00edmu traktu<\/strong> t\u00edm, \u017ee se vyhneme p\u0159\u00edjmu pevn\u00e9 stravy. Pos\u00edl\u00e1me na\u0161e <strong>tr\u00e1vic\u00ed a metabolick\u00e9 org\u00e1ny<\/strong> tak\u0159\u00edkaj\u00edc na <strong>dovolenou<\/strong>.&#8220;<\/p><p><strong>C\u00edlen\u00e1 st\u0159evn\u00ed rehabilitace<\/strong> vytv\u00e1\u0159\u00ed ide\u00e1ln\u00ed p\u0159\u00edle\u017eitost k n\u00e1prav\u011b <a href=\"https:\/\/www.omni-biotic.com\/cs-cz\/zdravi-strev\/strevo-centrala-zdravi\/strevni-mikrobiom\/\"><strong>st\u0159evn\u00edho mikrobiomu<\/strong><\/a> a z\u00e1rove\u0148 k <strong>regeneraci st\u0159evn\u00ed sliznice<\/strong> &#8211; a Detzel v t\u00e9to souh\u0159e vid\u00ed velkou v\u00fdhodu: &#8222;Tr\u00e1vic\u00edm org\u00e1n\u016fm se ulev\u00ed, masivn\u011b se stimuluje detoxikace, reguluje se metabolismus, sni\u017euje se z\u00e1n\u011btlivost a v d\u016fsledku toho se v\u00fdrazn\u011b posiluje<strong><a href=\"https:\/\/www.omni-biotic.com\/cs-cz\/zdravi-strev\/oblasti-pusobeni-streva\/imunitni-system\/\"> imunitn\u00ed syst\u00e9m<\/a>.<\/strong><\/p>\t\t\t\t\t\t\t\t<\/div>\n\t\t\t\t<\/div>\n\t\t\t\t\t<\/div>\n\t\t\t\t<\/div>\n\t\t<div class=\"elementor-element elementor-element-947ae26 obcs none e-flex e-con-boxed e-con e-parent\" data-id=\"947ae26\" data-element_type=\"container\">\n\t\t\t\t\t<div class=\"e-con-inner\">\n\t\t\t\t<div class=\"elementor-element elementor-element-2abf636 elementor-widget elementor-widget-li-widgets--author-quote\" data-id=\"2abf636\" data-element_type=\"widget\" data-widget_type=\"li-widgets--author-quote.default\">\n\t\t\t\t<div class=\"elementor-widget-container\">\n\t\t\t\t\t<div class=\"li-widgets--author-quote yellow\">\n            <div class=\"li-widgets--author-quote__image--wrapper\">\n            <div class=\"li-widgets--author-quote__image\">\n                <img decoding=\"async\" width=\"300\" height=\"244\" src=\"https:\/\/www.omni-biotic.com\/cs-cz\/wp-content\/uploads\/sites\/8\/2024\/02\/Dr-rer-nat-Michaela-E-Detzel-V2-300x244.jpg\" class=\"attachment-medium size-medium\" alt=\"\" srcset=\"https:\/\/www.omni-biotic.com\/cs-cz\/wp-content\/uploads\/sites\/8\/2024\/02\/Dr-rer-nat-Michaela-E-Detzel-V2-300x244.jpg 300w, https:\/\/www.omni-biotic.com\/cs-cz\/wp-content\/uploads\/sites\/8\/2024\/02\/Dr-rer-nat-Michaela-E-Detzel-V2-768x624.jpg 768w, https:\/\/www.omni-biotic.com\/cs-cz\/wp-content\/uploads\/sites\/8\/2024\/02\/Dr-rer-nat-Michaela-E-Detzel-V2.jpg 800w\" sizes=\"(max-width: 300px) 100vw, 300px\" title=\"\">            <\/div>\n        <\/div>\n        <div class=\"li-widgets--author-quote__content\">\n        <div class=\"li-widgets--author-quote__author\">\n            Dr. rer. nat. Michaela E. Detzel                            <span class=\"li-widgets--author-quote__author--position\">\n            Profil odbornice        <\/span>\n                    <\/div>\n        <div class=\"li-widgets--author-quote__text\">\n            Dr. rer. nat. Michaela E. Detzel je l\u00e9k\u00e1rnice, alternativn\u00ed l\u00e9ka\u0159ka a vyhled\u00e1van\u00e1 p\u0159edn\u00e1\u0161ej\u00edc\u00ed na t\u00e9mata komplement\u00e1rn\u00ed medic\u00edny. Od roku 2012 vede ordinaci vitalM.E.D. nedaleko Frankfurtu nad Mohanem. Jej\u00edm l\u00e9ka\u0159sk\u00fdm zam\u011b\u0159en\u00edm je funk\u010dn\u00ed medic\u00edna, v\u010detn\u011b o\u010disty st\u0159ev, detoxikace a regenerace bun\u011bk. Sv\u00fdm pacient\u016fm nab\u00edz\u00ed individu\u00e1ln\u00ed koncept st\u0159evn\u00ed terapie integrovan\u00e9 do p\u016fstu.        <\/div>\n            <\/div>\n    <\/div>\n\t\t\t\t<\/div>\n\t\t\t\t<\/div>\n\t\t\t\t\t<\/div>\n\t\t\t\t<\/div>\n\t\t\t\t<\/div>\n\t\t","protected":false},"excerpt":{"rendered":"<p>Po dlouh\u00fdch a tmav\u00fdch zimn\u00edch dnech o\u017e\u00edv\u00e1 nejen p\u0159\u00edroda, ale i n\u00e1\u0161 organismus. Ten tou\u017e\u00ed po nov\u00e9m za\u010d\u00e1tku a je vd\u011b\u010dn\u00fd za jakoukoli podporu, kter\u00e1 mu pom\u016f\u017ee &#8222;za\u010d\u00edt znovu&#8220;. Zejm\u00e9na na\u0161e st\u0159eva se pot\u0159ebuj\u00ed zregenerovat a zbavit nepot\u0159ebn\u00e9ho balastu po sv\u00e1tc\u00edch a p\u0159\u00edpadn\u00fdch onemocn\u011bn\u00edch, kter\u00e9 jim ub\u00edraj\u00ed energii.<\/p>\n","protected":false},"author":13,"featured_media":18509,"comment_status":"closed","ping_status":"closed","sticky":false,"template":"","format":"standard","meta":{"_acf_changed":false,"inline_featured_image":false,"footnotes":""},"categories":[1],"tags":[],"class_list":["post-18172","post","type-post","status-publish","format-standard","has-post-thumbnail","hentry","category-allgemein"],"acf":[],"rank_math":{"og:title":"Jarn\u00ed reset organismu","og:desc":"Jak\u00fd v\u00fdzn\u00e1m m\u00e1 p\u016fst \u010di o\u010dista st\u0159ev pro n\u00e1\u0161 celkov\u00fd organismus? Jak se nejl\u00e9pe zbavit toxin\u016f v na\u0161em t\u011ble a jak nakopnout celkov\u00fd metabolismus?","og:url":"https:\/\/www.omni-biotic.com\/cs-cz\/blog\/jarni-reset-organismu\/","og:locale":"cs_CZ","og:image":"https:\/\/www.omni-biotic.com\/cs-cz\/wp-content\/uploads\/sites\/8\/2024\/02\/ocista_strev_detox-1.jpg","og:image:width":"700","og:image:height":"500"},"additional_data":{"thumbnail":"https:\/\/www.omni-biotic.com\/cs-cz\/wp-content\/uploads\/sites\/8\/2024\/02\/ocista_strev_detox-1.jpg"},"blog_info":{"country":"cs-cz"},"_links":{"self":[{"href":"https:\/\/www.omni-biotic.com\/cs-cz\/wp-json\/wp\/v2\/posts\/18172","targetHints":{"allow":["GET"]}}],"collection":[{"href":"https:\/\/www.omni-biotic.com\/cs-cz\/wp-json\/wp\/v2\/posts"}],"about":[{"href":"https:\/\/www.omni-biotic.com\/cs-cz\/wp-json\/wp\/v2\/types\/post"}],"author":[{"embeddable":true,"href":"https:\/\/www.omni-biotic.com\/cs-cz\/wp-json\/wp\/v2\/users\/13"}],"replies":[{"embeddable":true,"href":"https:\/\/www.omni-biotic.com\/cs-cz\/wp-json\/wp\/v2\/comments?post=18172"}],"version-history":[{"count":7,"href":"https:\/\/www.omni-biotic.com\/cs-cz\/wp-json\/wp\/v2\/posts\/18172\/revisions"}],"predecessor-version":[{"id":18510,"href":"https:\/\/www.omni-biotic.com\/cs-cz\/wp-json\/wp\/v2\/posts\/18172\/revisions\/18510"}],"wp:featuredmedia":[{"embeddable":true,"href":"https:\/\/www.omni-biotic.com\/cs-cz\/wp-json\/wp\/v2\/media\/18509"}],"wp:attachment":[{"href":"https:\/\/www.omni-biotic.com\/cs-cz\/wp-json\/wp\/v2\/media?parent=18172"}],"wp:term":[{"taxonomy":"category","embeddable":true,"href":"https:\/\/www.omni-biotic.com\/cs-cz\/wp-json\/wp\/v2\/categories?post=18172"},{"taxonomy":"post_tag","embeddable":true,"href":"https:\/\/www.omni-biotic.com\/cs-cz\/wp-json\/wp\/v2\/tags?post=18172"}],"curies":[{"name":"wp","href":"https:\/\/api.w.org\/{rel}","templated":true}]}}