{"id":19623,"date":"2025-04-29T11:38:28Z","date_gmt":"2025-04-29T09:38:28Z","guid":{"rendered":"https:\/\/www.omni-biotic.com\/cs-cz\/?p=19623"},"modified":"2025-04-29T12:56:14Z","modified_gmt":"2025-04-29T10:56:14Z","slug":"autoimunitni-onemocneni_omni_biotic","status":"publish","type":"post","link":"https:\/\/www.omni-biotic.com\/cs-cz\/blog\/autoimunitni-onemocneni_omni_biotic\/","title":{"rendered":"Autoimunitn\u00ed onemocn\u011bn\u00ed"},"content":{"rendered":"\t\t<div data-elementor-type=\"wp-post\" data-elementor-id=\"19623\" class=\"elementor elementor-19623\" data-elementor-post-type=\"post\">\n\t\t\t\t<div class=\"elementor-element elementor-element-e0444fc obcs none e-flex e-con-boxed e-con e-parent\" data-id=\"e0444fc\" data-element_type=\"container\">\n\t\t\t\t\t<div class=\"e-con-inner\">\n\t\t\t\t<div class=\"elementor-element elementor-element-ad13896 elementor-widget elementor-widget-heading\" data-id=\"ad13896\" data-element_type=\"widget\" data-widget_type=\"heading.default\">\n\t\t\t\t<div class=\"elementor-widget-container\">\n\t\t\t\t\t<h2 class=\"elementor-heading-title elementor-size-default\">Co jsou to autoimunitn\u00ed onemocn\u011bn\u00ed?<\/h2>\t\t\t\t<\/div>\n\t\t\t\t<\/div>\n\t\t\t\t<div class=\"elementor-element elementor-element-fb86056 elementor-widget elementor-widget-text-editor\" data-id=\"fb86056\" data-element_type=\"widget\" data-widget_type=\"text-editor.default\">\n\t\t\t\t<div class=\"elementor-widget-container\">\n\t\t\t\t\t\t\t\t\t<p><strong>Autoimunitn\u00ed onemocn\u011bn\u00ed<\/strong> jsou jevem, kdy se n\u00e1\u0161 <strong><a href=\"https:\/\/www.omni-biotic.com\/cs-cz\/zdravi-strev\/oblasti-pusobeni-streva\/imunitni-system\/\">imunitn\u00ed syst\u00e9m<\/a><\/strong> zam\u011b\u0159uje proti vlastn\u00edm struktur\u00e1m t\u011bla, nap\u0159\u00edklad proti ur\u010dit\u00fdm bu\u0148k\u00e1m nebo tk\u00e1n\u00edm. V p\u0159\u00edpad\u011b autoimunitn\u00edho onemocn\u011bn\u00ed n\u00e1\u0161 <strong>obrann\u00fd syst\u00e9m nedok\u00e1\u017ee rozli\u0161it mezi vlastn\u00ed a ciz\u00ed tk\u00e1n\u00ed,<\/strong> na\u0161e vlastn\u00ed tk\u00e1\u0148 je myln\u011b rozpozn\u00e1na jako \u0161kodliv\u00e1 a n\u00e1\u0161 vlastn\u00ed imunitn\u00ed syst\u00e9m s n\u00ed jde do boje. Napadena v tomto p\u0159\u00edpad\u011b m\u016f\u017ee b\u00fdt jak\u00e1koli tk\u00e1\u0148 nebo org\u00e1n, a proto se <strong>klinick\u00e9 obrazy i l\u00e9\u010dba autoimmunitn\u00edch onemocn\u011bn\u00ed velmi li\u0161\u00ed.<\/strong><br \/>Po cel\u00e9m sv\u011bt\u011b postihuj\u00ed autoimunitn\u00ed onemocn\u011bn\u00ed<strong> p\u0159ibli\u017en\u011b 5-8 % obyvatelstva,<\/strong> p\u0159edev\u0161\u00edm \u017eeny, zat\u00edmco d\u011bti jsou posti\u017eeny jen z\u0159\u00eddka. Autoimunitn\u00ed onemocn\u011bn\u00ed se obvykle <strong>vyv\u00edj\u00ed spont\u00e1nn\u011b<\/strong> a pokud ji\u017e jedn\u00edm trp\u00edte, zvy\u0161uje se riziko vzniku dal\u0161\u00edho onemocn\u011bn\u00ed. V sou\u010dasn\u00e9 dob\u011b je zn\u00e1mo p\u0159ibli\u017en\u011b <strong>100 r\u016fzn\u00fdch autoimunitn\u00edch onemocn\u011bn\u00ed,<\/strong> nap\u0159\u00edklad lup\u00e9nka, <strong><a href=\"https:\/\/www.omni-biotic.com\/cs-cz\/blog\/hashimotova-tyreoiditida-omnibiotic\/\">Hashimotova tyreoiditida,<\/a><\/strong> celiakie nebo <strong><a href=\"https:\/\/www.omni-biotic.com\/cs-cz\/blog\/probioticke-bakterie-pri-hojeni-ran\/\">cukrovka<\/a> <\/strong>1. typu.<\/p>\t\t\t\t\t\t\t\t<\/div>\n\t\t\t\t<\/div>\n\t\t\t\t\t<\/div>\n\t\t\t\t<\/div>\n\t\t<div class=\"elementor-element elementor-element-d00ce10 obcs none e-flex e-con-boxed e-con e-parent\" data-id=\"d00ce10\" data-element_type=\"container\">\n\t\t\t\t\t<div class=\"e-con-inner\">\n\t\t\t\t<div class=\"elementor-element elementor-element-bfa3bab elementor-widget elementor-widget-heading\" data-id=\"bfa3bab\" data-element_type=\"widget\" data-widget_type=\"heading.default\">\n\t\t\t\t<div class=\"elementor-widget-container\">\n\t\t\t\t\t<h2 class=\"elementor-heading-title elementor-size-default\">Jak vznikaj\u00ed autoimunitn\u00ed onemocn\u011bn\u00ed?<\/h2>\t\t\t\t<\/div>\n\t\t\t\t<\/div>\n\t\t\t\t<div class=\"elementor-element elementor-element-7090da3 elementor-widget elementor-widget-text-editor\" data-id=\"7090da3\" data-element_type=\"widget\" data-widget_type=\"text-editor.default\">\n\t\t\t\t<div class=\"elementor-widget-container\">\n\t\t\t\t\t\t\t\t\t<p><strong>P\u0159\u00ed\u010diny autoimunitn\u00edch onemocn\u011bn\u00ed<\/strong> jsou obvykle<strong> multifaktori\u00e1ln\u00ed.<\/strong> \u010casto se jedn\u00e1 o <strong>genetick\u00e9 predispozice<\/strong> a v mnoha p\u0159\u00edpadech jsou tak\u00e9 prokazateln\u00e9 autoprotil\u00e1tky, d\u00edky nim\u017e ale lze n\u00e1sledn\u011b stanovit vhodnou diagn\u00f3zu.<strong> Zk\u0159\u00ed\u017een\u00e1 reakce<\/strong> vyvolan\u00e1<strong> bakteri\u00e1ln\u00edmi nebo virov\u00fdmi antigeny<\/strong> je m\u00e9n\u011b \u010dast\u00e1. V tomto p\u0159\u00edpad\u011b je struktura antigenu podobn\u00e1 t\u011blu vlastn\u00ed tk\u00e1ni. Dobr\u00fdm p\u0159\u00edkladem tohoto jevu je <strong>revmatick\u00e1 hore\u010dka.<\/strong><br \/>Jednou z dal\u0161\u00edch mo\u017en\u00fdch p\u0159\u00ed\u010din vzniku autoimunitn\u00edch onemocn\u011bn\u00ed je tak\u00e9 <strong><a href=\"https:\/\/www.omni-biotic.com\/cs-cz\/blog\/streva-stres-a-spanek-pohoda\/\">chronick\u00fd stres.<\/a><\/strong> Uvol\u0148ov\u00e1n\u00ed <strong><a href=\"https:\/\/www.omni-biotic.com\/cs-cz\/blog\/vliv-strevnich-bakterii-na-hormony\/\">stresov\u00fdch hormon\u016f<\/a><\/strong> m\u016f\u017ee m\u00edt <strong>negativn\u00ed vliv na <a href=\"https:\/\/www.omni-biotic.com\/cs-cz\/blog\/co-zatezuje-nas-imunitni-system\/\">imunitn\u00ed syst\u00e9m,<\/a><\/strong> zejm\u00e9na v p\u0159\u00edpad\u011b <strong><a href=\"https:\/\/www.omni-biotic.com\/cs-cz\/blog\/vedlejsi-ucinky-stresu\/\">chronick\u00e9ho stresu.<\/a><\/strong><\/p>\t\t\t\t\t\t\t\t<\/div>\n\t\t\t\t<\/div>\n\t\t\t\t<div class=\"elementor-element elementor-element-230feb2 elementor-widget elementor-widget-heading\" data-id=\"230feb2\" data-element_type=\"widget\" data-widget_type=\"heading.default\">\n\t\t\t\t<div class=\"elementor-widget-container\">\n\t\t\t\t\t<h2 class=\"elementor-heading-title elementor-size-default\">Jak\u00e9 jsou mo\u017enosti l\u00e9\u010dby autoimunitn\u00edch onemocn\u011bn\u00ed?<\/h2>\t\t\t\t<\/div>\n\t\t\t\t<\/div>\n\t\t\t\t<div class=\"elementor-element elementor-element-e4764bf elementor-widget elementor-widget-text-editor\" data-id=\"e4764bf\" data-element_type=\"widget\" data-widget_type=\"text-editor.default\">\n\t\t\t\t<div class=\"elementor-widget-container\">\n\t\t\t\t\t\t\t\t\t<p><strong>Autoimunitn\u00ed onemocn\u011bn\u00ed<\/strong> jsou obecn\u011b pom\u011brn\u011b<strong> obt\u00ed\u017en\u011b l\u00e9\u010diteln\u00e1,<\/strong> posti\u017een\u00e9 obvykle prov\u00e1zej\u00ed po zbytek \u017eivota a jen z\u0159\u00eddkakdy n\u00e1hle vymiz\u00ed. <strong>L\u00e9\u010dba<\/strong> je proto <strong>pouze symptomatick\u00e1, nikoli kauz\u00e1ln\u00ed.<\/strong> <br \/>Posti\u017eeny mohou b\u00fdt v\u0161echny oblasti t\u011bla a \u010dasto se t\u011blu vlastn\u00ed imunitn\u00ed bu\u0148ky \u00fato\u010d\u00ed na ur\u010dit\u00fd org\u00e1n. Nap\u0159\u00edklad <strong>proti \u0161t\u00edtn\u00e9 \u017el\u00e1ze u Hashimotovy tyreoiditidy<\/strong> nebo <strong>proti bu\u0148k\u00e1m produkuj\u00edc\u00edm inzul\u00edn ve slinivce b\u0159i\u0161n\u00ed u diabetu mellitu 1. typu.<\/strong> V takov\u00fdch p\u0159\u00edpadech mus\u00ed l\u00e9\u010dba prob\u00edhat symptomaticky, v t\u011bchto konkr\u00e9tn\u00edch dvou p\u0159\u00edpadech nap\u0159\u00edklad <strong>pomoc\u00ed inzul\u00ednu nebo hormon\u00e1ln\u00edch tablet.<\/strong><\/p>\t\t\t\t\t\t\t\t<\/div>\n\t\t\t\t<\/div>\n\t\t\t\t<div class=\"elementor-element elementor-element-46ef98b elementor-widget elementor-widget-image\" data-id=\"46ef98b\" data-element_type=\"widget\" data-widget_type=\"image.default\">\n\t\t\t\t<div class=\"elementor-widget-container\">\n\t\t\t\t\t\t\t\t\t\t\t\t\t\t\t<img fetchpriority=\"high\" decoding=\"async\" width=\"800\" height=\"533\" src=\"https:\/\/www.omni-biotic.com\/cs-cz\/wp-content\/uploads\/sites\/8\/2025\/04\/Autoimunitni_onemocneni.jpg\" class=\"attachment-2048x2048 size-2048x2048 wp-image-19640\" alt=\"\" srcset=\"https:\/\/www.omni-biotic.com\/cs-cz\/wp-content\/uploads\/sites\/8\/2025\/04\/Autoimunitni_onemocneni.jpg 800w, https:\/\/www.omni-biotic.com\/cs-cz\/wp-content\/uploads\/sites\/8\/2025\/04\/Autoimunitni_onemocneni-300x200.jpg 300w, https:\/\/www.omni-biotic.com\/cs-cz\/wp-content\/uploads\/sites\/8\/2025\/04\/Autoimunitni_onemocneni-768x512.jpg 768w\" sizes=\"(max-width: 800px) 100vw, 800px\" title=\"\">\t\t\t\t\t\t\t\t\t\t\t\t\t\t\t<\/div>\n\t\t\t\t<\/div>\n\t\t\t\t<div class=\"elementor-element elementor-element-ce9e8de elementor-widget elementor-widget-heading\" data-id=\"ce9e8de\" data-element_type=\"widget\" data-widget_type=\"heading.default\">\n\t\t\t\t<div class=\"elementor-widget-container\">\n\t\t\t\t\t<h2 class=\"elementor-heading-title elementor-size-default\">Role st\u0159evn\u00ed mikrofl\u00f3ry u autoimunitn\u00edch onemocn\u011bn\u00ed<\/h2>\t\t\t\t<\/div>\n\t\t\t\t<\/div>\n\t\t\t\t\t<\/div>\n\t\t\t\t<\/div>\n\t\t<div class=\"elementor-element elementor-element-da2648a obcs none e-flex e-con-boxed e-con e-parent\" data-id=\"da2648a\" data-element_type=\"container\">\n\t\t\t\t\t<div class=\"e-con-inner\">\n\t\t\t\t<div class=\"elementor-element elementor-element-7655591 elementor-widget elementor-widget-text-editor\" data-id=\"7655591\" data-element_type=\"widget\" data-widget_type=\"text-editor.default\">\n\t\t\t\t<div class=\"elementor-widget-container\">\n\t\t\t\t\t\t\t\t\t<p>My ji\u017e v\u00edme, \u017ee se <a href=\"https:\/\/www.omni-biotic.com\/cs-cz\/blog\/co-zatezuje-nas-imunitni-system\/\"><strong>70 % imunitn\u00edch bun\u011bk nach\u00e1z\u00ed ve st\u0159evech,<\/strong><\/a> co\u017e znamen\u00e1, \u017ee <strong>st\u0159evo hraje kl\u00ed\u010dovou roli<\/strong> <strong>p\u0159i vzniku autoimunitn\u00edch onemocn\u011bn\u00ed.<\/strong> <a href=\"https:\/\/www.omni-biotic.com\/cs-cz\/zdravi-strev\/strevo-centrala-zdravi\/strevni-mikroflora\/\"><strong>Nerovnov\u00e1ha st\u0159evn\u00ed mikrofl\u00f3ry<\/strong><\/a> m\u016f\u017ee m\u00edt <strong>negativn\u00ed dopad na na\u0161e zdrav\u00ed<\/strong> v mnoha ohledech a souvis\u00ed i s rozvojem n\u011bkter\u00fdch autoimunitn\u00edch onemocn\u011bn\u00ed, jako je nap\u0159\u00edklad <strong>roztrou\u0161en\u00e1 skler\u00f3za, revmatoidn\u00ed artritida nebo lupus erythematodes. <a href=\"https:\/\/www.omni-biotic.com\/cs-cz\/zdravi-strev\/strevo-centrala-zdravi\/strevni-bakterie\/\">Eubiotick\u00e1 st\u0159evn\u00ed mikrofl\u00f3ra<\/a><\/strong> proto m\u016f\u017ee poskytnout ur\u010dit\u00fd stupe\u0148 ochrany p\u0159ed rozvojem p\u0159\u00edslu\u0161n\u00fdch autoimunitn\u00edch proces\u016f. <br \/>T\u00fdm v\u011bdc\u016f z belgick\u00e9 univerzity v Gentu zkoumal, <strong>kter\u00e9 poruchy st\u0159evn\u00ed mikrofl\u00f3ry mohou p\u0159\u00edpadn\u011b v\u00e9st k autoimunitn\u00edm nemocem.<\/strong><br \/>V pr\u016fb\u011bhu t\u00e9to studie se objevily n\u00e1znaky toho, \u017ee <strong>siln\u00e9 os\u00eddlen\u00ed st\u0159ev ur\u010dit\u00fdm typem klostridi\u00ed<\/strong> m\u016f\u017ee v\u00e9st ke zm\u011bn\u00e1m v lymfatick\u00e9 tk\u00e1ni, co\u017e m\u00e1 za n\u00e1sledek tvorbu protil\u00e1tek, kter\u00e9 n\u00e1sledn\u011b nekontrolovan\u011b napadaj\u00ed org\u00e1ny a tk\u00e1n\u011b, jako je tomu v p\u0159\u00edpad\u011b <strong>roztrou\u0161en\u00e9 skler\u00f3zy a lupus erythematodes.<\/strong> U testovan\u00fdch osob, kter\u00e9 m\u011bly <strong>v ml\u00e1d\u00ed vysok\u00fd pod\u00edl klostridi\u00ed ve st\u0159evech,<\/strong> se <strong>v pozd\u011bj\u0161\u00edch letech rozvinulo autoimunitn\u00ed onemocn\u011bn\u00ed.<\/strong><br \/>Dal\u0161\u00ed<strong> studie z roku 2013<\/strong> p\u0159in\u00e1\u0161\u00ed dal\u0161\u00ed d\u016fkazy o <strong>souvislosti mezi st\u0159evn\u00ed mikrofl\u00f3rou a rozvojem autoimunitn\u00edch onemocn\u011bn\u00ed.<\/strong><br \/>V\u00fdzkumn\u00edci z NYU a New York University School of Medicine v USA zjistili <strong>negativn\u00ed zm\u011bny ve st\u0159evn\u00ed mikrofl\u00f3\u0159e pacient\u016f s artritidou.<\/strong><br \/>Analyzov\u00e1ny byly vzorky stolice 42 pacient\u016f s artritidou a 28 zdrav\u00fdch dosp\u011bl\u00fdch osob. <strong>Ve st\u0159evech pacient\u016f s artritidou<\/strong> byl zji\u0161t\u011bn <strong>v\u00fdrazn\u011b vy\u0161\u0161\u00ed po\u010det bakteri\u00ed rodu Prevotella<\/strong> ne\u017e u zdrav\u00fdch dosp\u011bl\u00fdch. Kmeny Prevotella nalezen\u00e9 ve st\u0159evech pacient\u016f s artritidou se li\u0161ily od kmen\u016f Prevotella, kter\u00e9 jsou obvykle sou\u010d\u00e1st\u00ed zdrav\u00e9 st\u0159evn\u00ed mikrofl\u00f3ry.<\/p>\t\t\t\t\t\t\t\t<\/div>\n\t\t\t\t<\/div>\n\t\t\t\t<div class=\"elementor-element elementor-element-afef39f elementor-widget elementor-widget-image\" data-id=\"afef39f\" data-element_type=\"widget\" data-widget_type=\"image.default\">\n\t\t\t\t<div class=\"elementor-widget-container\">\n\t\t\t\t\t\t\t\t\t\t\t\t\t\t\t<img decoding=\"async\" width=\"768\" height=\"596\" src=\"https:\/\/www.omni-biotic.com\/cs-cz\/wp-content\/uploads\/sites\/8\/2025\/04\/Strevo_a_imunita-768x596.webp\" class=\"attachment-medium_large size-medium_large wp-image-19643\" alt=\"\" srcset=\"https:\/\/www.omni-biotic.com\/cs-cz\/wp-content\/uploads\/sites\/8\/2025\/04\/Strevo_a_imunita-768x596.webp 768w, https:\/\/www.omni-biotic.com\/cs-cz\/wp-content\/uploads\/sites\/8\/2025\/04\/Strevo_a_imunita-300x233.webp 300w, https:\/\/www.omni-biotic.com\/cs-cz\/wp-content\/uploads\/sites\/8\/2025\/04\/Strevo_a_imunita.webp 800w\" sizes=\"(max-width: 768px) 100vw, 768px\" title=\"\">\t\t\t\t\t\t\t\t\t\t\t\t\t\t\t<\/div>\n\t\t\t\t<\/div>\n\t\t\t\t\t<\/div>\n\t\t\t\t<\/div>\n\t\t<div class=\"elementor-element elementor-element-faa04e1 obcs blue e-flex e-con-boxed e-con e-parent\" data-id=\"faa04e1\" data-element_type=\"container\">\n\t\t\t\t\t<div class=\"e-con-inner\">\n\t\t\t\t<div class=\"elementor-element elementor-element-702af5a elementor-widget elementor-widget-infobox\" data-id=\"702af5a\" data-element_type=\"widget\" data-widget_type=\"infobox.default\">\n\t\t\t\t<div class=\"elementor-widget-container\">\n\t\t\t\t\t\n<div class=\"li-widgets--infobox blue highlights-always-magenta\">\n\n    <div class=\"li-widgets--infobox__icon\">\n        <i aria-hidden=\"true\" class=\"fas fa-exclamation-circle\"><\/i>    <\/div>\n    <div class=\"li-widgets--infobox__text\">\n        Ja souvis\u00ed st\u0159evn\u00ed mikrobiom s autoimunitn\u00edmi onemocn\u011bn\u00edmi?    <\/div>\n    <div class=\"li-widgets--infobox__text-body\">\n        <p>Podpo\u0159it zdrav\u00ed st\u0159evn\u00edho mikrobiomu proto znamen\u00e1 tak\u00e9 zm\u00edrnit autoimunitn\u00ed reakce. P\u0159i tom v\u00e1m mohou pomoci n\u00e1sleduj\u00edc\u00ed tipy:<\/p><ol><li style=\"list-style-type: none\"><ul><li style=\"text-align: left\"><strong>C\u00edlen\u00fd p\u0159\u00edjem probiotik:<\/strong>\u00a0<strong><a href=\"https:\/\/www.omni-biotic.com\/cs-cz\/blog\/jak-poznam-kvalitni-probiotika\/\">Probiotika,<\/a><\/strong> kter\u00e1 obsahuj\u00ed specifick\u00e9 <strong><a href=\"https:\/\/www.omni-biotic.com\/cs-cz\/blog\/bakterie-superhrdinove-nasich-strev\/\">kmeny bakteri\u00ed,<\/a> <\/strong>zaji\u0161\u0165uj\u00ed <strong>(znovu)vyv\u00e1\u017een\u00ed st\u0159evn\u00ed mikrofl\u00f3ry.<\/strong> Vybran\u00e9 bakteri\u00e1ln\u00ed kmeny podporuj\u00ed \u010dinnost na\u0161eho imunitn\u00edho syst\u00e9mu a mohou dokonce pomoci pozitivn\u011b ovlivnit <strong><a href=\"https:\/\/www.omni-biotic.com\/cs-cz\/strevni-potize\/chronice-strevni-zanety\/\">z\u00e1n\u011btliv\u00e9 reakce v t\u011ble.<\/a><\/strong><\/li><\/ul><\/li><\/ol><p>\u00a0<\/p><ol><li style=\"list-style-type: none\"><ul><li style=\"text-align: left\"><strong>Probiotick\u00e9 potraviny<\/strong>: Jogurt, kef\u00edr a fermentovan\u00e9 v\u00fdrobky obecn\u011b slou\u017e\u00ed jako<strong> z\u00e1sob\u00e1rna cenn\u00fdch <a href=\"https:\/\/www.omni-biotic.com\/cs-cz\/zdravi-strev\/strevo-centrala-zdravi\/strevni-mikroflora\/\">bakteri\u00ed ml\u00e9\u010dn\u00e9ho kva\u0161en\u00ed,<\/a><\/strong> kter\u00e9 podporuj\u00ed mno\u017een\u00ed a kolonizaci prosp\u011b\u0161n\u00fdch bakteri\u00ed ve st\u0159evech. To pom\u00e1h\u00e1<strong> stabilizovat st\u0159evn\u00ed mikrofl\u00f3ru<\/strong> a <strong>sni\u017eovat z\u00e1n\u011btliv\u00e9 procesy v t\u011ble. <\/strong><\/li><\/ul><\/li><\/ol><p>\u00a0<\/p><ol><li style=\"list-style-type: none\"><ul><li style=\"text-align: left\"><strong>Strava s vysok\u00fdm obsahem vl\u00e1kniny:<a href=\"https:\/\/www.omni-biotic.com\/cs-cz\/blog\/vlaknina-pro-nase-streva\/\"> Vl\u00e1knina<\/a><\/strong> je <strong>d\u016fle\u017eit\u00fdm zdrojem potravy pro prosp\u011b\u0161n\u00e9 st\u0159evn\u00ed bakterie<\/strong> a podporuje tvorbu protiz\u00e1n\u011btliv\u00fdch l\u00e1tek. Ty n\u00e1sledn\u011b zaji\u0161\u0165uj\u00ed <strong>zdrav\u00fd mikrobiom a rovnov\u00e1hu v<a href=\"https:\/\/www.omni-biotic.com\/cs-cz\/blog\/co-zatezuje-nas-imunitni-system\/\"> imunitn\u00edm syst\u00e9mu.<\/a><\/strong><\/li><\/ul><\/li><\/ol><p>\u00a0<\/p><p style=\"text-align: center\"><strong>Zdrav\u00e1 st\u0159evn\u00ed mikrofl\u00f3ra<\/strong> hraje d\u016fle\u017eitou roli v <strong>prevenci autoimunitn\u00edch onemocn\u011bn\u00ed,<\/strong> proto\u017ee pom\u00e1h\u00e1 regulovat imunitn\u00ed syst\u00e9m a zaji\u0161\u0165ovat <strong>bari\u00e9rovou funkci <a href=\"https:\/\/www.omni-biotic.com\/cs-cz\/strevni-potize\/\">st\u0159evn\u00ed sliznice.<\/a><\/strong> <strong>Dysbi\u00f3za ve st\u0159evech<\/strong> m\u016f\u017ee naopak <strong>podporovat autoimunitn\u00ed procesy<\/strong> a p\u0159isp\u00edvat tak k autoimunitn\u00edm onemocn\u011bn\u00edm.<\/p>    <\/div>\n\n    \n<\/div>\n\t\t\t\t<\/div>\n\t\t\t\t<\/div>\n\t\t\t\t\t<\/div>\n\t\t\t\t<\/div>\n\t\t\t\t<\/div>\n\t\t","protected":false},"excerpt":{"rendered":"<p>Asi v\u0161ichni jsme u\u017e sly\u0161eli pojmy jako lup\u00e9nka, Hashimotova tyreoiditida, celiakie nebo cukrovka 1. typu. Rozd\u00edln\u00e9 p\u0159\u00edznaky, rozd\u00edln\u00e9 pot\u00ed\u017ee, rozd\u00edln\u00e9 mo\u017enosti l\u00e9\u010dby. Tyto choroby v\u0161ak maj\u00ed jedno spole\u010dn\u00e9: Jedn\u00e1 se o autoimunitn\u00ed onemocn\u011bn\u00ed.<\/p>\n","protected":false},"author":13,"featured_media":19641,"comment_status":"closed","ping_status":"closed","sticky":false,"template":"","format":"standard","meta":{"_acf_changed":false,"inline_featured_image":false,"footnotes":""},"categories":[108],"tags":[],"class_list":["post-19623","post","type-post","status-publish","format-standard","has-post-thumbnail","hentry","category-potize-a-poradenstvi"],"acf":[],"rank_math":{"og:title":"Autoimunitn\u00ed onemocn\u011bn\u00ed - OMNi-BiOTiC\u00ae Blog","og:desc":"Lup\u00e9nka, Hashimotova tyreoiditida, celiakie, cukrovka 1. typu. Co to vlastn\u011b jsou autoimunitn\u00ed onemocn\u011bn\u00ed a jakou roli zde hraje st\u0159evn\u00ed mikrobiom?","og:url":"https:\/\/www.omni-biotic.com\/cs-cz\/blog\/autoimunitni-onemocneni_omni_biotic\/","og:locale":"cs_CZ","og:image":"https:\/\/www.omni-biotic.com\/cs-cz\/wp-content\/uploads\/sites\/8\/2025\/04\/Autoimunitni_choroby.webp","og:image:width":"606","og:image:height":"800"},"additional_data":{"thumbnail":"https:\/\/www.omni-biotic.com\/cs-cz\/wp-content\/uploads\/sites\/8\/2025\/04\/Autoimunitni_choroby.webp"},"blog_info":{"country":"cs-cz"},"_links":{"self":[{"href":"https:\/\/www.omni-biotic.com\/cs-cz\/wp-json\/wp\/v2\/posts\/19623","targetHints":{"allow":["GET"]}}],"collection":[{"href":"https:\/\/www.omni-biotic.com\/cs-cz\/wp-json\/wp\/v2\/posts"}],"about":[{"href":"https:\/\/www.omni-biotic.com\/cs-cz\/wp-json\/wp\/v2\/types\/post"}],"author":[{"embeddable":true,"href":"https:\/\/www.omni-biotic.com\/cs-cz\/wp-json\/wp\/v2\/users\/13"}],"replies":[{"embeddable":true,"href":"https:\/\/www.omni-biotic.com\/cs-cz\/wp-json\/wp\/v2\/comments?post=19623"}],"version-history":[{"count":7,"href":"https:\/\/www.omni-biotic.com\/cs-cz\/wp-json\/wp\/v2\/posts\/19623\/revisions"}],"predecessor-version":[{"id":19654,"href":"https:\/\/www.omni-biotic.com\/cs-cz\/wp-json\/wp\/v2\/posts\/19623\/revisions\/19654"}],"wp:featuredmedia":[{"embeddable":true,"href":"https:\/\/www.omni-biotic.com\/cs-cz\/wp-json\/wp\/v2\/media\/19641"}],"wp:attachment":[{"href":"https:\/\/www.omni-biotic.com\/cs-cz\/wp-json\/wp\/v2\/media?parent=19623"}],"wp:term":[{"taxonomy":"category","embeddable":true,"href":"https:\/\/www.omni-biotic.com\/cs-cz\/wp-json\/wp\/v2\/categories?post=19623"},{"taxonomy":"post_tag","embeddable":true,"href":"https:\/\/www.omni-biotic.com\/cs-cz\/wp-json\/wp\/v2\/tags?post=19623"}],"curies":[{"name":"wp","href":"https:\/\/api.w.org\/{rel}","templated":true}]}}