{"id":18483,"date":"2022-05-05T12:09:01Z","date_gmt":"2022-05-05T10:09:01Z","guid":{"rendered":"https:\/\/www.omni-biotic.com\/de-at\/3-monats-koliken\/"},"modified":"2024-04-26T09:21:43Z","modified_gmt":"2024-04-26T07:21:43Z","slug":"3-monats-koliken","status":"publish","type":"post","link":"https:\/\/www.omni-biotic.com\/de-at\/blog\/3-monats-koliken\/","title":{"rendered":"3-Monats-Koliken"},"content":{"rendered":"","protected":false},"excerpt":{"rendered":"<p>Als 3-Monats-Koliken werden Bl\u00e4hungen bezeichnet, die bei S\u00e4uglingen in den ersten 14 Lebenswochen auftreten und intensive Schreiattacken ausl\u00f6sen.<\/p>\n","protected":false},"author":9,"featured_media":18484,"comment_status":"closed","ping_status":"closed","sticky":false,"template":"","format":"standard","meta":{"_acf_changed":false,"inline_featured_image":false,"footnotes":""},"categories":[107],"tags":[],"class_list":["post-18483","post","type-post","status-publish","format-standard","has-post-thumbnail","hentry","category-mutter-kind"],"acf":[],"rank_math":{"og:title":"3-Monats-Koliken & Verdauungsprobleme: Was hilft bei Schreikindern?","og:desc":"3-Monats-Koliken, auch Regulationsst\u00f6rungen genannt, sind Bl\u00e4hungen und sehr schmerzhaft f\u00fcr das Kind. Kann der Einsatz eines Probiotikums sinnvoll sein?","og:url":"https:\/\/www.omni-biotic.com\/de-at\/blog\/3-monats-koliken\/","og:locale":"de_AT","og:image":"https:\/\/www.omni-biotic.com\/de-at\/wp-content\/uploads\/sites\/2\/2023\/06\/shutterstock-1050001412.jpg","og:image:width":"1200","og:image:height":"800"},"additional_data":{"thumbnail":"https:\/\/www.omni-biotic.com\/de-at\/wp-content\/uploads\/sites\/2\/2023\/06\/shutterstock-1050001412.jpg"},"blog_info":{"country":"de-at"},"_links":{"self":[{"href":"https:\/\/www.omni-biotic.com\/de-at\/wp-json\/wp\/v2\/posts\/18483","targetHints":{"allow":["GET"]}}],"collection":[{"href":"https:\/\/www.omni-biotic.com\/de-at\/wp-json\/wp\/v2\/posts"}],"about":[{"href":"https:\/\/www.omni-biotic.com\/de-at\/wp-json\/wp\/v2\/types\/post"}],"author":[{"embeddable":true,"href":"https:\/\/www.omni-biotic.com\/de-at\/wp-json\/wp\/v2\/users\/9"}],"replies":[{"embeddable":true,"href":"https:\/\/www.omni-biotic.com\/de-at\/wp-json\/wp\/v2\/comments?post=18483"}],"version-history":[{"count":1,"href":"https:\/\/www.omni-biotic.com\/de-at\/wp-json\/wp\/v2\/posts\/18483\/revisions"}],"predecessor-version":[{"id":19934,"href":"https:\/\/www.omni-biotic.com\/de-at\/wp-json\/wp\/v2\/posts\/18483\/revisions\/19934"}],"wp:featuredmedia":[{"embeddable":true,"href":"https:\/\/www.omni-biotic.com\/de-at\/wp-json\/wp\/v2\/media\/18484"}],"wp:attachment":[{"href":"https:\/\/www.omni-biotic.com\/de-at\/wp-json\/wp\/v2\/media?parent=18483"}],"wp:term":[{"taxonomy":"category","embeddable":true,"href":"https:\/\/www.omni-biotic.com\/de-at\/wp-json\/wp\/v2\/categories?post=18483"},{"taxonomy":"post_tag","embeddable":true,"href":"https:\/\/www.omni-biotic.com\/de-at\/wp-json\/wp\/v2\/tags?post=18483"}],"curies":[{"name":"wp","href":"https:\/\/api.w.org\/{rel}","templated":true}]}}