{"id":18704,"date":"2026-03-16T13:44:53Z","date_gmt":"2026-03-16T12:44:53Z","guid":{"rendered":"https:\/\/www.omni-biotic.com\/de-at\/babys-bakterielle-gesundheitsbasis\/"},"modified":"2026-04-27T13:15:53Z","modified_gmt":"2026-04-27T11:15:53Z","slug":"babys-bakterielle-gesundheitsbasis","status":"publish","type":"post","link":"https:\/\/www.omni-biotic.com\/de-at\/blog\/babys-bakterielle-gesundheitsbasis\/","title":{"rendered":"Das Darm-Mikrobiom eines Babys"},"content":{"rendered":"\t\t<div data-elementor-type=\"wp-post\" data-elementor-id=\"18704\" class=\"elementor elementor-18704\" data-elementor-post-type=\"post\">\n\t\t\t\t<div class=\"elementor-element elementor-element-31c3da8 obcs none e-flex e-con-boxed e-con e-parent\" data-id=\"31c3da8\" data-element_type=\"container\">\n\t\t\t\t\t<div class=\"e-con-inner\">\n\t\t\t\t<div class=\"elementor-element elementor-element-ea6b81e elementor-widget elementor-widget-image\" data-id=\"ea6b81e\" data-element_type=\"widget\" data-widget_type=\"image.default\">\n\t\t\t\t<div class=\"elementor-widget-container\">\n\t\t\t\t\t\t\t\t\t\t\t\t\t\t\t<img fetchpriority=\"high\" decoding=\"async\" width=\"800\" height=\"571\" src=\"https:\/\/www.omni-biotic.com\/de-at\/wp-content\/uploads\/sites\/2\/2023\/08\/1190x850-babys-bakterielle-gesundheitsbasis-bg13-blog-1-2-1024x731.jpg\" class=\"attachment-large size-large wp-image-24301\" alt=\"Das Darmmikrobiom eines Babys\" srcset=\"https:\/\/www.omni-biotic.com\/de-at\/wp-content\/uploads\/sites\/2\/2023\/08\/1190x850-babys-bakterielle-gesundheitsbasis-bg13-blog-1-2-1024x731.jpg 1024w, https:\/\/www.omni-biotic.com\/de-at\/wp-content\/uploads\/sites\/2\/2023\/08\/1190x850-babys-bakterielle-gesundheitsbasis-bg13-blog-1-2-300x214.jpg 300w, https:\/\/www.omni-biotic.com\/de-at\/wp-content\/uploads\/sites\/2\/2023\/08\/1190x850-babys-bakterielle-gesundheitsbasis-bg13-blog-1-2-768x549.jpg 768w, https:\/\/www.omni-biotic.com\/de-at\/wp-content\/uploads\/sites\/2\/2023\/08\/1190x850-babys-bakterielle-gesundheitsbasis-bg13-blog-1-2.jpg 1190w\" sizes=\"(max-width: 800px) 100vw, 800px\" title=\"\">\t\t\t\t\t\t\t\t\t\t\t\t\t\t\t<\/div>\n\t\t\t\t<\/div>\n\t\t\t\t<div class=\"elementor-element elementor-element-9f2417f elementor-widget elementor-widget-heading\" data-id=\"9f2417f\" data-element_type=\"widget\" data-widget_type=\"heading.default\">\n\t\t\t\t<div class=\"elementor-widget-container\">\n\t\t\t\t\t<h2 class=\"elementor-heading-title elementor-size-default\">Die entscheidende Rolle der m\u00fctterlichen Bakterienflora<\/h2>\t\t\t\t<\/div>\n\t\t\t\t<\/div>\n\t\t\t\t\t<\/div>\n\t\t\t\t<\/div>\n\t\t<div class=\"elementor-element elementor-element-448a74f obcs none e-flex e-con-boxed e-con e-parent\" data-id=\"448a74f\" data-element_type=\"container\">\n\t\t\t\t\t<div class=\"e-con-inner\">\n\t\t\t\t<div class=\"elementor-element elementor-element-0c5e81d elementor-widget elementor-widget-text-editor\" data-id=\"0c5e81d\" data-element_type=\"widget\" data-widget_type=\"text-editor.default\">\n\t\t\t\t<div class=\"elementor-widget-container\">\n\t\t\t\t\t\t\t\t\t<div class=\"omni-legacy-post--content block-0 layout-4\"><p>Die\u00a0<strong>bakterielle<\/strong>\u00a0<strong>Besiedelung<\/strong>\u00a0des kindlichen Darms im\u00a0<strong>Mutterleib<\/strong>\u00a0gilt unter Wissenschaftlern nach wie vor als\u00a0<strong>Hypothese<\/strong>. Zwar finden sich \u2013 laut aktuellen Forschungsarbeiten \u2013 in der Geb\u00e4rmutter, in der Nabelschnur und auch in der Plazenta Bakterien, jedoch kann man aktuell nicht belegen, dass diese den kindlichen Darm auch besiedeln. Deshalb ist die Zusammensetzung von Mamas Bakterienflora\u00a0<strong>w\u00e4hrend<\/strong>\u00a0<strong>und<\/strong>\u00a0<strong>nach<\/strong>\u00a0<strong>der<\/strong>\u00a0<strong>Geburt<\/strong>\u00a0entscheidend, denn sie wird auf das Kind \u00fcbertragen: Bei einer nat\u00fcrlichen Geburt kommt das Baby auf dem Weg durch den\u00a0<strong>Geburtskanal<\/strong>\u00a0intensiv mit der\u00a0<a href=\"https:\/\/www.omni-biotic.com\/de\/schwangerschaft-und-stillzeit\/\"><strong>m\u00fctterlichen Bakterienflora<\/strong>\u00a0<\/a>in Ber\u00fchrung, welche dann den kindlichen Darm besiedelt. Im Unterschied dazu finden sich bei\u00a0<a href=\"https:\/\/www.omni-biotic.com\/de\/blog\/kind-und-erstbesiedelung-des-darms\/\"><strong>Kaiserschnitt-Kindern<\/strong><\/a>\u00a0weniger n\u00fctzliche Bakterien im postnatalen Mikrobiom, hingegen werden vermehrt\u00a0<strong>schlechte Keime<\/strong> aus der Krankenhausumgebung aufgenommen.<\/p><p>Ein weiterer maternaler Lieferant wichtiger Mikroben ist die\u00a0<a href=\"https:\/\/www.omni-biotic.com\/de\/blog\/superfood-muttermilch\/\"><strong>Muttermilch<\/strong><\/a>: Sie beinhaltet mehrere Hundert Bakterien-Arten, wobei hier insbesondere die\u00a0<em>Bifidobakterien\u00a0<\/em>zur optimalen Entwicklung des kindlichen<a href=\"https:\/\/www.omni-biotic.com\/de\/blog\/probiotika-unterstuetzen-babys-immunsystem\/\">\u00a0<strong>Immunsystems<\/strong>\u00a0<\/a>beitragen. Zus\u00e4tzlich stellt die Hautoberfl\u00e4che der Brust eine externe Bakterienquelle der Muttermilch dar. Welch gro\u00dfen Einfluss die\u00a0<strong>Nahrungsaufnahme<\/strong>\u00a0des S\u00e4uglings auf die Entwicklung seines\u00a0<strong>Mikrobioms<\/strong>\u00a0hat, zeigt folgender Vergleich: Bei S\u00e4uglingen, die mit\u00a0<strong>herk\u00f6mmlicher<\/strong>\u00a0<strong>Flaschennahrung<\/strong>\u00a0gef\u00fcttert werden, mach<em>en<\/em><em>\u00a0Bifidobakterien\u00a0<\/em>lediglich\u00a0<strong>50%<\/strong>\u00a0der Bakterienspezies im Darm aus. Werden der Flaschennahrung\u00a0<strong><a href=\"https:\/\/www.omni-biotic.com\/de-de\/darmgesundheit\/gesundheitszentrale-darm\/probiotika\/\">Pr\u00e4- und Probiotika\u00a0<\/a><\/strong>beigemengt, steigt der Anteil der\u00a0<em>Bifidobakterien<\/em>\u00a0immerhin auf\u00a0<strong>69%<\/strong>. Am meisten profitieren\u00a0<strong>Stillkinder<\/strong>, denn dank des gro\u00dfen Anteils von\u00a0<em>Bifidobakterien<\/em>\u00a0in dieser perfekten S\u00e4uglingsnahrung finden sich im Darm 75% Bifidobakterien-Arten.<\/p><p><span style=\"font-family: var(--e-global-typography-text-font-family); font-size: var(--e-global-typography-text-font-size); font-style: var(--e-global-typography-text-font-style); font-weight: var(--e-global-typography-text-font-weight); letter-spacing: var(--e-global-typography-text-letter-spacing); text-transform: var(--e-global-typography-text-text-transform); color: var( --e-global-color-text ); text-align: var(--text-align); background-color: inherit; word-spacing: var( --e-global-typography-text-word-spacing );\">Ein ausgeglichenes Darmmikrobiom sowohl w\u00e4hrend der Schwangerschaft als auch in den ersten Lebensmonaten ist entscheidend, um eine optimale Reifung des kindlichen Immunsystems zu f\u00f6rdern.<\/span><\/p><p><span style=\"font-family: var(--e-global-typography-text-font-family); font-size: var(--e-global-typography-text-font-size); font-style: var(--e-global-typography-text-font-style); font-weight: var(--e-global-typography-text-font-weight); letter-spacing: var(--e-global-typography-text-letter-spacing); text-transform: var(--e-global-typography-text-text-transform); color: var( --e-global-color-text ); text-align: var(--text-align); background-color: inherit; word-spacing: var( --e-global-typography-text-word-spacing );\">\u00a0<\/span><\/p><\/div>\t\t\t\t\t\t\t\t<\/div>\n\t\t\t\t<\/div>\n\t\t\t\t\t<\/div>\n\t\t\t\t<\/div>\n\t\t<div class=\"elementor-element elementor-element-86718ed obcs none e-flex e-con-boxed e-con e-parent\" data-id=\"86718ed\" data-element_type=\"container\">\n\t\t\t\t\t<div class=\"e-con-inner\">\n\t\t\t\t<div class=\"elementor-element elementor-element-bb31ffb elementor-widget elementor-widget-heading\" data-id=\"bb31ffb\" data-element_type=\"widget\" data-widget_type=\"heading.default\">\n\t\t\t\t<div class=\"elementor-widget-container\">\n\t\t\t\t\t<h2 class=\"elementor-heading-title elementor-size-default\">Dysbalance im Darm \u00fcbertr\u00e4gt sich<\/h2>\t\t\t\t<\/div>\n\t\t\t\t<\/div>\n\t\t\t\t\t<\/div>\n\t\t\t\t<\/div>\n\t\t<div class=\"elementor-element elementor-element-0cbb9c6 obcs none e-flex e-con-boxed e-con e-parent\" data-id=\"0cbb9c6\" data-element_type=\"container\">\n\t\t\t\t\t<div class=\"e-con-inner\">\n\t\t\t\t<div class=\"elementor-element elementor-element-3e24af6 elementor-widget elementor-widget-text-editor\" data-id=\"3e24af6\" data-element_type=\"widget\" data-widget_type=\"text-editor.default\">\n\t\t\t\t<div class=\"elementor-widget-container\">\n\t\t\t\t\t\t\t\t\t<p>Ein unausgeglichenes Mikrobiom der Mutter, welches sich z. B. durch<a href=\"https:\/\/www.omni-biotic.com\/de\/blog\/kinder-und-allergien\/\">\u00a0<strong>Allergien<\/strong><\/a>\u00a0oder\u00a0<strong>Autoimmunerkrankungen<\/strong>\u00a0\u00e4u\u00dfert, oder eines, das durch\u00a0<a href=\"https:\/\/www.omni-biotic.com\/de\/blog\/gestresste-kinder-und-ihre-verdauung\/\"><strong>Stress<\/strong><\/a>\u00a0und<a href=\"https:\/\/www.omni-biotic.com\/de\/blog\/antibiotika-beim-kind\/\">\u00a0<strong>Antibiotika<\/strong><\/a>\u00a0gesch\u00e4digt wurde, kann auf genau diesen vielf\u00e4ltigen Wegen auf das Neugeborene \u00fcbertragen werden und so die Entwicklung seines Immunsystems negativ beeinflussen. Die\u00a0<strong>Dysbalance des Mikrobioms<\/strong>\u00a0ist mit einem Ungleichgewicht spezifischer Zellen des Immunsystems, der T-Zellen (u. a. Th1- und Th2-Zellen), verbunden. Studien belegen, dass ein\u00a0<strong>\u00dcberschuss<\/strong>\u00a0von Th1-assoziierten Zytokinen mit Erkrankungen wie\u00a0<strong>Psoriasis<\/strong>\u00a0oder rheumatoider\u00a0<strong>Arthritis<\/strong>\u00a0in Zusammenhang steht und eine\u00a0<strong>\u00dcberproduktion<\/strong>\u00a0von Th2-Zellen allergische Erkrankungen wie\u00a0<strong>Asthma<\/strong>\u00a0oder\u00a0<a href=\"https:\/\/www.omni-biotic.com\/de\/blog\/neurodermitis-beim-kind\/\"><strong>Ekzeme<\/strong><\/a>\u00a0beg\u00fcnstigen kann. Deshalb ist es f\u00fcr jede (werdende) Mutter wichtig auf ein gesundes Mikrobiom zu achten, um Babys bakterielle Besiedelung bestm\u00f6glich zu unterst\u00fctzen.<\/p><p>\u00a0<\/p>\t\t\t\t\t\t\t\t<\/div>\n\t\t\t\t<\/div>\n\t\t\t\t\t<\/div>\n\t\t\t\t<\/div>\n\t\t<div class=\"elementor-element elementor-element-48e3e69 obcs none e-flex e-con-boxed e-con e-parent\" data-id=\"48e3e69\" data-element_type=\"container\">\n\t\t\t\t\t<div class=\"e-con-inner\">\n\t\t\t\t<div class=\"elementor-element elementor-element-c5e0276 elementor-widget elementor-widget-heading\" data-id=\"c5e0276\" data-element_type=\"widget\" data-widget_type=\"heading.default\">\n\t\t\t\t<div class=\"elementor-widget-container\">\n\t\t\t\t\t<h2 class=\"elementor-heading-title elementor-size-default\">Probiotika pr\u00e4gen Immunentwicklung<\/h2>\t\t\t\t<\/div>\n\t\t\t\t<\/div>\n\t\t\t\t\t<\/div>\n\t\t\t\t<\/div>\n\t\t<div class=\"elementor-element elementor-element-6b68295 obcs none e-flex e-con-boxed e-con e-parent\" data-id=\"6b68295\" data-element_type=\"container\">\n\t\t\t\t\t<div class=\"e-con-inner\">\n\t\t\t\t<div class=\"elementor-element elementor-element-ebfd410 elementor-widget elementor-widget-text-editor\" data-id=\"ebfd410\" data-element_type=\"widget\" data-widget_type=\"text-editor.default\">\n\t\t\t\t<div class=\"elementor-widget-container\">\n\t\t\t\t\t\t\t\t\t<p>Hierbei spielen\u00a0<a href=\"https:\/\/www.omni-biotic.com\/de\/blog\/probiotika-unterstuetzen-babys-immunsystem\/\"><strong>Probiotika<\/strong><\/a>\u00a0eine wesentliche Rolle. Ihre\u00a0<strong>positiven Effekte<\/strong>\u00a0in Bezug auf die\u00a0<strong>Regulierung des Mikrobioms<\/strong>\u00a0und des gest\u00f6rten\u00a0<a href=\"https:\/\/www.omni-biotic.com\/de\/blog\/kinder-und-deren-immunsystem\/\"><strong>Immunsystems<\/strong><\/a>\u00a0sind klar belegt: Im Rahmen einer gro\u00dfen placebokontrollierten\u00a0<strong>Studie<\/strong>\u00a0erhielten werdende M\u00fctter sowie sp\u00e4ter ihre Babys einmal t\u00e4glich ein speziell entwickeltes\u00a0<strong>Multispezies-Probiotikum<\/strong>: Bereits im Alter von nur drei Monaten war bei\u00a0<strong>80%<\/strong>\u00a0der allergiegef\u00e4hrdeten Kinder das Immunsystem durch die Anwendung des Probiotikums\u00a0<strong>ausgeglichen<\/strong>. Sogar nach der Vollendung des zweiten Lebensjahres der Kinder zeigte sich, dass dieser Effekt gegen\u00fcber der Placebogruppe weiterhin konstant gehalten werden konnte, obwohl bereits ein Jahr zuvor die Anwendung des Probiotikums beendet war (Niers 2009). In \u00dcbereinstimmung mit aktuellen Metaanalysen (Panduru 2015) wird daher empfohlen,<strong>\u00a0speziell kombinierte Probiotika<\/strong>\u00a0w\u00e4hrend der\u00a0<strong>letzten beiden Schwangerschaftsmonate<\/strong>\u00a0sowie w\u00e4hrend des gesamten\u00a0<strong>ersten Lebensjahres<\/strong>\u00a0zu verabreichen.<\/p><p>Eine weitere Studie (Kim 2015) analysierte die bakteriellen\u00a0<strong>Metabolite<\/strong>\u00a0(= Stoffwechselprodukte) in den Stuhlproben dieser damals drei Monate alten Kinder. Es zeigte sich, dass die Reduktion der allergischen Erkrankungen u. a. auf die unterschiedliche\u00a0<a href=\"https:\/\/www.omni-biotic.com\/de\/blog\/babys-bakterielle-gesundheitsbasis\/\"><strong>Bakterienbesiedelung<\/strong><\/a>\u00a0und die daraus resultierende unterschiedliche Menge von\u00a0<strong>kurzkettigen<\/strong>\u00a0<strong>Fetts\u00e4uren<\/strong>\u00a0(Butyrat, Acetat) zur\u00fcckzuf\u00fchren ist. Bei den gesunden Kindern wurden signifikant h\u00f6here Spiegel\u00a0<strong>entz\u00fcndungshemmender<\/strong>\u00a0kurzkettiger Fetts\u00e4uren (SCFA, z. B. Butyrat) gefunden als bei jenen Kindern mit Allergien. Diese Ergebnisse betonen die\u00a0<strong>Wichtigkeit<\/strong>\u00a0eines\u00a0<strong>ausgeglichenen Darmmikrobioms<\/strong>\u00a0sowohl w\u00e4hrend der Schwangerschaft als auch in den ersten Lebensmonaten, um eine\u00a0<strong>optimale Reifung des Immunsystems<\/strong>\u00a0zu f\u00f6rdern und so dem Kind eine gesunde Basis f\u00fcr sein gesamtes Leben zu schenken.<\/p><p>\u00a0<\/p>\t\t\t\t\t\t\t\t<\/div>\n\t\t\t\t<\/div>\n\t\t\t\t\t<\/div>\n\t\t\t\t<\/div>\n\t\t<div class=\"elementor-element elementor-element-6d975c2 obcs none e-flex e-con-boxed e-con e-parent\" data-id=\"6d975c2\" data-element_type=\"container\">\n\t\t\t\t\t<div class=\"e-con-inner\">\n\t\t\t\t<div class=\"elementor-element elementor-element-77e4511 elementor-widget elementor-widget-text-editor\" data-id=\"77e4511\" data-element_type=\"widget\" data-widget_type=\"text-editor.default\">\n\t\t\t\t<div class=\"elementor-widget-container\">\n\t\t\t\t\t\t\t\t\t<p><strong>Unser Newsletter-Service f\u00fcr Ihre Schwangerschaft<\/strong><\/p>\t\t\t\t\t\t\t\t<\/div>\n\t\t\t\t<\/div>\n\t\t\t\t\t<\/div>\n\t\t\t\t<\/div>\n\t\t<div class=\"elementor-element elementor-element-684a343 obcs none e-flex e-con-boxed e-con e-parent\" data-id=\"684a343\" data-element_type=\"container\">\n\t\t\t\t\t<div class=\"e-con-inner\">\n\t\t\t\t<div class=\"elementor-element elementor-element-f7120b3 elementor-widget elementor-widget-heading\" data-id=\"f7120b3\" data-element_type=\"widget\" data-widget_type=\"heading.default\">\n\t\t\t\t<div class=\"elementor-widget-container\">\n\t\t\t\t\t<p class=\"elementor-heading-title elementor-size-default\">OMNi-BiOTiC\u00ae PANDApost<\/p>\t\t\t\t<\/div>\n\t\t\t\t<\/div>\n\t\t\t\t\t<\/div>\n\t\t\t\t<\/div>\n\t\t<div class=\"elementor-element elementor-element-5d720a7 obcs none e-flex e-con-boxed e-con e-parent\" data-id=\"5d720a7\" data-element_type=\"container\">\n\t\t\t\t\t<div class=\"e-con-inner\">\n\t\t\t\t<div class=\"elementor-element elementor-element-96fd22b elementor-widget elementor-widget-text-editor\" data-id=\"96fd22b\" data-element_type=\"widget\" data-widget_type=\"text-editor.default\">\n\t\t\t\t<div class=\"elementor-widget-container\">\n\t\t\t\t\t\t\t\t\t<p class=\"comment-content__container _ngcontent-rqx-145\">Eine Schwangerschaft ist etwas ganz Besonderes! Lassen Sie sich von uns durch diese aufregende Zeit begleiten: Sie erhalten alle zwei Wochen\u00a0<strong>Entwicklungs-Updates<\/strong>\u00a0zu Ihrem Baby,\u00a0<strong>Tipps &amp; Tricks<\/strong> gegen typische Schwangerschaftsbeschwerden, <strong>Rezeptideen<\/strong>\u00a0und\u00a0<strong>Produktempfehlungen<\/strong>. Einfach untenstehendes Formular ausf\u00fcllen \u2013 schon erhalten Sie unsere\u00a0<strong>PANDApost<\/strong>\u00a0abgestimmt auf Ihre Schwangerschaftswochen!<\/p>\t\t\t\t\t\t\t\t<\/div>\n\t\t\t\t<\/div>\n\t\t\t\t\t<\/div>\n\t\t\t\t<\/div>\n\t\t<div class=\"elementor-element elementor-element-dae8b88 obcs none e-flex e-con-boxed e-con e-parent\" data-id=\"dae8b88\" data-element_type=\"container\">\n\t\t\t\t\t<div class=\"e-con-inner\">\n\t\t\t\t<div class=\"elementor-element elementor-element-b37d1ec elementor-cta--skin-cover elementor-animated-content elementor-bg-transform elementor-bg-transform-zoom-in elementor-widget elementor-widget-call-to-action\" data-id=\"b37d1ec\" data-element_type=\"widget\" data-widget_type=\"call-to-action.default\">\n\t\t\t\t<div class=\"elementor-widget-container\">\n\t\t\t\t\t\t\t<div class=\"elementor-cta\">\n\t\t\t\t\t<div class=\"elementor-cta__bg-wrapper\">\n\t\t\t\t<div class=\"elementor-cta__bg elementor-bg\" style=\"background-image: url(https:\/\/www.omni-biotic.com\/de-at\/wp-content\/uploads\/sites\/2\/2024\/01\/800x700-pandapost-3-768x672-1.jpg);\" role=\"img\" aria-label=\"800x700-pandapost-3-768x672-1.jpg\"><\/div>\n\t\t\t\t<div class=\"elementor-cta__bg-overlay\"><\/div>\n\t\t\t<\/div>\n\t\t\t\t\t\t\t<div class=\"elementor-cta__content\">\n\t\t\t\t\n\t\t\t\t\t\t\t\t\t<span class=\"elementor-cta__title elementor-cta__content-item elementor-content-item elementor-animated-item--grow\">\n\t\t\t\t\t\tZur PANDApost\t\t\t\t\t<\/span>\n\t\t\t\t\n\t\t\t\t\t\t\t\t\t<div class=\"elementor-cta__description elementor-cta__content-item elementor-content-item elementor-animated-item--grow\">\n\t\t\t\t\t\tUnser Newsletter Service f\u00fcr Ihre Schwangerschaft\t\t\t\t\t<\/div>\n\t\t\t\t\n\t\t\t\t\t\t\t\t\t<div class=\"elementor-cta__button-wrapper elementor-cta__content-item elementor-content-item elementor-animated-item--grow\">\n\t\t\t\t\t<a class=\"elementor-cta__button elementor-button elementor-size-\" href=\"https:\/\/www.omni-biotic.com\/de-at\/pandapost\/\">\n\t\t\t\t\t\tHier klicken\t\t\t\t\t<\/a>\n\t\t\t\t\t<\/div>\n\t\t\t\t\t\t\t<\/div>\n\t\t\t\t\t\t<\/div>\n\t\t\t\t\t\t<\/div>\n\t\t\t\t<\/div>\n\t\t\t\t\t<\/div>\n\t\t\t\t<\/div>\n\t\t<div class=\"elementor-element elementor-element-19ef0a4 obcs none e-flex e-con-boxed e-con e-parent\" data-id=\"19ef0a4\" data-element_type=\"container\">\n\t\t\t\t\t<div class=\"e-con-inner\">\n\t\t\t\t<div class=\"elementor-element elementor-element-6c7a8e3 elementor-widget elementor-widget-spacer\" data-id=\"6c7a8e3\" data-element_type=\"widget\" data-widget_type=\"spacer.default\">\n\t\t\t\t<div class=\"elementor-widget-container\">\n\t\t\t\t\t\t\t<div class=\"elementor-spacer\">\n\t\t\t<div class=\"elementor-spacer-inner\"><\/div>\n\t\t<\/div>\n\t\t\t\t\t\t<\/div>\n\t\t\t\t<\/div>\n\t\t\t\t<div class=\"elementor-element elementor-element-8944754 elementor-widget elementor-widget-heading\" data-id=\"8944754\" data-element_type=\"widget\" data-widget_type=\"heading.default\">\n\t\t\t\t<div class=\"elementor-widget-container\">\n\t\t\t\t\t<h2 class=\"elementor-heading-title elementor-size-default\">Selbsttest: Wie geht es Ihrem Darm?<\/h2>\t\t\t\t<\/div>\n\t\t\t\t<\/div>\n\t\t\t\t\t<\/div>\n\t\t\t\t<\/div>\n\t\t<div class=\"elementor-element elementor-element-a696272 obcs none e-flex e-con-boxed e-con e-parent\" data-id=\"a696272\" data-element_type=\"container\">\n\t\t\t\t\t<div class=\"e-con-inner\">\n\t\t\t\t<div class=\"elementor-element elementor-element-a6b5a77 elementor-widget elementor-widget-text-editor\" data-id=\"a6b5a77\" data-element_type=\"widget\" data-widget_type=\"text-editor.default\">\n\t\t\t\t<div class=\"elementor-widget-container\">\n\t\t\t\t\t\t\t\t\t<p>So sch\u00f6n die Schwangerschaft auch ist, so stellt sie dennoch eine Herausforderung dar. Die Ern\u00e4hrungsgewohnheiten werden h\u00e4ufig umgestellt und es kommt zu hormonellen Ver\u00e4nderungen. All dies kann dazu f\u00fchren, dass sich auch die Darmflora der werdenden Mutter ver\u00e4ndert, oder gar aus dem Gleichgewicht kommt. Machen Sie jetzt den Selbsttest und finden Sie heraus, wie es Ihrem Darm geht.<\/p>\t\t\t\t\t\t\t\t<\/div>\n\t\t\t\t<\/div>\n\t\t\t\t\t<\/div>\n\t\t\t\t<\/div>\n\t\t<div class=\"elementor-element elementor-element-df1f664 obcs none e-flex e-con-boxed e-con e-parent\" data-id=\"df1f664\" data-element_type=\"container\">\n\t\t\t\t\t<div class=\"e-con-inner\">\n\t\t\t\t<div class=\"elementor-element elementor-element-e2c480c elementor-align-left elementor-widget__width-inherit elementor-mobile-align-left elementor-widget elementor-widget-button\" data-id=\"e2c480c\" data-element_type=\"widget\" data-widget_type=\"button.default\">\n\t\t\t\t<div class=\"elementor-widget-container\">\n\t\t\t\t\t\t\t\t\t<div class=\"elementor-button-wrapper\">\n\t\t\t\t\t<a class=\"elementor-button elementor-button-link elementor-size-lg\" href=\"https:\/\/www.omni-biotic.com\/de-de\/test\/selbsttest-wie-geht-es-ihrem-darm\/\">\n\t\t\t\t\t\t<span class=\"elementor-button-content-wrapper\">\n\t\t\t\t\t\t\t\t\t<span class=\"elementor-button-text\">Jetzt Selbsttest zur Darm-Gesundheit machen<\/span>\n\t\t\t\t\t<\/span>\n\t\t\t\t\t<\/a>\n\t\t\t\t<\/div>\n\t\t\t\t\t\t\t\t<\/div>\n\t\t\t\t<\/div>\n\t\t\t\t\t<\/div>\n\t\t\t\t<\/div>\n\t\t<div class=\"elementor-element elementor-element-7b58df2 obcs none e-flex e-con-boxed e-con e-parent\" data-id=\"7b58df2\" data-element_type=\"container\">\n\t\t\t\t\t<div class=\"e-con-inner\">\n\t\t\t\t<div class=\"elementor-element elementor-element-d10c5ec elementor-widget elementor-widget-li-widgets--author-quote\" data-id=\"d10c5ec\" data-element_type=\"widget\" data-widget_type=\"li-widgets--author-quote.default\">\n\t\t\t\t<div class=\"elementor-widget-container\">\n\t\t\t\t\t<div class=\"li-widgets--author-quote magenta\">\n        <div class=\"li-widgets--author-quote__image--wrapper\">\n        <div class=\"li-widgets--author-quote__image\">\n            <img decoding=\"async\" width=\"300\" height=\"295\" src=\"https:\/\/www.omni-biotic.com\/de-at\/wp-content\/uploads\/sites\/2\/2024\/01\/melina-alt-480x472-1-300x295.jpg\" class=\"attachment-medium size-medium\" alt=\"Melina Alt\" srcset=\"https:\/\/www.omni-biotic.com\/de-at\/wp-content\/uploads\/sites\/2\/2024\/01\/melina-alt-480x472-1-300x295.jpg 300w, https:\/\/www.omni-biotic.com\/de-at\/wp-content\/uploads\/sites\/2\/2024\/01\/melina-alt-480x472-1.jpg 480w\" sizes=\"(max-width: 300px) 100vw, 300px\" title=\"\">        <\/div>\n    <\/div>\n        <div class=\"li-widgets--author-quote__content\">\n        <div class=\"li-widgets--author-quote__content--text\">\n            Nach meinem Kaiserschnitt habe ich in der Stillzeit mit einem Multi-Spezies Probiotikum von OMNi-BiOTiC\u00ae gestartet \u2013 es soll das Auftreten von allergischen Reaktionen beim gef\u00e4hrdeten Baby regulieren \u2013 und hat es auch: Meine Kleine ist \u00fcber 2 Jahre alt und f\u00fchlt sich vollkommen wohl.        <\/div>\n        <div class=\"li-widgets--author-quote__content--author\">\n            Melina Alt, Influencerin        <\/div>\n            <\/div>\n    <\/div>\n\t\t\t\t<\/div>\n\t\t\t\t<\/div>\n\t\t\t\t\t<\/div>\n\t\t\t\t<\/div>\n\t\t\t\t<\/div>\n\t\t","protected":false},"excerpt":{"rendered":"<p>Dass die bakterielle Besiedelung von Babys Darm mit den richtigen Symbionten nicht nur f\u00fcr die Entwicklung der Verdauung, sondern auch f\u00fcr die Entwicklung des kindlichen Immunsystems bedeutsam ist, wurde klar belegt. Studien zeigen, auf welch vielf\u00e4ltige Art und Weise die Bakterien der Mutter auf das Kind \u00fcbertragen werden k\u00f6nnen, und liefern erste Hinweise darauf, wie das Immunsystem vom Mikrobiom positiv beeinflusst wird.<\/p>\n","protected":false},"author":2,"featured_media":18705,"comment_status":"closed","ping_status":"closed","sticky":false,"template":"","format":"standard","meta":{"_acf_changed":false,"inline_featured_image":false,"footnotes":""},"categories":[107,109],"tags":[],"class_list":["post-18704","post","type-post","status-publish","format-standard","has-post-thumbnail","hentry","category-mutter-kind","category-neues-aus-der-forschung"],"acf":[],"rank_math":{"og:title":"Das Darmmikrobiom eines Babys | bakterielle Gesundheitsbasis","og:desc":"Ein ausgeglichenes Darmmikrobiom w\u00e4hrend der Schwangerschaft und in den ersten Lebensmonaten f\u00f6rdert die optimale Reifung des Immunsystems.","og:url":"https:\/\/www.omni-biotic.com\/de-at\/blog\/babys-bakterielle-gesundheitsbasis\/","og:locale":"de_AT","og:image":"https:\/\/www.omni-biotic.com\/de-at\/wp-content\/uploads\/sites\/2\/2023\/06\/1190x850-babys-bakterielle-gesundheitsbasis-bg13-blog-2.jpg","og:image:width":"1190","og:image:height":"850"},"additional_data":{"thumbnail":"https:\/\/www.omni-biotic.com\/de-at\/wp-content\/uploads\/sites\/2\/2023\/06\/1190x850-babys-bakterielle-gesundheitsbasis-bg13-blog-2.jpg"},"blog_info":{"country":"de-at"},"_links":{"self":[{"href":"https:\/\/www.omni-biotic.com\/de-at\/wp-json\/wp\/v2\/posts\/18704","targetHints":{"allow":["GET"]}}],"collection":[{"href":"https:\/\/www.omni-biotic.com\/de-at\/wp-json\/wp\/v2\/posts"}],"about":[{"href":"https:\/\/www.omni-biotic.com\/de-at\/wp-json\/wp\/v2\/types\/post"}],"author":[{"embeddable":true,"href":"https:\/\/www.omni-biotic.com\/de-at\/wp-json\/wp\/v2\/users\/2"}],"replies":[{"embeddable":true,"href":"https:\/\/www.omni-biotic.com\/de-at\/wp-json\/wp\/v2\/comments?post=18704"}],"version-history":[{"count":7,"href":"https:\/\/www.omni-biotic.com\/de-at\/wp-json\/wp\/v2\/posts\/18704\/revisions"}],"predecessor-version":[{"id":42356,"href":"https:\/\/www.omni-biotic.com\/de-at\/wp-json\/wp\/v2\/posts\/18704\/revisions\/42356"}],"wp:featuredmedia":[{"embeddable":true,"href":"https:\/\/www.omni-biotic.com\/de-at\/wp-json\/wp\/v2\/media\/18705"}],"wp:attachment":[{"href":"https:\/\/www.omni-biotic.com\/de-at\/wp-json\/wp\/v2\/media?parent=18704"}],"wp:term":[{"taxonomy":"category","embeddable":true,"href":"https:\/\/www.omni-biotic.com\/de-at\/wp-json\/wp\/v2\/categories?post=18704"},{"taxonomy":"post_tag","embeddable":true,"href":"https:\/\/www.omni-biotic.com\/de-at\/wp-json\/wp\/v2\/tags?post=18704"}],"curies":[{"name":"wp","href":"https:\/\/api.w.org\/{rel}","templated":true}]}}