{"id":19021,"date":"2022-03-08T10:54:28Z","date_gmt":"2022-03-08T09:54:28Z","guid":{"rendered":"https:\/\/www.omni-biotic.com\/de-at\/neurodermitis-beim-kind\/"},"modified":"2023-12-05T14:46:06Z","modified_gmt":"2023-12-05T13:46:06Z","slug":"neurodermitis-beim-kind","status":"publish","type":"post","link":"https:\/\/www.omni-biotic.com\/de-at\/blog\/neurodermitis-beim-kind\/","title":{"rendered":"Neurodermitis beim Kind"},"content":{"rendered":"","protected":false},"excerpt":{"rendered":"","protected":false},"author":17,"featured_media":19022,"comment_status":"closed","ping_status":"closed","sticky":false,"template":"","format":"standard","meta":{"_acf_changed":false,"inline_featured_image":false,"footnotes":""},"categories":[107],"tags":[],"class_list":["post-19021","post","type-post","status-publish","format-standard","has-post-thumbnail","hentry","category-mutter-kind"],"acf":[],"rank_math":{"og:title":"Neurodermitis beim Kind | Was kann man dagegen tun?","og:desc":"Kinder und Babys mit Neurodermitis leiden unter trockener, ger\u00f6teter Haut und Juckreiz. Probiotika k\u00f6nnen Krankheitssch\u00fcbe reduzieren.","og:url":"https:\/\/www.omni-biotic.com\/de-at\/blog\/neurodermitis-beim-kind\/","og:locale":"de_AT","og:image":"https:\/\/www.omni-biotic.com\/de-at\/wp-content\/uploads\/sites\/2\/2023\/06\/maedchen-mit-neurodermitis.jpg","og:image:width":"1200","og:image:height":"800"},"additional_data":{"thumbnail":"https:\/\/www.omni-biotic.com\/de-at\/wp-content\/uploads\/sites\/2\/2023\/06\/maedchen-mit-neurodermitis.jpg"},"blog_info":{"country":"de-at"},"_links":{"self":[{"href":"https:\/\/www.omni-biotic.com\/de-at\/wp-json\/wp\/v2\/posts\/19021","targetHints":{"allow":["GET"]}}],"collection":[{"href":"https:\/\/www.omni-biotic.com\/de-at\/wp-json\/wp\/v2\/posts"}],"about":[{"href":"https:\/\/www.omni-biotic.com\/de-at\/wp-json\/wp\/v2\/types\/post"}],"author":[{"embeddable":true,"href":"https:\/\/www.omni-biotic.com\/de-at\/wp-json\/wp\/v2\/users\/17"}],"replies":[{"embeddable":true,"href":"https:\/\/www.omni-biotic.com\/de-at\/wp-json\/wp\/v2\/comments?post=19021"}],"version-history":[{"count":2,"href":"https:\/\/www.omni-biotic.com\/de-at\/wp-json\/wp\/v2\/posts\/19021\/revisions"}],"predecessor-version":[{"id":27312,"href":"https:\/\/www.omni-biotic.com\/de-at\/wp-json\/wp\/v2\/posts\/19021\/revisions\/27312"}],"wp:featuredmedia":[{"embeddable":true,"href":"https:\/\/www.omni-biotic.com\/de-at\/wp-json\/wp\/v2\/media\/19022"}],"wp:attachment":[{"href":"https:\/\/www.omni-biotic.com\/de-at\/wp-json\/wp\/v2\/media?parent=19021"}],"wp:term":[{"taxonomy":"category","embeddable":true,"href":"https:\/\/www.omni-biotic.com\/de-at\/wp-json\/wp\/v2\/categories?post=19021"},{"taxonomy":"post_tag","embeddable":true,"href":"https:\/\/www.omni-biotic.com\/de-at\/wp-json\/wp\/v2\/tags?post=19021"}],"curies":[{"name":"wp","href":"https:\/\/api.w.org\/{rel}","templated":true}]}}