{"id":19691,"date":"2023-10-24T08:13:46Z","date_gmt":"2023-10-24T06:13:46Z","guid":{"rendered":"https:\/\/www.omni-biotic.com\/de-at\/antibiotika-koerper-nebenwirkungen-2\/"},"modified":"2024-05-16T15:44:55Z","modified_gmt":"2024-05-16T13:44:55Z","slug":"antibiotika-koerper-nebenwirkungen","status":"publish","type":"post","link":"https:\/\/www.omni-biotic.com\/de-at\/blog\/antibiotika-koerper-nebenwirkungen\/","title":{"rendered":"Was Antibiotika mit dem K\u00f6rper machen"},"content":{"rendered":"\t\t<div data-elementor-type=\"wp-post\" data-elementor-id=\"19691\" class=\"elementor elementor-19691\" data-elementor-post-type=\"post\">\n\t\t\t\t<div class=\"elementor-element elementor-element-63ff5c5 obcs none e-flex e-con-boxed e-con e-parent\" data-id=\"63ff5c5\" data-element_type=\"container\">\n\t\t\t\t\t<div class=\"e-con-inner\">\n\t\t\t\t<div class=\"elementor-element elementor-element-dec8c0d elementor-widget elementor-widget-image\" data-id=\"dec8c0d\" data-element_type=\"widget\" data-widget_type=\"image.default\">\n\t\t\t\t<div class=\"elementor-widget-container\">\n\t\t\t\t\t\t\t\t\t\t\t\t\t\t\t<img fetchpriority=\"high\" decoding=\"async\" width=\"700\" height=\"500\" src=\"https:\/\/www.omni-biotic.com\/de-at\/wp-content\/uploads\/sites\/2\/2022\/02\/antibiotika-einnahme.png\" class=\"attachment-large size-large wp-image-26374\" alt=\"eine kranke frau nimmt antibiotika ein\" srcset=\"https:\/\/www.omni-biotic.com\/de-at\/wp-content\/uploads\/sites\/2\/2022\/02\/antibiotika-einnahme.png 700w, https:\/\/www.omni-biotic.com\/de-at\/wp-content\/uploads\/sites\/2\/2022\/02\/antibiotika-einnahme-300x214.png 300w\" sizes=\"(max-width: 700px) 100vw, 700px\" title=\"\">\t\t\t\t\t\t\t\t\t\t\t\t\t\t\t<\/div>\n\t\t\t\t<\/div>\n\t\t\t\t<div class=\"elementor-element elementor-element-28ae299 elementor-widget elementor-widget-heading\" data-id=\"28ae299\" data-element_type=\"widget\" data-widget_type=\"heading.default\">\n\t\t\t\t<div class=\"elementor-widget-container\">\n\t\t\t\t\t<h2 class=\"elementor-heading-title elementor-size-default\">Was sind Antibiotika?<\/h2>\t\t\t\t<\/div>\n\t\t\t\t<\/div>\n\t\t\t\t<div class=\"elementor-element elementor-element-f4b8016 elementor-widget elementor-widget-text-editor\" data-id=\"f4b8016\" data-element_type=\"widget\" data-widget_type=\"text-editor.default\">\n\t\t\t\t<div class=\"elementor-widget-container\">\n\t\t\t\t\t\t\t\t\t<p>Antibiotika sind <strong>Arzneimittel<\/strong>, welche vordergr\u00fcndig <strong>gegen<\/strong> <strong>Bakterien<\/strong> wirken. Je nach <a href=\"https:\/\/www.omni-biotic.com\/de-at\/darmgesundheit\/gesundheitszentrale-darm\/darmbakterien\/\">Bakterienart<\/a> k\u00f6nnen diese Mikroorganismen \u201egutartig\u201c oder \u201eb\u00f6sartig\u201c sein und im schlimmsten Fall Krankheiten beim Menschen hervorrufen. Ist letzteres der Fall, k\u00f6nnen Antibiotika den menschlichen K\u00f6rper bei der Abwehr der Keime unterst\u00fctzen. Viele <strong>Studien zeigen<\/strong> jedoch, dass <strong>Antibiotika<\/strong> auch <strong>unerw\u00fcnschte Nebenwirkungen<\/strong>, von antibiotikaassoziiertem <strong>Durchfall<\/strong> bis <a href=\"https:\/\/www.omni-biotic.com\/de-at\/darmbeschwerden\/allergie\/\"><strong>Allergien<\/strong><\/a>, mit sich bringen k\u00f6nnen.<\/p>\t\t\t\t\t\t\t\t<\/div>\n\t\t\t\t<\/div>\n\t\t\t\t<div class=\"elementor-element elementor-element-91ef6eb elementor-widget elementor-widget-heading\" data-id=\"91ef6eb\" data-element_type=\"widget\" data-widget_type=\"heading.default\">\n\t\t\t\t<div class=\"elementor-widget-container\">\n\t\t\t\t\t<h2 class=\"elementor-heading-title elementor-size-default\">Welche Auswirkungen haben die Medikamente?<\/h2>\t\t\t\t<\/div>\n\t\t\t\t<\/div>\n\t\t\t\t<div class=\"elementor-element elementor-element-6c340ae elementor-widget elementor-widget-text-editor\" data-id=\"6c340ae\" data-element_type=\"widget\" data-widget_type=\"text-editor.default\">\n\t\t\t\t<div class=\"elementor-widget-container\">\n\t\t\t\t\t\t\t\t\t<p>Antibiotika <strong>st\u00f6ren<\/strong> unter anderem die <strong>Darmflora<\/strong>, in welcher viele \u201egute\u201c Bakterien beheimatet sind. In einer aktuellen Studie wurde gezeigt, dass sich im Darm gesunder Probanden nach einer<strong> viert\u00e4gigen Antibiotika-Therapie<\/strong> <strong>vermehrt pathogene Keime<\/strong> fanden. F\u00fcr die Autoren stellt dies eine Erkl\u00e4rung dar, warum durch Antibiotika auch eine Infektion mit <em>Clostridioides difficile<\/em> (CDI), einem nicht ganz harmlosen Keim, zustande kommen kann.<\/p>\t\t\t\t\t\t\t\t<\/div>\n\t\t\t\t<\/div>\n\t\t\t\t<div class=\"elementor-element elementor-element-41aca14 elementor-widget elementor-widget-heading\" data-id=\"41aca14\" data-element_type=\"widget\" data-widget_type=\"heading.default\">\n\t\t\t\t<div class=\"elementor-widget-container\">\n\t\t\t\t\t<h3 class=\"elementor-heading-title elementor-size-default\">Wie lange kann ein Antibiotikum Nebenwirkungen haben?<\/h3>\t\t\t\t<\/div>\n\t\t\t\t<\/div>\n\t\t\t\t<div class=\"elementor-element elementor-element-52504c5 elementor-widget elementor-widget-text-editor\" data-id=\"52504c5\" data-element_type=\"widget\" data-widget_type=\"text-editor.default\">\n\t\t\t\t<div class=\"elementor-widget-container\">\n\t\t\t\t\t\t\t\t\t<p>Die <a href=\"https:\/\/www.omni-biotic.com\/de-at\/darmgesundheit\/gesundheitszentrale-darm\/darmflora\/\">Darmflora der Probanden<\/a>, in der oben genannten Studie, hatte sich zwar bereits rund eineinhalb Monate nach der Antibiotika-Therapie weitgehend erholt, jedoch <strong>fehlten<\/strong> auch <strong>sechs<\/strong> <strong>Monate<\/strong> <strong>sp\u00e4ter<\/strong> noch immer neun h\u00e4ufige und f\u00fcr die normale Funktion der Darmflora <strong>wichtige Bakterienst\u00e4mme<\/strong>. Dar\u00fcber hinaus fanden die Wissenschaftler in den vorhandenen Bakterien <strong>vermehrt Resistenzgene<\/strong>, welche in der Lage sind, die Wirkung von Antibiotika abzuschw\u00e4chen oder gar aufzuheben.<\/p>\t\t\t\t\t\t\t\t<\/div>\n\t\t\t\t<\/div>\n\t\t\t\t<div class=\"elementor-element elementor-element-7625f52 elementor-widget elementor-widget-heading\" data-id=\"7625f52\" data-element_type=\"widget\" data-widget_type=\"heading.default\">\n\t\t\t\t<div class=\"elementor-widget-container\">\n\t\t\t\t\t<h3 class=\"elementor-heading-title elementor-size-default\">Allergien bei Kindern<\/h3>\t\t\t\t<\/div>\n\t\t\t\t<\/div>\n\t\t\t\t<div class=\"elementor-element elementor-element-faa8cc2 elementor-widget elementor-widget-text-editor\" data-id=\"faa8cc2\" data-element_type=\"widget\" data-widget_type=\"text-editor.default\">\n\t\t\t\t<div class=\"elementor-widget-container\">\n\t\t\t\t\t\t\t\t\t<p>Eine Behandlung mit Antibiotika sollte auch bei <strong>Kindern und insbesondere S\u00e4uglingen gut abgewogen<\/strong> werden. Eine aktuelle Studie zeigt, dass Kinder, die in den ersten sechs Lebensmonaten ein Antibiotikum oder einen S\u00e4ureblocker erhielten, <strong>rund doppelt so h\u00e4ufig Allergien<\/strong> entwickelten als Kinder, die keines dieser Arzneimittel bekamen. Bei dieser umfangreichen Studie wurden rund 800.000 Kinder von Tag 35 nach ihrer Geburt bis zum Kindergarten beobachtet. So konnten die Wissenschaftler nachweisen, dass ein <strong>deutlicher Zusammenhang zwischen dem Einsatz von Antibiotika sowie S\u00e4ureblockern und Allergien besteht<\/strong>. Leiden S\u00e4uglinge unter einem Infekt, so sollte vorab \u00fcberpr\u00fcft werden, ob dieser eine bakterielle Ursache hat. Ist dies der Fall, sollte weiters gekl\u00e4rt werden, ob der Einsatz eines Antibiotikums tats\u00e4chlich notwendig ist.<\/p>\t\t\t\t\t\t\t\t<\/div>\n\t\t\t\t<\/div>\n\t\t\t\t<div class=\"elementor-element elementor-element-6189518 elementor-widget elementor-widget-heading\" data-id=\"6189518\" data-element_type=\"widget\" data-widget_type=\"heading.default\">\n\t\t\t\t<div class=\"elementor-widget-container\">\n\t\t\t\t\t<h2 class=\"elementor-heading-title elementor-size-default\">Antibiotikaresistenz<\/h2>\t\t\t\t<\/div>\n\t\t\t\t<\/div>\n\t\t\t\t<div class=\"elementor-element elementor-element-07696e1 elementor-widget elementor-widget-image\" data-id=\"07696e1\" data-element_type=\"widget\" data-widget_type=\"image.default\">\n\t\t\t\t<div class=\"elementor-widget-container\">\n\t\t\t\t\t\t\t\t\t\t\t\t\t\t\t<img decoding=\"async\" width=\"700\" height=\"500\" src=\"https:\/\/www.omni-biotic.com\/de-at\/wp-content\/uploads\/sites\/2\/2022\/02\/antibiotiaresistente-bakterien.png\" class=\"attachment-large size-large wp-image-26373\" alt=\"petrischale mit antibiotika und wachsenden bakterien deuten auf resistenzen hin\" srcset=\"https:\/\/www.omni-biotic.com\/de-at\/wp-content\/uploads\/sites\/2\/2022\/02\/antibiotiaresistente-bakterien.png 700w, https:\/\/www.omni-biotic.com\/de-at\/wp-content\/uploads\/sites\/2\/2022\/02\/antibiotiaresistente-bakterien-300x214.png 300w\" sizes=\"(max-width: 700px) 100vw, 700px\" title=\"\">\t\t\t\t\t\t\t\t\t\t\t\t\t\t\t<\/div>\n\t\t\t\t<\/div>\n\t\t\t\t<div class=\"elementor-element elementor-element-4f1d3f8 elementor-widget elementor-widget-text-editor\" data-id=\"4f1d3f8\" data-element_type=\"widget\" data-widget_type=\"text-editor.default\">\n\t\t\t\t<div class=\"elementor-widget-container\">\n\t\t\t\t\t\t\t\t\t<p>Insbesondere der <strong>breite Einsatz von Antibiotika<\/strong> hat dazu gef\u00fchrt, dass Bakterien <strong>gegen\u00fcber<\/strong> verschiedenen <strong>Wirkstoffen unempfindlich<\/strong> geworden sind. Das wiederum erschwert die erfolgreiche Behandlung von Infektionskrankheiten. Je mehr Resistenzen Bakterien ausbilden, desto schwieriger wird es. Vor allem in <strong>Krankenh\u00e4usern<\/strong> stellen diese sogenannten <strong>multiresistenten<\/strong> <strong>Keime<\/strong> eine <strong>besondere<\/strong> <strong>Herausforderung<\/strong> dar.<\/p><p>Australische Wissenschaftler warnen beispielsweise vor <em>Staphylococcus epidermidis<\/em>, welcher bereits gegen zwei der am h\u00e4ufigsten, meist in Kombination verwendeten, Antibiotika resistent ist. Dieser kann <strong>schwerwiegende<\/strong> <strong>Infektionen<\/strong> verursachen, welche in Folge sogar <strong>t\u00f6dlich<\/strong> enden k\u00f6nnen. Dieses, mit dem MRSA-Keim verwandte, Bakterium kommt auf der menschlichen Haut vor. Es kann jedoch insbesondere bei <strong>\u00e4lteren Menschen <\/strong>oder Patienten, welche prosthetische Materialien implantiert bekommen, zu <strong>Infektionen<\/strong> f\u00fchren. Die Wissenschaftler sch\u00e4tzen, dass sich der Keim wegen der besonders <strong>h\u00e4ufigen<\/strong> <strong>Verwendung<\/strong> von <strong>Antibiotika<\/strong> auf <strong>Intensivstationen<\/strong> verbreitet. So scheint die Praxis, mehrere Medikamente auf einmal zu verwenden, um Resistenzen zu vermeiden, nicht zu funktionieren. Dar\u00fcber hinaus <strong>warnt<\/strong> auch die <strong>Weltgesundheitsorganisation<\/strong> (<strong>WHO<\/strong>) bereits seit langem vor dem<strong> \u00fcberm\u00e4\u00dfigen Einsatz von Antibiotika.<\/strong><\/p>\t\t\t\t\t\t\t\t<\/div>\n\t\t\t\t<\/div>\n\t\t\t\t<div class=\"elementor-element elementor-element-07b8271 elementor-widget elementor-widget-heading\" data-id=\"07b8271\" data-element_type=\"widget\" data-widget_type=\"heading.default\">\n\t\t\t\t<div class=\"elementor-widget-container\">\n\t\t\t\t\t<h2 class=\"elementor-heading-title elementor-size-default\">Ist bei einer Blasenentz\u00fcndung eine Antibiotika-Therapie notwendig?<\/h2>\t\t\t\t<\/div>\n\t\t\t\t<\/div>\n\t\t\t\t<div class=\"elementor-element elementor-element-a84e070 elementor-widget elementor-widget-image\" data-id=\"a84e070\" data-element_type=\"widget\" data-widget_type=\"image.default\">\n\t\t\t\t<div class=\"elementor-widget-container\">\n\t\t\t\t\t\t\t\t\t\t\t\t\t\t\t<img decoding=\"async\" width=\"700\" height=\"500\" src=\"https:\/\/www.omni-biotic.com\/de-at\/wp-content\/uploads\/sites\/2\/2022\/02\/blasenentzuendung-waermflasche.png\" class=\"attachment-large size-large wp-image-26375\" alt=\"frau h\u00e4lt sich w\u00e4rmflasche auf bauch weil sie blasenentzuendung hat\" srcset=\"https:\/\/www.omni-biotic.com\/de-at\/wp-content\/uploads\/sites\/2\/2022\/02\/blasenentzuendung-waermflasche.png 700w, https:\/\/www.omni-biotic.com\/de-at\/wp-content\/uploads\/sites\/2\/2022\/02\/blasenentzuendung-waermflasche-300x214.png 300w\" sizes=\"(max-width: 700px) 100vw, 700px\" title=\"\">\t\t\t\t\t\t\t\t\t\t\t\t\t\t\t<\/div>\n\t\t\t\t<\/div>\n\t\t\t\t<div class=\"elementor-element elementor-element-edda288 elementor-widget elementor-widget-text-editor\" data-id=\"edda288\" data-element_type=\"widget\" data-widget_type=\"text-editor.default\">\n\t\t\t\t<div class=\"elementor-widget-container\">\n\t\t\t\t\t\t\t\t\t<p>Beim Nachweis von Bakterien im Urin werden von \u00c4rzten h\u00e4ufig Antibiotika verschrieben. Laut Norma Jung, einem Beiratsmitglied der DGI (Deutsche Gesellschaft f\u00fcr Infektiologie) k\u00f6nnen <strong>Bakterien im Urin<\/strong> jedoch <strong>unterschiedliche<\/strong> <strong>Ursachen<\/strong> haben und bei Frauen h\u00e4ufiger vorkommen als bei M\u00e4nnern. <strong>Erst<\/strong>, wenn <strong>typische<\/strong> <strong>Symptome<\/strong> einer <strong>Harnwegsinfektion<\/strong> bestehen, sollte eine <strong>Therapie<\/strong> <strong>eingeleitet<\/strong> werden. Und selbst bei einer bestehenden Blasenentz\u00fcndung m\u00fcsse <strong>abgewogen<\/strong> werden, welchen <strong>Schweregrad<\/strong> die Erkrankung habe. Denn eine <strong>Studie<\/strong> konnte zeigen, dass rund <strong>zwei Drittel der Frauen<\/strong> mit unkomplizierten Harnwegsinfektionen auch <strong>ohne den Einsatz von Antibiotika gesund werden<\/strong>.<\/p>\t\t\t\t\t\t\t\t<\/div>\n\t\t\t\t<\/div>\n\t\t\t\t<div class=\"elementor-element elementor-element-8f756c4 elementor-widget elementor-widget-heading\" data-id=\"8f756c4\" data-element_type=\"widget\" data-widget_type=\"heading.default\">\n\t\t\t\t<div class=\"elementor-widget-container\">\n\t\t\t\t\t<h2 class=\"elementor-heading-title elementor-size-default\">Was tun, wenn eine Antibiotika-Therapie notwendig ist?<\/h2>\t\t\t\t<\/div>\n\t\t\t\t<\/div>\n\t\t\t\t<div class=\"elementor-element elementor-element-39d10cd elementor-widget elementor-widget-text-editor\" data-id=\"39d10cd\" data-element_type=\"widget\" data-widget_type=\"text-editor.default\">\n\t\t\t\t<div class=\"elementor-widget-container\">\n\t\t\t\t\t\t\t\t\t<p>Nat\u00fcrlich gibt es Erkrankungen, bei denen eine Antibiotika-Therapie notwendig ist. In diesem Fall ist es <strong>sinnvoll<\/strong>, dem <strong>Darm gen\u00fcgend n\u00fctzliche Bakterien<\/strong>, z.B. in Form von <strong>Synbiotika<\/strong>, zuzuf\u00fchren. Dies ist deswegen eine gute Idee, weil durch das <strong>Antibiotikum<\/strong> nicht nur die Krankheitserreger <strong>zerst\u00f6rt<\/strong> werden, sondern<strong> auch ganze St\u00e4mme der \u201eguten\u201c Darmbakterien<\/strong>. Durch die <a href=\"https:\/\/www.omni-biotic.com\/de-at\/darmgesundheit\/gesundheitszentrale-darm\/probiotika\/\">Einnahme von Probiotika<\/a> erh\u00e4lt der K\u00f6rper \u201e<strong>Nachschub<\/strong>\u201c in Form von nat\u00fcrlich im menschlichen Darm vorkommenden Bakterien, die sich im <strong>Darm<\/strong> auch <strong>ansiedeln<\/strong> und <strong>vermehren<\/strong> k\u00f6nnen.<\/p>\t\t\t\t\t\t\t\t<\/div>\n\t\t\t\t<\/div>\n\t\t\t\t<div class=\"elementor-element elementor-element-7ddff93 elementor-widget elementor-widget-heading\" data-id=\"7ddff93\" data-element_type=\"widget\" data-widget_type=\"heading.default\">\n\t\t\t\t<div class=\"elementor-widget-container\">\n\t\t\t\t\t<p class=\"elementor-heading-title elementor-size-default\">Quellen:<\/p>\t\t\t\t<\/div>\n\t\t\t\t<\/div>\n\t\t\t\t<div class=\"elementor-element elementor-element-514c000 elementor-widget elementor-widget-text-editor\" data-id=\"514c000\" data-element_type=\"widget\" data-widget_type=\"text-editor.default\">\n\t\t\t\t<div class=\"elementor-widget-container\">\n\t\t\t\t\t\t\t\t\t<ul><li><a href=\"http:\/\/www.univadis.de\/medical-news\/173\/Infektiologen-Vorsicht-beim-Umgang-mit-Antibiotika?utm_source=newsletter+email&amp;amp;utm_medium=email&amp;amp;utm_campaign=medical+updates+-+daily&amp;amp;utm_content=745397&amp;amp;utm_term=automated_daily\" data-kmt=\"1\" target=\"_blank\" rel=\"noopener\">www.univadis.de\/medical-news\/173\/Infektiologen-Vorsicht-beim-Umgang-mit-Antibiotika<\/a><\/li><li><a href=\"https:\/\/pubmed.ncbi.nlm.nih.gov\/30349083\/\" target=\"_blank\" rel=\"noopener\">Palleja A et al. Nat Microbiol 2018; 3: 1255-1265<\/a><\/li><li><a href=\"http:\/\/www.univadis.de\/medical-news\/173\/Antibiotika-bei-vielen-Blasenentzuendungen-nicht-notwendig?utm_source=newsletter+email&amp;amp;utm_medium=email&amp;amp;utm_campaign=cme_uni_education_160118&amp;amp;utm_content=576541&amp;amp;utm_term=manual_160118\" data-kmt=\"1\" target=\"_blank\" rel=\"noopener\">www.univadis.de\/medical-news\/173\/Antibiotika-bei-vielen-Blasenentzuendungen-nicht-notwendig<\/a><\/li><li><a href=\"https:\/\/kurier.at\/wissen\/kein-gegenmittel-gefaehrlicher-superkeim-breitet-sich-aus\/400108334\" target=\"_blank\" rel=\"noopener\">https:\/\/kurier.at\/wissen\/kein-gegenmittel-gefaehrlicher-superkeim-breitet-sich-aus\/400108334<\/a><\/li><li><a href=\"https:\/\/www.univadis.de\/viewarticle\/allergien-bei-saeuglingen-durch-antibiotika-und-saeureblocker-getriggert-594056\" target=\"_blank\" rel=\"noopener\">https:\/\/www.univadis.de\/viewarticle\/allergien-bei-saeuglingen-durch-antibiotika-und-saeureblocker-getriggert-594056<\/a><\/li><\/ul>\t\t\t\t\t\t\t\t<\/div>\n\t\t\t\t<\/div>\n\t\t\t\t\t<\/div>\n\t\t\t\t<\/div>\n\t\t\t\t<\/div>\n\t\t","protected":false},"excerpt":{"rendered":"<p>Der Entdeckung des Antibiotikums durch den Wissenschaftler Alexander Fleming, ist es zu verdanken, dass viele zuvor unheilbare Krankheiten inzwischen behandelt werden k\u00f6nnen. Jedoch werden Antibiotika mittlerweile h\u00e4ufig zu oft und zu fr\u00fch verschrieben.<\/p>\n","protected":false},"author":2,"featured_media":26374,"comment_status":"closed","ping_status":"closed","sticky":false,"template":"","format":"standard","meta":{"_acf_changed":false,"inline_featured_image":false,"footnotes":""},"categories":[108,109],"tags":[],"class_list":["post-19691","post","type-post","status-publish","format-standard","has-post-thumbnail","hentry","category-beschwerden-ratgeber","category-neues-aus-der-forschung"],"acf":[],"rank_math":{"og:title":"Was Antibiotika mit dem K\u00f6rper machen | Vermeiden Sie Nebenwirkungen","og:desc":"Einige Erkrankungen erfordern den Einsatz von Antibiotika. Diese k\u00f6nnen jedoch Nebenwirkungen haben. Was kann man tun, wenn eine Therapie notwendig ist?","og:url":"https:\/\/www.omni-biotic.com\/de-at\/blog\/antibiotika-koerper-nebenwirkungen\/","og:locale":"de_AT","og:image":"https:\/\/www.omni-biotic.com\/de-at\/wp-content\/uploads\/sites\/2\/2022\/02\/antibiotika-einnahme.png","og:image:width":"700","og:image:height":"500"},"additional_data":{"thumbnail":"https:\/\/www.omni-biotic.com\/de-at\/wp-content\/uploads\/sites\/2\/2022\/02\/antibiotika-einnahme.png"},"blog_info":{"country":"de-at"},"_links":{"self":[{"href":"https:\/\/www.omni-biotic.com\/de-at\/wp-json\/wp\/v2\/posts\/19691","targetHints":{"allow":["GET"]}}],"collection":[{"href":"https:\/\/www.omni-biotic.com\/de-at\/wp-json\/wp\/v2\/posts"}],"about":[{"href":"https:\/\/www.omni-biotic.com\/de-at\/wp-json\/wp\/v2\/types\/post"}],"author":[{"embeddable":true,"href":"https:\/\/www.omni-biotic.com\/de-at\/wp-json\/wp\/v2\/users\/2"}],"replies":[{"embeddable":true,"href":"https:\/\/www.omni-biotic.com\/de-at\/wp-json\/wp\/v2\/comments?post=19691"}],"version-history":[{"count":7,"href":"https:\/\/www.omni-biotic.com\/de-at\/wp-json\/wp\/v2\/posts\/19691\/revisions"}],"predecessor-version":[{"id":37659,"href":"https:\/\/www.omni-biotic.com\/de-at\/wp-json\/wp\/v2\/posts\/19691\/revisions\/37659"}],"wp:featuredmedia":[{"embeddable":true,"href":"https:\/\/www.omni-biotic.com\/de-at\/wp-json\/wp\/v2\/media\/26374"}],"wp:attachment":[{"href":"https:\/\/www.omni-biotic.com\/de-at\/wp-json\/wp\/v2\/media?parent=19691"}],"wp:term":[{"taxonomy":"category","embeddable":true,"href":"https:\/\/www.omni-biotic.com\/de-at\/wp-json\/wp\/v2\/categories?post=19691"},{"taxonomy":"post_tag","embeddable":true,"href":"https:\/\/www.omni-biotic.com\/de-at\/wp-json\/wp\/v2\/tags?post=19691"}],"curies":[{"name":"wp","href":"https:\/\/api.w.org\/{rel}","templated":true}]}}