{"id":19767,"date":"2024-11-11T10:08:17Z","date_gmt":"2024-11-11T09:08:17Z","guid":{"rendered":"https:\/\/www.omni-biotic.com\/de-at\/mundgeruch\/"},"modified":"2025-05-07T11:43:33Z","modified_gmt":"2025-05-07T09:43:33Z","slug":"mundgeruch","status":"publish","type":"post","link":"https:\/\/www.omni-biotic.com\/de-at\/blog\/mundgeruch\/","title":{"rendered":"Wie Probiotika gegen Mundgeruch helfen k\u00f6nnen"},"content":{"rendered":"\t\t<div data-elementor-type=\"wp-post\" data-elementor-id=\"19767\" class=\"elementor elementor-19767\" data-elementor-post-type=\"post\">\n\t\t\t\t<div class=\"elementor-element elementor-element-175b178 obcs none e-flex e-con-boxed e-con e-parent\" data-id=\"175b178\" data-element_type=\"container\">\n\t\t\t\t\t<div class=\"e-con-inner\">\n\t\t\t\t<div class=\"elementor-element elementor-element-28608ed elementor-widget elementor-widget-text-editor\" data-id=\"28608ed\" data-element_type=\"widget\" data-widget_type=\"text-editor.default\">\n\t\t\t\t<div class=\"elementor-widget-container\">\n\t\t\t\t\t\t\t\t\t<p><strong>Es muss heute schneller gehen? Am Ende dieses Blog-Beitrags finden Sie<\/strong> <strong>das Wichtigste auf einen Blick<\/strong>.<\/p>\t\t\t\t\t\t\t\t<\/div>\n\t\t\t\t<\/div>\n\t\t\t\t<div class=\"elementor-element elementor-element-e9e1d91 elementor-widget elementor-widget-button\" data-id=\"e9e1d91\" data-element_type=\"widget\" data-widget_type=\"button.default\">\n\t\t\t\t<div class=\"elementor-widget-container\">\n\t\t\t\t\t\t\t\t\t<div class=\"elementor-button-wrapper\">\n\t\t\t\t\t<a class=\"elementor-button elementor-button-link elementor-size-sm\" href=\"#wichtige\">\n\t\t\t\t\t\t<span class=\"elementor-button-content-wrapper\">\n\t\t\t\t\t\t\t\t\t<span class=\"elementor-button-text\">Zur Kurzfassung<\/span>\n\t\t\t\t\t<\/span>\n\t\t\t\t\t<\/a>\n\t\t\t\t<\/div>\n\t\t\t\t\t\t\t\t<\/div>\n\t\t\t\t<\/div>\n\t\t\t\t<div class=\"elementor-element elementor-element-43ed931 elementor-widget elementor-widget-image\" data-id=\"43ed931\" data-element_type=\"widget\" data-widget_type=\"image.default\">\n\t\t\t\t<div class=\"elementor-widget-container\">\n\t\t\t\t\t\t\t\t\t\t\t\t\t\t\t<img fetchpriority=\"high\" decoding=\"async\" width=\"700\" height=\"500\" src=\"https:\/\/www.omni-biotic.com\/de-at\/wp-content\/uploads\/sites\/2\/2023\/01\/mundgeruch-frueh-frau.jpg\" class=\"attachment-large size-large wp-image-35334\" alt=\"Frau h\u00e4lt sich Mund zu, weil Mann im Bett Mundgeruch hat\" srcset=\"https:\/\/www.omni-biotic.com\/de-at\/wp-content\/uploads\/sites\/2\/2023\/01\/mundgeruch-frueh-frau.jpg 700w, https:\/\/www.omni-biotic.com\/de-at\/wp-content\/uploads\/sites\/2\/2023\/01\/mundgeruch-frueh-frau-300x214.jpg 300w\" sizes=\"(max-width: 700px) 100vw, 700px\" title=\"\">\t\t\t\t\t\t\t\t\t\t\t\t\t\t\t<\/div>\n\t\t\t\t<\/div>\n\t\t\t\t<div class=\"elementor-element elementor-element-34bf771 elementor-widget elementor-widget-text-editor\" data-id=\"34bf771\" data-element_type=\"widget\" data-widget_type=\"text-editor.default\">\n\t\t\t\t<div class=\"elementor-widget-container\">\n\t\t\t\t\t\t\t\t\t<p>Menschen haben ein starkes Bed\u00fcrfnis nach sozialen Interaktionen und messen dabei ihrem pers\u00f6nlichen Image in der heutigen Gesellschaft eine zunehmende Bedeutung bei. <strong>Mundgeruch<\/strong> hat <strong>erhebliche<\/strong> <strong>Auswirkungen<\/strong> auf die <strong>t\u00e4gliche<\/strong> <strong>Arbeit<\/strong> und die <strong>sozialen<\/strong> <strong>Aktivit\u00e4ten<\/strong> der davon betroffenen Menschen und kann dadurch sogar zu<strong> psychischen Problemen<\/strong> wie Angstzust\u00e4nden, <a href=\"https:\/\/www.omni-biotic.com\/de-at\/blog\/mikrobiom-und-depression\/\">Depressionen<\/a> und sozialer Isolation f\u00fchren.<\/p>\t\t\t\t\t\t\t\t<\/div>\n\t\t\t\t<\/div>\n\t\t\t\t\t<\/div>\n\t\t\t\t<\/div>\n\t\t<div class=\"elementor-element elementor-element-38d0635 obcs none e-flex e-con-boxed e-con e-parent\" data-id=\"38d0635\" data-element_type=\"container\">\n\t\t\t\t\t<div class=\"e-con-inner\">\n\t\t\t\t<div class=\"elementor-element elementor-element-e4cc0fb elementor-widget elementor-widget-heading\" data-id=\"e4cc0fb\" data-element_type=\"widget\" data-widget_type=\"heading.default\">\n\t\t\t\t<div class=\"elementor-widget-container\">\n\t\t\t\t\t<h2 class=\"elementor-heading-title elementor-size-default\">Welche Arten von Mundgeruch gibt es?<\/h2>\t\t\t\t<\/div>\n\t\t\t\t<\/div>\n\t\t\t\t<div class=\"elementor-element elementor-element-fdbb524 elementor-widget elementor-widget-text-editor\" data-id=\"fdbb524\" data-element_type=\"widget\" data-widget_type=\"text-editor.default\">\n\t\t\t\t<div class=\"elementor-widget-container\">\n\t\t\t\t\t\t\t\t\t<p>Klinisch betrachtet wird Mundgeruch in <strong>echten Mundgeruch<\/strong>, <strong>Pseudo-Halitosis<\/strong> und <strong>Halitophobie<\/strong>, der <strong>Angst vor Mundgeruch<\/strong>, kategorisiert. Die beiden letztgenannten Typen beziehen sich auf psychische Erkrankungen. Nur <strong>echter Mundgeruch<\/strong> wird durch<strong> pathologische und physiologische Faktoren<\/strong> verursacht.<\/p><p>Er umfasst <strong>intraoralen<\/strong> <strong>Mundgeruch<\/strong> sowie <strong>extraoralen<\/strong> <strong>Mundgeruch<\/strong>, wobei ersterer 80\u201390 % der F\u00e4lle ausmacht. Der wichtigste \u00e4tiologische, d.h. <strong>krankmachende<\/strong> <strong>Faktor<\/strong> beim echten Mundgeruch sind die <strong>fl\u00fcchtigen<\/strong> <strong>Schwefelverbindungen<\/strong> (VSC: volatile sulfur components), die von oralen Bakterien \u00fcber komplexe Mikroben-Substrat- und Mikroben-Mikroben-Wechselwirkungen produziert werden sowie \u00fcber <strong>F\u00e4ulnisprozesse<\/strong> von organischen Substraten in der Mundh\u00f6hle, ausgel\u00f6st durch <strong>mangelnde<\/strong> <strong>Mundhygiene<\/strong>, <strong>Zungenbelag<\/strong> und <strong>Parodontitis<\/strong>.<\/p>\t\t\t\t\t\t\t\t<\/div>\n\t\t\t\t<\/div>\n\t\t\t\t<div class=\"elementor-element elementor-element-9f05989 elementor-widget elementor-widget-heading\" data-id=\"9f05989\" data-element_type=\"widget\" data-widget_type=\"heading.default\">\n\t\t\t\t<div class=\"elementor-widget-container\">\n\t\t\t\t\t<h2 class=\"elementor-heading-title elementor-size-default\">Mundgeruch Ursachen<\/h2>\t\t\t\t<\/div>\n\t\t\t\t<\/div>\n\t\t\t\t<div class=\"elementor-element elementor-element-41ab7d3 elementor-widget elementor-widget-text-editor\" data-id=\"41ab7d3\" data-element_type=\"widget\" data-widget_type=\"text-editor.default\">\n\t\t\t\t<div class=\"elementor-widget-container\">\n\t\t\t\t\t\t\t\t\t<p>Einige <strong>Studien<\/strong>, die Gensequenzierungen und Metabolomanalysen miteinander kombinierten, fanden heraus, dass sich die <strong>bakterielle<\/strong> <strong>Zusammensetzung<\/strong>, <strong>Diversit\u00e4t<\/strong> und <strong>metabolische<\/strong> <strong>Aktivit\u00e4t<\/strong> der <strong>Mundgeruch-Gruppe<\/strong> deutlich von jener der <strong>Kontrollgruppe<\/strong> <strong>unterschied<\/strong>. Bei all dem scheint das <strong>anaerobe Milieu im Mund<\/strong> eine <strong>entscheidende Rolle<\/strong> bei der Entwicklung von Mundgeruch zu spielen.<\/p><p>Aus diesem Grund sollte es m\u00f6glich sein, \u00fcber die <strong>Wiederherstellung<\/strong> des <strong>bakteriellen Gleichgewichts<\/strong> zwischen aeroben und anaeroben Keimen in der Zusammensetzung des <a href=\"https:\/\/www.omni-biotic.com\/de-at\/darmgesundheit\/einflussbereiche-des-darms\/mundmikrobiom\/\"><strong>oralen Mikrobioms<\/strong><\/a> zur Reduzierung des VSC-Spiegels und damit der <strong>Behandlung<\/strong> von <strong>Mundgeruch<\/strong> beizutragen.<\/p>\t\t\t\t\t\t\t\t<\/div>\n\t\t\t\t<\/div>\n\t\t\t\t\t<\/div>\n\t\t\t\t<\/div>\n\t\t<div class=\"elementor-element elementor-element-b4b0e38 obcs none e-flex e-con-boxed e-con e-parent\" data-id=\"b4b0e38\" data-element_type=\"container\">\n\t\t\t\t\t<div class=\"e-con-inner\">\n\t\t\t\t<div class=\"elementor-element elementor-element-48a88f2 elementor-widget elementor-widget-image\" data-id=\"48a88f2\" data-element_type=\"widget\" data-widget_type=\"image.default\">\n\t\t\t\t<div class=\"elementor-widget-container\">\n\t\t\t\t\t\t\t\t\t\t\t\t\t\t\t<img decoding=\"async\" width=\"700\" height=\"500\" src=\"https:\/\/www.omni-biotic.com\/de-at\/wp-content\/uploads\/sites\/2\/2023\/01\/mundschaber-mundgeruch.jpg\" class=\"attachment-large size-large wp-image-35338\" alt=\"Behandlung von Mundgeruch: Frau nutzt Mundschaber auf ihrer Zunge\" srcset=\"https:\/\/www.omni-biotic.com\/de-at\/wp-content\/uploads\/sites\/2\/2023\/01\/mundschaber-mundgeruch.jpg 700w, https:\/\/www.omni-biotic.com\/de-at\/wp-content\/uploads\/sites\/2\/2023\/01\/mundschaber-mundgeruch-300x214.jpg 300w\" sizes=\"(max-width: 700px) 100vw, 700px\" title=\"\">\t\t\t\t\t\t\t\t\t\t\t\t\t\t\t<\/div>\n\t\t\t\t<\/div>\n\t\t\t\t<div class=\"elementor-element elementor-element-cfea326 elementor-widget elementor-widget-heading\" data-id=\"cfea326\" data-element_type=\"widget\" data-widget_type=\"heading.default\">\n\t\t\t\t<div class=\"elementor-widget-container\">\n\t\t\t\t\t<h2 class=\"elementor-heading-title elementor-size-default\">Mundgeruch: Was tun?<\/h2>\t\t\t\t<\/div>\n\t\t\t\t<\/div>\n\t\t\t\t<div class=\"elementor-element elementor-element-53e833a elementor-widget elementor-widget-text-editor\" data-id=\"53e833a\" data-element_type=\"widget\" data-widget_type=\"text-editor.default\">\n\t\t\t\t<div class=\"elementor-widget-container\">\n\t\t\t\t\t\t\t\t\t<p>Die <strong>aktuellen Behandlungen<\/strong> von <strong>Mundgeruch<\/strong> umfassen sowohl die <strong>mechanische Reinigung<\/strong> (Zahnsteinentfernung und Abschaben der Zunge) wie <strong>medikament\u00f6se Therapieans\u00e4tze<\/strong> (<a href=\"https:\/\/www.omni-biotic.com\/de-at\/blog\/antibiotika-koerper-nebenwirkungen\/\">Antibiotika<\/a> und Mundsp\u00fclungen).<\/p><p>Die mechanische Therapie ist jedoch oft <strong>unbequem<\/strong>, selbst wenn sie von einem Zahnarzt durchgef\u00fchrt wird. Aber auch die medikament\u00f6se Therapie ist, obwohl im Allgemeinen nur f\u00fcr kurze Zeit eingesetzt, meist mit einer Reihe von <strong>unangenehmen<\/strong> <strong>Nebenwirkungen<\/strong> verbunden, darunter das Auftreten einer <strong>bakteriellen Fehlbesiedlung (Dysbakteriose)<\/strong> und <strong>Verf\u00e4rbungen<\/strong> von <strong>Zunge<\/strong> und <strong>Z\u00e4hnen<\/strong>. Folglich versucht man, st\u00e4ndig neue Methoden mit weniger Nebenwirkungen zu entwickeln, um damit Mundgeruch wirksam behandeln zu k\u00f6nnen.<\/p><p>Ein <strong>ganz neuer Therapieansatz<\/strong> macht sich seit kurzem die <strong>positiven Wirkungen<\/strong> von ausgew\u00e4hlten <strong>\u201eguten\u201c = <a href=\"https:\/\/www.omni-biotic.com\/de-at\/darmgesundheit\/gesundheitszentrale-darm\/probiotika\/\">probiotischen Bakterien<\/a> zunutze<\/strong>. Als lebende Mikroorganismen k\u00f6nnen diese dem Wirt signifikante Vorteile verleihen, wenn sie in angemessenen Mengen verabreicht werden. Ihre <strong>vorteilhaften<\/strong> <strong>Wirkungen<\/strong> beziehen sich dabei in erster Linie auf die <strong>Beeinflussung<\/strong> der <strong>lokalen<\/strong> <strong>Mikroumgebung<\/strong> und damit <strong>Verhinderung<\/strong> der <strong>Adh\u00e4sion<\/strong> von <strong>Krankheitserregern<\/strong> und die <strong>Hemmung<\/strong> von <strong>deren Wachstum<\/strong> durch die Sekretion von Bacteriocinen.<\/p>\t\t\t\t\t\t\t\t<\/div>\n\t\t\t\t<\/div>\n\t\t\t\t\t<\/div>\n\t\t\t\t<\/div>\n\t\t<div class=\"elementor-element elementor-element-011456a obcs none e-flex e-con-boxed e-con e-parent\" data-id=\"011456a\" data-element_type=\"container\">\n\t\t\t\t\t<div class=\"e-con-inner\">\n\t\t\t\t<div class=\"elementor-element elementor-element-e86a082 elementor-widget elementor-widget-heading\" data-id=\"e86a082\" data-element_type=\"widget\" data-widget_type=\"heading.default\">\n\t\t\t\t<div class=\"elementor-widget-container\">\n\t\t\t\t\t<h2 class=\"elementor-heading-title elementor-size-default\">Helfen Probiotika gegen Mundgeruch?<\/h2>\t\t\t\t<\/div>\n\t\t\t\t<\/div>\n\t\t\t\t<div class=\"elementor-element elementor-element-fcc34d7 elementor-widget elementor-widget-image\" data-id=\"fcc34d7\" data-element_type=\"widget\" data-widget_type=\"image.default\">\n\t\t\t\t<div class=\"elementor-widget-container\">\n\t\t\t\t\t\t\t\t\t\t\t\t\t\t\t<img decoding=\"async\" width=\"700\" height=\"300\" src=\"https:\/\/www.omni-biotic.com\/de-at\/wp-content\/uploads\/sites\/2\/2023\/01\/mundgeruch-bakterien-mund.gif\" class=\"attachment-large size-large wp-image-35339\" alt=\"Bakterien im Mund die f\u00fcr Mundgeruch verantwortlich sein k\u00f6nnen\" title=\"\">\t\t\t\t\t\t\t\t\t\t\t\t\t\t\t<\/div>\n\t\t\t\t<\/div>\n\t\t\t\t<div class=\"elementor-element elementor-element-57cf668 elementor-widget elementor-widget-text-editor\" data-id=\"57cf668\" data-element_type=\"widget\" data-widget_type=\"text-editor.default\">\n\t\t\t\t<div class=\"elementor-widget-container\">\n\t\t\t\t\t\t\t\t\t<p>Seit kurzem werden <strong>Probiotika<\/strong> wie <em><strong>Lactobacillus reuteri<\/strong><\/em> und <strong>Bifidobakterien<\/strong> auch im oralen Bereich <strong>vermehrt eingesetzt<\/strong>. Es gibt sogar von Jahr zu Jahr immer mehr Beweise daf\u00fcr, dass eine <strong>kontinuierliche Verabreichung<\/strong> von probiotischen Keimen die <strong>Zusammensetzung<\/strong> des <strong>oralen Biofilms<\/strong> markant <strong>positiv beeinflusst<\/strong>.<\/p><p>Probiotika wurden deswegen auch schon bei der <strong>Behandlung<\/strong> parodontaler und periimplant\u00e4rer <strong>Erkrankungen<\/strong>, von <strong>Karies<\/strong>, oraler Kandidose (\u201e<strong>Soor<\/strong>\u201c) sowie oraler Mukositis, die oft Nebenwirkung einer Radiochemotherapie ist, <strong>erfolgreich<\/strong> <strong>eingesetzt<\/strong>. Inzwischen wurde aber auch bereits \u00fcber Probiotika als alternative Strategie zur Linderung von Mundgeruch berichtet. Eine 2019 publizierte, erste systematische \u00dcbersichtsarbeit zeigte jedoch, dass die probiotische Behandlung von Mundgeruch bis dahin noch mit unzureichender Evidenz f\u00fcr eine konkrete Empfehlung verbunden war. Daraus entstand die Notwendigkeit, eine fokussierte Analyse der therapeutischen Wirkung von Probiotika bei der Behandlung von Mundgeruch durchzuf\u00fchren.<\/p><p>Eine 3 Jahre sp\u00e4ter durchgef\u00fchrte systematische \u00dcberpr\u00fcfung aller bislang existierenden Studien zu diesem Thema ergab dabei, dass bereits <strong>bew\u00e4hrte Probiotika<\/strong> wie <em>Lactobacillus salivarius<\/em>, <em>Lactobacillus reuteri<\/em>, <em>Streptococcus salivarius<\/em> und <em>Weissella cibaria<\/em> <strong>Mundgeruch tats\u00e4chlich lindern<\/strong> k\u00f6nnen, indem sie die <strong>Konzentration<\/strong> von <strong>\u00fcbelriechenden<\/strong> <strong>Schwefelverbindungen<\/strong> zumindest kurzfristig <strong>reduzieren<\/strong>, aber es fand sich auch dann <strong>noch keine dauerhafte Wirkung<\/strong> auf die <strong>Hauptursache<\/strong> von <strong>Mundgeruch<\/strong>, n\u00e4mlich Plaquebildung und Zungenbelag.<\/p>\t\t\t\t\t\t\t\t<\/div>\n\t\t\t\t<\/div>\n\t\t\t\t\t<\/div>\n\t\t\t\t<\/div>\n\t\t<div class=\"elementor-element elementor-element-1425b80 obcs none e-flex e-con-boxed e-con e-parent\" data-id=\"1425b80\" data-element_type=\"container\">\n\t\t\t\t\t<div class=\"e-con-inner\">\n\t\t\t\t<div class=\"elementor-element elementor-element-eaecdee elementor-widget elementor-widget-heading\" data-id=\"eaecdee\" data-element_type=\"widget\" data-widget_type=\"heading.default\">\n\t\t\t\t<div class=\"elementor-widget-container\">\n\t\t\t\t\t<h2 class=\"elementor-heading-title elementor-size-default\">Vielversprechende Hilfe: <em>Streptococcus salivarius <\/em>K12<\/h2>\t\t\t\t<\/div>\n\t\t\t\t<\/div>\n\t\t\t\t<div class=\"elementor-element elementor-element-7d62750 elementor-widget elementor-widget-image\" data-id=\"7d62750\" data-element_type=\"widget\" data-widget_type=\"image.default\">\n\t\t\t\t<div class=\"elementor-widget-container\">\n\t\t\t\t\t\t\t\t\t\t\t\t\t\t\t<img loading=\"lazy\" decoding=\"async\" width=\"700\" height=\"300\" src=\"https:\/\/www.omni-biotic.com\/de-at\/wp-content\/uploads\/sites\/2\/2023\/01\/studienergebnis-mundgeruch-streptococcus-salivarius-k12.png\" class=\"attachment-large size-large wp-image-35340\" alt=\"Studienergebnis zeigt, dass Streptococcus salivarius K12 das Wachstum von P. gingivalis hemmen kann, welches v.a. f\u00fcr mundgeruch bekannt ist\" srcset=\"https:\/\/www.omni-biotic.com\/de-at\/wp-content\/uploads\/sites\/2\/2023\/01\/studienergebnis-mundgeruch-streptococcus-salivarius-k12.png 700w, https:\/\/www.omni-biotic.com\/de-at\/wp-content\/uploads\/sites\/2\/2023\/01\/studienergebnis-mundgeruch-streptococcus-salivarius-k12-300x129.png 300w\" sizes=\"(max-width: 700px) 100vw, 700px\" title=\"\">\t\t\t\t\t\t\t\t\t\t\t\t\t\t\t<\/div>\n\t\t\t\t<\/div>\n\t\t\t\t<div class=\"elementor-element elementor-element-c3b3aea elementor-widget elementor-widget-text-editor\" data-id=\"c3b3aea\" data-element_type=\"widget\" data-widget_type=\"text-editor.default\">\n\t\t\t\t<div class=\"elementor-widget-container\">\n\t\t\t\t\t\t\t\t\t<p>Als m\u00f6glicherweise vielversprechende Ausnahme von dieser Einschr\u00e4nkung hat sich allerdings schon davor, wenn auch bislang nur im Labor, ein <strong>Bakterienstamm<\/strong> mit der Bezeichnung <strong><em>Streptococcus salivarius<\/em> K12<\/strong> (S. salivarius K12) herausgestellt.<\/p><p>Dieses probiotische Bakterium <strong>unterdr\u00fcckt<\/strong> mithilfe von aktiv sezernierten toxischen Bacteriocinen wie kein anderes die <strong>Vermehrung<\/strong> <strong>von<\/strong> <em>Porphyromonas gingivalis<\/em>, einem der <strong>Hauptverursacher<\/strong> von biofilmartigen <strong>Plaques<\/strong> in den tieferen, anaeroben Zahnfleischtaschen des Mundraums, wo auch die mit Abstand <strong>gr\u00f6\u00dften<\/strong> <strong>Mengen<\/strong> an <strong>gasf\u00f6rmigen<\/strong> <strong>Schwefelverbindungen<\/strong> produziert werden.<\/p><p>Der Beweis: kultiviert man im Labor beide Spezies gemeinsam (rechtes Bild) auf einer daf\u00fcr vorbereiteten, speziellen Kulturplatte (BHI), so nimmt die Zahl der pathogenen Gingivalis-Keimen im Vergleich zur Einzelkultur des Erregers (linkes Bild) deutlich und dauerhaft ab.<\/p><p>Ziel zuk\u00fcnftiger Forschungen auf diesem Gebiet wird es also sein, die nachweislich positiven Effekte von <em>S. salivarius<\/em> K12 auf das orale Mikrobiom auf m\u00f6glichst breiter Front in die allt\u00e4gliche klinische Praxis umzusetzen. Die ersten Schritte daf\u00fcr sind getan und weitere werden folgen, um dem <strong>unangenehmen<\/strong> sozialen St\u00f6rfaktor <strong>Mundgeruch<\/strong> <strong>endg\u00fcltig<\/strong> den Nimbus der <strong>Unbehandelbarkeit<\/strong> <strong>zu<\/strong> <strong>nehmen<\/strong>.<\/p><p><strong>Profitieren<\/strong> wird davon in jedem Fall auch die <strong>allgemeine<\/strong> <strong>Gesundheit<\/strong> unserer <strong>Z\u00e4hne<\/strong>, die hoffentlich bald wieder f\u00fcr jedermann und jedefrau in ihrem <strong>aller<\/strong> <strong>sch\u00f6nsten<\/strong> <strong>Wei\u00df<\/strong> erstrahlen werden k\u00f6nnen.<\/p>\t\t\t\t\t\t\t\t<\/div>\n\t\t\t\t<\/div>\n\t\t\t\t\t<\/div>\n\t\t\t\t<\/div>\n\t\t<div class=\"elementor-element elementor-element-df04c4e obcs none e-flex e-con-boxed e-con e-parent\" data-id=\"df04c4e\" data-element_type=\"container\">\n\t\t\t\t\t<div class=\"e-con-inner\">\n\t\t\t\t<div class=\"elementor-element elementor-element-4b070e7 elementor-widget elementor-widget-text-editor\" data-id=\"4b070e7\" data-element_type=\"widget\" data-widget_type=\"text-editor.default\">\n\t\t\t\t<div class=\"elementor-widget-container\">\n\t\t\t\t\t\t\t\t\t<p><em><strong>Quellen:<\/strong><\/em><\/p><p><em>Bosy, A. (1997). Oral malodor: philosophical and practical aspects. J Can Dent Assoc, 63(3), 196-201.<\/em><\/p><p><em>Yoo, J. I., Shin, I. S., Jeon, J. G., Yang, Y. M., Kim, J. G., &amp; Lee, D. W. (2019). The Effect of Probiotics on Halitosis: a Systematic Review and Meta-analysis. Probiotics Antimicrob Proteins, 11(1), 150-157.<\/em><\/p><p><em>Huang, N., Li, J., Qiao, X., Wu, Y., Liu, Y., Wu, C., &amp; Li, L. (2022). Efficacy of probiotics in the management of halitosis: a systematic review and meta-analysis. BMJ Open, 12(12), e060753.<\/em><br \/><em>Yoo, H. J., Jwa, S. K., Kim, D. H., &amp; Ji, Y. J. (2020). <\/em><\/p><p><em>Inhibitory effect of Streptococcus salivarius K12 and M18 on halitosis in vitro. Clin Exp Dent Res, 6(2), 207-214.<\/em><\/p>\t\t\t\t\t\t\t\t<\/div>\n\t\t\t\t<\/div>\n\t\t\t\t\t<\/div>\n\t\t\t\t<\/div>\n\t\t<div class=\"elementor-element elementor-element-439fac6 obcs none e-flex e-con-boxed e-con e-parent\" data-id=\"439fac6\" data-element_type=\"container\">\n\t\t\t\t\t<div class=\"e-con-inner\">\n\t\t\t\t<div class=\"elementor-element elementor-element-0695285 elementor-widget elementor-widget-heading\" data-id=\"0695285\" data-element_type=\"widget\" data-widget_type=\"heading.default\">\n\t\t\t\t<div class=\"elementor-widget-container\">\n\t\t\t\t\t<h2 class=\"elementor-heading-title elementor-size-default\">Das Wichtigste auf einen Blick<\/h2>\t\t\t\t<\/div>\n\t\t\t\t<\/div>\n\t\t\t\t<div class=\"elementor-element elementor-element-cece971 elementor-widget elementor-widget-menu-anchor\" data-id=\"cece971\" data-element_type=\"widget\" data-widget_type=\"menu-anchor.default\">\n\t\t\t\t<div class=\"elementor-widget-container\">\n\t\t\t\t\t\t\t<div class=\"elementor-menu-anchor\" id=\"wichtige\"><\/div>\n\t\t\t\t\t\t<\/div>\n\t\t\t\t<\/div>\n\t\t\t\t<div class=\"elementor-element elementor-element-c1d8821 elementor-icon-list--layout-traditional elementor-list-item-link-full_width elementor-widget elementor-widget-icon-list\" data-id=\"c1d8821\" data-element_type=\"widget\" data-widget_type=\"icon-list.default\">\n\t\t\t\t<div class=\"elementor-widget-container\">\n\t\t\t\t\t\t\t<ul class=\"elementor-icon-list-items\">\n\t\t\t\t\t\t\t<li class=\"elementor-icon-list-item\">\n\t\t\t\t\t\t\t\t\t\t\t<span class=\"elementor-icon-list-icon\">\n\t\t\t\t\t\t\t<i aria-hidden=\"true\" class=\"fas fa-check\"><\/i>\t\t\t\t\t\t<\/span>\n\t\t\t\t\t\t\t\t\t\t<span class=\"elementor-icon-list-text\">Mundgeruch ist weit verbreitet<\/span>\n\t\t\t\t\t\t\t\t\t<\/li>\n\t\t\t\t\t\t<\/ul>\n\t\t\t\t\t\t<\/div>\n\t\t\t\t<\/div>\n\t\t\t\t<div class=\"elementor-element elementor-element-fa7b05e elementor-widget elementor-widget-text-editor\" data-id=\"fa7b05e\" data-element_type=\"widget\" data-widget_type=\"text-editor.default\">\n\t\t\t\t<div class=\"elementor-widget-container\">\n\t\t\t\t\t\t\t\t\t<p>Etwa <strong>25\u221250 %<\/strong> der westlichen Bev\u00f6lkerung leiden an Halitosis (umgangssprachlich \u201e<strong>Mundgeruch<\/strong>\u201c) \u2212 die <strong>dritth\u00e4ufigste<\/strong> <strong>Ursache<\/strong>, warum Patienten zum <strong>Zahnarzt<\/strong> gehen.<\/p>\t\t\t\t\t\t\t\t<\/div>\n\t\t\t\t<\/div>\n\t\t\t\t<div class=\"elementor-element elementor-element-b1c4b11 elementor-icon-list--layout-traditional elementor-list-item-link-full_width elementor-widget elementor-widget-icon-list\" data-id=\"b1c4b11\" data-element_type=\"widget\" data-widget_type=\"icon-list.default\">\n\t\t\t\t<div class=\"elementor-widget-container\">\n\t\t\t\t\t\t\t<ul class=\"elementor-icon-list-items\">\n\t\t\t\t\t\t\t<li class=\"elementor-icon-list-item\">\n\t\t\t\t\t\t\t\t\t\t\t<span class=\"elementor-icon-list-icon\">\n\t\t\t\t\t\t\t<i aria-hidden=\"true\" class=\"fas fa-check\"><\/i>\t\t\t\t\t\t<\/span>\n\t\t\t\t\t\t\t\t\t\t<span class=\"elementor-icon-list-text\">Mundgeruch beeinflusst das soziale Leben<\/span>\n\t\t\t\t\t\t\t\t\t<\/li>\n\t\t\t\t\t\t<\/ul>\n\t\t\t\t\t\t<\/div>\n\t\t\t\t<\/div>\n\t\t\t\t<div class=\"elementor-element elementor-element-422ab81 elementor-widget elementor-widget-text-editor\" data-id=\"422ab81\" data-element_type=\"widget\" data-widget_type=\"text-editor.default\">\n\t\t\t\t<div class=\"elementor-widget-container\">\n\t\t\t\t\t\t\t\t\t<p>Menschen mit Mundgeruch leiden h\u00e4ufig unter <strong>sozialen \u00c4ngsten<\/strong>, was zu <strong>Isolation<\/strong> oder psychischen Problemen wie Depressionen f\u00fchren kann.<\/p>\t\t\t\t\t\t\t\t<\/div>\n\t\t\t\t<\/div>\n\t\t\t\t<div class=\"elementor-element elementor-element-064f9de elementor-icon-list--layout-traditional elementor-list-item-link-full_width elementor-widget elementor-widget-icon-list\" data-id=\"064f9de\" data-element_type=\"widget\" data-widget_type=\"icon-list.default\">\n\t\t\t\t<div class=\"elementor-widget-container\">\n\t\t\t\t\t\t\t<ul class=\"elementor-icon-list-items\">\n\t\t\t\t\t\t\t<li class=\"elementor-icon-list-item\">\n\t\t\t\t\t\t\t\t\t\t\t<span class=\"elementor-icon-list-icon\">\n\t\t\t\t\t\t\t<i aria-hidden=\"true\" class=\"fas fa-check\"><\/i>\t\t\t\t\t\t<\/span>\n\t\t\t\t\t\t\t\t\t\t<span class=\"elementor-icon-list-text\">Es gibt verschiedene Arten von Mundgeruch<\/span>\n\t\t\t\t\t\t\t\t\t<\/li>\n\t\t\t\t\t\t<\/ul>\n\t\t\t\t\t\t<\/div>\n\t\t\t\t<\/div>\n\t\t\t\t<div class=\"elementor-element elementor-element-1a95c2b elementor-widget elementor-widget-text-editor\" data-id=\"1a95c2b\" data-element_type=\"widget\" data-widget_type=\"text-editor.default\">\n\t\t\t\t<div class=\"elementor-widget-container\">\n\t\t\t\t\t\t\t\t\t<p>Es gibt <strong>echten Mundgeruch<\/strong>, der durch Bakterien und Krankheiten verursacht wird, und <strong>psychische Ursachen<\/strong> wie Pseudo-Halitosis oder Halitophobie (Angst vor Mundgeruch).<\/p>\t\t\t\t\t\t\t\t<\/div>\n\t\t\t\t<\/div>\n\t\t\t\t<div class=\"elementor-element elementor-element-32a2ce5 elementor-icon-list--layout-traditional elementor-list-item-link-full_width elementor-widget elementor-widget-icon-list\" data-id=\"32a2ce5\" data-element_type=\"widget\" data-widget_type=\"icon-list.default\">\n\t\t\t\t<div class=\"elementor-widget-container\">\n\t\t\t\t\t\t\t<ul class=\"elementor-icon-list-items\">\n\t\t\t\t\t\t\t<li class=\"elementor-icon-list-item\">\n\t\t\t\t\t\t\t\t\t\t\t<span class=\"elementor-icon-list-icon\">\n\t\t\t\t\t\t\t<i aria-hidden=\"true\" class=\"fas fa-check\"><\/i>\t\t\t\t\t\t<\/span>\n\t\t\t\t\t\t\t\t\t\t<span class=\"elementor-icon-list-text\">Schwefelverbindungen sind die Hauptursache<\/span>\n\t\t\t\t\t\t\t\t\t<\/li>\n\t\t\t\t\t\t<\/ul>\n\t\t\t\t\t\t<\/div>\n\t\t\t\t<\/div>\n\t\t\t\t<div class=\"elementor-element elementor-element-7bcee6a elementor-widget elementor-widget-text-editor\" data-id=\"7bcee6a\" data-element_type=\"widget\" data-widget_type=\"text-editor.default\">\n\t\t\t\t<div class=\"elementor-widget-container\">\n\t\t\t\t\t\t\t\t\t<p>Bakterien im Mund produzieren Schwefelverbindungen wie H2S und Methylmercaptan, die f\u00fcr den <strong>unangenehmen Geruch<\/strong> verantwortlich sind.<\/p>\t\t\t\t\t\t\t\t<\/div>\n\t\t\t\t<\/div>\n\t\t\t\t<div class=\"elementor-element elementor-element-ec0e654 elementor-icon-list--layout-traditional elementor-list-item-link-full_width elementor-widget elementor-widget-icon-list\" data-id=\"ec0e654\" data-element_type=\"widget\" data-widget_type=\"icon-list.default\">\n\t\t\t\t<div class=\"elementor-widget-container\">\n\t\t\t\t\t\t\t<ul class=\"elementor-icon-list-items\">\n\t\t\t\t\t\t\t<li class=\"elementor-icon-list-item\">\n\t\t\t\t\t\t\t\t\t\t\t<span class=\"elementor-icon-list-icon\">\n\t\t\t\t\t\t\t<i aria-hidden=\"true\" class=\"fas fa-check\"><\/i>\t\t\t\t\t\t<\/span>\n\t\t\t\t\t\t\t\t\t\t<span class=\"elementor-icon-list-text\">Mundgeruch entsteht h\u00e4ufig aufgrund schlechter Mundhygiene<\/span>\n\t\t\t\t\t\t\t\t\t<\/li>\n\t\t\t\t\t\t<\/ul>\n\t\t\t\t\t\t<\/div>\n\t\t\t\t<\/div>\n\t\t\t\t<div class=\"elementor-element elementor-element-29ed7d2 elementor-widget elementor-widget-text-editor\" data-id=\"29ed7d2\" data-element_type=\"widget\" data-widget_type=\"text-editor.default\">\n\t\t\t\t<div class=\"elementor-widget-container\">\n\t\t\t\t\t\t\t\t\t<p><strong>Zungenbelag<\/strong>, <strong>Zahnfleischentz\u00fcndungen<\/strong> und Parodontitis f\u00f6rdern die Bildung von Schwefelverbindungen und Mundgeruch.<\/p>\t\t\t\t\t\t\t\t<\/div>\n\t\t\t\t<\/div>\n\t\t\t\t<div class=\"elementor-element elementor-element-0adc02f elementor-icon-list--layout-traditional elementor-list-item-link-full_width elementor-widget elementor-widget-icon-list\" data-id=\"0adc02f\" data-element_type=\"widget\" data-widget_type=\"icon-list.default\">\n\t\t\t\t<div class=\"elementor-widget-container\">\n\t\t\t\t\t\t\t<ul class=\"elementor-icon-list-items\">\n\t\t\t\t\t\t\t<li class=\"elementor-icon-list-item\">\n\t\t\t\t\t\t\t\t\t\t\t<span class=\"elementor-icon-list-icon\">\n\t\t\t\t\t\t\t<i aria-hidden=\"true\" class=\"fas fa-check\"><\/i>\t\t\t\t\t\t<\/span>\n\t\t\t\t\t\t\t\t\t\t<span class=\"elementor-icon-list-text\">Was hilft gegen Mundgeruch?<\/span>\n\t\t\t\t\t\t\t\t\t<\/li>\n\t\t\t\t\t\t<\/ul>\n\t\t\t\t\t\t<\/div>\n\t\t\t\t<\/div>\n\t\t\t\t<div class=\"elementor-element elementor-element-b62b5e4 elementor-widget elementor-widget-text-editor\" data-id=\"b62b5e4\" data-element_type=\"widget\" data-widget_type=\"text-editor.default\">\n\t\t\t\t<div class=\"elementor-widget-container\">\n\t\t\t\t\t\t\t\t\t<p>Herk\u00f6mmliche Behandlungsmethoden wie <strong>mechanische<\/strong> <strong>Reinigung<\/strong> oder <strong>medikament\u00f6se<\/strong> <strong>Therapieans\u00e4tze<\/strong> sind h\u00e4ufig <strong>unangenehm<\/strong> und k\u00f6nnen <strong>unerw\u00fcnschte<\/strong> <strong>Nebenwirkungen<\/strong> haben.<\/p>\t\t\t\t\t\t\t\t<\/div>\n\t\t\t\t<\/div>\n\t\t\t\t<div class=\"elementor-element elementor-element-1572b01 elementor-icon-list--layout-traditional elementor-list-item-link-full_width elementor-widget elementor-widget-icon-list\" data-id=\"1572b01\" data-element_type=\"widget\" data-widget_type=\"icon-list.default\">\n\t\t\t\t<div class=\"elementor-widget-container\">\n\t\t\t\t\t\t\t<ul class=\"elementor-icon-list-items\">\n\t\t\t\t\t\t\t<li class=\"elementor-icon-list-item\">\n\t\t\t\t\t\t\t\t\t\t\t<span class=\"elementor-icon-list-icon\">\n\t\t\t\t\t\t\t<i aria-hidden=\"true\" class=\"fas fa-check\"><\/i>\t\t\t\t\t\t<\/span>\n\t\t\t\t\t\t\t\t\t\t<span class=\"elementor-icon-list-text\">Probiotika als neue Behandlungsm\u00f6glichkeit<\/span>\n\t\t\t\t\t\t\t\t\t<\/li>\n\t\t\t\t\t\t<\/ul>\n\t\t\t\t\t\t<\/div>\n\t\t\t\t<\/div>\n\t\t\t\t<div class=\"elementor-element elementor-element-a4cad72 elementor-widget elementor-widget-text-editor\" data-id=\"a4cad72\" data-element_type=\"widget\" data-widget_type=\"text-editor.default\">\n\t\t\t\t<div class=\"elementor-widget-container\">\n\t\t\t\t\t\t\t\t\t<p>Bestimmte <strong>probiotische Bakterien<\/strong> wie <em>Lactobacillus reuteri<\/em> und <em>Streptococcus salivarius<\/em> k\u00f6nnen helfen, den <strong>Mundgeruch<\/strong> zu <strong>reduzieren<\/strong>, indem sie das <strong>bakterielle<\/strong> <strong>Gleichgewicht<\/strong> im Mund verbessern. <strong><em>Streptococcus salivarius<\/em> K12<\/strong> als vielversprechender Ansatz: Dieser spezielle probiotische Bakterienstamm zeigt im Labor, dass er die <strong>Vermehrung<\/strong> von <strong>sch\u00e4dlichen Bakterien<\/strong> im Mund und die Bildung von Mundgeruchsignalen effektiv <strong>hemmt<\/strong>.<\/p>\t\t\t\t\t\t\t\t<\/div>\n\t\t\t\t<\/div>\n\t\t\t\t\t<\/div>\n\t\t\t\t<\/div>\n\t\t\t\t<\/div>\n\t\t","protected":false},"excerpt":{"rendered":"<p>Halitosis, umgangssprachlich als \u201eMundgeruch\u201c bekannt, wird typischerweise als ein unangenehmer Geruch definiert, der aus der Mundh\u00f6hle austritt. Mundgeruch ist die dritth\u00e4ufigste Erkrankung von Patienten, die zum Zahnarzt \u00fcberwiesen werden, und liegt hier an 3. Stelle gleich hinter Karies und Zahnfleischschwund (Parodontitis). Epidemiologischen Studien zufolge liegt die durchschnittliche Pr\u00e4valenz von Mundgeruch in der westlichen Bev\u00f6lkerung zwischen 25 und 50% .<\/p>\n","protected":false},"author":2,"featured_media":35334,"comment_status":"closed","ping_status":"closed","sticky":false,"template":"","format":"standard","meta":{"_acf_changed":false,"inline_featured_image":false,"footnotes":""},"categories":[108,109],"tags":[],"class_list":["post-19767","post","type-post","status-publish","format-standard","has-post-thumbnail","hentry","category-beschwerden-ratgeber","category-neues-aus-der-forschung"],"acf":[],"rank_math":{"og:title":"Mundgeruch: Ursachen und was dagegen hilft","og:desc":"Mundgeruch ist ein unangenehmer Geruch, der aus der Mundh\u00f6hle austritt. Doch was tun? Studien zeigen auf, dass Probiotika hier helfen k\u00f6nnen.","og:url":"https:\/\/www.omni-biotic.com\/de-at\/blog\/mundgeruch\/","og:locale":"de_AT","og:image":"https:\/\/www.omni-biotic.com\/de-at\/wp-content\/uploads\/sites\/2\/2023\/01\/mundgeruch-frueh-frau.jpg","og:image:width":"700","og:image:height":"500"},"additional_data":{"thumbnail":"https:\/\/www.omni-biotic.com\/de-at\/wp-content\/uploads\/sites\/2\/2023\/01\/mundgeruch-frueh-frau.jpg"},"blog_info":{"country":"de-at"},"_links":{"self":[{"href":"https:\/\/www.omni-biotic.com\/de-at\/wp-json\/wp\/v2\/posts\/19767","targetHints":{"allow":["GET"]}}],"collection":[{"href":"https:\/\/www.omni-biotic.com\/de-at\/wp-json\/wp\/v2\/posts"}],"about":[{"href":"https:\/\/www.omni-biotic.com\/de-at\/wp-json\/wp\/v2\/types\/post"}],"author":[{"embeddable":true,"href":"https:\/\/www.omni-biotic.com\/de-at\/wp-json\/wp\/v2\/users\/2"}],"replies":[{"embeddable":true,"href":"https:\/\/www.omni-biotic.com\/de-at\/wp-json\/wp\/v2\/comments?post=19767"}],"version-history":[{"count":7,"href":"https:\/\/www.omni-biotic.com\/de-at\/wp-json\/wp\/v2\/posts\/19767\/revisions"}],"predecessor-version":[{"id":37823,"href":"https:\/\/www.omni-biotic.com\/de-at\/wp-json\/wp\/v2\/posts\/19767\/revisions\/37823"}],"wp:featuredmedia":[{"embeddable":true,"href":"https:\/\/www.omni-biotic.com\/de-at\/wp-json\/wp\/v2\/media\/35334"}],"wp:attachment":[{"href":"https:\/\/www.omni-biotic.com\/de-at\/wp-json\/wp\/v2\/media?parent=19767"}],"wp:term":[{"taxonomy":"category","embeddable":true,"href":"https:\/\/www.omni-biotic.com\/de-at\/wp-json\/wp\/v2\/categories?post=19767"},{"taxonomy":"post_tag","embeddable":true,"href":"https:\/\/www.omni-biotic.com\/de-at\/wp-json\/wp\/v2\/tags?post=19767"}],"curies":[{"name":"wp","href":"https:\/\/api.w.org\/{rel}","templated":true}]}}