{"id":28521,"date":"2026-02-14T08:03:10Z","date_gmt":"2026-02-14T07:03:10Z","guid":{"rendered":"https:\/\/www.omni-biotic.com\/de-at\/?p=28521"},"modified":"2026-03-03T11:39:07Z","modified_gmt":"2026-03-03T10:39:07Z","slug":"allergien-immunsystem-ueberreagiert","status":"publish","type":"post","link":"https:\/\/www.omni-biotic.com\/de-at\/blog\/allergien-immunsystem-ueberreagiert\/","title":{"rendered":"Allergien: Wenn das Immunsystem \u00fcberreagiert"},"content":{"rendered":"\t\t<div data-elementor-type=\"wp-post\" data-elementor-id=\"28521\" class=\"elementor elementor-28521\" data-elementor-post-type=\"post\">\n\t\t\t\t<div class=\"elementor-element elementor-element-23d326a obcs none e-flex e-con-boxed e-con e-parent\" data-id=\"23d326a\" data-element_type=\"container\">\n\t\t\t\t\t<div class=\"e-con-inner\">\n\t\t\t\t<div class=\"elementor-element elementor-element-ef1aeb8 elementor-widget elementor-widget-image\" data-id=\"ef1aeb8\" data-element_type=\"widget\" data-widget_type=\"image.default\">\n\t\t\t\t<div class=\"elementor-widget-container\">\n\t\t\t\t\t\t\t\t\t\t\t\t\t\t\t<img fetchpriority=\"high\" decoding=\"async\" width=\"700\" height=\"500\" src=\"https:\/\/www.omni-biotic.com\/de-at\/wp-content\/uploads\/sites\/2\/2024\/02\/allergien-immunsystem-ueberreaktion.jpg\" class=\"attachment-large size-large wp-image-28523\" alt=\"Allergien - wenn das Immunsystem \u00fcberreagiert\" srcset=\"https:\/\/www.omni-biotic.com\/de-at\/wp-content\/uploads\/sites\/2\/2024\/02\/allergien-immunsystem-ueberreaktion.jpg 700w, https:\/\/www.omni-biotic.com\/de-at\/wp-content\/uploads\/sites\/2\/2024\/02\/allergien-immunsystem-ueberreaktion-300x214.jpg 300w\" sizes=\"(max-width: 700px) 100vw, 700px\" title=\"\">\t\t\t\t\t\t\t\t\t\t\t\t\t\t\t<\/div>\n\t\t\t\t<\/div>\n\t\t\t\t<div class=\"elementor-element elementor-element-4a1a87f elementor-widget elementor-widget-heading\" data-id=\"4a1a87f\" data-element_type=\"widget\" data-widget_type=\"heading.default\">\n\t\t\t\t<div class=\"elementor-widget-container\">\n\t\t\t\t\t<h2 class=\"elementor-heading-title elementor-size-default\">Allergien im Vormarsch<\/h2>\t\t\t\t<\/div>\n\t\t\t\t<\/div>\n\t\t\t\t<div class=\"elementor-element elementor-element-7b2b5b6 elementor-widget elementor-widget-text-editor\" data-id=\"7b2b5b6\" data-element_type=\"widget\" data-widget_type=\"text-editor.default\">\n\t\t\t\t<div class=\"elementor-widget-container\">\n\t\t\t\t\t\t\t\t\t<p>Rinnende Nase, geschwollene, juckende Augen: Bei <strong>Heuschnupfengeplagten<\/strong> kommen <strong>kaum<\/strong> <strong>Fr\u00fchlingsgef\u00fchle<\/strong> auf, schlie\u00dflich m\u00fcssen sie sich seit Jahren aufgrund der <strong>milderen Temperaturen<\/strong> auf eine <strong>l\u00e4ngere Allergiesaison<\/strong> einstellen. Und das betrifft gar nicht so wenige Menschen \u2013 ist die <strong>Pollenallergie<\/strong> doch die <strong>am weitesten verbreitete Allergie<\/strong> und belastet in unseren Breitengraden rund <strong>15 % der Bev\u00f6lkerung<\/strong>.<\/p><p>Die Zahl an Allergikern ist rund um die Welt seit Jahren im Steigen begriffen: Das Robert Koch-Institut geht davon aus, dass bei <strong>jedem Vierten mindestens einmal im Leben eine Allergie diagnostiziert<\/strong> wird. Wer kennt nicht jemanden, der gegen Gr\u00e4ser, Hausstaubmilben, Katzenhaare, Erdn\u00fcsse und Co allergisch ist? So h\u00e4ufig die Diagnose auch gestellt wird, eine ad\u00e4quate Behandlung \u2013 in Form einer <strong>Hyposensibilisierung<\/strong>, die immerhin eine <strong>Erfolgsquote von 80 %<\/strong> hat \u2013 wird von den meisten Betroffenen <strong>nicht in Anspruch genommen<\/strong>. Au\u00dferdem <strong>sch\u00fctzt<\/strong> die Hyposensibilisierung <strong>nicht<\/strong> <strong>vor<\/strong> der Entstehung <a href=\"https:\/\/www.omni-biotic.com\/de-at\/darmbeschwerden\/allergie\/\"><strong>neuer Allergien<\/strong><\/a>. Und so bek\u00e4mpfen viele mit Tabletten, Augentropfen und Nasensprays zwar die Symptome, aber die <strong>Ursache bleibt bestehen<\/strong>.<\/p><p>Und damit auch das Risiko, dass es zu einem bedenklichen \u201eEtagenwechsel\u201c kommt \u2013 also zu einer <strong>Verlagerung der Symptome<\/strong> in <strong>tiefergelegene<\/strong> <strong>Atemwege<\/strong>, die Bronchien: Die Folge ist <a href=\"https:\/\/www.omni-biotic.com\/de-at\/blog\/seltener-allergien-bei-bauernhof-kindern\/\">allergisches Asthma bronchiale<\/a>, das bei bis zu 40 % der nicht behandelten Allergien auftritt.\u00a0<\/p>\t\t\t\t\t\t\t\t<\/div>\n\t\t\t\t<\/div>\n\t\t\t\t<div class=\"elementor-element elementor-element-f009f31 elementor-widget elementor-widget-image\" data-id=\"f009f31\" data-element_type=\"widget\" data-widget_type=\"image.default\">\n\t\t\t\t<div class=\"elementor-widget-container\">\n\t\t\t\t\t\t\t\t\t\t\t\t\t\t\t<img decoding=\"async\" width=\"700\" height=\"500\" src=\"https:\/\/www.omni-biotic.com\/de-at\/wp-content\/uploads\/sites\/2\/2024\/02\/allergien-kinder-mehr-betroffene.jpg\" class=\"attachment-large size-large wp-image-28528\" alt=\"Immer mehr Kinder von Allergien, insbesondere Pollenallergie, betroffen\" srcset=\"https:\/\/www.omni-biotic.com\/de-at\/wp-content\/uploads\/sites\/2\/2024\/02\/allergien-kinder-mehr-betroffene.jpg 700w, https:\/\/www.omni-biotic.com\/de-at\/wp-content\/uploads\/sites\/2\/2024\/02\/allergien-kinder-mehr-betroffene-300x214.jpg 300w\" sizes=\"(max-width: 700px) 100vw, 700px\" title=\"\">\t\t\t\t\t\t\t\t\t\t\t\t\t\t\t<\/div>\n\t\t\t\t<\/div>\n\t\t\t\t<div class=\"elementor-element elementor-element-46b1199 elementor-widget elementor-widget-heading\" data-id=\"46b1199\" data-element_type=\"widget\" data-widget_type=\"heading.default\">\n\t\t\t\t<div class=\"elementor-widget-container\">\n\t\t\t\t\t<h2 class=\"elementor-heading-title elementor-size-default\">Immer mehr Kinder betroffen<\/h2>\t\t\t\t<\/div>\n\t\t\t\t<\/div>\n\t\t\t\t<div class=\"elementor-element elementor-element-85ca71a elementor-widget elementor-widget-text-editor\" data-id=\"85ca71a\" data-element_type=\"widget\" data-widget_type=\"text-editor.default\">\n\t\t\t\t<div class=\"elementor-widget-container\">\n\t\t\t\t\t\t\t\t\t<p><strong>Dr. Adolf Heschl<\/strong>, promovierter Biologe und wissenschaftlicher Berater, hat die steigende Bedeutung des Themas genau mitverfolgt. \u201e<strong>Jede zweite Frage an unsere Beratung<\/strong> dreht sich mittlerweile um <strong>Allergien<\/strong> oder <strong>Unvertr\u00e4glichkeiten<\/strong>. Es f\u00e4llt auch auf, dass immer mehr <strong>Kinder<\/strong> betroffen sind, und zwar schon <strong>von<\/strong> der <strong>Geburt<\/strong> <strong>weg<\/strong>.\u201c<\/p><p>Bereits im S\u00e4uglings- und Kleinkindalter zeigen sich Allergien in Form des <a href=\"https:\/\/www.omni-biotic.com\/de-at\/blog\/neurodermitis-beim-kind\/\">atopischen Ekzems \u2013 auch Neurodermitis<\/a> genannt. Ein Problem, das sich gerade in der<strong> westlichen Welt<\/strong> in den letzten Jahren <strong>verdreifacht<\/strong> hat: Weltweit leiden heute etwa <strong>15 bis 20 % aller Kinder<\/strong> daran. Die Symptome: <strong>juckende, rote Haut<\/strong>, die geschwollen und rissig ist und bei Kindern <strong>sogar<\/strong> zu <strong>Schlafproblemen<\/strong> f\u00fchren kann, da der Juckreiz nachts sehr ausgepr\u00e4gt sein kann. \u201eDiese Kinder durchlaufen unbehandelt im Laufe ihres Lebens h\u00e4ufig eine charakteristische Allergiekarriere\u201c, so Heschl. Durch die <strong>Fehlregulation des Immunsystems<\/strong> gesellen sich zu Neurodermitis (oft in Verbindung mit einer Nahrungsmittelallergie) nach symptomfreien Phasen zu einem sp\u00e4teren Zeitpunkt <strong>weitere allergische Erkrankungen<\/strong> wie <strong>Pollen<\/strong> oder <strong>Hausstaubmilbenallergien<\/strong> bis hin zu <a href=\"https:\/\/www.omni-biotic.com\/de-at\/blog\/seltener-allergien-bei-bauernhof-kindern\/\">Asthma<\/a> dazu.\u00a0<\/p>\t\t\t\t\t\t\t\t<\/div>\n\t\t\t\t<\/div>\n\t\t\t\t<div class=\"elementor-element elementor-element-797fa8f elementor-widget elementor-widget-heading\" data-id=\"797fa8f\" data-element_type=\"widget\" data-widget_type=\"heading.default\">\n\t\t\t\t<div class=\"elementor-widget-container\">\n\t\t\t\t\t<h2 class=\"elementor-heading-title elementor-size-default\">Wieso kommt es zu einer steten Zunahme von Allergien?<\/h2>\t\t\t\t<\/div>\n\t\t\t\t<\/div>\n\t\t\t\t<div class=\"elementor-element elementor-element-aa038b3 elementor-widget elementor-widget-text-editor\" data-id=\"aa038b3\" data-element_type=\"widget\" data-widget_type=\"text-editor.default\">\n\t\t\t\t<div class=\"elementor-widget-container\">\n\t\t\t\t\t\t\t\t\t<p>Warum manche Menschen Allergien entwickeln und andere nicht, ist noch nicht g\u00e4nzlich gekl\u00e4rt. Fest steht, dass Allergien durch die <strong>Lebensumst\u00e4nde<\/strong> in <strong>modernen Industriel\u00e4ndern verst\u00e4rkt<\/strong> werden. Ein <strong>Zuviel an Hygiene<\/strong>, vermehrte <strong>Umweltbelastungen<\/strong>, der Klimawandel und die damit einhergehende <strong>Ver\u00e4nderung<\/strong> der <strong>Pflanzenwelt<\/strong> z\u00e4hlen zu den derzeit bekannten Aspekten, die mit der Ausbreitung allergischer Erkrankungen zusammenh\u00e4ngen. Besonders in <strong>st\u00e4dtischen Gebieten<\/strong> leiden mehr Menschen an <strong>Pollenallergien<\/strong>. Luftschadstoffe wie Ozon, <strong>Stickstoffdioxid<\/strong> oder <strong>Feinstaub<\/strong> sind starke Oxidationsmittel und f\u00fchren zu Entz\u00fcndungsreaktionen in den Atemwegen. Zudem ver\u00e4ndern sie in den herumschwirrenden Pollen die chemische Struktur der Allergene, was deren Schlagkraft noch erh\u00f6ht. Fest steht auch, dass <strong>zahlreiche Allergene<\/strong> gerade dann <strong>vermehrt<\/strong> produziert werden, wenn <strong>Pflanzen<\/strong> unter <strong>Stress<\/strong> stehen: also bei <strong>Hitze<\/strong>, <strong>Trockenheit<\/strong> oder erh\u00f6hter Belastung durch Luftschadstoffe.<\/p>\t\t\t\t\t\t\t\t<\/div>\n\t\t\t\t<\/div>\n\t\t\t\t<div class=\"elementor-element elementor-element-8c69d58 elementor-widget elementor-widget-heading\" data-id=\"8c69d58\" data-element_type=\"widget\" data-widget_type=\"heading.default\">\n\t\t\t\t<div class=\"elementor-widget-container\">\n\t\t\t\t\t<h2 class=\"elementor-heading-title elementor-size-default\">Allergie \u201evorprogrammiert\u201c<\/h2>\t\t\t\t<\/div>\n\t\t\t\t<\/div>\n\t\t\t\t<div class=\"elementor-element elementor-element-69e7292 elementor-widget elementor-widget-image\" data-id=\"69e7292\" data-element_type=\"widget\" data-widget_type=\"image.default\">\n\t\t\t\t<div class=\"elementor-widget-container\">\n\t\t\t\t\t\t\t\t\t\t\t\t\t\t\t<img decoding=\"async\" width=\"700\" height=\"500\" src=\"https:\/\/www.omni-biotic.com\/de-at\/wp-content\/uploads\/sites\/2\/2024\/02\/erbliche-vorbelastung-allergien.jpg\" class=\"attachment-large size-large wp-image-28562\" alt=\"Erbliche Vorbelastung sorgt f\u00fcr Allergien\" srcset=\"https:\/\/www.omni-biotic.com\/de-at\/wp-content\/uploads\/sites\/2\/2024\/02\/erbliche-vorbelastung-allergien.jpg 700w, https:\/\/www.omni-biotic.com\/de-at\/wp-content\/uploads\/sites\/2\/2024\/02\/erbliche-vorbelastung-allergien-300x214.jpg 300w\" sizes=\"(max-width: 700px) 100vw, 700px\" title=\"\">\t\t\t\t\t\t\t\t\t\t\t\t\t\t\t<\/div>\n\t\t\t\t<\/div>\n\t\t\t\t<div class=\"elementor-element elementor-element-2e585b4 elementor-widget elementor-widget-text-editor\" data-id=\"2e585b4\" data-element_type=\"widget\" data-widget_type=\"text-editor.default\">\n\t\t\t\t<div class=\"elementor-widget-container\">\n\t\t\t\t\t\t\t\t\t<p>Neben \u00e4u\u00dferen Faktoren spielt auch die <a href=\"https:\/\/www.omni-biotic.com\/de-at\/blog\/allergien-schwangerschaft\/\"><strong>erbliche Vorbelastung<\/strong> <\/a>eine Rolle. Leidet ein Elternteil an einer Allergie, hat das Kind ein um <strong>20 bis 40 %<\/strong> <strong>h\u00f6heres<\/strong> <strong>Risiko<\/strong>, ebenso daran zu erkranken \u2013 sind beide Eltern betroffen, ist das Risiko schon um 80 % erh\u00f6ht. Dabei findet sich der wichtigste Faktor, mit dem sich nach heutigem Wissen die individuelle allergische Neigung beeinflussen l\u00e4sst, genau in unserer Mitte: im <strong>Darm<\/strong>. Er gilt nicht umsonst als \u201e<a href=\"https:\/\/www.omni-biotic.com\/de-at\/blog\/5-fakten-zum-immunsystem\/\">Sitz des Immunsystems<\/a>\u201c \u2013 immerhin <strong>70 %<\/strong> der <strong>antik\u00f6rperproduzierenden<\/strong> <strong>Immunzellen<\/strong> sind hier angesiedelt und steuern die Immunreaktion. Denn letztlich ist eine <strong>Allergie<\/strong> nichts anderes als eine <strong>\u00fcberschie\u00dfende Reaktion unseres Immunsystems<\/strong>. Dass gewisse bakterielle Faktoren einen Einfluss auf das Allergiegeschehen haben, ist mittlerweile in zahlreichen Studien best\u00e4tigt \u2013 man kennt das als <a href=\"https:\/\/www.omni-biotic.com\/de-at\/blog\/seltener-allergien-bei-bauernhof-kindern\/\">\u201eBauernhof-Effekt\u201c<\/a>. <strong>Kinder<\/strong>, die auf einem <strong>Bauernhof<\/strong> aufwachsen (oder in dessen n\u00e4herem Umfeld), entwickeln deutlich <strong>weniger<\/strong> oft <strong>allergische Erkrankungen<\/strong>, was auf mikrobielle Schutzfaktoren im Stallstaub zur\u00fcckgef\u00fchrt wird.<\/p>\t\t\t\t\t\t\t\t<\/div>\n\t\t\t\t<\/div>\n\t\t\t\t<div class=\"elementor-element elementor-element-01e3d2b elementor-widget elementor-widget-infobox\" data-id=\"01e3d2b\" data-element_type=\"widget\" data-widget_type=\"infobox.default\">\n\t\t\t\t<div class=\"elementor-widget-container\">\n\t\t\t\t\t\n<div class=\"li-widgets--infobox blue highlights-always-magenta\">\n\n    <div class=\"li-widgets--infobox__icon\">\n        <i aria-hidden=\"true\" class=\"fas fa-bacteria\"><\/i>    <\/div>\n    <div class=\"li-widgets--infobox__text\">\n        Studien belegen, dass Babys mit einer geringen mikrobiellen Artenvielfalt ein erh\u00f6htes Allergierisiko haben.\n    <\/div>\n    <div class=\"li-widgets--infobox__text-body\">\n            <\/div>\n\n    \n<\/div>\n\t\t\t\t<\/div>\n\t\t\t\t<\/div>\n\t\t\t\t<div class=\"elementor-element elementor-element-dfd16fc elementor-widget elementor-widget-heading\" data-id=\"dfd16fc\" data-element_type=\"widget\" data-widget_type=\"heading.default\">\n\t\t\t\t<div class=\"elementor-widget-container\">\n\t\t\t\t\t<h2 class=\"elementor-heading-title elementor-size-default\">\u00dcberma\u00df an Hygiene<\/h2>\t\t\t\t<\/div>\n\t\t\t\t<\/div>\n\t\t\t\t<div class=\"elementor-element elementor-element-7cda250 elementor-widget elementor-widget-text-editor\" data-id=\"7cda250\" data-element_type=\"widget\" data-widget_type=\"text-editor.default\">\n\t\t\t\t<div class=\"elementor-widget-container\">\n\t\t\t\t\t\t\t\t\t<p>Den gegenteiligen Effekt kennt man unter dem Begriff <strong>Hygiene-Hypothese<\/strong>. \u201eMan geht heute davon aus, dass ein Zuviel an Hygiene die Entwicklung <strong>allergischer Erkrankungen beg\u00fcnstigt<\/strong>, weil es dadurch zu einer dauerhaften <strong>\u00dcberaktivierung<\/strong> des angeborenen <strong>Immunsystems<\/strong> kommt\u201c, erkl\u00e4rt Heschl. Das ist etwa bei Babys der Fall, die zu oft gebadet werden. Auf der <a href=\"https:\/\/www.omni-biotic.com\/de-at\/blog\/haut-darmflora\/\">Haut des Kindes<\/a> wird durch zu h\u00e4ufiges Waschen \u2013 vielfach auch mit \u00fcberm\u00e4\u00dfigem Einsatz von Waschlotion oder Seife \u2013 der <strong>S\u00e4ureschutzmantel abgetragen<\/strong> und die sch\u00fctzende Bakterienflora reduziert. Und es sind genau diese zwei Schutzfaktoren gegen allergische Reaktionen, die auch im <strong>Darm<\/strong> durch eine zu \u201ecleane\u201c Lebensweise in Mitleidenschaft gezogen werden: der <strong>passende pH-Wert<\/strong> und eine <strong>m\u00f6glichst gro\u00dfe Anzahl <\/strong>an kommensalen \u2013 also <strong>sch\u00fctzenden<\/strong> und sogar <a href=\"https:\/\/www.omni-biotic.com\/de-at\/blog\/wie-beeinflussen-darmbakterien-unser-gewicht\/\"><strong>n\u00fctzlichen<\/strong> \u2013 <strong>Bakterien<\/strong><\/a>. Zahlreiche Studien zeigen, dass es zwischen dem Mikrobiom der Haut und dem des Darms eine enge Verbindung gibt. Experten sprechen von der <a href=\"https:\/\/www.omni-biotic.com\/de-at\/blog\/kranker-darm-schlechte-haut\/\"><strong>Darm-Haut-Achse<\/strong><\/a>: Demnach haben Menschen mit Hauterkrankungen h\u00e4ufig auch Erkrankungen des Magen-Darm-Trakts \u2013 und umgekehrt.<\/p>\t\t\t\t\t\t\t\t<\/div>\n\t\t\t\t<\/div>\n\t\t\t\t<div class=\"elementor-element elementor-element-7c13df3 elementor-widget elementor-widget-heading\" data-id=\"7c13df3\" data-element_type=\"widget\" data-widget_type=\"heading.default\">\n\t\t\t\t<div class=\"elementor-widget-container\">\n\t\t\t\t\t<h2 class=\"elementor-heading-title elementor-size-default\">Angeborene und erworbene\nImmunreaktion<\/h2>\t\t\t\t<\/div>\n\t\t\t\t<\/div>\n\t\t\t\t<div class=\"elementor-element elementor-element-2dd5e66 elementor-widget elementor-widget-text-editor\" data-id=\"2dd5e66\" data-element_type=\"widget\" data-widget_type=\"text-editor.default\">\n\t\t\t\t<div class=\"elementor-widget-container\">\n\t\t\t\t\t\t\t\t\t<p>Im Laufe der Evolution hat der Mensch ein <strong>komplexes Abwehrsystem<\/strong> entwickelt, um sich vor krankmachenden Erregern zu sch\u00fctzen. Die Immunfunktion ist <strong>zum Teil angeboren<\/strong>, zum <strong>Teil erworben<\/strong>. Man m\u00f6chte es ob der h\u00e4ufigen Infekte von Kindern und Kleinkindern kaum glauben, aber: \u201e<strong>Kinder<\/strong> haben ein sehr <strong>kompetentes Immunsystem<\/strong> \u2013 und das beruht auf der st\u00e4ndigen Auseinandersetzung mit m\u00f6glichen Krankheitserregern\u201c, macht der Mikrobiomexperte deutlich. \u201eIm Mutterbauch ist das Baby noch in einer gesch\u00fctzten Umgebung, doch durch die <strong>Geburt<\/strong> wird die <strong>Immunabwehr<\/strong> des Kindes praktisch von einer Sekunde auf die andere mit einer v\u00f6llig neuen Umgebung <strong>konfrontiert<\/strong> \u2013 es wird daher sofort das angeborene Immunsystem aktiviert.\u201c<\/p><p>Erst wenn es dem angeborenen Immunsystem nicht gelingt, die Erreger zu vernichten, \u00fcbernimmt das <strong>erworbene<\/strong> <strong>Immunsystem<\/strong>, das sich im Laufe des Lebens erst entwickelt. Es hat eine deutlich <strong>h\u00f6here Treffsicherheit<\/strong> und kann sich <strong>Angreifer<\/strong> auch <strong>dauerhaft merken<\/strong>. Gesteuert werden diese Immunreaktionen durch das komplexe <strong>Wechselspiel von TH1- und TH2-Helferzellen<\/strong>. In den ersten Lebensmonaten ist es daher notwendig, dass im Darmmikrobiom vorhandene Bakterienst\u00e4mme wie <strong>Bifidobakterien<\/strong> und <strong>Laktobazillen<\/strong> die Reifung von TH1-Zellen stimulieren, um die von Natur aus nach der Geburt bestehende TH2-Dominanz auszugleichen.<\/p><p>Besteht das <strong>Ungleichgewicht<\/strong> von <strong>TH1- und TH2-Zellen \u00fcber die Geburt hinaus<\/strong> weiter, ist die <strong>Wahrscheinlichkeit<\/strong> <strong>gro\u00df<\/strong>, dass es beim S\u00e4ugling fr\u00fcher oder sp\u00e4ter zu <strong>allergischen Reaktionen<\/strong> in Form von Ekzemen kommt. Studien belegen, dass Babys mit einer geringen mikrobiellen Artenvielfalt ein erh\u00f6htes Allergierisiko haben: So wurde festgestellt, dass <a href=\"https:\/\/www.omni-biotic.com\/de-at\/blog\/kind-und-erstbesiedelung-des-darms\/\"><strong>Kaiserschnittkinder<\/strong> <\/a>und <strong>mehrfach mit Antibiotika behandelte Kinder<\/strong> <strong>weniger Artenreichtum im Darmmikrobiom<\/strong> besa\u00dfen und eine <strong>deutlich gr\u00f6\u00dfere Allergieneigung<\/strong> hatten als andere Babys. Eine \u00e4hnlich ver\u00e4nderte Mikrobiomzusammensetzung wurde auch bei Kindern nachgewiesen, die Fl\u00e4schchennahrung erhielten, anstatt <a href=\"https:\/\/www.omni-biotic.com\/de-at\/blog\/muttermilch-mikrobiomentwicklung\/\">gestillt<\/a> zu werden. Und auch das <strong>Mikrobiom der Mutter<\/strong> bestimmt \u00fcber die Allergieneigung ihres Babys, denn bei der nat\u00fcrlichen Geburt kommt es zu einer \u00dcbertragung der m\u00fctterlichen Darmflora auf die des Kindes.<\/p>\t\t\t\t\t\t\t\t<\/div>\n\t\t\t\t<\/div>\n\t\t\t\t<div class=\"elementor-element elementor-element-9564ffa elementor-widget elementor-widget-heading\" data-id=\"9564ffa\" data-element_type=\"widget\" data-widget_type=\"heading.default\">\n\t\t\t\t<div class=\"elementor-widget-container\">\n\t\t\t\t\t<h2 class=\"elementor-heading-title elementor-size-default\">Mit Probiotika vorbeugen<\/h2>\t\t\t\t<\/div>\n\t\t\t\t<\/div>\n\t\t\t\t<div class=\"elementor-element elementor-element-35d74fe elementor-widget elementor-widget-image\" data-id=\"35d74fe\" data-element_type=\"widget\" data-widget_type=\"image.default\">\n\t\t\t\t<div class=\"elementor-widget-container\">\n\t\t\t\t\t\t\t\t\t\t\t\t\t\t\t<img loading=\"lazy\" decoding=\"async\" width=\"700\" height=\"500\" src=\"https:\/\/www.omni-biotic.com\/de-at\/wp-content\/uploads\/sites\/2\/2024\/02\/probiotika-behandlungsalternative-allergien.jpg\" class=\"attachment-large size-large wp-image-28564\" alt=\"medizinisch relevante probiotika als behandlungsalternative bei allergien\" srcset=\"https:\/\/www.omni-biotic.com\/de-at\/wp-content\/uploads\/sites\/2\/2024\/02\/probiotika-behandlungsalternative-allergien.jpg 700w, https:\/\/www.omni-biotic.com\/de-at\/wp-content\/uploads\/sites\/2\/2024\/02\/probiotika-behandlungsalternative-allergien-300x214.jpg 300w\" sizes=\"(max-width: 700px) 100vw, 700px\" title=\"\">\t\t\t\t\t\t\t\t\t\t\t\t\t\t\t<\/div>\n\t\t\t\t<\/div>\n\t\t\t\t<div class=\"elementor-element elementor-element-056230b elementor-widget elementor-widget-text-editor\" data-id=\"056230b\" data-element_type=\"widget\" data-widget_type=\"text-editor.default\">\n\t\t\t\t<div class=\"elementor-widget-container\">\n\t\t\t\t\t\t\t\t\t<p>Und genau hier setzt eine wichtige M\u00f6glichkeit an, die <strong>Entwicklung von Allergien<\/strong> \u2013 insbesondere bei famili\u00e4rer Vorbelastung \u2013 schon <strong>im fr\u00fchen Babyalter zu verhindern<\/strong>: Indem die optimale TH1-\/TH2-Balance wiederhergestellt wird. Wie in <strong>zahlreichen Forschungsarbeiten<\/strong> nachgewiesen, verf\u00fcgen bestimmte Bakterienst\u00e4mme \u00fcber genau diese F\u00e4higkeit. Auch bei bereits bestehenden Allergien in den ersten Lebensmonaten wurde gezeigt, dass es durch <strong>Einnahme einer speziellen Bakterienkombination<\/strong> (durch die <strong>Mutter<\/strong> in den <strong>letzten Schwangerschaftsmonaten<\/strong> sowie durch das <strong>Kind im ersten Lebensjahr<\/strong>) gelingt, das Auftreten von <strong>Ekzemen<\/strong> um mehr als <strong>70 % zu verhindern<\/strong> \u2013 auch weit \u00fcber die <a href=\"https:\/\/www.omni-biotic.com\/de-at\/blog\/probiotika-unterstuetzen-babys-immunsystem\/\">Einnahme des Probiotikums<\/a> hinaus.<\/p>\t\t\t\t\t\t\t\t<\/div>\n\t\t\t\t<\/div>\n\t\t\t\t<div class=\"elementor-element elementor-element-0c82820 elementor-widget elementor-widget-heading\" data-id=\"0c82820\" data-element_type=\"widget\" data-widget_type=\"heading.default\">\n\t\t\t\t<div class=\"elementor-widget-container\">\n\t\t\t\t\t<h2 class=\"elementor-heading-title elementor-size-default\">Phasen der Allergie-Entstehung<\/h2>\t\t\t\t<\/div>\n\t\t\t\t<\/div>\n\t\t\t\t<div class=\"elementor-element elementor-element-f88ead2 elementor-widget elementor-widget-text-editor\" data-id=\"f88ead2\" data-element_type=\"widget\" data-widget_type=\"text-editor.default\">\n\t\t\t\t<div class=\"elementor-widget-container\">\n\t\t\t\t\t\t\t\t\t<p>Vielfach h\u00e4lt sich noch die Meinung, Allergien entwickelt man meistens im Kindesalter, doch: \u201eEs gibt <strong>mehrere Abschnitte im Leben<\/strong>, in denen <strong>Allergien entstehen k\u00f6nnen<\/strong>\u201c, gibt Heschl zu bedenken. Sensible Phasen, bei denen sich unser Immunsystem an eine neue mikrobielle Umwelt anpassen muss, sind beispielsweise <strong>Kindergarten- und Schuleintritt<\/strong> oder die <strong>Pubert\u00e4t<\/strong>, die sich durch noch mehr k\u00f6rperliche N\u00e4he zu anderen Menschen auszeichnet. Wenn dann die <strong>Immunzentrale Darm nicht im Gleichgewicht<\/strong> ist, k\u00f6nnen sich <strong>schnell neue Allergien<\/strong> ausbilden. <strong>Auch im Alter<\/strong> ist man davor nicht gefeit und kann gef\u00fchlt von einem Tag auf den anderen mit Allergiesymptomen k\u00e4mpfen: \u201eDas d\u00fcrfte vor allem damit zusammenh\u00e4ngen, dass die <strong>Produktion von Schleim<\/strong> an den Schleimh\u00e4uten des K\u00f6rpers zur\u00fcckgeht, wodurch vermehrt potenzielle Allergene und Giftstoffe in den Organismus gelangen\u201c, erkl\u00e4rt der Experte.<\/p>\t\t\t\t\t\t\t\t<\/div>\n\t\t\t\t<\/div>\n\t\t\t\t<div class=\"elementor-element elementor-element-100df2f elementor-widget elementor-widget-heading\" data-id=\"100df2f\" data-element_type=\"widget\" data-widget_type=\"heading.default\">\n\t\t\t\t<div class=\"elementor-widget-container\">\n\t\t\t\t\t<h2 class=\"elementor-heading-title elementor-size-default\">Oberstes Ziel: Darmbarriere st\u00e4rken<\/h2>\t\t\t\t<\/div>\n\t\t\t\t<\/div>\n\t\t\t\t<div class=\"elementor-element elementor-element-490439d elementor-widget elementor-widget-image\" data-id=\"490439d\" data-element_type=\"widget\" data-widget_type=\"image.default\">\n\t\t\t\t<div class=\"elementor-widget-container\">\n\t\t\t\t\t\t\t\t\t\t\t\t\t\t\t<img loading=\"lazy\" decoding=\"async\" width=\"700\" height=\"500\" src=\"https:\/\/www.omni-biotic.com\/de-at\/wp-content\/uploads\/sites\/2\/2024\/02\/darmbarriere-c-institut-allergosan-2.jpg\" class=\"attachment-large size-large wp-image-28655\" alt=\"Darmbarriere \u00a9Institut AllergoSan\" srcset=\"https:\/\/www.omni-biotic.com\/de-at\/wp-content\/uploads\/sites\/2\/2024\/02\/darmbarriere-c-institut-allergosan-2.jpg 700w, https:\/\/www.omni-biotic.com\/de-at\/wp-content\/uploads\/sites\/2\/2024\/02\/darmbarriere-c-institut-allergosan-2-300x214.jpg 300w\" sizes=\"(max-width: 700px) 100vw, 700px\" title=\"\">\t\t\t\t\t\t\t\t\t\t\t\t\t\t\t<\/div>\n\t\t\t\t<\/div>\n\t\t\t\t<div class=\"elementor-element elementor-element-3417bf0 elementor-widget elementor-widget-text-editor\" data-id=\"3417bf0\" data-element_type=\"widget\" data-widget_type=\"text-editor.default\">\n\t\t\t\t<div class=\"elementor-widget-container\">\n\t\t\t\t\t\t\t\t\t<p>Eine <strong>starke Darmbarriere<\/strong> ist \u2013 neben einem ausgeglichenen Immunsystem \u2013 entscheidend, um Allergien vorzubeugen. In einem gesunden Darm fungiert sie wie ein <strong>undurchdringlicher Schutzschild<\/strong> gegen Eindringlinge und Allergene: Negative Lebensstilfaktoren schw\u00e4chen die Barriere immer mehr, weshalb sie durchl\u00e4ssiger f\u00fcr bestimmte Nahrungsmittelbestandteile, <strong>toxische Stoffe<\/strong> und <strong>Allergene<\/strong> wird, die dann in den Organismus gelangen. <a href=\"https:\/\/www.omni-biotic.com\/de-at\/blog\/magen-darm-beschwerden-durch-stress\/\">Anhaltender Stress<\/a>, die <a href=\"https:\/\/www.omni-biotic.com\/de-at\/blog\/antibiotika-koerper-nebenwirkungen\/\">Einnahme von Antibiotika<\/a> oder anderen Medikamenten oder eine einseitige, <a href=\"https:\/\/www.omni-biotic.com\/de-at\/blog\/ballaststoffe-fuer-den-darm\/\">ballaststoffarme Ern\u00e4hrung<\/a> erh\u00f6hen also die Wahrscheinlichkeit, dass man auch noch als Erwachsener Allergien oder Nahrungsmittelunvertr\u00e4glichkeiten entwickelt. Daher r\u00e4t Heschl: \u201eAlle Ma\u00dfnahmen, die die Darmbarriere als mikrobiellen Schutzschild gegen negative Einfl\u00fcsse von au\u00dfen st\u00e4rken, helfen dabei, wieder mehr Toleranz in das enterale Immunsystem zu bringen und allergische \u00dcberreaktionen zu reduzieren. Gelangen nur mehr <strong>wenige Allergene<\/strong> <strong>durch<\/strong> die <strong>Darmbarriere<\/strong>, kann sich das <strong>Immunsystem<\/strong> den wirklich <strong>wichtigen Abwehrma\u00dfnahmen widmen<\/strong> \u2013 etwa gegen gef\u00e4hrliche Erreger wie die immer h\u00e4ufigeren antibiotikaresistenten Keime.\u201c<\/p><p><strong>Grundvoraussetzung<\/strong> f\u00fcr eine <strong>wirksame<\/strong> <strong>Darmbarriere<\/strong> ist immer eine ausreichende Menge an <strong>immunmodulierenden Bakterien<\/strong>. Spezielle Bakterienst\u00e4mme haben die F\u00e4higkeit, anregend auf das Abwehrsystem einzuwirken, indem sie die <strong>Produktion wichtiger Immunstoffe verst\u00e4rken<\/strong>: etwa des <strong>sekretorischen Immunglobulins A (sIgA)<\/strong>, welches daf\u00fcr sorgt, dass sich <strong>Krankheitserreger nicht an die Schleimhaut anheften<\/strong> und vermehren k\u00f6nnen. Oder von <strong>Interleukin-10 (IL 10)<\/strong>,einem Botenstoff des Immunsystems, der antientz\u00fcndlich wirkt und das Verh\u00e4ltnis von TH1 und TH2 ausbalanciert. Auch hier sind <strong>medizinisch relevante Probiotika<\/strong> eine <strong>entscheidende Hilfe<\/strong>: Im Rahmen einer Studie mit Leistungssportlern wurde durch die nur 4-w\u00f6chige Einnahme eines aus 6 immunmodulierenden Leitkeimst\u00e4mmen bestehenden Multispezies-Probiotikums der sIgA-Wert bei 44 % der Testpersonen wieder normalisiert.<\/p><p>Unser <strong>Mikrobiom<\/strong> ist also<strong> ma\u00dfgeblich an der Entstehung<\/strong>, aber <strong>auch der Vorbeugung von Allergien beteiligt<\/strong>. Das er\u00f6ffnet gerade auch jenen Menschen Handlungsm\u00f6glichkeiten, die \u2013 und dazu geh\u00f6rt mittlerweile die gro\u00dfe Mehrheit der Weltbev\u00f6lkerung \u2013 weit au\u00dferhalb der Reichweite von Bauernhof-Stallstaub aufgewachsen sind. Eine <a href=\"https:\/\/www.omni-biotic.com\/de-at\/darmgesundheit\/gesundheitszentrale-darm\/darmflora\/\"><strong>starke Darmflora<\/strong><\/a> sorgt f\u00fcr eine <strong>starke Darmbarriere<\/strong> und das l\u00e4sst unser <strong>Immunsystem<\/strong> <strong>toleranter<\/strong> gegen\u00fcber ohnedies <strong>harmlosen<\/strong> \u00e4u\u00dferen <strong>Einfl\u00fcssen<\/strong> sein \u2013 von Katzenhaar bis zu Birkenpolle.<\/p>\t\t\t\t\t\t\t\t<\/div>\n\t\t\t\t<\/div>\n\t\t\t\t<div class=\"elementor-element elementor-element-4092e42 elementor-widget elementor-widget-li-widgets--author-quote\" data-id=\"4092e42\" data-element_type=\"widget\" data-widget_type=\"li-widgets--author-quote.default\">\n\t\t\t\t<div class=\"elementor-widget-container\">\n\t\t\t\t\t<div class=\"li-widgets--author-quote blue\">\n            <div class=\"li-widgets--author-quote__image--wrapper\">\n            <div class=\"li-widgets--author-quote__image\">\n                <img loading=\"lazy\" decoding=\"async\" width=\"248\" height=\"300\" src=\"https:\/\/www.omni-biotic.com\/de-at\/wp-content\/uploads\/sites\/2\/2024\/02\/dr-Adolf_Heschl-248x300.jpg\" class=\"attachment-medium size-medium\" alt=\"Dr. Adolf Heschl\" srcset=\"https:\/\/www.omni-biotic.com\/de-at\/wp-content\/uploads\/sites\/2\/2024\/02\/dr-Adolf_Heschl-248x300.jpg 248w, https:\/\/www.omni-biotic.com\/de-at\/wp-content\/uploads\/sites\/2\/2024\/02\/dr-Adolf_Heschl-768x930.jpg 768w, https:\/\/www.omni-biotic.com\/de-at\/wp-content\/uploads\/sites\/2\/2024\/02\/dr-Adolf_Heschl.jpg 780w\" sizes=\"(max-width: 248px) 100vw, 248px\" title=\"\">            <\/div>\n        <\/div>\n        <div class=\"li-widgets--author-quote__content\">\n        <div class=\"li-widgets--author-quote__author\">\n            Dr. Adolf Heschl                            <span class=\"li-widgets--author-quote__author--position\">\n            Der Experte im Portr\u00e4t        <\/span>\n                    <\/div>\n        <div class=\"li-widgets--author-quote__text\">\n            Dr. Adolf Heschl studierte Zoologie und Botanik an der Karl-Franzens-Universit\u00e4t Graz. Der Biologe und Evolutionsforscher widmet sich seit mehr als 10 Jahren als wissenschaftlicher Berater der Mikrobiomforschung.        <\/div>\n            <\/div>\n    <\/div>\n\t\t\t\t<\/div>\n\t\t\t\t<\/div>\n\t\t\t\t\t<\/div>\n\t\t\t\t<\/div>\n\t\t\t\t<\/div>\n\t\t","protected":false},"excerpt":{"rendered":"<p>In den k\u00e4lteren Monaten l\u00e4sst sie sich gut verdr\u00e4ngen, bis Anfang des Jahres der Fr\u00fchling anklopft und die ersten Pollen durch die Luft schwirren: Sp\u00e4testens das erste Niesen bringt vielen wieder ihre Allergie ins Bewusstsein. In den modernen Industriel\u00e4ndern sind allergische Erkrankungen seit Jahren auf dem Vormarsch. Dabei kommt dem Darm und insbesondere den Darmbakterien eine Schl\u00fcsselrolle zu: Sie sind wichtige Trainingspartner f\u00fcr das fr\u00fchkindliche Immunsystem und haben auch im Erwachsenenalter Einfluss auf das allergische Geschehen.<\/p>\n","protected":false},"author":8,"featured_media":28523,"comment_status":"closed","ping_status":"closed","sticky":false,"template":"","format":"standard","meta":{"_acf_changed":false,"inline_featured_image":false,"footnotes":""},"categories":[108,1],"tags":[],"class_list":["post-28521","post","type-post","status-publish","format-standard","has-post-thumbnail","hentry","category-beschwerden-ratgeber","category-allgemein"],"acf":[],"rank_math":{"og:title":"Allergien: Wenn das Immunsystem \u00fcberreagiert | Was tun?","og:desc":"Gereizte Nase, geschwollene Augen: Allergien sind eine \u00dcberreaktion des Immunsystems. Aus diesem Grund spielt auch der Darm eine wesentliche Rolle.","og:url":"https:\/\/www.omni-biotic.com\/de-at\/blog\/allergien-immunsystem-ueberreagiert\/","og:locale":"de_AT","og:image":"https:\/\/www.omni-biotic.com\/de-at\/wp-content\/uploads\/sites\/2\/2024\/02\/allergien-immunsystem-ueberreaktion.jpg","og:image:width":"700","og:image:height":"500"},"additional_data":{"thumbnail":"https:\/\/www.omni-biotic.com\/de-at\/wp-content\/uploads\/sites\/2\/2024\/02\/allergien-immunsystem-ueberreaktion.jpg"},"blog_info":{"country":"de-at"},"_links":{"self":[{"href":"https:\/\/www.omni-biotic.com\/de-at\/wp-json\/wp\/v2\/posts\/28521","targetHints":{"allow":["GET"]}}],"collection":[{"href":"https:\/\/www.omni-biotic.com\/de-at\/wp-json\/wp\/v2\/posts"}],"about":[{"href":"https:\/\/www.omni-biotic.com\/de-at\/wp-json\/wp\/v2\/types\/post"}],"author":[{"embeddable":true,"href":"https:\/\/www.omni-biotic.com\/de-at\/wp-json\/wp\/v2\/users\/8"}],"replies":[{"embeddable":true,"href":"https:\/\/www.omni-biotic.com\/de-at\/wp-json\/wp\/v2\/comments?post=28521"}],"version-history":[{"count":7,"href":"https:\/\/www.omni-biotic.com\/de-at\/wp-json\/wp\/v2\/posts\/28521\/revisions"}],"predecessor-version":[{"id":41528,"href":"https:\/\/www.omni-biotic.com\/de-at\/wp-json\/wp\/v2\/posts\/28521\/revisions\/41528"}],"wp:featuredmedia":[{"embeddable":true,"href":"https:\/\/www.omni-biotic.com\/de-at\/wp-json\/wp\/v2\/media\/28523"}],"wp:attachment":[{"href":"https:\/\/www.omni-biotic.com\/de-at\/wp-json\/wp\/v2\/media?parent=28521"}],"wp:term":[{"taxonomy":"category","embeddable":true,"href":"https:\/\/www.omni-biotic.com\/de-at\/wp-json\/wp\/v2\/categories?post=28521"},{"taxonomy":"post_tag","embeddable":true,"href":"https:\/\/www.omni-biotic.com\/de-at\/wp-json\/wp\/v2\/tags?post=28521"}],"curies":[{"name":"wp","href":"https:\/\/api.w.org\/{rel}","templated":true}]}}