{"id":24621,"date":"2025-02-20T11:30:02Z","date_gmt":"2025-02-20T10:30:02Z","guid":{"rendered":"https:\/\/www.omni-biotic.com\/de-de\/blog\/kranker-darm-schlechte-haut\/"},"modified":"2025-03-06T16:21:34Z","modified_gmt":"2025-03-06T15:21:34Z","slug":"kranker-darm-schlechte-haut","status":"publish","type":"post","link":"https:\/\/www.omni-biotic.com\/de-de\/blog\/kranker-darm-schlechte-haut\/","title":{"rendered":"Kranker Darm = schlechte Haut"},"content":{"rendered":"\t\t<div data-elementor-type=\"wp-post\" data-elementor-id=\"24621\" class=\"elementor elementor-24621\" data-elementor-post-type=\"post\">\n\t\t\t\t<div class=\"elementor-element elementor-element-d012731 obcs none e-flex e-con-boxed e-con e-parent\" data-id=\"d012731\" data-element_type=\"container\">\n\t\t\t\t\t<div class=\"e-con-inner\">\n\t\t\t\t<div class=\"elementor-element elementor-element-08b3f7e elementor-widget elementor-widget-text-editor\" data-id=\"08b3f7e\" data-element_type=\"widget\" data-widget_type=\"text-editor.default\">\n\t\t\t\t<div class=\"elementor-widget-container\">\n\t\t\t\t\t\t\t\t\t<p>\u201e<strong>Unsere Haut ist durchaus auch ein Spiegel unseres Darms<\/strong>\u201c, sagt Dr. Hans-Georg Dauer, Hautarzt aus K\u00f6ln und Mitglied im Berufsverband der Deutschen Dermatologen (BVDD). \u201eWird die Darmflora negativ beeinflusst, l\u00e4sst sich das oft am Zustand der Haut erkennen.\u201c<\/p>\t\t\t\t\t\t\t\t<\/div>\n\t\t\t\t<\/div>\n\t\t\t\t<div class=\"elementor-element elementor-element-42612d3 elementor-widget elementor-widget-image\" data-id=\"42612d3\" data-element_type=\"widget\" data-widget_type=\"image.default\">\n\t\t\t\t<div class=\"elementor-widget-container\">\n\t\t\t\t\t\t\t\t\t\t\t\t\t\t\t<img fetchpriority=\"high\" decoding=\"async\" width=\"700\" height=\"500\" src=\"https:\/\/www.omni-biotic.com\/de-de\/wp-content\/uploads\/sites\/10\/2025\/03\/hautprobleme-junge-frau.jpg\" class=\"attachment-large size-large wp-image-33866\" alt=\"junge frau betrachtet gesicht im spiegel - hat mit hautproblemen zu k\u00e4mpfen\" srcset=\"https:\/\/www.omni-biotic.com\/de-de\/wp-content\/uploads\/sites\/10\/2025\/03\/hautprobleme-junge-frau.jpg 700w, https:\/\/www.omni-biotic.com\/de-de\/wp-content\/uploads\/sites\/10\/2025\/03\/hautprobleme-junge-frau-300x214.jpg 300w\" sizes=\"(max-width: 700px) 100vw, 700px\" \/>\t\t\t\t\t\t\t\t\t\t\t\t\t\t\t<\/div>\n\t\t\t\t<\/div>\n\t\t\t\t<div class=\"elementor-element elementor-element-eb6d774 elementor-widget elementor-widget-heading\" data-id=\"eb6d774\" data-element_type=\"widget\" data-widget_type=\"heading.default\">\n\t\t\t\t<div class=\"elementor-widget-container\">\n\t\t\t\t\t<h2 class=\"elementor-heading-title elementor-size-default\">Antibiotika bringen den Darm aus dem Gleichgewicht<\/h2>\t\t\t\t<\/div>\n\t\t\t\t<\/div>\n\t\t\t\t<div class=\"elementor-element elementor-element-438f5fd elementor-widget elementor-widget-text-editor\" data-id=\"438f5fd\" data-element_type=\"widget\" data-widget_type=\"text-editor.default\">\n\t\t\t\t<div class=\"elementor-widget-container\">\n\t\t\t\t\t\t\t\t\t<p>Vor allem die Einnahme von <strong>Antibiotika<\/strong> <strong>beeinflusse<\/strong> die nat\u00fcrliche <strong>Zusammensetzung der <a href=\"https:\/\/www.omni-biotic.com\/de-de\/darmgesundheit\/gesundheitszentrale-darm\/darmbakterien\/\">Darmbakterien<\/a><\/strong> negativ. Das Medikament schw\u00e4che nicht nur die bakterielle Abwehr und die Verdauung, sondern beg\u00fcnstige auch die vermehrte Entstehung von nicht gew\u00fcnschten Darmpilzen, erkl\u00e4rt der Dermatologe.<\/p>\t\t\t\t\t\t\t\t<\/div>\n\t\t\t\t<\/div>\n\t\t\t\t<div class=\"elementor-element elementor-element-2475731 elementor-align-left elementor-widget__width-auto elementor-widget elementor-widget-button\" data-id=\"2475731\" data-element_type=\"widget\" data-widget_type=\"button.default\">\n\t\t\t\t<div class=\"elementor-widget-container\">\n\t\t\t\t\t\t\t\t\t<div class=\"elementor-button-wrapper\">\n\t\t\t\t\t<a class=\"elementor-button elementor-button-link elementor-size-sm\" href=\"https:\/\/www.omni-biotic.com\/de-de\/blog\/das-mikrobiom-der-haut\/\">\n\t\t\t\t\t\t<span class=\"elementor-button-content-wrapper\">\n\t\t\t\t\t\t\t\t\t<span class=\"elementor-button-text\">Erfahren Sie mehr \u00fcber das Mikrobiom und die Haut<\/span>\n\t\t\t\t\t<\/span>\n\t\t\t\t\t<\/a>\n\t\t\t\t<\/div>\n\t\t\t\t\t\t\t\t<\/div>\n\t\t\t\t<\/div>\n\t\t\t\t<div class=\"elementor-element elementor-element-b5ed61a elementor-widget elementor-widget-heading\" data-id=\"b5ed61a\" data-element_type=\"widget\" data-widget_type=\"heading.default\">\n\t\t\t\t<div class=\"elementor-widget-container\">\n\t\t\t\t\t<h2 class=\"elementor-heading-title elementor-size-default\">Unter einem kranken Darm leidet die Haut<\/h2>\t\t\t\t<\/div>\n\t\t\t\t<\/div>\n\t\t\t\t<div class=\"elementor-element elementor-element-966c100 elementor-widget elementor-widget-text-editor\" data-id=\"966c100\" data-element_type=\"widget\" data-widget_type=\"text-editor.default\">\n\t\t\t\t<div class=\"elementor-widget-container\">\n\t\t\t\t\t\t\t\t\t<p>In Folge kann es passieren, dass der <strong>Darm wichtige N\u00e4hrstoffe nicht mehr aufnehmen<\/strong> und an den K\u00f6rper weitergeben kann. \u201eDarunter leidet dann der gesamte Organismus, nicht nur die Haut\u201c, sagt Dauer. \u201eJe nachdem, welche N\u00e4hrstoffe nicht in ausreichender Menge aufgenommen werden k\u00f6nnen. Es kann zu<strong> trockener, stumpfer Haut<\/strong> kommen, aber auch zu eingerissenen Mundwinkeln, <strong>Ekzemen<\/strong>, Nagelver\u00e4nderungen mit Aufsplittern der Nagelplatte sowie <strong>Haarausfall<\/strong>.\u201c<\/p>\t\t\t\t\t\t\t\t<\/div>\n\t\t\t\t<\/div>\n\t\t\t\t<div class=\"elementor-element elementor-element-be75453 elementor-widget elementor-widget-image\" data-id=\"be75453\" data-element_type=\"widget\" data-widget_type=\"image.default\">\n\t\t\t\t<div class=\"elementor-widget-container\">\n\t\t\t\t\t\t\t\t\t\t\t\t\t\t\t<img decoding=\"async\" width=\"700\" height=\"500\" src=\"https:\/\/www.omni-biotic.com\/de-de\/wp-content\/uploads\/sites\/10\/2025\/03\/einflussfaktoren-haut.gif\" class=\"attachment-large size-large wp-image-33867\" alt=\"einflussfaktoren auf die haut\" \/>\t\t\t\t\t\t\t\t\t\t\t\t\t\t\t<\/div>\n\t\t\t\t<\/div>\n\t\t\t\t<div class=\"elementor-element elementor-element-84c4435 elementor-widget elementor-widget-heading\" data-id=\"84c4435\" data-element_type=\"widget\" data-widget_type=\"heading.default\">\n\t\t\t\t<div class=\"elementor-widget-container\">\n\t\t\t\t\t<h2 class=\"elementor-heading-title elementor-size-default\">Zucker greift die Darmflora an<\/h2>\t\t\t\t<\/div>\n\t\t\t\t<\/div>\n\t\t\t\t<div class=\"elementor-element elementor-element-62c6b2b elementor-widget elementor-widget-text-editor\" data-id=\"62c6b2b\" data-element_type=\"widget\" data-widget_type=\"text-editor.default\">\n\t\t\t\t<div class=\"elementor-widget-container\">\n\t\t\t\t\t\t\t\t\t<p>Doch nicht nur Antibiotika sind f\u00fcr den Darm eine Belastung. Laut dem Dermatologen geh\u00f6rt auch <strong>Zucker zu den Feinden einer <a href=\"https:\/\/www.omni-biotic.com\/de-de\/darmgesundheit\/gesundheitszentrale-darm\/darmflora\/\">gesunden Darmflora<\/a><\/strong>, da dieser die Nahrungsgrundlage f\u00fcr krankmachende Bakterien und Pilze darstellt. \u201eViel Zucker f\u00fchrt, genau wie Antibiotika, zu einer Ver\u00e4nderung der Darmbesiedlung und auch zu einer <strong>Ver\u00e4nderung der Darmschleimhaut<\/strong>. Dadurch kann der Darm seine Aufgabe nicht mehr richtig erf\u00fcllen und es kommt ebenfalls zu <strong>Hautsch\u00e4den<\/strong>\u201c, sagt Dauer.<\/p><p>Wesentlich problematischer sei allerdings die <strong>direkte Wirkung<\/strong> des Zuckers auf die <strong>Bindegewebsfasern<\/strong> in der Haut: \u201eDieser Vorgang wird Glykation genannt und bezeichnet die <strong>Verzuckerung<\/strong> von Gewebefasern. Zuckerendprodukte, die der K\u00f6rper nicht verstoffwechseln kann, h\u00e4ngen sich an die Fasern der Haut und verklumpen diese\u201c, erkl\u00e4rt der Arzt. <strong>Akne, Falten und Pigmentflecke<\/strong> k\u00f6nnen entstehen.<\/p>\t\t\t\t\t\t\t\t<\/div>\n\t\t\t\t<\/div>\n\t\t\t\t<div class=\"elementor-element elementor-element-532d836 elementor-widget elementor-widget-heading\" data-id=\"532d836\" data-element_type=\"widget\" data-widget_type=\"heading.default\">\n\t\t\t\t<div class=\"elementor-widget-container\">\n\t\t\t\t\t<h2 class=\"elementor-heading-title elementor-size-default\">Giftstoffe im Darm beeinflussen das Hautbild<\/h2>\t\t\t\t<\/div>\n\t\t\t\t<\/div>\n\t\t\t\t<div class=\"elementor-element elementor-element-ff913f9 elementor-widget elementor-widget-text-editor\" data-id=\"ff913f9\" data-element_type=\"widget\" data-widget_type=\"text-editor.default\">\n\t\t\t\t<div class=\"elementor-widget-container\">\n\t\t\t\t\t\t\t\t\t<p>Ein <strong>kranker Darm<\/strong> hat aber nicht nur Probleme mit der Aufnahme wertvoller N\u00e4hrstoffe. Auch <strong>krankmachende Darmbakterien<\/strong> und <strong>Pilze<\/strong> k\u00f6nnen sich vermehren und Giftstoffe produzieren. Diese bringen nicht nur die <strong>Verdauung aus dem Gleichgewicht<\/strong>, sondern k\u00f6nnen auch die Haut beeinflussen. Hautkrankheiten wie <strong>Akne<\/strong>, <strong>Neurodermitis<\/strong> und <strong>Schuppenflechte<\/strong> sowie Allergien werden immer wieder mit einer kranken Darmflora in Verbindung gebracht.<\/p>\t\t\t\t\t\t\t\t<\/div>\n\t\t\t\t<\/div>\n\t\t\t\t<div class=\"elementor-element elementor-element-677bff9 elementor-widget elementor-widget-image\" data-id=\"677bff9\" data-element_type=\"widget\" data-widget_type=\"image.default\">\n\t\t\t\t<div class=\"elementor-widget-container\">\n\t\t\t\t\t\t\t\t\t\t\t\t\t\t\t<img decoding=\"async\" width=\"700\" height=\"500\" src=\"https:\/\/www.omni-biotic.com\/de-de\/wp-content\/uploads\/sites\/10\/2025\/03\/dermatologe-hautprobleme.jpg\" class=\"attachment-large size-large wp-image-33868\" alt=\"dermatologe untersucht haut einer jungen frau\" srcset=\"https:\/\/www.omni-biotic.com\/de-de\/wp-content\/uploads\/sites\/10\/2025\/03\/dermatologe-hautprobleme.jpg 700w, https:\/\/www.omni-biotic.com\/de-de\/wp-content\/uploads\/sites\/10\/2025\/03\/dermatologe-hautprobleme-300x214.jpg 300w\" sizes=\"(max-width: 700px) 100vw, 700px\" \/>\t\t\t\t\t\t\t\t\t\t\t\t\t\t\t<\/div>\n\t\t\t\t<\/div>\n\t\t\t\t<div class=\"elementor-element elementor-element-7deda9c elementor-widget elementor-widget-heading\" data-id=\"7deda9c\" data-element_type=\"widget\" data-widget_type=\"heading.default\">\n\t\t\t\t<div class=\"elementor-widget-container\">\n\t\t\t\t\t<h2 class=\"elementor-heading-title elementor-size-default\">Ursache f\u00fcr Hautprobleme vom Arzt kl\u00e4ren lassen<\/h2>\t\t\t\t<\/div>\n\t\t\t\t<\/div>\n\t\t\t\t<div class=\"elementor-element elementor-element-6ea0dce elementor-widget elementor-widget-text-editor\" data-id=\"6ea0dce\" data-element_type=\"widget\" data-widget_type=\"text-editor.default\">\n\t\t\t\t<div class=\"elementor-widget-container\">\n\t\t\t\t\t\t\t\t\t<p>Doch wie kann man feststellen, ob ein kranker Darm hinter den Hautproblemen steckt? \u201eIn der Dermatologie werden bestimmte <strong>Enzyme und Antik\u00f6rper<\/strong> des <strong>Magen-Darm-Kanals<\/strong> untersucht, die Hinweise auf <strong>Unvertr\u00e4glichkeiten<\/strong> von <strong>Nahrungsmitteln<\/strong> geben\u201c, erkl\u00e4rt der Dermatologe. Dadurch kann der Arzt beispielsweise eine <a href=\"https:\/\/www.omni-biotic.com\/de-de\/blog\/glutenunvertraeglichkeit\/\"><strong>Glutenunvertr\u00e4glichkeit<\/strong><\/a>, eine <a href=\"https:\/\/www.omni-biotic.com\/de-de\/blog\/histaminintoleranz\/\"><strong>Histaminintoleranz<\/strong> <\/a>oder eine <strong>Allergie<\/strong> gegen\u00fcber bestimmten Eiwei\u00dfstoffen in der Nahrung erkennen.<\/p><p>Bei st\u00e4ndigen Hautproblemen ist neben dem Besuch bei einem Hautarzt auch der Gang zu einem <strong>Gastroenterologen<\/strong> ratsam. Ist ein kranker Darm die Ursache f\u00fcr die Beschwerden, greifen Untersuchungs- und Behandlungsma\u00dfnahmen aus der Dermatologie und der Gastroenterologie f\u00fcr die Therapie ineinander.<\/p>\t\t\t\t\t\t\t\t<\/div>\n\t\t\t\t<\/div>\n\t\t\t\t<div class=\"elementor-element elementor-element-5afd229 elementor-widget elementor-widget-text-editor\" data-id=\"5afd229\" data-element_type=\"widget\" data-widget_type=\"text-editor.default\">\n\t\t\t\t<div class=\"elementor-widget-container\">\n\t\t\t\t\t\t\t\t\t<p>QUELLE:\u00a0<a href=\"http:\/\/www.t-online.de\/lifestyle\/gesundheit\/id_78469986\/gestoerte-darmflora-ursachen-symptome-und-tipps.html\" target=\"_blank\" rel=\"noopener\">http:\/\/www.t-online.de\/lifestyle\/gesundheit\/id_78469986\/gestoerte-darmflora-ursachen-symptome-und-tipps.html<\/a><\/p>\t\t\t\t\t\t\t\t<\/div>\n\t\t\t\t<\/div>\n\t\t\t\t\t<\/div>\n\t\t\t\t<\/div>\n\t\t\t\t<\/div>\n\t\t","protected":false},"excerpt":{"rendered":"<p>Ist der Darm krank, l\u00e4sst sich das h\u00e4ufig auch am Hautbild erkennen. Krankheiten wie Akne oder Neurodermitis k\u00f6nnen die Folge sein.<\/p>\n","protected":false},"author":9,"featured_media":33866,"comment_status":"closed","ping_status":"closed","sticky":false,"template":"","format":"standard","meta":{"_acf_changed":false,"inline_featured_image":false,"footnotes":""},"categories":[108,109],"tags":[],"class_list":["post-24621","post","type-post","status-publish","format-standard","has-post-thumbnail","hentry","category-beschwerden-ratgeber","category-neues-aus-der-forschung"],"acf":[],"rank_math":{"og:title":"Kranker Darm = schlechte Haut | Wie h\u00e4ngt das zusammen?","og:desc":"Ist der Darm krank, l\u00e4sst sich das h\u00e4ufig auch am Hautbild erkennen. Krankheiten wie Akne oder Neurodermitis k\u00f6nnen die Folge sein.","og:url":"https:\/\/www.omni-biotic.com\/de-de\/blog\/kranker-darm-schlechte-haut\/","og:locale":"de_DE","og:image":"https:\/\/www.omni-biotic.com\/de-de\/wp-content\/uploads\/sites\/10\/2025\/03\/hautprobleme-junge-frau.jpg","og:image:width":"700","og:image:height":"500"},"additional_data":{"thumbnail":"https:\/\/www.omni-biotic.com\/de-de\/wp-content\/uploads\/sites\/10\/2025\/03\/hautprobleme-junge-frau.jpg"},"blog_info":{"country":"de-de"},"_links":{"self":[{"href":"https:\/\/www.omni-biotic.com\/de-de\/wp-json\/wp\/v2\/posts\/24621","targetHints":{"allow":["GET"]}}],"collection":[{"href":"https:\/\/www.omni-biotic.com\/de-de\/wp-json\/wp\/v2\/posts"}],"about":[{"href":"https:\/\/www.omni-biotic.com\/de-de\/wp-json\/wp\/v2\/types\/post"}],"author":[{"embeddable":true,"href":"https:\/\/www.omni-biotic.com\/de-de\/wp-json\/wp\/v2\/users\/9"}],"replies":[{"embeddable":true,"href":"https:\/\/www.omni-biotic.com\/de-de\/wp-json\/wp\/v2\/comments?post=24621"}],"version-history":[{"count":7,"href":"https:\/\/www.omni-biotic.com\/de-de\/wp-json\/wp\/v2\/posts\/24621\/revisions"}],"predecessor-version":[{"id":37531,"href":"https:\/\/www.omni-biotic.com\/de-de\/wp-json\/wp\/v2\/posts\/24621\/revisions\/37531"}],"wp:featuredmedia":[{"embeddable":true,"href":"https:\/\/www.omni-biotic.com\/de-de\/wp-json\/wp\/v2\/media\/33866"}],"wp:attachment":[{"href":"https:\/\/www.omni-biotic.com\/de-de\/wp-json\/wp\/v2\/media?parent=24621"}],"wp:term":[{"taxonomy":"category","embeddable":true,"href":"https:\/\/www.omni-biotic.com\/de-de\/wp-json\/wp\/v2\/categories?post=24621"},{"taxonomy":"post_tag","embeddable":true,"href":"https:\/\/www.omni-biotic.com\/de-de\/wp-json\/wp\/v2\/tags?post=24621"}],"curies":[{"name":"wp","href":"https:\/\/api.w.org\/{rel}","templated":true}]}}