{"id":24736,"date":"2025-03-12T10:28:01Z","date_gmt":"2025-03-12T09:28:01Z","guid":{"rendered":"https:\/\/www.omni-biotic.com\/de-de\/blog\/hautmikrobiom-und-darmbakterien\/"},"modified":"2025-03-12T14:53:54Z","modified_gmt":"2025-03-12T13:53:54Z","slug":"hautmikrobiom-und-darmbakterien","status":"publish","type":"post","link":"https:\/\/www.omni-biotic.com\/de-de\/blog\/hautmikrobiom-und-darmbakterien\/","title":{"rendered":"Haut-Mikrobiom und Darmbakterien"},"content":{"rendered":"\t\t<div data-elementor-type=\"wp-post\" data-elementor-id=\"24736\" class=\"elementor elementor-24736\" data-elementor-post-type=\"post\">\n\t\t\t\t<div class=\"elementor-element elementor-element-3629c03 obcs none e-flex e-con-boxed e-con e-parent\" data-id=\"3629c03\" data-element_type=\"container\">\n\t\t\t\t\t<div class=\"e-con-inner\">\n\t\t\t\t<div class=\"elementor-element elementor-element-08a9522 elementor-widget elementor-widget-image\" data-id=\"08a9522\" data-element_type=\"widget\" data-widget_type=\"image.default\">\n\t\t\t\t<div class=\"elementor-widget-container\">\n\t\t\t\t\t\t\t\t\t\t\t\t\t\t\t<img fetchpriority=\"high\" decoding=\"async\" width=\"700\" height=\"500\" src=\"https:\/\/www.omni-biotic.com\/de-de\/wp-content\/uploads\/sites\/10\/2024\/11\/haut-mikrobiom-darmbakterien.jpg\" class=\"attachment-large size-large wp-image-33131\" alt=\"Haut-Mikrobiom: Frau mit verschiedenen Hautpartien im Detail\" srcset=\"https:\/\/www.omni-biotic.com\/de-de\/wp-content\/uploads\/sites\/10\/2024\/11\/haut-mikrobiom-darmbakterien.jpg 700w, https:\/\/www.omni-biotic.com\/de-de\/wp-content\/uploads\/sites\/10\/2024\/11\/haut-mikrobiom-darmbakterien-300x214.jpg 300w\" sizes=\"(max-width: 700px) 100vw, 700px\" \/>\t\t\t\t\t\t\t\t\t\t\t\t\t\t\t<\/div>\n\t\t\t\t<\/div>\n\t\t\t\t<div class=\"elementor-element elementor-element-c87547e elementor-widget elementor-widget-heading\" data-id=\"c87547e\" data-element_type=\"widget\" data-widget_type=\"heading.default\">\n\t\t\t\t<div class=\"elementor-widget-container\">\n\t\t\t\t\t<h2 class=\"elementor-heading-title elementor-size-default\">Was ist das Haut-Mikrobiom?<\/h2>\t\t\t\t<\/div>\n\t\t\t\t<\/div>\n\t\t\t\t<div class=\"elementor-element elementor-element-4f3d991 elementor-widget elementor-widget-text-editor\" data-id=\"4f3d991\" data-element_type=\"widget\" data-widget_type=\"text-editor.default\">\n\t\t\t\t<div class=\"elementor-widget-container\">\n\t\t\t\t\t\t\t\t\t<p><em>Prof. Anita Frauwallner: Das Institut Allergosan besch\u00e4ftigt sich haupts\u00e4chlich mit dem Mikrobiom im Verdauungs- und Urogenitaltrakt. Nun meine Frage: Was kann man sich unter dem Mikrobiom der Haut vorstellen?<\/em><\/p>\t\t\t\t\t\t\t\t<\/div>\n\t\t\t\t<\/div>\n\t\t\t\t<div class=\"elementor-element elementor-element-1de8193 elementor-widget elementor-widget-text-editor\" data-id=\"1de8193\" data-element_type=\"widget\" data-widget_type=\"text-editor.default\">\n\t\t\t\t<div class=\"elementor-widget-container\">\n\t\t\t\t\t\t\t\t\t<p><em>Univ.-Prof. Dr. Christine Moissl-Eichinger:<\/em> Die Haut stellt mit <strong>knapp zwei Quadratmetern<\/strong> Oberfl\u00e4che ein <strong>riesiges \u00d6kosystem<\/strong> f\u00fcr <strong>Mikroorganismen<\/strong> dar. Auf ihr leben Bakterien, Archaeen und Viren \u2013 auch Pilze und Milben tummeln sich dort. Es gibt weitaus mehr <strong>Mikroorganismen<\/strong> auf der Haut eines einzelnen Menschen, als es Menschen auf der Erde gibt, n\u00e4mlich ungef\u00e4hr <strong>100<\/strong> <strong>Milliarden<\/strong>. Man geht von etwa <strong>1.000 verschiedenen Mikrobenarten<\/strong> aus, die mit unserer Haut vergesellschaftet sind. Die meisten sitzen auf den <strong>obersten<\/strong> <strong>Schichten<\/strong> der <strong>Epidermis<\/strong> und in den <strong>Haarfollikeln<\/strong>.<\/p><p>Am h\u00e4ufigsten sind die <strong>vier Mikrobengruppen<\/strong> der sogenannten <strong>Actinobacteria<\/strong>, <strong>Proteobacteria<\/strong>, <strong>Firmicutes<\/strong> und <strong>Bacteroidetes<\/strong> vertreten. Das Haut-Mikrobiom als solches unterliegt einer Geographie, d. h. die Zusammensetzung der Mikrobengemeinschaft ist <strong>abh\u00e4ngig<\/strong> von den jeweiligen <strong>lokalen<\/strong> <strong>Gegebenheiten<\/strong>.<\/p><p>Fettige Haut im Gesicht, trockene Haut am Unterarm, feuchte Achseln \u2013 das <strong>Mikrobiom<\/strong> <strong>passt<\/strong> <strong>sich<\/strong> dem <strong>Mikro-\u00d6kosystem an<\/strong>. Insgesamt hat es das Haut-Mikrobiom nicht leicht, da das \u00d6kosystem Haut sehr wandelbar und teilweise extrem ist; die Mikroben m\u00fcssen mit erh\u00f6hten Salzgehalten, niedrigem pH-Wert und Austrocknung gut umgehen k\u00f6nnen.<\/p><p>Generell ist das <strong>Haut-Mikrobiom<\/strong> <strong>sehr individuell<\/strong> zusammengesetzt und unterliegt auch, abh\u00e4ngig von der <strong>K\u00f6rperstelle<\/strong>, teilweise enormen <strong>Schwankungen<\/strong>. Besonders extrem variiert das Mikrobiom an den F\u00fc\u00dfen, an anderen Stellen \u2013 auch an den Handfl\u00e4chen \u2013 ist das Mikrobiom hingegen relativ stabil.<\/p><p>Das Mikrobiom der Haut <strong>steht mit der Umwelt in regem Austausch<\/strong>: Der menschliche K\u00f6rper ist von einer regelrechten \u201eMikrobenwolke\u201c umgeben \u2013 \u00fcber sie k\u00f6nnen Mikroorganismen auf Gegenst\u00e4nde, Menschen, Tiere etc. in unserer Umgebung \u00fcbertragen werden. Dank des spezifischen <strong>Mikrobenmusters<\/strong> kann z. B. auch ein <strong>Handy<\/strong> dem <strong>Besitzer<\/strong> mit sehr <strong>hoher Wahrscheinlichkeit zugeordnet werden.<\/strong><\/p>\t\t\t\t\t\t\t\t<\/div>\n\t\t\t\t<\/div>\n\t\t\t\t<div class=\"elementor-element elementor-element-fad5535 elementor-widget elementor-widget-infobox\" data-id=\"fad5535\" data-element_type=\"widget\" data-widget_type=\"infobox.default\">\n\t\t\t\t<div class=\"elementor-widget-container\">\n\t\t\t\t\t\n<div class=\"li-widgets--infobox blue highlights-always-magenta\">\n\n    <div class=\"li-widgets--infobox__icon\">\n        <i aria-hidden=\"true\" class=\"fas fa-info\"><\/i>    <\/div>\n    <div class=\"li-widgets--infobox__text\">\n        Generell ist das Hautmikrobiom sehr individuell zusammengesetzt und unterliegt auch, abh\u00e4ngig von der K\u00f6rperstelle, teilweise enormen Schwankungen.     <\/div>\n    <div class=\"li-widgets--infobox__text-body\">\n            <\/div>\n\n    \n<\/div>\n\t\t\t\t<\/div>\n\t\t\t\t<\/div>\n\t\t\t\t<div class=\"elementor-element elementor-element-ae425c9 elementor-widget elementor-widget-text-editor\" data-id=\"ae425c9\" data-element_type=\"widget\" data-widget_type=\"text-editor.default\">\n\t\t\t\t<div class=\"elementor-widget-container\">\n\t\t\t\t\t\t\t\t\t<p>Besonders extrem variiert das Mikrobiom an den F\u00fc\u00dfen, an anderen Stellen \u2013 auch an den Handfl\u00e4chen \u2013 ist das Mikrobiom hingegen relativ stabil.<\/p><p>Das Mikrobiom der Haut <strong>steht mit der Umwelt in regem Austausch<\/strong>: Der menschliche K\u00f6rper ist von einer regelrechten \u201eMikrobenwolke\u201c umgeben \u2013 \u00fcber sie k\u00f6nnen Mikroorganismen auf Gegenst\u00e4nde, Menschen, Tiere etc. in unserer Umgebung \u00fcbertragen werden. Dank des spezifischen <strong>Mikrobenmusters<\/strong> kann z. B. auch ein <strong>Handy<\/strong> dem <strong>Besitzer<\/strong> mit sehr <strong>hoher Wahrscheinlichkeit zugeordnet werden.<\/strong><\/p>\t\t\t\t\t\t\t\t<\/div>\n\t\t\t\t<\/div>\n\t\t\t\t\t<\/div>\n\t\t\t\t<\/div>\n\t\t<div class=\"elementor-element elementor-element-b7b42b5 obcs none e-flex e-con-boxed e-con e-parent\" data-id=\"b7b42b5\" data-element_type=\"container\">\n\t\t\t\t\t<div class=\"e-con-inner\">\n\t\t\t\t<div class=\"elementor-element elementor-element-518d54a elementor-widget elementor-widget-heading\" data-id=\"518d54a\" data-element_type=\"widget\" data-widget_type=\"heading.default\">\n\t\t\t\t<div class=\"elementor-widget-container\">\n\t\t\t\t\t<h2 class=\"elementor-heading-title elementor-size-default\">Schutzbarriere der Haut<\/h2>\t\t\t\t<\/div>\n\t\t\t\t<\/div>\n\t\t\t\t<div class=\"elementor-element elementor-element-593d5f7 elementor-widget elementor-widget-image\" data-id=\"593d5f7\" data-element_type=\"widget\" data-widget_type=\"image.default\">\n\t\t\t\t<div class=\"elementor-widget-container\">\n\t\t\t\t\t\t\t\t\t\t\t\t\t\t\t<img decoding=\"async\" width=\"700\" height=\"500\" src=\"https:\/\/www.omni-biotic.com\/de-de\/wp-content\/uploads\/sites\/10\/2024\/11\/haut-schichten-mikrobiom.jpg\" class=\"attachment-large size-large wp-image-33132\" alt=\"Hautschichten als grafische Darstellung\" srcset=\"https:\/\/www.omni-biotic.com\/de-de\/wp-content\/uploads\/sites\/10\/2024\/11\/haut-schichten-mikrobiom.jpg 700w, https:\/\/www.omni-biotic.com\/de-de\/wp-content\/uploads\/sites\/10\/2024\/11\/haut-schichten-mikrobiom-300x214.jpg 300w\" sizes=\"(max-width: 700px) 100vw, 700px\" \/>\t\t\t\t\t\t\t\t\t\t\t\t\t\t\t<\/div>\n\t\t\t\t<\/div>\n\t\t\t\t<div class=\"elementor-element elementor-element-930c353 elementor-widget elementor-widget-text-editor\" data-id=\"930c353\" data-element_type=\"widget\" data-widget_type=\"text-editor.default\">\n\t\t\t\t<div class=\"elementor-widget-container\">\n\t\t\t\t\t\t\t\t\t<p><em>Prof. Anita Frauwallner: Die Darmwand brauchen wir als Dreifachbarriere gegen alles Sch\u00e4dliche, das mit der Nahrung in unseren K\u00f6rper gelangen k\u00f6nnte. Hat es mit der Haut und deren Bakterienbesiedlung eine \u00e4hnliche Bewandtnis?<\/em><\/p>\t\t\t\t\t\t\t\t<\/div>\n\t\t\t\t<\/div>\n\t\t\t\t<div class=\"elementor-element elementor-element-1778fdb elementor-widget elementor-widget-text-editor\" data-id=\"1778fdb\" data-element_type=\"widget\" data-widget_type=\"text-editor.default\">\n\t\t\t\t<div class=\"elementor-widget-container\">\n\t\t\t\t\t\t\t\t\t<p><em>Prof. Moissl-Eichinger<\/em>: Die <strong>Mikroben<\/strong> sind ein wichtiger Faktor bei der <strong>Aufrechterhaltung der Schutzbarriere unserer Haut<\/strong>. Sie <strong>verteidigen<\/strong> uns gegen\u00fcber <strong>Krankheitserregern<\/strong>, f\u00f6rdern den niedrigen pH-Wert der Haut und unterst\u00fctzen unser Immunsystem. Schon fr\u00fch in der Entwicklung lernt das <a href=\"https:\/\/www.omni-biotic.com\/de-de\/blog\/starkes-immunsystem\/\">Immunsystem<\/a>, n\u00fctzliche von pathogenen Mikroorganismen zu unterscheiden. Daf\u00fcr ist der Mikrobenkontakt auch \u00fcber die Haut notwendig.<\/p><p>In <strong>Studien<\/strong> konnte gezeigt werden, dass erwachsene M\u00e4use empfindlich auf Keime reagieren, mit denen sie bislang keinen Kontakt hatten. Wird aber die <strong>Haut<\/strong> von <strong>neugeborenen<\/strong> <strong>M\u00e4usen<\/strong> mit diesen <strong>Mikroben<\/strong> behandelt, <strong>gew\u00f6hnt sich das Immunsystem<\/strong> an die <strong>Mitbewohner<\/strong> und erinnert sich ein Leben lang an sie. Interessanterweise erfolgte dieses Kennenlernen in einem enorm <strong>knappen Zeitfenster<\/strong>, es ist aber lebensl\u00e4nglich ausschlaggebend f\u00fcr die Toleranz.<\/p>\t\t\t\t\t\t\t\t<\/div>\n\t\t\t\t<\/div>\n\t\t\t\t<div class=\"elementor-element elementor-element-79b9f1f elementor-widget elementor-widget-heading\" data-id=\"79b9f1f\" data-element_type=\"widget\" data-widget_type=\"heading.default\">\n\t\t\t\t<div class=\"elementor-widget-container\">\n\t\t\t\t\t<h2 class=\"elementor-heading-title elementor-size-default\">\"Schl\u00fcsselbakterien\" der Haut<\/h2>\t\t\t\t<\/div>\n\t\t\t\t<\/div>\n\t\t\t\t<div class=\"elementor-element elementor-element-d2fd037 elementor-widget elementor-widget-text-editor\" data-id=\"d2fd037\" data-element_type=\"widget\" data-widget_type=\"text-editor.default\">\n\t\t\t\t<div class=\"elementor-widget-container\">\n\t\t\t\t\t\t\t\t\t<p><em>Prof. Anita Frauwallner: Gibt es bestimmte \u201eSchl\u00fcsselbakterien\u201c auf unserer Haut, die eine ganz besondere Rolle spielen, so wie es Leitkeimst\u00e4mme f\u00fcr den Darm gibt?<\/em><\/p>\t\t\t\t\t\t\t\t<\/div>\n\t\t\t\t<\/div>\n\t\t\t\t<div class=\"elementor-element elementor-element-30b9c13 elementor-widget elementor-widget-text-editor\" data-id=\"30b9c13\" data-element_type=\"widget\" data-widget_type=\"text-editor.default\">\n\t\t\t\t<div class=\"elementor-widget-container\">\n\t\t\t\t\t\t\t\t\t<p><em>Prof. Moissl-Eichinger<\/em>: Mikroben wie <strong>Corynebacterium, Propionibacterium und Staphylococcus<\/strong> treten auf der <strong>Haut am h\u00e4ufigsten<\/strong> auf.<\/p><p><strong>Propionibakterien<\/strong> findet man am h\u00e4ufigsten in <strong>fettigeren<\/strong> <strong>Bereichen<\/strong>, w\u00e4hrend <strong>Corynebakterien<\/strong> eher <strong>feuchte<\/strong> <strong>Gebiete<\/strong> bevorzugen. Neben den Bakterien spielen auch andere Mikrobengruppen, vor allem Malassezia (ein lipophiler Pilz), und sogenannte Thaumarchaeota (Archaeen) eine gro\u00dfe Rolle.<\/p><p><strong>Bestimmte Mikroorganismen<\/strong>, darunter einige St\u00e4mme von <em>Propionibacterium acnes<\/em>, k\u00f6nnen <strong>mithilfe antimikrobieller Substanzen<\/strong> andere \u2013 eventuell<strong> pathogene \u2013 Mikroben unterdr\u00fccken<\/strong>. Manche Mikroben wirken wiederum <strong>beruhigend auf das Immunsystem<\/strong>, was z. B. f\u00fcr <em>Staphylococcus epidermidis<\/em> gezeigt wurde.<\/p>\t\t\t\t\t\t\t\t<\/div>\n\t\t\t\t<\/div>\n\t\t\t\t<div class=\"elementor-element elementor-element-4dd50d5 elementor-widget elementor-widget-text-editor\" data-id=\"4dd50d5\" data-element_type=\"widget\" data-widget_type=\"text-editor.default\">\n\t\t\t\t<div class=\"elementor-widget-container\">\n\t\t\t\t\t\t\t\t\t<p><em>Prof. Anita Frauwallner: Gibt es spezielle Themen, die im Moment ganz besonders interessant sind oder von denen wir uns neue Erkenntnisse erwarten k\u00f6nnen?<\/em><\/p>\t\t\t\t\t\t\t\t<\/div>\n\t\t\t\t<\/div>\n\t\t\t\t<div class=\"elementor-element elementor-element-7ad7f80 elementor-widget elementor-widget-text-editor\" data-id=\"7ad7f80\" data-element_type=\"widget\" data-widget_type=\"text-editor.default\">\n\t\t\t\t<div class=\"elementor-widget-container\">\n\t\t\t\t\t\t\t\t\t<p><em>Prof. Moissl-Eichinger<\/em>: Ganz besonders interessieren uns derzeit die angesprochenen Thaumarchaeota, welche zur Mikroorganismen-Gruppe der Archaeen geh\u00f6ren.<\/p><p>Wir konnten zeigen, dass das <strong>Auftreten<\/strong> und die <strong>H\u00e4ufigkeit<\/strong> dieser <strong>Thaumarchaeota<\/strong> vor allem von der <strong>Trockenheit<\/strong> der <strong>Haut<\/strong> und dem <strong>Alter<\/strong> <strong>abh\u00e4ngen<\/strong>: Besonders \u00e4ltere Personen und Kinder, sowie Personen mit sehr trockener Haut tragen diese Mikroorganismen auf der Haut. Jene verrichten wohl einen<strong> wichtigen \u201eAufr\u00e4umdienst\u201c<\/strong>, <strong>verbessern den Haut-pH-Wert<\/strong> und vermutlich sogar den <strong>K\u00f6rpergeruch<\/strong>, da sie <strong>Stickstoffverbindungen<\/strong> <strong>abbauen<\/strong>.<\/p>\t\t\t\t\t\t\t\t<\/div>\n\t\t\t\t<\/div>\n\t\t\t\t\t<\/div>\n\t\t\t\t<\/div>\n\t\t<div class=\"elementor-element elementor-element-ea66eb9 obcs none e-flex e-con-boxed e-con e-parent\" data-id=\"ea66eb9\" data-element_type=\"container\">\n\t\t\t\t\t<div class=\"e-con-inner\">\n\t\t\t\t<div class=\"elementor-element elementor-element-43b7dbe elementor-widget elementor-widget-heading\" data-id=\"43b7dbe\" data-element_type=\"widget\" data-widget_type=\"heading.default\">\n\t\t\t\t<div class=\"elementor-widget-container\">\n\t\t\t\t\t<h2 class=\"elementor-heading-title elementor-size-default\">Welche Faktoren beeinflussen das Haut-Mikrobiom?<\/h2>\t\t\t\t<\/div>\n\t\t\t\t<\/div>\n\t\t\t\t<div class=\"elementor-element elementor-element-c9c296c elementor-widget elementor-widget-image\" data-id=\"c9c296c\" data-element_type=\"widget\" data-widget_type=\"image.default\">\n\t\t\t\t<div class=\"elementor-widget-container\">\n\t\t\t\t\t\t\t\t\t\t\t\t\t\t\t<img decoding=\"async\" width=\"700\" height=\"300\" src=\"https:\/\/www.omni-biotic.com\/de-de\/wp-content\/uploads\/sites\/10\/2024\/11\/hautmikrobiom-faktoren.gif\" class=\"attachment-large size-large wp-image-33133\" alt=\"frau steht vor spiegel und gibt creme ins gesicht\" \/>\t\t\t\t\t\t\t\t\t\t\t\t\t\t\t<\/div>\n\t\t\t\t<\/div>\n\t\t\t\t<div class=\"elementor-element elementor-element-6a215dc elementor-widget elementor-widget-text-editor\" data-id=\"6a215dc\" data-element_type=\"widget\" data-widget_type=\"text-editor.default\">\n\t\t\t\t<div class=\"elementor-widget-container\">\n\t\t\t\t\t\t\t\t\t<p><em>Prof. Anita Frauwallner: Wir wissen heute, dass es nach der Geburt fast drei Jahre dauert, bis das Darm-Mikrobiom stabil aufgebaut ist. Wie sieht das beim Hautmikrobiom aus \u2013 und welche Faktoren beeinflussen es?<\/em><\/p>\t\t\t\t\t\t\t\t<\/div>\n\t\t\t\t<\/div>\n\t\t\t\t<div class=\"elementor-element elementor-element-a70bec0 elementor-widget elementor-widget-text-editor\" data-id=\"a70bec0\" data-element_type=\"widget\" data-widget_type=\"text-editor.default\">\n\t\t\t\t<div class=\"elementor-widget-container\">\n\t\t\t\t\t\t\t\t\t<p><em>Prof. Moissl-Eichinger<\/em>: Das Haut-Mikrobiom ist eine <strong>Mischung<\/strong> aus <strong>vor\u00fcbergehend und dauerhaft angesiedelten Mikroorganismen<\/strong>. Bereits direkt bei und nach der <strong>Geburt<\/strong> werden <strong>Mikroben der Mutter<\/strong>, der Familie und der Umgebung auf die Haut des Neugeborenen \u00fcbertragen: Wird das Kind auf nat\u00fcrlichem Weg geboren, dominieren zun\u00e4chst <a href=\"https:\/\/www.omni-biotic.com\/de-de\/blog\/kind-und-erstbesiedelung-des-darms\/\"><strong>Mikroben der Vagina<\/strong><\/a> auf der Haut, bei Kaiserschnittkindern die Mikroben der Haut von Mutter und Vater. Fr\u00fchgeborene, die zun\u00e4chst in der Intensivstation gepflegt werden m\u00fcssen, \u00fcbernehmen vor\u00fcbergehend das Mikrobiom ihrer (Krankenhaus-)Umgebung.<\/p><p>Das <strong>Haut-Mikrobiom<\/strong> wird von einer <strong>Vielzahl<\/strong> an <strong>Faktoren<\/strong>, etwa von der <strong>Ern\u00e4hrung<\/strong>, dem <strong>Hygieneverhalten<\/strong>, <strong>Alter<\/strong>, <strong>Geschlecht<\/strong>, von <strong>Krankheiten<\/strong> oder der Einnahme von Medikamenten, beeinflusst.<\/p><p>Besonders offensichtlich ist die <strong>St\u00f6rung<\/strong> der <strong>Balance<\/strong> der Haut durch <strong>\u00fcbertriebene Hygiene<\/strong>. In letzter Zeit werden wieder Stimmen laut, die f\u00fcr weniger Hygiene werben. Diese \u201eCleansing Reduction\u201c findet sogar bei vielen Prominenten Anh\u00e4nger: Vorgabe ist, dass nur zweimal pro Woche geduscht wird.<\/p><p>Speziell bei den Hygieneprodukten lohnt sich ein zweiter Blick: Sogenannte <strong>\u201eantibakterielle\u201c Seifen<\/strong> enthalten h\u00e4ufig r<strong>esistenzf\u00f6rdernde Inhaltsstoffe.<\/strong> Bestimmte Inhaltsstoffe wurden in den USA bereits verboten. Das ist gut so, denn eine <strong>gew\u00f6hnliche Seife reicht<\/strong> f\u00fcr die normale Hygiene v\u00f6llig aus.<\/p>\t\t\t\t\t\t\t\t<\/div>\n\t\t\t\t<\/div>\n\t\t\t\t\t<\/div>\n\t\t\t\t<\/div>\n\t\t<div class=\"elementor-element elementor-element-976ea57 obcs none e-flex e-con-boxed e-con e-parent\" data-id=\"976ea57\" data-element_type=\"container\">\n\t\t\t\t\t<div class=\"e-con-inner\">\n\t\t\t\t<div class=\"elementor-element elementor-element-e6abd5f elementor-widget elementor-widget-heading\" data-id=\"e6abd5f\" data-element_type=\"widget\" data-widget_type=\"heading.default\">\n\t\t\t\t<div class=\"elementor-widget-container\">\n\t\t\t\t\t<h2 class=\"elementor-heading-title elementor-size-default\">Zusammenhang zwischen Haut-Mikrobiom und Darm-Mikrobiom<\/h2>\t\t\t\t<\/div>\n\t\t\t\t<\/div>\n\t\t\t\t<div class=\"elementor-element elementor-element-e9f9853 elementor-widget elementor-widget-text-editor\" data-id=\"e9f9853\" data-element_type=\"widget\" data-widget_type=\"text-editor.default\">\n\t\t\t\t<div class=\"elementor-widget-container\">\n\t\t\t\t\t\t\t\t\t<p><em>Prof. Anita Frauwallner: Und jetzt nat\u00fcrlich die spannendste Frage: Wie h\u00e4ngt das Hautmikrobiom mit unserer bakteriellen Besiedlung im Darm zusammen?<\/em><\/p>\t\t\t\t\t\t\t\t<\/div>\n\t\t\t\t<\/div>\n\t\t\t\t<div class=\"elementor-element elementor-element-9905952 elementor-widget elementor-widget-text-editor\" data-id=\"9905952\" data-element_type=\"widget\" data-widget_type=\"text-editor.default\">\n\t\t\t\t<div class=\"elementor-widget-container\">\n\t\t\t\t\t\t\t\t\t<p><em>Prof. Moissl-Eichinger<\/em>: Man vermutet, dass die <strong>Hautgesundheit \u00fcber das Immunsystem<\/strong> mit dem <strong><a href=\"https:\/\/www.omni-biotic.com\/de-de\/darmgesundheit\/gesundheitszentrale-darm\/darmmikrobiom\/\">Darm-Mikrobiom<\/a><\/strong> in Zusammenhang steht. So wurde eine <strong>geringe Diversit\u00e4t<\/strong> (= Vielfalt) des kindlichen Darmmikrobioms mit der Entwicklung von <strong>Neurodermitis<\/strong> im sp\u00e4teren Leben in Verbindung gebracht. Zudem hat ein gro\u00dfer Prozentsatz von Patienten mit <strong>entz\u00fcndlichen<\/strong> <strong>Darmerkrankungen<\/strong> zus\u00e4tzlich <strong>Probleme<\/strong> mit der <strong>Haut<\/strong>; das <strong>Immunsystem<\/strong> ist wahrscheinlich auch daran <strong>beteiligt<\/strong>.<\/p><p>Vermutlich muss das Immunsystem sehr fr\u00fch in der kindlichen Entwicklung mit einer Vielzahl von Mikroben in Kontakt kommen, um n\u00fctzliche von krankmachenden Mikroben ein Leben lang unterscheiden zu k\u00f6nnen.<\/p>\t\t\t\t\t\t\t\t<\/div>\n\t\t\t\t<\/div>\n\t\t\t\t\t<\/div>\n\t\t\t\t<\/div>\n\t\t<div class=\"elementor-element elementor-element-9e76773 obcs none e-flex e-con-boxed e-con e-parent\" data-id=\"9e76773\" data-element_type=\"container\">\n\t\t\t\t\t<div class=\"e-con-inner\">\n\t\t\t\t<div class=\"elementor-element elementor-element-669ae69 elementor-widget elementor-widget-image\" data-id=\"669ae69\" data-element_type=\"widget\" data-widget_type=\"image.default\">\n\t\t\t\t<div class=\"elementor-widget-container\">\n\t\t\t\t\t\t\t\t\t\t\t\t\t\t\t<img loading=\"lazy\" decoding=\"async\" width=\"700\" height=\"500\" src=\"https:\/\/www.omni-biotic.com\/de-de\/wp-content\/uploads\/sites\/10\/2024\/11\/hautprobleme-maedchen.jpg\" class=\"attachment-large size-large wp-image-33134\" alt=\"Hautprobleme - M\u00e4dchen schmiert sich Creme ins Gesicht\" srcset=\"https:\/\/www.omni-biotic.com\/de-de\/wp-content\/uploads\/sites\/10\/2024\/11\/hautprobleme-maedchen.jpg 700w, https:\/\/www.omni-biotic.com\/de-de\/wp-content\/uploads\/sites\/10\/2024\/11\/hautprobleme-maedchen-300x214.jpg 300w\" sizes=\"(max-width: 700px) 100vw, 700px\" \/>\t\t\t\t\t\t\t\t\t\t\t\t\t\t\t<\/div>\n\t\t\t\t<\/div>\n\t\t\t\t<div class=\"elementor-element elementor-element-279dbfb elementor-widget elementor-widget-text-editor\" data-id=\"279dbfb\" data-element_type=\"widget\" data-widget_type=\"text-editor.default\">\n\t\t\t\t<div class=\"elementor-widget-container\">\n\t\t\t\t\t\t\t\t\t<p><em>Prof. Anita Frauwallner: Immer mehr Menschen leiden unter Hautproblemen. Kann man heute also sagen, dass bei vielen Menschen das Hautmikrobiom aus dem Gleichgewicht geraten ist? Und wodurch passiert dies? Welche Krankheiten k\u00f6nnen damit in Verbindung stehen?<\/em><\/p>\t\t\t\t\t\t\t\t<\/div>\n\t\t\t\t<\/div>\n\t\t\t\t<div class=\"elementor-element elementor-element-10d5bca elementor-widget elementor-widget-text-editor\" data-id=\"10d5bca\" data-element_type=\"widget\" data-widget_type=\"text-editor.default\">\n\t\t\t\t<div class=\"elementor-widget-container\">\n\t\t\t\t\t\t\t\t\t<p><em>Prof. Moissl-Eichinger<\/em>: <strong>Alterung, Ern\u00e4hrung, Kleidung, Kosmetik, UV-Strahlung<\/strong> und <strong>Hygienema\u00dfnahmen<\/strong> beeinflussen das Haut-Mikrobiom. Aber auch durch Wechselwirkungen der menschlichen mit den mikrobiellen Zellen wird die Zusammensetzung der Mikrobengemeinschaft reguliert. Ist die <strong>normale Funktion des Immunsystems gest\u00f6rt<\/strong>, kommt es h\u00e4ufig zu einer Entgleisung des Mikrobioms. Dies ist z. B. bei <strong>Psoriasis<\/strong> oder <strong>Neurodermitis<\/strong> der Fall.<\/p><p>Lange hat man angenommen, dass <em>Propionibacterium acne<\/em> Akne ausl\u00f6sen w\u00fcrde. Interessanterweise tragen erkrankte Personen aber etwa gleich viele dieser Mikroben auf der Haut wie gesunde. Es scheint also doch einen kleinen, feineren Unterschied zu geben, der evtl. auf der Ebene der Funktion der Mikroben zu finden ist (auch nah verwandte Mikroorganismen k\u00f6nnen durchaus verschiedene Funktionen \u00fcbernehmen).<\/p><p>Formen der <strong>Rosacea-Erkrankungen<\/strong> gehen mit einer <strong>Erh\u00f6hung<\/strong> von <strong>Demodex<\/strong>, sogenannten <strong>Haarbalgmilben<\/strong>, einher. Diese Milben besitzen ein eigenes Mikrobiom, das wiederum <strong>Entz\u00fcndungen<\/strong> der menschlichen Haut hervorruft.<\/p><p><strong>Neurodermitis-Erkrankungen<\/strong> wurden mit einer Kolonisierung durch <strong><em>Staphylococcus aureus<\/em><\/strong> in Verbindung gebracht, zudem reduziert sich die Diversit\u00e4t der vorhandenen Mikroben deutlich.<\/p><p><strong>Psoriasis<\/strong> ist durch eine <strong>extrem trockene Haut<\/strong> gekennzeichnet. Es wird vermutet, dass Psoriasis \u2013 \u00e4hnlich wie Morbus Crohn \u2013 durch ein <strong>Problem des Immunsystems<\/strong> bzgl. der Toleranz gegen\u00fcber Mikroben hervorgerufen wird. Allerdings ist nicht ganz klar, welche Mikroorganismen hier genau beteiligt sind, da die Psoriasis-Hautstellen die normale Hautmikrobenzusammensetzung besitzen, jedoch steigt dabei die Anzahl der Mikroben.<\/p>\t\t\t\t\t\t\t\t<\/div>\n\t\t\t\t<\/div>\n\t\t\t\t\t<\/div>\n\t\t\t\t<\/div>\n\t\t<div class=\"elementor-element elementor-element-f17830a obcs none e-flex e-con-boxed e-con e-parent\" data-id=\"f17830a\" data-element_type=\"container\">\n\t\t\t\t\t<div class=\"e-con-inner\">\n\t\t\t\t<div class=\"elementor-element elementor-element-e2fc574 elementor-widget elementor-widget-heading\" data-id=\"e2fc574\" data-element_type=\"widget\" data-widget_type=\"heading.default\">\n\t\t\t\t<div class=\"elementor-widget-container\">\n\t\t\t\t\t<h2 class=\"elementor-heading-title elementor-size-default\">Probiotika und Haut-Mikrobiom<\/h2>\t\t\t\t<\/div>\n\t\t\t\t<\/div>\n\t\t\t\t<div class=\"elementor-element elementor-element-2235786 elementor-widget elementor-widget-text-editor\" data-id=\"2235786\" data-element_type=\"widget\" data-widget_type=\"text-editor.default\">\n\t\t\t\t<div class=\"elementor-widget-container\">\n\t\t\t\t\t\t\t\t\t<p><em>Prof. Anita Frauwallner: Gibt es schon erste Erfahrungen in Bezug auf die Frage, welchen Einfluss Probiotika \u00fcber den Darm auf das Hautmikrobiom haben k\u00f6nnen? Bei welchen Hautver\u00e4nderungen zeigen sich hier bereits erste Erfolge?<\/em><\/p>\t\t\t\t\t\t\t\t<\/div>\n\t\t\t\t<\/div>\n\t\t\t\t<div class=\"elementor-element elementor-element-e142744 elementor-widget elementor-widget-text-editor\" data-id=\"e142744\" data-element_type=\"widget\" data-widget_type=\"text-editor.default\">\n\t\t\t\t<div class=\"elementor-widget-container\">\n\t\t\t\t\t\t\t\t\t<p><em>Prof. Moissl-Eichinger<\/em>: Einige Erfahrungen gibt es bereits. Insbesondere bei <strong>Ekzemen und Psoriasis<\/strong>, also bei Schuppenflechte, lie\u00dfen sich schon <strong>positive Wirkungen von <a href=\"https:\/\/www.omni-biotic.com\/de-de\/darmgesundheit\/gesundheitszentrale-darm\/probiotika\/\">Probiotika<\/a><\/strong> feststellen \u2013 indirekt \u00fcber den Darm.<\/p><p>Auch die fr\u00fchzeitige Einnahme von Probiotika bei Kindern hatte positive Effekte auf die sp\u00e4tere Entwicklung von Ekzemen. Hier sollte die Forschung unbedingt vorangetrieben werden \u2013 einerseits in Hinblick auf die Diagnose der Hautkrankheit, andererseits bez\u00fcglich der Therapie mittels Probiotika oder <a href=\"https:\/\/www.omni-biotic.com\/de-de\/darmgesundheit\/gesundheitszentrale-darm\/praebiotika\/\">Pr\u00e4biotika<\/a>.<\/p><p>Ein <strong>m\u00f6glicher Kandidat f\u00fcr eine probiotische Anwendung<\/strong> ist <strong><em>Staphylococcus epidermidis<\/em><\/strong>. Succinat, ein Fermentationsprodukt von <em>Staphylococcus epidermidis<\/em>, kann das Wachstum von <em>Propionibacterium acnes<\/em> unterdr\u00fccken. Interessanterweise k\u00f6nnte <em>Propionibacterium acnes<\/em> eingesetzt werden, um z. B. antibiotikaresistente Staphylokokken-St\u00e4mme zu unterdr\u00fccken, was etwa f\u00fcr den methicillinresistenten Keim \u201eUSA300\u201c, der t\u00f6dliche Lungenentz\u00fcndungen hervorrufen kann, nachgewiesen wurde.<\/p><p>In solchen F\u00e4llen w\u00e4re es nat\u00fcrlich <strong>weitaus sinnvoller<\/strong>, mit <strong>Probiotika<\/strong> <strong>gegen<\/strong> den <strong>Keim<\/strong> <strong>vorzugehen<\/strong>, als ihn durch die Gabe weiterer Antibiotika noch st\u00e4rker zu machen.<\/p>\t\t\t\t\t\t\t\t<\/div>\n\t\t\t\t<\/div>\n\t\t\t\t\t<\/div>\n\t\t\t\t<\/div>\n\t\t<div class=\"elementor-element elementor-element-158fc0d obcs none e-flex e-con-boxed e-con e-parent\" data-id=\"158fc0d\" data-element_type=\"container\">\n\t\t\t\t\t<div class=\"e-con-inner\">\n\t\t\t\t<div class=\"elementor-element elementor-element-e517f8d elementor-widget elementor-widget-heading\" data-id=\"e517f8d\" data-element_type=\"widget\" data-widget_type=\"heading.default\">\n\t\t\t\t<div class=\"elementor-widget-container\">\n\t\t\t\t\t<h2 class=\"elementor-heading-title elementor-size-default\">Cremes mit probiotischen Bakterien<\/h2>\t\t\t\t<\/div>\n\t\t\t\t<\/div>\n\t\t\t\t<div class=\"elementor-element elementor-element-960d96c elementor-widget elementor-widget-image\" data-id=\"960d96c\" data-element_type=\"widget\" data-widget_type=\"image.default\">\n\t\t\t\t<div class=\"elementor-widget-container\">\n\t\t\t\t\t\t\t\t\t\t\t\t\t\t\t<img loading=\"lazy\" decoding=\"async\" width=\"700\" height=\"300\" src=\"https:\/\/www.omni-biotic.com\/de-de\/wp-content\/uploads\/sites\/10\/2024\/11\/probiotische-creme.jpg\" class=\"attachment-large size-large wp-image-33135\" alt=\"probiotische creme\" srcset=\"https:\/\/www.omni-biotic.com\/de-de\/wp-content\/uploads\/sites\/10\/2024\/11\/probiotische-creme.jpg 700w, https:\/\/www.omni-biotic.com\/de-de\/wp-content\/uploads\/sites\/10\/2024\/11\/probiotische-creme-300x129.jpg 300w\" sizes=\"(max-width: 700px) 100vw, 700px\" \/>\t\t\t\t\t\t\t\t\t\t\t\t\t\t\t<\/div>\n\t\t\t\t<\/div>\n\t\t\t\t<div class=\"elementor-element elementor-element-35ec068 elementor-widget elementor-widget-text-editor\" data-id=\"35ec068\" data-element_type=\"widget\" data-widget_type=\"text-editor.default\">\n\t\t\t\t<div class=\"elementor-widget-container\">\n\t\t\t\t\t\t\t\t\t<p><em>Prof. Anita Frauwallner: Was ist von Cremes mit probiotischen Bakterien zu halten? Diese sind im Normalfall nicht lebend \u2013 haben sie trotzdem einen Effekt?<\/em><\/p>\t\t\t\t\t\t\t\t<\/div>\n\t\t\t\t<\/div>\n\t\t\t\t<div class=\"elementor-element elementor-element-7da369b elementor-widget elementor-widget-text-editor\" data-id=\"7da369b\" data-element_type=\"widget\" data-widget_type=\"text-editor.default\">\n\t\t\t\t<div class=\"elementor-widget-container\">\n\t\t\t\t\t\t\t\t\t<p><em>Prof. Moissl-Eichinger<\/em>: Es w\u00e4re nat\u00fcrlich absolut <strong>w\u00fcnschenswert<\/strong>, die hilfreichen <strong>Bakterien<\/strong> <strong>direkt<\/strong> auf die <strong>Haut auftragen zu k\u00f6nnen<\/strong>. Einige<strong> wenige solcher Produkte<\/strong> sind bereits auf dem Markt. Unter anderem werden Fl\u00fcssigkeiten mit lebenden Mikroben angeboten, welche K\u00f6rperger\u00fcche verringern sollen.<\/p><p>Dem zugrunde liegt die Annahme, dass <strong>Probiotika<\/strong> die <strong>Hautbarriere<\/strong> <strong>st\u00e4rken<\/strong>, die <strong>Feuchtigkeit<\/strong> <strong>erh\u00f6hen<\/strong>, vor <strong>UV-Strahlen<\/strong> sch\u00fctzen und damit der <strong>Hautalterung<\/strong> <strong>entgegenwirken<\/strong>, was teilweise auch schon zu gelingen scheint. Insbesondere bei <strong>Rosacea oder Akne<\/strong> wurde bereits \u00fcber positive Wirkungen berichtet.<\/p><p>Interessanterweise scheinen auch Zell-Lysate, d. h. Bestandteile von Zellen, eine regulierende Wirkung zu haben. Der <strong>Einsatz von Pr\u00e4biotika<\/strong> wird ebenfalls untersucht. Aber vielleicht machen wir uns die Wirkung von Pr\u00e4biotika bereits zunutze: So vermuten wir, dass der zugesetzte Harnstoff in Hautcremes als Stickstoffquelle f\u00fcr spezielle Mikroben dient und daher ihre Aktivit\u00e4t unterst\u00fctzt.\u00a0Experten sind sich allerdings dar\u00fcber einig, dass hier <strong>wesentlich mehr geforscht werden muss.<\/strong><\/p>\t\t\t\t\t\t\t\t<\/div>\n\t\t\t\t<\/div>\n\t\t\t\t\t<\/div>\n\t\t\t\t<\/div>\n\t\t<div class=\"elementor-element elementor-element-654041c obcs none e-flex e-con-boxed e-con e-parent\" data-id=\"654041c\" data-element_type=\"container\">\n\t\t\t\t\t<div class=\"e-con-inner\">\n\t\t\t\t<div class=\"elementor-element elementor-element-2ccea36 elementor-widget elementor-widget-text-editor\" data-id=\"2ccea36\" data-element_type=\"widget\" data-widget_type=\"text-editor.default\">\n\t\t\t\t<div class=\"elementor-widget-container\">\n\t\t\t\t\t\t\t\t\t<p><em>Prof. Anita Frauwallner: Ganz interessant ist auch, dass man das Hautmikrobiom \u201etransplantieren\u201c kann. Wie darf man sich das vorstellen und bei welchen Krankheitsbildern kommt diese Methode zum Einsatz? Welche Resultate kann man damit erzielen?<\/em><\/p>\t\t\t\t\t\t\t\t<\/div>\n\t\t\t\t<\/div>\n\t\t\t\t<div class=\"elementor-element elementor-element-ddc30f2 elementor-widget elementor-widget-text-editor\" data-id=\"ddc30f2\" data-element_type=\"widget\" data-widget_type=\"text-editor.default\">\n\t\t\t\t<div class=\"elementor-widget-container\">\n\t\t\t\t\t\t\t\t\t<p><em>Prof. Moissl-Eichinger<\/em>: Leider <strong>beschr\u00e4nken<\/strong> sich die bisherigen ernstzunehmenden Untersuchungen auf <strong>Mausmodelle<\/strong>. In diesen Versuchen wurden Mikroben, die von gesunder Haut isoliert wurden, auf die erkrankte Haut von M\u00e4usen mit Neurodermitis aufgebracht. Erstaunlicherweise zeigte sich bei den Tests mit den Mikroben von <strong>gesunder<\/strong> <strong>Haut<\/strong> tats\u00e4chlich eine <strong>deutliche<\/strong> <strong>Verbesserung<\/strong> der <strong>Situation<\/strong>. \u00c4hnliches Vorgehen w\u00e4re auch beim Menschen denkbar, und die <strong>Hoffnung<\/strong> ist gro\u00df, dass dieses Verfahren eventuell <strong>\u00e4hnlich<\/strong> funktioniert wie die <strong>Stuhltransplantation<\/strong>. Bei dieser wird speziell aufbereiteter Stuhl von gesunden auf kranke Patienten \u00fcbertragen.<\/p>\t\t\t\t\t\t\t\t<\/div>\n\t\t\t\t<\/div>\n\t\t\t\t\t<\/div>\n\t\t\t\t<\/div>\n\t\t<div class=\"elementor-element elementor-element-de14fa4 obcs none e-flex e-con-boxed e-con e-parent\" data-id=\"de14fa4\" data-element_type=\"container\">\n\t\t\t\t\t<div class=\"e-con-inner\">\n\t\t\t\t<div class=\"elementor-element elementor-element-d9a8f04 elementor-widget elementor-widget-text-editor\" data-id=\"d9a8f04\" data-element_type=\"widget\" data-widget_type=\"text-editor.default\">\n\t\t\t\t<div class=\"elementor-widget-container\">\n\t\t\t\t\t\t\t\t\t<p><em>Prof. Anita Frauwallner: Was versprechen Sie sich von der probiotischen Medizin f\u00fcr das Hautmikrobiom?<\/em><\/p>\t\t\t\t\t\t\t\t<\/div>\n\t\t\t\t<\/div>\n\t\t\t\t<div class=\"elementor-element elementor-element-be7ad17 elementor-widget elementor-widget-text-editor\" data-id=\"be7ad17\" data-element_type=\"widget\" data-widget_type=\"text-editor.default\">\n\t\t\t\t<div class=\"elementor-widget-container\">\n\t\t\t\t\t\t\t\t\t<p><em>Prof. Moissl-Eichinger<\/em>: <strong>Pr\u00e4- und Probiotika<\/strong>, die geschickt, vielleicht sogar <strong>individuell ausgew\u00e4hlt<\/strong> werden, haben ein <strong>enorm gro\u00dfes Potential<\/strong>, vielen Hautpatientinnen und -patienten zu helfen. Beide stellen eine echte Alternative dar, allerdings ist noch viel Forschung notwendig.<\/p>\t\t\t\t\t\t\t\t<\/div>\n\t\t\t\t<\/div>\n\t\t\t\t\t<\/div>\n\t\t\t\t<\/div>\n\t\t<div class=\"elementor-element elementor-element-30ab179 obcs none e-flex e-con-boxed e-con e-parent\" data-id=\"30ab179\" data-element_type=\"container\">\n\t\t\t\t\t<div class=\"e-con-inner\">\n\t\t\t\t<div class=\"elementor-element elementor-element-46725e6 elementor-widget elementor-widget-li-widgets--author-quote\" data-id=\"46725e6\" data-element_type=\"widget\" data-widget_type=\"li-widgets--author-quote.default\">\n\t\t\t\t<div class=\"elementor-widget-container\">\n\t\t\t\t\t<div class=\"li-widgets--author-quote blue\">\n        <div class=\"li-widgets--author-quote__content\">\n        <div class=\"li-widgets--author-quote__author\">\n            Univ.-Prof. Dr. Christine Moissl-Eichinger im Portr\u00e4t                    <\/div>\n        <div class=\"li-widgets--author-quote__text\">\n            Univ.-Prof. Dr. Christine Moissl-Eichinger leitet das Zentrum f\u00fcr Mikrobiomforschung an der Medizinischen Universit\u00e4t Graz. Erst k\u00fcrzlich entdeckte sie einen \u201eWundverband\u201c aus Mikroben, der zur Erzeugung von neuem Gewebe gen\u00fctzt werden k\u00f6nnte.        <\/div>\n            <\/div>\n    <\/div>\n\t\t\t\t<\/div>\n\t\t\t\t<\/div>\n\t\t\t\t\t<\/div>\n\t\t\t\t<\/div>\n\t\t\t\t<\/div>\n\t\t","protected":false},"excerpt":{"rendered":"<p>Die Bedeutung unserer Bakterien im Darm ist bereits vielen bekannt \u2013 deutlich weniger Menschen ist jedoch bewusst, dass sich auch auf unserer Haut reges Leben tummelt. Prof. Anita Frauwallner interviewt dazu Univ.-Prof. Dr. Christine Moissl-Eichinger* vom Zentrum f\u00fcr Mikrobiomforschung der Medizinischen Universit\u00e4t Graz. Die Expertin erkl\u00e4rt nicht nur die Aufgaben unseres Hautmikrobioms, sondern auch seinen Zusammenhang mit unseren Darmbakterien.<\/p>\n","protected":false},"author":9,"featured_media":33131,"comment_status":"closed","ping_status":"closed","sticky":false,"template":"","format":"standard","meta":{"_acf_changed":false,"inline_featured_image":false,"footnotes":""},"categories":[108,112,109],"tags":[],"class_list":["post-24736","post","type-post","status-publish","format-standard","has-post-thumbnail","hentry","category-beschwerden-ratgeber","category-institut-allergosan","category-neues-aus-der-forschung"],"acf":[],"rank_math":{"og:title":"Wie h\u00e4ngen Haut-Mikrobiom und Darmbakterien zusammen?","og:desc":"Die Bedeutung unserer Bakterien im Darm ist bereits vielen bekannt - auch die Haut spiegelt sich in einem gesunden Darm wider.","og:url":"https:\/\/www.omni-biotic.com\/de-de\/blog\/hautmikrobiom-und-darmbakterien\/","og:locale":"de_DE","og:image":"https:\/\/www.omni-biotic.com\/de-de\/wp-content\/uploads\/sites\/10\/2024\/11\/haut-mikrobiom-darmbakterien.jpg","og:image:width":"700","og:image:height":"500"},"additional_data":{"thumbnail":"https:\/\/www.omni-biotic.com\/de-de\/wp-content\/uploads\/sites\/10\/2024\/11\/haut-mikrobiom-darmbakterien.jpg"},"blog_info":{"country":"de-de"},"_links":{"self":[{"href":"https:\/\/www.omni-biotic.com\/de-de\/wp-json\/wp\/v2\/posts\/24736","targetHints":{"allow":["GET"]}}],"collection":[{"href":"https:\/\/www.omni-biotic.com\/de-de\/wp-json\/wp\/v2\/posts"}],"about":[{"href":"https:\/\/www.omni-biotic.com\/de-de\/wp-json\/wp\/v2\/types\/post"}],"author":[{"embeddable":true,"href":"https:\/\/www.omni-biotic.com\/de-de\/wp-json\/wp\/v2\/users\/9"}],"replies":[{"embeddable":true,"href":"https:\/\/www.omni-biotic.com\/de-de\/wp-json\/wp\/v2\/comments?post=24736"}],"version-history":[{"count":7,"href":"https:\/\/www.omni-biotic.com\/de-de\/wp-json\/wp\/v2\/posts\/24736\/revisions"}],"predecessor-version":[{"id":33906,"href":"https:\/\/www.omni-biotic.com\/de-de\/wp-json\/wp\/v2\/posts\/24736\/revisions\/33906"}],"wp:featuredmedia":[{"embeddable":true,"href":"https:\/\/www.omni-biotic.com\/de-de\/wp-json\/wp\/v2\/media\/33131"}],"wp:attachment":[{"href":"https:\/\/www.omni-biotic.com\/de-de\/wp-json\/wp\/v2\/media?parent=24736"}],"wp:term":[{"taxonomy":"category","embeddable":true,"href":"https:\/\/www.omni-biotic.com\/de-de\/wp-json\/wp\/v2\/categories?post=24736"},{"taxonomy":"post_tag","embeddable":true,"href":"https:\/\/www.omni-biotic.com\/de-de\/wp-json\/wp\/v2\/tags?post=24736"}],"curies":[{"name":"wp","href":"https:\/\/api.w.org\/{rel}","templated":true}]}}