{"id":24763,"date":"2020-03-11T10:49:56Z","date_gmt":"2020-03-11T09:49:56Z","guid":{"rendered":"https:\/\/www.omni-biotic.com\/de-de\/blog\/mikrobiom-und-depression\/"},"modified":"2023-12-12T11:27:02Z","modified_gmt":"2023-12-12T10:27:02Z","slug":"mikrobiom-und-depression","status":"publish","type":"post","link":"https:\/\/www.omni-biotic.com\/de-de\/blog\/mikrobiom-und-depression\/","title":{"rendered":"Mikrobiom und Depression"},"content":{"rendered":"","protected":false},"excerpt":{"rendered":"<p>Wie h\u00e4ngt der Darm mit unserer Gef\u00fchlswelt zusammen? Welchen Einfluss hat das Mikrobiom auf psychische Erkrankungen \u2013 und welche Rolle spielen Probiotika?<\/p>\n","protected":false},"author":9,"featured_media":24764,"comment_status":"closed","ping_status":"closed","sticky":false,"template":"","format":"standard","meta":{"_acf_changed":false,"inline_featured_image":false,"footnotes":""},"categories":[108,112,109],"tags":[],"class_list":["post-24763","post","type-post","status-publish","format-standard","has-post-thumbnail","hentry","category-beschwerden-ratgeber","category-institut-allergosan","category-neues-aus-der-forschung"],"acf":[],"rank_math":{"og:title":"Mikrobiom und Depression | Wie h\u00e4ngt das zusammen?","og:desc":"Die Darmflora h\u00e4ngt eng mit unserer Gef\u00fchlswelt zusammen. Denn das Mikrobiom kann Einfluss auf psychische Erkrankungen haben. Welche Rolle spielen Probiotika dabei?","og:url":"https:\/\/www.omni-biotic.com\/de-de\/blog\/mikrobiom-und-depression\/","og:locale":"de_DE","og:image":"https:\/\/www.omni-biotic.com\/de-de\/wp-content\/uploads\/sites\/10\/2023\/09\/depressionen-und-mikrobiom-1-2.jpg","og:image:width":"1500","og:image:height":"1000"},"additional_data":{"thumbnail":"https:\/\/www.omni-biotic.com\/de-de\/wp-content\/uploads\/sites\/10\/2023\/09\/depressionen-und-mikrobiom-1-2.jpg"},"blog_info":{"country":"de-de"},"_links":{"self":[{"href":"https:\/\/www.omni-biotic.com\/de-de\/wp-json\/wp\/v2\/posts\/24763","targetHints":{"allow":["GET"]}}],"collection":[{"href":"https:\/\/www.omni-biotic.com\/de-de\/wp-json\/wp\/v2\/posts"}],"about":[{"href":"https:\/\/www.omni-biotic.com\/de-de\/wp-json\/wp\/v2\/types\/post"}],"author":[{"embeddable":true,"href":"https:\/\/www.omni-biotic.com\/de-de\/wp-json\/wp\/v2\/users\/9"}],"replies":[{"embeddable":true,"href":"https:\/\/www.omni-biotic.com\/de-de\/wp-json\/wp\/v2\/comments?post=24763"}],"version-history":[{"count":1,"href":"https:\/\/www.omni-biotic.com\/de-de\/wp-json\/wp\/v2\/posts\/24763\/revisions"}],"predecessor-version":[{"id":27097,"href":"https:\/\/www.omni-biotic.com\/de-de\/wp-json\/wp\/v2\/posts\/24763\/revisions\/27097"}],"wp:featuredmedia":[{"embeddable":true,"href":"https:\/\/www.omni-biotic.com\/de-de\/wp-json\/wp\/v2\/media\/24764"}],"wp:attachment":[{"href":"https:\/\/www.omni-biotic.com\/de-de\/wp-json\/wp\/v2\/media?parent=24763"}],"wp:term":[{"taxonomy":"category","embeddable":true,"href":"https:\/\/www.omni-biotic.com\/de-de\/wp-json\/wp\/v2\/categories?post=24763"},{"taxonomy":"post_tag","embeddable":true,"href":"https:\/\/www.omni-biotic.com\/de-de\/wp-json\/wp\/v2\/tags?post=24763"}],"curies":[{"name":"wp","href":"https:\/\/api.w.org\/{rel}","templated":true}]}}