{"id":25082,"date":"2023-02-01T11:09:21Z","date_gmt":"2023-02-01T10:09:21Z","guid":{"rendered":"https:\/\/www.omni-biotic.com\/de-de\/blog\/krebs-chemotherapie-und-mikrobiom\/"},"modified":"2024-10-22T13:15:25Z","modified_gmt":"2024-10-22T11:15:25Z","slug":"krebs-chemotherapie-und-mikrobiom","status":"publish","type":"post","link":"https:\/\/www.omni-biotic.com\/de-de\/blog\/krebs-chemotherapie-und-mikrobiom\/","title":{"rendered":"Krebs, Chemotherapie und Mikrobiom"},"content":{"rendered":"","protected":false},"excerpt":{"rendered":"<p>Prof. Anita Frauwallner interviewt Prof. Christoph Castellani, inwieweit Tumorerkrankungen das Mikrobiom ver\u00e4ndern und den Einfluss von Pro- und Pr\u00e4biotika.<\/p>\n","protected":false},"author":9,"featured_media":25083,"comment_status":"closed","ping_status":"closed","sticky":false,"template":"","format":"standard","meta":{"_acf_changed":false,"inline_featured_image":false,"footnotes":""},"categories":[112,109],"tags":[],"class_list":["post-25082","post","type-post","status-publish","format-standard","has-post-thumbnail","hentry","category-institut-allergosan","category-neues-aus-der-forschung"],"acf":[],"rank_math":{"og:title":"Krebs, Chemotherapie und Mikrobiom | Experten im Gespr\u00e4ch","og:desc":"Wie h\u00e4ngen Krebs, Chemotherapie und das Mikrobiom zusammen? Pro- und Pr\u00e4biotika k\u00f6nnen als begleitende Therapie bei Tumorerkrankungen dienen.","og:url":"https:\/\/www.omni-biotic.com\/de-de\/blog\/krebs-chemotherapie-und-mikrobiom\/","og:locale":"de_DE","og:image":"https:\/\/www.omni-biotic.com\/de-de\/wp-content\/uploads\/sites\/10\/2023\/09\/castellani-af-1-2.jpg","og:image:width":"1500","og:image:height":"1020"},"additional_data":{"thumbnail":"https:\/\/www.omni-biotic.com\/de-de\/wp-content\/uploads\/sites\/10\/2023\/09\/castellani-af-1-2.jpg"},"blog_info":{"country":"de-de"},"_links":{"self":[{"href":"https:\/\/www.omni-biotic.com\/de-de\/wp-json\/wp\/v2\/posts\/25082","targetHints":{"allow":["GET"]}}],"collection":[{"href":"https:\/\/www.omni-biotic.com\/de-de\/wp-json\/wp\/v2\/posts"}],"about":[{"href":"https:\/\/www.omni-biotic.com\/de-de\/wp-json\/wp\/v2\/types\/post"}],"author":[{"embeddable":true,"href":"https:\/\/www.omni-biotic.com\/de-de\/wp-json\/wp\/v2\/users\/9"}],"replies":[{"embeddable":true,"href":"https:\/\/www.omni-biotic.com\/de-de\/wp-json\/wp\/v2\/comments?post=25082"}],"version-history":[{"count":3,"href":"https:\/\/www.omni-biotic.com\/de-de\/wp-json\/wp\/v2\/posts\/25082\/revisions"}],"predecessor-version":[{"id":32689,"href":"https:\/\/www.omni-biotic.com\/de-de\/wp-json\/wp\/v2\/posts\/25082\/revisions\/32689"}],"wp:featuredmedia":[{"embeddable":true,"href":"https:\/\/www.omni-biotic.com\/de-de\/wp-json\/wp\/v2\/media\/25083"}],"wp:attachment":[{"href":"https:\/\/www.omni-biotic.com\/de-de\/wp-json\/wp\/v2\/media?parent=25082"}],"wp:term":[{"taxonomy":"category","embeddable":true,"href":"https:\/\/www.omni-biotic.com\/de-de\/wp-json\/wp\/v2\/categories?post=25082"},{"taxonomy":"post_tag","embeddable":true,"href":"https:\/\/www.omni-biotic.com\/de-de\/wp-json\/wp\/v2\/tags?post=25082"}],"curies":[{"name":"wp","href":"https:\/\/api.w.org\/{rel}","templated":true}]}}