{"id":25682,"date":"2026-02-17T10:54:00Z","date_gmt":"2026-02-17T09:54:00Z","guid":{"rendered":"https:\/\/www.omni-biotic.com\/de-de\/blog\/papaya-naturlicher-schwung-fur-magen-und-darm\/"},"modified":"2026-02-26T13:46:39Z","modified_gmt":"2026-02-26T12:46:39Z","slug":"papaya-naturlicher-schwung-fur-magen-und-darm","status":"publish","type":"post","link":"https:\/\/www.omni-biotic.com\/de-de\/blog\/papaya-naturlicher-schwung-fur-magen-und-darm\/","title":{"rendered":"Papaya: Nat\u00fcrlicher Schwung f\u00fcr Magen und Darm"},"content":{"rendered":"\t\t<div data-elementor-type=\"wp-post\" data-elementor-id=\"25682\" class=\"elementor elementor-25682\" data-elementor-post-type=\"post\">\n\t\t\t\t<div class=\"elementor-element elementor-element-5be11a4 obcs none e-flex e-con-boxed e-con e-parent\" data-id=\"5be11a4\" data-element_type=\"container\">\n\t\t\t\t\t<div class=\"e-con-inner\">\n\t\t\t\t<div class=\"elementor-element elementor-element-54898c2 elementor-widget elementor-widget-image\" data-id=\"54898c2\" data-element_type=\"widget\" data-widget_type=\"image.default\">\n\t\t\t\t<div class=\"elementor-widget-container\">\n\t\t\t\t\t\t\t\t\t\t\t\t\t\t\t<img fetchpriority=\"high\" decoding=\"async\" width=\"700\" height=\"500\" src=\"https:\/\/www.omni-biotic.com\/de-de\/wp-content\/uploads\/sites\/10\/2021\/12\/papaya-schwung-fuer-magen-darm.jpg\" class=\"attachment-large size-large wp-image-29481\" alt=\"Papaya: Schwung f\u00fcr Magen und Darm\" srcset=\"https:\/\/www.omni-biotic.com\/de-de\/wp-content\/uploads\/sites\/10\/2021\/12\/papaya-schwung-fuer-magen-darm.jpg 700w, https:\/\/www.omni-biotic.com\/de-de\/wp-content\/uploads\/sites\/10\/2021\/12\/papaya-schwung-fuer-magen-darm-300x214.jpg 300w\" sizes=\"(max-width: 700px) 100vw, 700px\" \/>\t\t\t\t\t\t\t\t\t\t\t\t\t\t\t<\/div>\n\t\t\t\t<\/div>\n\t\t\t\t<div class=\"elementor-element elementor-element-fe64f3c elementor-widget elementor-widget-text-editor\" data-id=\"fe64f3c\" data-element_type=\"widget\" data-widget_type=\"text-editor.default\">\n\t\t\t\t<div class=\"elementor-widget-container\">\n\t\t\t\t\t\t\t\t\t<p><strong>Verdauungsprobleme<\/strong> gelten als <strong>Tabu<\/strong> und sind deshalb nicht in aller Munde \u2013 doch laut einer repr\u00e4sentativen Umfrage des IMAS-Instituts werden <strong>mehr als 50% der \u00f6sterreichischen<\/strong> Bev\u00f6lkerung manchmal oder sogar regelm\u00e4\u00dfig von <a href=\"https:\/\/www.omni-biotic.com\/de-de\/darmbeschwerden\/verstopfung\/\"><strong>Verstopfung<\/strong><\/a>, <strong>Sodbrennen<\/strong> und Co geplagt. Medikamente k\u00f6nnen zwar rasch Abhilfe schaffen, jedoch k\u00f6nnen sich die Nebenwirkungen der Wirkstoffe oftmals erneut auf den Verdauungstrakt schlagen, und das Problem wird nicht beseitigt, sondern nur verschoben. Eine M\u00f6glichkeit, die <strong>Verdauung<\/strong> <strong>ohne unerw\u00fcnschte Effekte<\/strong> sanft und <strong>nachhaltig<\/strong> wieder in den Griff zu bekommen, bietet die Natur mit der <strong>Papaya<\/strong>, der \u201eFrucht vom Baum der Gesundheit\u201c.<\/p>\t\t\t\t\t\t\t\t<\/div>\n\t\t\t\t<\/div>\n\t\t\t\t<div class=\"elementor-element elementor-element-4a92a8d elementor-widget elementor-widget-heading\" data-id=\"4a92a8d\" data-element_type=\"widget\" data-widget_type=\"heading.default\">\n\t\t\t\t<div class=\"elementor-widget-container\">\n\t\t\t\t\t<h2 class=\"elementor-heading-title elementor-size-default\">Powerfrucht Papaya gegen Verdauungsbeschwerden<\/h2>\t\t\t\t<\/div>\n\t\t\t\t<\/div>\n\t\t\t\t<div class=\"elementor-element elementor-element-dbcb300 elementor-widget elementor-widget-text-editor\" data-id=\"dbcb300\" data-element_type=\"widget\" data-widget_type=\"text-editor.default\">\n\t\t\t\t<div class=\"elementor-widget-container\">\n\t\t\t\t\t\t\t\t\t<p>\u201eEs klingt grotesk, aber unser Organismus ist an Tropenfr\u00fcchte besser angepasst als an heimische Fr\u00fcchte\u201c, erkl\u00e4rt <strong>Franz Brenner<\/strong>, Gr\u00fcnder und Gesch\u00e4ftsf\u00fchrer der Caricol \u2013 Digestive &amp; Immune Health GmbH. \u201eDie ersten Menschen lebten in Ost- und S\u00fcdafrika und konsumierten diese f\u00fcr uns \u201aexotischen\u2019 Fr\u00fcchte. Erst vor etwa 30.000 bis 60.000 Jahren begannen sie, in andere Gebiete der Welt zu wandern. So gesehen sind wir also erst einen \u201a<strong>Wimpernschlag<\/strong>\u2019 lang an unsere <strong>heimischen<\/strong> <strong>Fr\u00fcchte<\/strong> <strong>gew\u00f6hnt<\/strong> \u2013 denn auf dem Speiseplan unserer Vorfahren standen fruchtige Exoten wie Papaya oder Banane\u201c, wei\u00df Franz Brenner als Importeur von Fr\u00fcchten und Produzent einer speziellen studiengepr\u00fcften Papaya-Rezeptur. <strong>Nat\u00fcrlich wachsende exotische Fr\u00fcchte<\/strong> weisen au\u00dferdem einen <strong>gesteigerten Anteil wertvoller Inhaltsstoffe<\/strong> auf, den sie durch die zahlreichen Sonnenstunden ausbilden k\u00f6nnen.<\/p>\t\t\t\t\t\t\t\t<\/div>\n\t\t\t\t<\/div>\n\t\t\t\t<div class=\"elementor-element elementor-element-0c17e4a elementor-widget elementor-widget-infobox\" data-id=\"0c17e4a\" data-element_type=\"widget\" data-widget_type=\"infobox.default\">\n\t\t\t\t<div class=\"elementor-widget-container\">\n\t\t\t\t\t\n<div class=\"li-widgets--infobox yellow highlights-always-magenta\">\n\n    <div class=\"li-widgets--infobox__icon\">\n        <i aria-hidden=\"true\" class=\"fas fa-quote-right\"><\/i>    <\/div>\n    <div class=\"li-widgets--infobox__text\">\n        Unser Organismus ist an Tropenfr\u00fcchte besser angepasst als an heimische Fr\u00fcchte    <\/div>\n    <div class=\"li-widgets--infobox__text-body\">\n            <\/div>\n\n    \n<\/div>\n\t\t\t\t<\/div>\n\t\t\t\t<\/div>\n\t\t\t\t<div class=\"elementor-element elementor-element-58bf7b9 elementor-widget elementor-widget-text-editor\" data-id=\"58bf7b9\" data-element_type=\"widget\" data-widget_type=\"text-editor.default\">\n\t\t\t\t<div class=\"elementor-widget-container\">\n\t\t\t\t\t\t\t\t\t<p>\u201eDie brasilianischen Indianer nannten die Papaya zu Recht auch <strong>\u201aFruta de Bomba\u2019<\/strong>, da sie sehr <strong>reich an Vitaminen, Mineralstoffen und Spurenelementen<\/strong> ist\u201c, erkl\u00e4rt Brenner. F\u00fcr die von Verdauungsproblemen geplagte westliche Zivilisation haben dar\u00fcber hinaus die wertvollen Enzyme der Papaya eine gro\u00dfe Bedeutung: <strong>Papain<\/strong>, ein speziell <strong>eiwei\u00dfspaltendes Enzym<\/strong>, ist in hoher Konzentration in der Papayafrucht enthalten. Die Pflanze kann es bei der nat\u00fcrlichen Abwehr von Sch\u00e4dlingen nicht entbehren, zudem macht sich der menschliche Organismus die Eigenschaften von Papain f\u00fcr die <strong>Verdauung<\/strong> zunutze: Denn die Wirkung von Papain entspricht jener von Pepsin, einem wichtigen Verdauungsenzym des Magens. Speziell bei Beschwerden, die auf eine verminderte Eiwei\u00dfverdauung zur\u00fcckzuf\u00fchren sind, hat sich der Einsatz des nat\u00fcrlichen Enzyms Papain bestens bew\u00e4hrt, denn es <strong>l\u00f6st insbesondere Eiwei\u00dfr\u00fcckst\u00e4nde aus dem Darm<\/strong>, die <strong>durch<\/strong> ein <strong>Zuviel an tierischem Protein entstehen<\/strong> und die <strong>Darmzotten<\/strong> <strong>verkleben<\/strong>. Dar\u00fcber hinaus hat die Papaya <strong>basische Effekte auf den <a href=\"https:\/\/www.omni-biotic.com\/de-de\/blog\/magen-darm-beschwerden-durch-stress\/\">Magen<\/a><\/strong> \u2013 dazu sp\u00e4ter mehr.<\/p>\t\t\t\t\t\t\t\t<\/div>\n\t\t\t\t<\/div>\n\t\t\t\t<div class=\"elementor-element elementor-element-91c45fe elementor-widget elementor-widget-heading\" data-id=\"91c45fe\" data-element_type=\"widget\" data-widget_type=\"heading.default\">\n\t\t\t\t<div class=\"elementor-widget-container\">\n\t\t\t\t\t<h2 class=\"elementor-heading-title elementor-size-default\">Ein gutes Gef\u00fchl beim Anbau<\/h2>\t\t\t\t<\/div>\n\t\t\t\t<\/div>\n\t\t\t\t<div class=\"elementor-element elementor-element-a40a18d elementor-widget elementor-widget-image\" data-id=\"a40a18d\" data-element_type=\"widget\" data-widget_type=\"image.default\">\n\t\t\t\t<div class=\"elementor-widget-container\">\n\t\t\t\t\t\t\t\t\t\t\t\t\t\t\t<img decoding=\"async\" width=\"700\" height=\"500\" src=\"https:\/\/www.omni-biotic.com\/de-de\/wp-content\/uploads\/sites\/10\/2021\/12\/papaya-baum-anbau.jpg\" class=\"attachment-large size-large wp-image-29482\" alt=\"Ein gutes Gefuehl beim Anbau der Papaya\" srcset=\"https:\/\/www.omni-biotic.com\/de-de\/wp-content\/uploads\/sites\/10\/2021\/12\/papaya-baum-anbau.jpg 700w, https:\/\/www.omni-biotic.com\/de-de\/wp-content\/uploads\/sites\/10\/2021\/12\/papaya-baum-anbau-300x214.jpg 300w\" sizes=\"(max-width: 700px) 100vw, 700px\" \/>\t\t\t\t\t\t\t\t\t\t\t\t\t\t\t<\/div>\n\t\t\t\t<\/div>\n\t\t\t\t<div class=\"elementor-element elementor-element-2708281 elementor-widget elementor-widget-text-editor\" data-id=\"2708281\" data-element_type=\"widget\" data-widget_type=\"text-editor.default\">\n\t\t\t\t<div class=\"elementor-widget-container\">\n\t\t\t\t\t\t\t\t\t<p>F\u00fcr eine besonders hohe Qualit\u00e4t der Frucht und einen entsprechenden Gehalt wichtiger Inhaltsstoffe ist ein <strong>entsprechender Anbau<\/strong> der Papaya notwendig. Klimatisch f\u00fchlt sich die Pflanze in den <strong>Tropen<\/strong> und <strong>Subtropen<\/strong> wohl, doch f\u00fcr seine spezielle Papaya-Rezeptur ist Franz Brenner insbesondere eine <strong>biologische<\/strong> und <strong>nachhaltige<\/strong> <strong>Kultivierung<\/strong> der <strong>Pflanze<\/strong> wichtig: \u201eF\u00fcr die Papaya habe ich ein Anbaugebiet mit einer eigenen Biozertifizierung gesucht, welche den Normen des biologischen Anbaus in Europa, den USA und Japan entspricht\u201c, beschreibt er seine hohen Anspr\u00fcche an jene Fr\u00fcchte, welche die <strong>Basis seines Papaya-Konzentrats<\/strong> bilden.<\/p><p>Die Entscheidung fiel auf die<strong> Insel Sri Lanka<\/strong> an der S\u00fcdspitze von Indien \u2013 nicht nur aufgrund der klimatischen Bedingungen, sondern auch aus <strong>humanit\u00e4ren<\/strong> <strong>Gr\u00fcnden<\/strong>: Nach dem Ende des dortigen B\u00fcrgerkriegs mussten viele Frauen alleine den Unterhalt f\u00fcr ihre Familien verdienen und erhielten als staatliche Unterst\u00fctzung Landwirtschaftsfl\u00e4chen. Franz Brenner bot ihnen gemeinsam mit der norwegischen Entwicklungshilfe Schulungen f\u00fcr biologische Landwirtschaft und Unterst\u00fctzung beim Bau von Bew\u00e4sserungsanlagen an \u2013 so konnte ein <strong>biologischer Anbau der n\u00e4hrstoffreichen Papayas<\/strong> erm\u00f6glicht werden, der <strong>gleichzeitig das Einkommen zahlreicher Familien<\/strong> sichert.<\/p><p>F\u00fcr die <strong>ersten Schritte des Produktionsprozesses<\/strong> ist es <strong>notwendig<\/strong>, dass <strong>jede einzelne der baumgereiften Fr\u00fcchte h\u00e4ndisch aufgeschnitten, gesch\u00e4lt und entkernt wird.<\/strong> \u201eH\u00e4ndisch deshalb, weil maschinelle Methoden den Fr\u00fcchten zu viele wertvolle Faserstoffe entziehen w\u00fcrden\u201c, erkl\u00e4rt Franz Brenner.<\/p>\t\t\t\t\t\t\t\t<\/div>\n\t\t\t\t<\/div>\n\t\t\t\t<div class=\"elementor-element elementor-element-a1e2fde elementor-widget elementor-widget-heading\" data-id=\"a1e2fde\" data-element_type=\"widget\" data-widget_type=\"heading.default\">\n\t\t\t\t<div class=\"elementor-widget-container\">\n\t\t\t\t\t<h2 class=\"elementor-heading-title elementor-size-default\">Studie zeigt: Patentiertes Papaya-Konzentrat gegen Verstopfung<\/h2>\t\t\t\t<\/div>\n\t\t\t\t<\/div>\n\t\t\t\t<div class=\"elementor-element elementor-element-7bac65a elementor-widget elementor-widget-text-editor\" data-id=\"7bac65a\" data-element_type=\"widget\" data-widget_type=\"text-editor.default\">\n\t\t\t\t<div class=\"elementor-widget-container\">\n\t\t\t\t\t\t\t\t\t<p>Viele \u00c4rzte, Apotheker und Anwender stellen sich die Frage, ob der Konsum von gew\u00f6hnlichen Papaya-Fr\u00fcchten aus dem Supermarkt \u00e4hnlich positive Effekte auf die Verdauung haben k\u00f6nnte. Deshalb wurden geriatrische Patienten mit chronischer Verstopfung in zwei Gruppen aufgeteilt: Die Teilnehmer der ersten Gruppe erhielten das nach dem patentierten Verfahren zubereitete Papaya-Konzentrat, jene der zweiten Gruppe p\u00fcrierte Papayas. Die <strong>Ergebnisse<\/strong> belegen eindeutig die <strong>\u00dcberlegenheit<\/strong> des <strong>Papaya<\/strong>&#8211;<strong>Konzentrats<\/strong> <strong>gegen\u00fcber<\/strong> der <strong>gew\u00f6hnlichen Frucht<\/strong>, denn es wurde eine um <strong>55% erh\u00f6hte<\/strong> <strong>Wirksamkeit<\/strong> des Papaya-Konzentrats nachgewiesen.<\/p>\t\t\t\t\t\t\t\t<\/div>\n\t\t\t\t<\/div>\n\t\t\t\t<div class=\"elementor-element elementor-element-037f6dc elementor-widget elementor-widget-heading\" data-id=\"037f6dc\" data-element_type=\"widget\" data-widget_type=\"heading.default\">\n\t\t\t\t<div class=\"elementor-widget-container\">\n\t\t\t\t\t<h2 class=\"elementor-heading-title elementor-size-default\">Traditionelle Kloster-Rezeptur f\u00fcr den Darm<\/h2>\t\t\t\t<\/div>\n\t\t\t\t<\/div>\n\t\t\t\t<div class=\"elementor-element elementor-element-3ef6e9d elementor-widget elementor-widget-image\" data-id=\"3ef6e9d\" data-element_type=\"widget\" data-widget_type=\"image.default\">\n\t\t\t\t<div class=\"elementor-widget-container\">\n\t\t\t\t\t\t\t\t\t\t\t\t\t\t\t<img decoding=\"async\" width=\"700\" height=\"500\" src=\"https:\/\/www.omni-biotic.com\/de-de\/wp-content\/uploads\/sites\/10\/2021\/12\/Lotus-Buddhist-Monastery-sri-lanka.jpg\" class=\"attachment-large size-large wp-image-29483\" alt=\"Lotus Buddhist Monastery in Sri Lanka\" srcset=\"https:\/\/www.omni-biotic.com\/de-de\/wp-content\/uploads\/sites\/10\/2021\/12\/Lotus-Buddhist-Monastery-sri-lanka.jpg 700w, https:\/\/www.omni-biotic.com\/de-de\/wp-content\/uploads\/sites\/10\/2021\/12\/Lotus-Buddhist-Monastery-sri-lanka-300x214.jpg 300w\" sizes=\"(max-width: 700px) 100vw, 700px\" \/>\t\t\t\t\t\t\t\t\t\t\t\t\t\t\t<\/div>\n\t\t\t\t<\/div>\n\t\t\t\t<div class=\"elementor-element elementor-element-8a5e8cb elementor-widget elementor-widget-text-editor\" data-id=\"8a5e8cb\" data-element_type=\"widget\" data-widget_type=\"text-editor.default\">\n\t\t\t\t<div class=\"elementor-widget-container\">\n\t\t\t\t\t\t\t\t\t<p>Damit sich die <strong>Kraft der Papaya<\/strong> bestm\u00f6glich <strong>entfalten<\/strong> kann, bedarf es einer <strong>speziellen Rezeptur<\/strong> \u2013 und von dieser erfuhr Franz Brenner vor rund 20 Jahren im <strong>Lotus Buddhist Monastery<\/strong>, einem Tempel auf Hawaii. Ein Burnout hatte ihn zu einer einj\u00e4hrigen Auszeit veranlasst \u2013 und w\u00e4hrend seines Aufenthalts im Kloster lernte er die wohltuenden Effekte einer besonderen Papaya-Zubereitung kennen und beschloss danach, jenes Hausmittel des Klosters, das ihn bei seiner Regeneration unterst\u00fctzt hatte, auch Menschen au\u00dferhalb der Klostermauern zug\u00e4nglich zu machen: Im Zuge eines <strong>mehrst\u00fcndigen, aufwendigen, patentierten Kochverfahrens<\/strong>, \u00e4hnlich jenen Verfahren der Traditionellen Chinesischen Medizin (<strong>TCM<\/strong>), werden die p\u00fcrierten Papayas einem thermischen Zubereitungsverfahren unterzogen, mit Sauerstoff angereichert und dabei die <strong>Konzentration der hochwertigen Inhaltsstoffe vervielfacht<\/strong>. Die Wirksamkeit dieses patentierten Herstellungsverfahrens ist wissenschaftlich eindeutig nachgewiesen: <strong>Laboranalysen<\/strong> <strong>belegen<\/strong>, dass der aufbereitete Papaya-Extrakt eine <strong>vierfach h\u00f6here Enzymaktivit\u00e4t<\/strong> aufweist als die Papayafr\u00fcchte vor der Zubereitung.<\/p><p>Infolgedessen wurde der spezielle Papaya-Extrakt in <strong>mehreren wissenschaftlichen Studien<\/strong> angewandt: Besonderes Augenmerk wurde darauf gelegt, dass die traditionell bekannten positiven Effekte der Papaya auf die Verdauung auch strengen klinischen \u00dcberpr\u00fcfungen standhalten. Zu diesem Zweck bekamen 139 Personen mit <strong>Verdauungsproblemen<\/strong> (z. B. <a href=\"https:\/\/www.omni-biotic.com\/de-de\/blog\/blaehbauch-was-wirklich-hilft\/\">Bl\u00e4hungen<\/a>, zu harter Stuhlgang oder Schmerzen im Oberbauch), die seit mindestens sechs Monaten vorlagen, einmal t\u00e4glich f\u00fcr 40 Tage eine Portion des Papaya-Konzentrats. Jene Personen, die das Papaya-Konzentrat erhielten, zeigten im Vergleich zur Placebo-Gruppe nach dem Abschluss der Studie <strong>signifikant weniger Verstopfung<\/strong> und <strong>Bl\u00e4hungen<\/strong> und versp\u00fcrten eine <strong>klare Reduktion<\/strong> von <strong>Schmerzen<\/strong> und <strong>Anstrengung<\/strong> beim <strong>Stuhlgang<\/strong>. Somit erf\u00fcllt das Papaya-Konzentrat ohne Zweifel die hohen wissenschaftlichen Anforderungen und reguliert <a href=\"https:\/\/www.omni-biotic.com\/de-de\/darmgesundheit\/einflussbereiche-des-darms\/stress\/\">Verdauungsst\u00f6rungen<\/a> effektiv und vor allem ohne unerw\u00fcnschte Effekte. Auch bei <strong>geriatrischen Patienten<\/strong>, bei denen Verstopfung wegen geringer Fl\u00fcssigkeitszufuhr, Bettl\u00e4gerigkeit und Medikamenteneinnahme h\u00e4ufig ein Dauerzustand ist, konnte im Rahmen von Studien eine deutliche Reduktion der Obstipation dokumentiert werden. Patienten mit <a href=\"https:\/\/www.omni-biotic.com\/de-de\/blog\/diagnose-reizdarmsyndrom\/\">Reizdarmsyndrom<\/a> zeigten durch die Anwendung des Papaya-Konzentrats ebenfalls eine <strong>klare Verbesserung<\/strong> zahlreicher Beschwerden des Verdauungstrakts, was folglich auch die Arbeitsf\u00e4higkeit und insbesondere die Lebensqualit\u00e4t sehr positiv beeinflusst.<\/p>\t\t\t\t\t\t\t\t<\/div>\n\t\t\t\t<\/div>\n\t\t\t\t<div class=\"elementor-element elementor-element-537b48a elementor-widget elementor-widget-heading\" data-id=\"537b48a\" data-element_type=\"widget\" data-widget_type=\"heading.default\">\n\t\t\t\t<div class=\"elementor-widget-container\">\n\t\t\t\t\t<h2 class=\"elementor-heading-title elementor-size-default\">Hafer: beruhigende Erg\u00e4nzung f\u00fcr Magen und Darm<\/h2>\t\t\t\t<\/div>\n\t\t\t\t<\/div>\n\t\t\t\t<div class=\"elementor-element elementor-element-52e1c5b elementor-widget elementor-widget-image\" data-id=\"52e1c5b\" data-element_type=\"widget\" data-widget_type=\"image.default\">\n\t\t\t\t<div class=\"elementor-widget-container\">\n\t\t\t\t\t\t\t\t\t\t\t\t\t\t\t<img loading=\"lazy\" decoding=\"async\" width=\"700\" height=\"500\" src=\"https:\/\/www.omni-biotic.com\/de-de\/wp-content\/uploads\/sites\/10\/2021\/12\/hafer-beruhigend-magen.jpg\" class=\"attachment-large size-large wp-image-29484\" alt=\"Hafer: beruhigend f\u00fcr Magen und ideale Erg\u00e4nzung zur Papaya\" srcset=\"https:\/\/www.omni-biotic.com\/de-de\/wp-content\/uploads\/sites\/10\/2021\/12\/hafer-beruhigend-magen.jpg 700w, https:\/\/www.omni-biotic.com\/de-de\/wp-content\/uploads\/sites\/10\/2021\/12\/hafer-beruhigend-magen-300x214.jpg 300w\" sizes=\"(max-width: 700px) 100vw, 700px\" \/>\t\t\t\t\t\t\t\t\t\t\t\t\t\t\t<\/div>\n\t\t\t\t<\/div>\n\t\t\t\t<div class=\"elementor-element elementor-element-2deaa38 elementor-widget elementor-widget-text-editor\" data-id=\"2deaa38\" data-element_type=\"widget\" data-widget_type=\"text-editor.default\">\n\t\t\t\t<div class=\"elementor-widget-container\">\n\t\t\t\t\t\t\t\t\t<p>Bei Beschwerden und Reizungen des <strong>Magens<\/strong> wie <a href=\"https:\/\/www.omni-biotic.com\/de-de\/blog\/magen-darm-beschwerden-durch-stress\/\">Gastritis<\/a> oder Sodbrennen, die ebenfalls h\u00e4ufig unserem \u201emodernen\u201c Lebensstil geschuldet sind, hat sich Hafer traditionell bew\u00e4hrt: Verantwortlich f\u00fcr die beruhigenden Eigenschaften des <strong>Hafers<\/strong> sind die sogenannten <strong>Avenanthramide<\/strong> \u2013 speziell <strong>wirksame Polyphenole<\/strong>. Studien zeigen, dass Avenanthramide die <strong>Magenschleimhaut<\/strong> <strong>rasch<\/strong> und <strong>nachhaltig<\/strong> <strong>beruhigen<\/strong>. Damit nicht genug \u2013 Franz Brenner war es auch wichtig, f\u00fcr den gereizten Magen die nat\u00fcrlichen Eigenschaften des Hafers zu optimieren: \u201eWir konnten ein Herstellungsverfahren entwickeln, bei dem u. a. das im Hafer enthaltene Avenanthramid-B mehr als verdoppelt wird. Und diese <strong>spezielle Hafer-Zubereitung<\/strong> wurde mit unserem <strong>bew\u00e4hrten Papaya-Konzentrat<\/strong> kombiniert. Die Rezeptur legt sich wie eine <strong>Salbe auf die gereizte Magenschleimhaut<\/strong>.\u201c<\/p><p>Denn die Papaya weist auch zahlreiche Eigenschaften auf, die f\u00fcr die Beruhigung eines gereizten Magens einen wichtigen Beitrag leisten: Die <strong>basische Frucht<\/strong> ist mit ihrem geringen S\u00e4uregehalt nicht nur ausgezeichnet vertr\u00e4glich: Studien zeigen dar\u00fcber hinaus <strong>entz\u00fcndungshemmende<\/strong> und <strong>zellsch\u00fctzende<\/strong> sowie <strong>zellerneuernde<\/strong> <strong>Effekte<\/strong> des Papaya-Konzentrats. Der Effekt der Kombination aus patentierter Hafer- und Papaya-Zubereitung auf gastritische Beschwerden \u2013 insbesondere auf die Schmerzlast, die mit Entz\u00fcndungen der Magenschleimhaut einhergeht und die Lebensqualit\u00e4t der Betroffenen massiv einschr\u00e4nkt \u2013 wurde <strong>wissenschaftlich belegt<\/strong>: Eine placebokontrollierte Studie, an der 60 Personen mit chronischer Gastritis teilnahmen, zeigte <strong>bereits nach 30 Tagen eine signifikante Verbesserung<\/strong>: Jene Patienten, welche die hochwertige Hafer-Papaya-Kombination erhalten hatten, wiesen eine deutlich <strong>reduzierte Schmerzlast<\/strong> auf und waren im t\u00e4glichen Leben eindeutig <strong>weniger beeintr\u00e4chtigt<\/strong> als die Probanden der Placebo-Gruppe. Somit zeigte sich eindeutig, dass bei Beschwerden des Verdauungstrakts neben Probiotika auch die Kraft traditionell bew\u00e4hrter Pflanzen die Gesundheit und das Wohlbefinden eindeutig verbessern kann. Franz Brenner ist \u00fcberzeugt: \u201eEbenso wie f\u00fcr <a href=\"https:\/\/www.omni-biotic.com\/de-de\/darmgesundheit\/gesundheitszentrale-darm\/probiotika\/\">Probiotika<\/a> gilt insbesondere f\u00fcr pflanzliche Produkte, dass <strong>studiengepr\u00fcfte Rezepturen<\/strong> ein Garant f\u00fcr eine <strong>hohe Qualit\u00e4t<\/strong> und f\u00fcr ein <strong>gutes Bauchgef\u00fchl<\/strong> sind.\u201c<\/p>\t\t\t\t\t\t\t\t<\/div>\n\t\t\t\t<\/div>\n\t\t\t\t\t<\/div>\n\t\t\t\t<\/div>\n\t\t\t\t<\/div>\n\t\t","protected":false},"excerpt":{"rendered":"<p>Die Verdauung hat es mit unserem Lebensstil nicht immer leicht: Stress und Lebensmittel mit einem hohen Anteil an Fett und Zucker (und mit wenigen Ballaststoffen) belasten Magen und Darm ebenso wie energiespendende Kaffees, Entspannungszigaretten und das eine oder andere Glas Alkohol am Ende eines anstrengenden Tages. Die sp\u00fcrbaren Folgen in der westlichen Zivilisation: Verstopfung, Bl\u00e4hungen, Sodbrennen und gastritische Beschwerden. Eine wissenschaftlich erforschte und vollkommen nat\u00fcrliche M\u00f6glichkeit, Magen und Darm zu unterst\u00fctzen, bieten die wertvollen Inhaltsstoffe der Papaya in einer ganz speziellen Zubereitung.<\/p>\n","protected":false},"author":17,"featured_media":29481,"comment_status":"closed","ping_status":"closed","sticky":false,"template":"","format":"standard","meta":{"_acf_changed":false,"inline_featured_image":false,"footnotes":""},"categories":[108,112],"tags":[],"class_list":["post-25682","post","type-post","status-publish","format-standard","has-post-thumbnail","hentry","category-beschwerden-ratgeber","category-institut-allergosan"],"acf":[],"rank_math":{"og:title":"Papaya: Nat\u00fcrlicher Schwung f\u00fcr Magen und Darm","og:desc":"Eine wissenschaftlich erforschte und vollkommen nat\u00fcrliche M\u00f6glichkeit, Magen und Darm zu unterst\u00fctzen, bietet die Papaya.","og:url":"https:\/\/www.omni-biotic.com\/de-de\/blog\/papaya-naturlicher-schwung-fur-magen-und-darm\/","og:locale":"de_DE","og:image":"https:\/\/www.omni-biotic.com\/de-de\/wp-content\/uploads\/sites\/10\/2021\/12\/papaya-schwung-fuer-magen-darm.jpg","og:image:width":"700","og:image:height":"500"},"additional_data":{"thumbnail":"https:\/\/www.omni-biotic.com\/de-de\/wp-content\/uploads\/sites\/10\/2021\/12\/papaya-schwung-fuer-magen-darm.jpg"},"blog_info":{"country":"de-de"},"_links":{"self":[{"href":"https:\/\/www.omni-biotic.com\/de-de\/wp-json\/wp\/v2\/posts\/25682","targetHints":{"allow":["GET"]}}],"collection":[{"href":"https:\/\/www.omni-biotic.com\/de-de\/wp-json\/wp\/v2\/posts"}],"about":[{"href":"https:\/\/www.omni-biotic.com\/de-de\/wp-json\/wp\/v2\/types\/post"}],"author":[{"embeddable":true,"href":"https:\/\/www.omni-biotic.com\/de-de\/wp-json\/wp\/v2\/users\/17"}],"replies":[{"embeddable":true,"href":"https:\/\/www.omni-biotic.com\/de-de\/wp-json\/wp\/v2\/comments?post=25682"}],"version-history":[{"count":7,"href":"https:\/\/www.omni-biotic.com\/de-de\/wp-json\/wp\/v2\/posts\/25682\/revisions"}],"predecessor-version":[{"id":33794,"href":"https:\/\/www.omni-biotic.com\/de-de\/wp-json\/wp\/v2\/posts\/25682\/revisions\/33794"}],"wp:featuredmedia":[{"embeddable":true,"href":"https:\/\/www.omni-biotic.com\/de-de\/wp-json\/wp\/v2\/media\/29481"}],"wp:attachment":[{"href":"https:\/\/www.omni-biotic.com\/de-de\/wp-json\/wp\/v2\/media?parent=25682"}],"wp:term":[{"taxonomy":"category","embeddable":true,"href":"https:\/\/www.omni-biotic.com\/de-de\/wp-json\/wp\/v2\/categories?post=25682"},{"taxonomy":"post_tag","embeddable":true,"href":"https:\/\/www.omni-biotic.com\/de-de\/wp-json\/wp\/v2\/tags?post=25682"}],"curies":[{"name":"wp","href":"https:\/\/api.w.org\/{rel}","templated":true}]}}