{"id":25904,"date":"2019-03-08T08:54:12Z","date_gmt":"2019-03-08T07:54:12Z","guid":{"rendered":"https:\/\/www.omni-biotic.com\/de-de\/blog\/wenn-der-darm-depressiv-macht\/"},"modified":"2023-12-19T11:12:32Z","modified_gmt":"2023-12-19T10:12:32Z","slug":"wenn-der-darm-depressiv-macht","status":"publish","type":"post","link":"https:\/\/www.omni-biotic.com\/de-de\/blog\/wenn-der-darm-depressiv-macht\/","title":{"rendered":"Wenn der Darm depressiv macht"},"content":{"rendered":"","protected":false},"excerpt":{"rendered":"","protected":false},"author":3,"featured_media":25905,"comment_status":"closed","ping_status":"closed","sticky":false,"template":"","format":"standard","meta":{"_acf_changed":false,"inline_featured_image":false,"footnotes":""},"categories":[109],"tags":[],"class_list":["post-25904","post","type-post","status-publish","format-standard","has-post-thumbnail","hentry","category-neues-aus-der-forschung"],"acf":[],"rank_math":{"og:title":"Wenn der Darm depressiv macht | Darm-Hirn-Achse im Detail","og:desc":"Die Psyche schl\u00e4gt nicht nur auf den Magen, auch der Darm beeinflusst die Stimmung. L\u00e4sst sich via Darm-Hirn-Achse die psychische Gesundheit durch Essen f\u00f6rdern?","og:url":"https:\/\/www.omni-biotic.com\/de-de\/blog\/wenn-der-darm-depressiv-macht\/","og:locale":"de_DE","og:image":"https:\/\/www.omni-biotic.com\/de-de\/wp-content\/uploads\/sites\/10\/2023\/09\/depressive-stimmung-1-3.jpg","og:image:width":"1980","og:image:height":"1422"},"additional_data":{"thumbnail":"https:\/\/www.omni-biotic.com\/de-de\/wp-content\/uploads\/sites\/10\/2023\/09\/depressive-stimmung-1-3.jpg"},"blog_info":{"country":"de-de"},"_links":{"self":[{"href":"https:\/\/www.omni-biotic.com\/de-de\/wp-json\/wp\/v2\/posts\/25904","targetHints":{"allow":["GET"]}}],"collection":[{"href":"https:\/\/www.omni-biotic.com\/de-de\/wp-json\/wp\/v2\/posts"}],"about":[{"href":"https:\/\/www.omni-biotic.com\/de-de\/wp-json\/wp\/v2\/types\/post"}],"author":[{"embeddable":true,"href":"https:\/\/www.omni-biotic.com\/de-de\/wp-json\/wp\/v2\/users\/3"}],"replies":[{"embeddable":true,"href":"https:\/\/www.omni-biotic.com\/de-de\/wp-json\/wp\/v2\/comments?post=25904"}],"version-history":[{"count":1,"href":"https:\/\/www.omni-biotic.com\/de-de\/wp-json\/wp\/v2\/posts\/25904\/revisions"}],"predecessor-version":[{"id":27270,"href":"https:\/\/www.omni-biotic.com\/de-de\/wp-json\/wp\/v2\/posts\/25904\/revisions\/27270"}],"wp:featuredmedia":[{"embeddable":true,"href":"https:\/\/www.omni-biotic.com\/de-de\/wp-json\/wp\/v2\/media\/25905"}],"wp:attachment":[{"href":"https:\/\/www.omni-biotic.com\/de-de\/wp-json\/wp\/v2\/media?parent=25904"}],"wp:term":[{"taxonomy":"category","embeddable":true,"href":"https:\/\/www.omni-biotic.com\/de-de\/wp-json\/wp\/v2\/categories?post=25904"},{"taxonomy":"post_tag","embeddable":true,"href":"https:\/\/www.omni-biotic.com\/de-de\/wp-json\/wp\/v2\/tags?post=25904"}],"curies":[{"name":"wp","href":"https:\/\/api.w.org\/{rel}","templated":true}]}}