{"id":26147,"date":"2019-03-05T07:45:51Z","date_gmt":"2019-03-05T06:45:51Z","guid":{"rendered":"https:\/\/www.omni-biotic.com\/de-de\/blog\/studie-sieht-vitamin-d-mangel-als-demenzrisiko\/"},"modified":"2023-09-04T13:48:47Z","modified_gmt":"2023-09-04T11:48:47Z","slug":"studie-sieht-vitamin-d-mangel-als-demenzrisiko","status":"publish","type":"post","link":"https:\/\/www.omni-biotic.com\/de-de\/blog\/studie-sieht-vitamin-d-mangel-als-demenzrisiko\/","title":{"rendered":"Studie sieht Vitamin D-Mangel als Demenzrisiko"},"content":{"rendered":"","protected":false},"excerpt":{"rendered":"","protected":false},"author":3,"featured_media":26148,"comment_status":"closed","ping_status":"closed","sticky":false,"template":"","format":"standard","meta":{"_acf_changed":false,"inline_featured_image":false,"footnotes":""},"categories":[108,109],"tags":[],"class_list":["post-26147","post","type-post","status-publish","format-standard","has-post-thumbnail","hentry","category-beschwerden-ratgeber","category-neues-aus-der-forschung"],"acf":[],"rank_math":{"og:title":"Studie sieht Vitamin D-Mangel als Demenzrisiko","og:desc":"Exeter \u2013 Senioren mit niedrigen Vitamin D-Konzentrationen hatten in einer prospektiven Beobachtungsstudie in Neurology (Online) ein zweifach erh\u00f6htes Risiko, an einer Demenz oder einem Morbus Alzheimer zu erkranken. Dies muss allerdings nicht bedeuten, dass eine Substitution des \u201eSonnenhormons\u201c vor einer Altersdemenz sch\u00fctzt. Da viele \u00e4ltere Menschen in den Industriel\u00e4ndern sich wenig im Freien aufhalten, ist [?]","og:url":"https:\/\/www.omni-biotic.com\/de-de\/blog\/studie-sieht-vitamin-d-mangel-als-demenzrisiko\/","og:locale":"de_DE","og:image":"https:\/\/www.omni-biotic.com\/de-de\/wp-content\/uploads\/sites\/10\/2023\/09\/alzheimer-2-kopie-1-1-3.jpg","og:image:width":"1900","og:image:height":"1425"},"additional_data":{"thumbnail":"https:\/\/www.omni-biotic.com\/de-de\/wp-content\/uploads\/sites\/10\/2023\/09\/alzheimer-2-kopie-1-1-3.jpg"},"blog_info":{"country":"de-de"},"_links":{"self":[{"href":"https:\/\/www.omni-biotic.com\/de-de\/wp-json\/wp\/v2\/posts\/26147","targetHints":{"allow":["GET"]}}],"collection":[{"href":"https:\/\/www.omni-biotic.com\/de-de\/wp-json\/wp\/v2\/posts"}],"about":[{"href":"https:\/\/www.omni-biotic.com\/de-de\/wp-json\/wp\/v2\/types\/post"}],"author":[{"embeddable":true,"href":"https:\/\/www.omni-biotic.com\/de-de\/wp-json\/wp\/v2\/users\/3"}],"replies":[{"embeddable":true,"href":"https:\/\/www.omni-biotic.com\/de-de\/wp-json\/wp\/v2\/comments?post=26147"}],"version-history":[{"count":1,"href":"https:\/\/www.omni-biotic.com\/de-de\/wp-json\/wp\/v2\/posts\/26147\/revisions"}],"predecessor-version":[{"id":27337,"href":"https:\/\/www.omni-biotic.com\/de-de\/wp-json\/wp\/v2\/posts\/26147\/revisions\/27337"}],"wp:featuredmedia":[{"embeddable":true,"href":"https:\/\/www.omni-biotic.com\/de-de\/wp-json\/wp\/v2\/media\/26148"}],"wp:attachment":[{"href":"https:\/\/www.omni-biotic.com\/de-de\/wp-json\/wp\/v2\/media?parent=26147"}],"wp:term":[{"taxonomy":"category","embeddable":true,"href":"https:\/\/www.omni-biotic.com\/de-de\/wp-json\/wp\/v2\/categories?post=26147"},{"taxonomy":"post_tag","embeddable":true,"href":"https:\/\/www.omni-biotic.com\/de-de\/wp-json\/wp\/v2\/tags?post=26147"}],"curies":[{"name":"wp","href":"https:\/\/api.w.org\/{rel}","templated":true}]}}