{"id":26289,"date":"2022-03-08T10:54:58Z","date_gmt":"2022-03-08T09:54:58Z","guid":{"rendered":"https:\/\/www.omni-biotic.com\/de-de\/blog\/neurodermitis-beim-kind\/"},"modified":"2023-12-05T13:39:36Z","modified_gmt":"2023-12-05T12:39:36Z","slug":"neurodermitis-beim-kind","status":"publish","type":"post","link":"https:\/\/www.omni-biotic.com\/de-de\/blog\/neurodermitis-beim-kind\/","title":{"rendered":"Neurodermitis beim Kind"},"content":{"rendered":"","protected":false},"excerpt":{"rendered":"<p>Was Eltern beachten sollten Warum ist mein Kind betroffen? Wie am besten mit der Diagnose umgehen? Probiotika k\u00f6nnen Babys vor Neurodermitis sch\u00fctzen.<\/p>\n","protected":false},"author":3,"featured_media":26290,"comment_status":"closed","ping_status":"closed","sticky":false,"template":"","format":"standard","meta":{"_acf_changed":false,"inline_featured_image":false,"footnotes":""},"categories":[107],"tags":[],"class_list":["post-26289","post","type-post","status-publish","format-standard","has-post-thumbnail","hentry","category-mutter-kind"],"acf":[],"rank_math":{"og:title":"Neurodermitis beim Kind | Was kann man dagegen tun?","og:desc":"Kinder und Babys mit Neurodermitis leiden unter trockener, ger\u00f6teter Haut und Juckreiz. Probiotika k\u00f6nnen Krankheitssch\u00fcbe reduzieren.","og:url":"https:\/\/www.omni-biotic.com\/de-de\/blog\/neurodermitis-beim-kind\/","og:locale":"de_DE","og:image":"https:\/\/www.omni-biotic.com\/de-de\/wp-content\/uploads\/sites\/10\/2023\/09\/maedchen-mit-neurodermitis-1.jpg","og:image:width":"1200","og:image:height":"800"},"additional_data":{"thumbnail":"https:\/\/www.omni-biotic.com\/de-de\/wp-content\/uploads\/sites\/10\/2023\/09\/maedchen-mit-neurodermitis-1.jpg"},"blog_info":{"country":"de-de"},"_links":{"self":[{"href":"https:\/\/www.omni-biotic.com\/de-de\/wp-json\/wp\/v2\/posts\/26289","targetHints":{"allow":["GET"]}}],"collection":[{"href":"https:\/\/www.omni-biotic.com\/de-de\/wp-json\/wp\/v2\/posts"}],"about":[{"href":"https:\/\/www.omni-biotic.com\/de-de\/wp-json\/wp\/v2\/types\/post"}],"author":[{"embeddable":true,"href":"https:\/\/www.omni-biotic.com\/de-de\/wp-json\/wp\/v2\/users\/3"}],"replies":[{"embeddable":true,"href":"https:\/\/www.omni-biotic.com\/de-de\/wp-json\/wp\/v2\/comments?post=26289"}],"version-history":[{"count":1,"href":"https:\/\/www.omni-biotic.com\/de-de\/wp-json\/wp\/v2\/posts\/26289\/revisions"}],"predecessor-version":[{"id":27373,"href":"https:\/\/www.omni-biotic.com\/de-de\/wp-json\/wp\/v2\/posts\/26289\/revisions\/27373"}],"wp:featuredmedia":[{"embeddable":true,"href":"https:\/\/www.omni-biotic.com\/de-de\/wp-json\/wp\/v2\/media\/26290"}],"wp:attachment":[{"href":"https:\/\/www.omni-biotic.com\/de-de\/wp-json\/wp\/v2\/media?parent=26289"}],"wp:term":[{"taxonomy":"category","embeddable":true,"href":"https:\/\/www.omni-biotic.com\/de-de\/wp-json\/wp\/v2\/categories?post=26289"},{"taxonomy":"post_tag","embeddable":true,"href":"https:\/\/www.omni-biotic.com\/de-de\/wp-json\/wp\/v2\/tags?post=26289"}],"curies":[{"name":"wp","href":"https:\/\/api.w.org\/{rel}","templated":true}]}}