{"id":26294,"date":"2019-02-28T12:45:21Z","date_gmt":"2019-02-28T11:45:21Z","guid":{"rendered":"https:\/\/www.omni-biotic.com\/de-de\/blog\/darm-leber-achse\/"},"modified":"2024-12-18T10:36:33Z","modified_gmt":"2024-12-18T09:36:33Z","slug":"zusammenhang-darm-leber","status":"publish","type":"post","link":"https:\/\/www.omni-biotic.com\/de-de\/blog\/zusammenhang-darm-leber\/","title":{"rendered":"Der Zusammenhang zwischen Darm und Leber"},"content":{"rendered":"","protected":false},"excerpt":{"rendered":"<p>Wie stark die Leber tagt\u00e4glich in Anspruch genommen wird, h\u00e4ngt unter anderem von einer intakten Darmfunktion ab. Interview mit Univ.-Prof. Dr. Vanessa Stadlbauer-K\u00f6llner.<\/p>\n","protected":false},"author":17,"featured_media":26295,"comment_status":"closed","ping_status":"closed","sticky":false,"template":"","format":"standard","meta":{"_acf_changed":false,"inline_featured_image":false,"footnotes":""},"categories":[112,109],"tags":[],"class_list":["post-26294","post","type-post","status-publish","format-standard","has-post-thumbnail","hentry","category-institut-allergosan","category-neues-aus-der-forschung"],"acf":[],"rank_math":{"og:title":"Der Zusammenhang zwischen Darm und Leber","og:desc":"Wie stark die Leber tagt\u00e4glich in Anspruch genommen wird, h\u00e4ngt unter anderem von einer intakten Darmfunktion ab. Interview mit Univ.-Prof. Dr. Vanessa Stadlbauer-K\u00f6llner.","og:url":"https:\/\/www.omni-biotic.com\/de-de\/blog\/zusammenhang-darm-leber\/","og:locale":"de_DE","og:image":"https:\/\/www.omni-biotic.com\/de-de\/wp-content\/uploads\/sites\/10\/2023\/09\/leber-1-2.jpg","og:image:width":"1900","og:image:height":"1267"},"additional_data":{"thumbnail":"https:\/\/www.omni-biotic.com\/de-de\/wp-content\/uploads\/sites\/10\/2023\/09\/leber-1-2.jpg"},"blog_info":{"country":"de-de"},"_links":{"self":[{"href":"https:\/\/www.omni-biotic.com\/de-de\/wp-json\/wp\/v2\/posts\/26294","targetHints":{"allow":["GET"]}}],"collection":[{"href":"https:\/\/www.omni-biotic.com\/de-de\/wp-json\/wp\/v2\/posts"}],"about":[{"href":"https:\/\/www.omni-biotic.com\/de-de\/wp-json\/wp\/v2\/types\/post"}],"author":[{"embeddable":true,"href":"https:\/\/www.omni-biotic.com\/de-de\/wp-json\/wp\/v2\/users\/17"}],"replies":[{"embeddable":true,"href":"https:\/\/www.omni-biotic.com\/de-de\/wp-json\/wp\/v2\/comments?post=26294"}],"version-history":[{"count":5,"href":"https:\/\/www.omni-biotic.com\/de-de\/wp-json\/wp\/v2\/posts\/26294\/revisions"}],"predecessor-version":[{"id":33336,"href":"https:\/\/www.omni-biotic.com\/de-de\/wp-json\/wp\/v2\/posts\/26294\/revisions\/33336"}],"wp:featuredmedia":[{"embeddable":true,"href":"https:\/\/www.omni-biotic.com\/de-de\/wp-json\/wp\/v2\/media\/26295"}],"wp:attachment":[{"href":"https:\/\/www.omni-biotic.com\/de-de\/wp-json\/wp\/v2\/media?parent=26294"}],"wp:term":[{"taxonomy":"category","embeddable":true,"href":"https:\/\/www.omni-biotic.com\/de-de\/wp-json\/wp\/v2\/categories?post=26294"},{"taxonomy":"post_tag","embeddable":true,"href":"https:\/\/www.omni-biotic.com\/de-de\/wp-json\/wp\/v2\/tags?post=26294"}],"curies":[{"name":"wp","href":"https:\/\/api.w.org\/{rel}","templated":true}]}}