{"id":26748,"date":"2024-05-10T14:40:28Z","date_gmt":"2024-05-10T12:40:28Z","guid":{"rendered":"https:\/\/www.omni-biotic.com\/de-de\/blog\/haeufig-gefragt-haeufig-gesagt-zu-omni-biotic\/"},"modified":"2025-04-09T10:05:30Z","modified_gmt":"2025-04-09T08:05:30Z","slug":"haeufig-gefragt-haeufig-gesagt-zu-omni-biotic","status":"publish","type":"post","link":"https:\/\/www.omni-biotic.com\/de-de\/blog\/haeufig-gefragt-haeufig-gesagt-zu-omni-biotic\/","title":{"rendered":"H\u00e4ufig gefragt \u2013 H\u00e4ufig gesagt zu OMNi-BiOTiC\u00ae"},"content":{"rendered":"\t\t<div data-elementor-type=\"wp-post\" data-elementor-id=\"26748\" class=\"elementor elementor-26748\" data-elementor-post-type=\"post\">\n\t\t\t\t<div class=\"elementor-element elementor-element-a22e55e obcs none e-flex e-con-boxed e-con e-parent\" data-id=\"a22e55e\" data-element_type=\"container\">\n\t\t\t\t\t<div class=\"e-con-inner\">\n\t\t\t\t<div class=\"elementor-element elementor-element-8a4f82b elementor-widget elementor-widget-image\" data-id=\"8a4f82b\" data-element_type=\"widget\" data-widget_type=\"image.default\">\n\t\t\t\t<div class=\"elementor-widget-container\">\n\t\t\t\t\t\t\t\t\t\t\t\t\t\t\t<img fetchpriority=\"high\" decoding=\"async\" width=\"800\" height=\"534\" src=\"https:\/\/www.omni-biotic.com\/de-de\/wp-content\/uploads\/sites\/10\/2024\/06\/haeufig-gefragt-1-1024x683.png\" class=\"attachment-large size-large wp-image-31786\" alt=\"H\u00e4ufig gefragt - h\u00e4ufig gesagt zu OMNi-BiOTiC\u00ae\" srcset=\"https:\/\/www.omni-biotic.com\/de-de\/wp-content\/uploads\/sites\/10\/2024\/06\/haeufig-gefragt-1-1024x683.png 1024w, https:\/\/www.omni-biotic.com\/de-de\/wp-content\/uploads\/sites\/10\/2024\/06\/haeufig-gefragt-1-300x200.png 300w, https:\/\/www.omni-biotic.com\/de-de\/wp-content\/uploads\/sites\/10\/2024\/06\/haeufig-gefragt-1-768x512.png 768w, https:\/\/www.omni-biotic.com\/de-de\/wp-content\/uploads\/sites\/10\/2024\/06\/haeufig-gefragt-1.png 1200w\" sizes=\"(max-width: 800px) 100vw, 800px\" \/>\t\t\t\t\t\t\t\t\t\t\t\t\t\t\t<\/div>\n\t\t\t\t<\/div>\n\t\t\t\t<div class=\"elementor-element elementor-element-036d3c5 elementor-widget elementor-widget-heading\" data-id=\"036d3c5\" data-element_type=\"widget\" data-widget_type=\"heading.default\">\n\t\t\t\t<div class=\"elementor-widget-container\">\n\t\t\t\t\t<h2 class=\"elementor-heading-title elementor-size-default\">Gibt es Bakterienst\u00e4mme, die gut f\u00fcr unsere Abwehrkr\u00e4fte sind?<\/h2>\t\t\t\t<\/div>\n\t\t\t\t<\/div>\n\t\t\t\t<div class=\"elementor-element elementor-element-39f2a96 elementor-widget elementor-widget-text-editor\" data-id=\"39f2a96\" data-element_type=\"widget\" data-widget_type=\"text-editor.default\">\n\t\t\t\t<div class=\"elementor-widget-container\">\n\t\t\t\t\t\t\t\t\t<p>Zur allgemeinen Unterst\u00fctzung des Systems \u00fcber den Darm empfehlen wir ein <strong>Multispezies-Probiotikum<\/strong> einmal oder zweimal t\u00e4glich 1 Messl\u00f6ffel. Die <strong>richtigen Bakterienst\u00e4mme<\/strong> k\u00f6nnen die <strong>Interleukin-10 Produktion stimulieren<\/strong>. Dieses geh\u00f6rt zu den <strong>antientz\u00fcndlich wirkenden Zytokinen<\/strong> und wirkt unter anderem begrenzend und hemmend auf Abwehrvorg\u00e4nge.<\/p>\t\t\t\t\t\t\t\t<\/div>\n\t\t\t\t<\/div>\n\t\t\t\t<div class=\"elementor-element elementor-element-53fe2cd elementor-widget elementor-widget-button\" data-id=\"53fe2cd\" data-element_type=\"widget\" data-widget_type=\"button.default\">\n\t\t\t\t<div class=\"elementor-widget-container\">\n\t\t\t\t\t\t\t\t\t<div class=\"elementor-button-wrapper\">\n\t\t\t\t\t<a class=\"elementor-button elementor-button-link elementor-size-sm\" href=\"https:\/\/www.omni-biotic.com\/de-de\/darmgesundheit\/einflussbereiche-des-darms\/immunsystem\/\">\n\t\t\t\t\t\t<span class=\"elementor-button-content-wrapper\">\n\t\t\t\t\t\t\t\t\t<span class=\"elementor-button-text\">Mehr zum Immunsystem<\/span>\n\t\t\t\t\t<\/span>\n\t\t\t\t\t<\/a>\n\t\t\t\t<\/div>\n\t\t\t\t\t\t\t\t<\/div>\n\t\t\t\t<\/div>\n\t\t\t\t\t<\/div>\n\t\t\t\t<\/div>\n\t\t<div class=\"elementor-element elementor-element-32cc74e obcs none e-flex e-con-boxed e-con e-parent\" data-id=\"32cc74e\" data-element_type=\"container\">\n\t\t\t\t\t<div class=\"e-con-inner\">\n\t\t\t\t<div class=\"elementor-element elementor-element-42fcb78 elementor-widget elementor-widget-heading\" data-id=\"42fcb78\" data-element_type=\"widget\" data-widget_type=\"heading.default\">\n\t\t\t\t<div class=\"elementor-widget-container\">\n\t\t\t\t\t<h2 class=\"elementor-heading-title elementor-size-default\">Gibt es Bakterienst\u00e4mme f\u00fcr die Haut? <\/h2>\t\t\t\t<\/div>\n\t\t\t\t<\/div>\n\t\t\t\t<div class=\"elementor-element elementor-element-23a832f elementor-widget elementor-widget-text-editor\" data-id=\"23a832f\" data-element_type=\"widget\" data-widget_type=\"text-editor.default\">\n\t\t\t\t<div class=\"elementor-widget-container\">\n\t\t\t\t\t\t\t\t\t<p>Sind Sie unzufrieden mit Ihrer Haut empfehlen wir ausgew\u00e4hlte <a href=\"https:\/\/www.omni-biotic.com\/de-at\/produkte\/omni-biotic-skin\/faqs-omni-biotic-skin\/\"><strong>Produkte von OMNi-BiOTiC SKiN\u00ae<\/strong><\/a>. Die in den Produkten enthaltenen <strong>aktiven<\/strong> <strong>probiotischen Bakterienst\u00e4mme verdr\u00e4ngen<\/strong> <strong>unerw\u00fcnschte Keime<\/strong>, sorgen f\u00fcr ein <strong>reines Hautbild<\/strong> und <strong>wirken <\/strong>allgemeinen <strong>Irritationen<\/strong> entgegen.<\/p>\t\t\t\t\t\t\t\t<\/div>\n\t\t\t\t<\/div>\n\t\t\t\t<div class=\"elementor-element elementor-element-9a2a35f elementor-widget elementor-widget-button\" data-id=\"9a2a35f\" data-element_type=\"widget\" data-widget_type=\"button.default\">\n\t\t\t\t<div class=\"elementor-widget-container\">\n\t\t\t\t\t\t\t\t\t<div class=\"elementor-button-wrapper\">\n\t\t\t\t\t<a class=\"elementor-button elementor-button-link elementor-size-sm\" href=\"https:\/\/www.omni-biotic.com\/de-at\/produkte\/omni-biotic-skin\/\">\n\t\t\t\t\t\t<span class=\"elementor-button-content-wrapper\">\n\t\t\t\t\t\t\t\t\t<span class=\"elementor-button-text\">Zu den OMNi-BiOTiC SKiN\u00ae Produkten<\/span>\n\t\t\t\t\t<\/span>\n\t\t\t\t\t<\/a>\n\t\t\t\t<\/div>\n\t\t\t\t\t\t\t\t<\/div>\n\t\t\t\t<\/div>\n\t\t\t\t\t<\/div>\n\t\t\t\t<\/div>\n\t\t<div class=\"elementor-element elementor-element-3040b48 obcs none e-flex e-con-boxed e-con e-parent\" data-id=\"3040b48\" data-element_type=\"container\">\n\t\t\t\t\t<div class=\"e-con-inner\">\n\t\t\t\t<div class=\"elementor-element elementor-element-3bd642e elementor-widget elementor-widget-heading\" data-id=\"3bd642e\" data-element_type=\"widget\" data-widget_type=\"heading.default\">\n\t\t\t\t<div class=\"elementor-widget-container\">\n\t\t\t\t\t<h2 class=\"elementor-heading-title elementor-size-default\">Die richtige Anwendung von OMNi-BiOTiC\u00ae<\/h2>\t\t\t\t<\/div>\n\t\t\t\t<\/div>\n\t\t\t\t<div class=\"elementor-element elementor-element-1653c63 elementor-widget elementor-widget-image\" data-id=\"1653c63\" data-element_type=\"widget\" data-widget_type=\"image.default\">\n\t\t\t\t<div class=\"elementor-widget-container\">\n\t\t\t\t\t\t\t\t\t\t\t\t\t\t\t<img decoding=\"async\" width=\"700\" height=\"500\" src=\"https:\/\/www.omni-biotic.com\/de-de\/wp-content\/uploads\/sites\/10\/2024\/06\/omni-biotic-anwendung.jpg\" class=\"attachment-large size-large wp-image-31787\" alt=\"Anwendung von OMNi-BiOTiC\u00ae\" srcset=\"https:\/\/www.omni-biotic.com\/de-de\/wp-content\/uploads\/sites\/10\/2024\/06\/omni-biotic-anwendung.jpg 700w, https:\/\/www.omni-biotic.com\/de-de\/wp-content\/uploads\/sites\/10\/2024\/06\/omni-biotic-anwendung-300x214.jpg 300w\" sizes=\"(max-width: 700px) 100vw, 700px\" \/>\t\t\t\t\t\t\t\t\t\t\t\t\t\t\t<\/div>\n\t\t\t\t<\/div>\n\t\t\t\t<div class=\"elementor-element elementor-element-5aa63ae elementor-widget elementor-widget-heading\" data-id=\"5aa63ae\" data-element_type=\"widget\" data-widget_type=\"heading.default\">\n\t\t\t\t<div class=\"elementor-widget-container\">\n\t\t\t\t\t<h3 class=\"elementor-heading-title elementor-size-default\">Kann ich OMNi-BiOTiC\u00ae nur in Wasser aufl\u00f6sen?<\/h3>\t\t\t\t<\/div>\n\t\t\t\t<\/div>\n\t\t\t\t<div class=\"elementor-element elementor-element-3857aee elementor-widget elementor-widget-text-editor\" data-id=\"3857aee\" data-element_type=\"widget\" data-widget_type=\"text-editor.default\">\n\t\t\t\t<div class=\"elementor-widget-container\">\n\t\t\t\t\t\t\t\t\t<p><strong>Wasser<\/strong> ist aufgrund seines <strong>pH-Wertes optimal<\/strong> geeignet, um die gefriergetrockneten Bakterien zu aktivieren. Aber auch <strong>Milch, Joghurt oder Tee<\/strong> sind gut geeignet, um OMNi-BiOTiC\u00ae zu rehydrieren.<\/p><p><strong>Bitte beachten Sie generell: Die Fl\u00fcssigkeit, in der Sie OMNi-BiOTiC\u00ae aufl\u00f6sen,\u00a0<\/strong><\/p><ul><li>darf nicht hei\u00dfer als 40\u00b0 C sein<\/li><li>sollte nicht Kaffee, Alkohol, oder eine andere Fl\u00fcssigkeit mit sehr saurem pH-Wert sein (z.B. Cola, Fruchts\u00e4fte, Essig)<\/li><li>und m\u00f6glichst keine Kohlens\u00e4ure enthalten.<\/li><\/ul>\t\t\t\t\t\t\t\t<\/div>\n\t\t\t\t<\/div>\n\t\t\t\t<div class=\"elementor-element elementor-element-5cfed07 elementor-widget elementor-widget-heading\" data-id=\"5cfed07\" data-element_type=\"widget\" data-widget_type=\"heading.default\">\n\t\t\t\t<div class=\"elementor-widget-container\">\n\t\t\t\t\t<h3 class=\"elementor-heading-title elementor-size-default\">Muss sich der Darm erst an die Zufuhr der n\u00fctzlichen Bakterien gew\u00f6hnen?<\/h3>\t\t\t\t<\/div>\n\t\t\t\t<\/div>\n\t\t\t\t<div class=\"elementor-element elementor-element-7ef9623 elementor-widget elementor-widget-text-editor\" data-id=\"7ef9623\" data-element_type=\"widget\" data-widget_type=\"text-editor.default\">\n\t\t\t\t<div class=\"elementor-widget-container\">\n\t\t\t\t\t\t\t\t\t<p>Wenn <a href=\"https:\/\/www.omni-biotic.com\/de-de\/darmgesundheit\/gesundheitszentrale-darm\/darmflora\/\"><strong>Ihre Darmflora<\/strong><\/a> bereits starken Einfl\u00fcssen ausgesetzt wird, ist es empfehlenswert, \u00fcber mehrere Tage hinweg Ihre <strong>Tagesdosis erst langsam zu steigern<\/strong> (beginnend bei einer Messerspitze), um <a href=\"https:\/\/www.omni-biotic.com\/de-de\/darmbeschwerden\/blaehbauch-blaehungen\/\">Bl\u00e4hungen<\/a> und andere allgemeine Verdauungsprobleme zu verhindern. Solche Beschwerden treten jedoch nur bei etwa<strong> 5 % der Anwender auf.<\/strong><\/p>\t\t\t\t\t\t\t\t<\/div>\n\t\t\t\t<\/div>\n\t\t\t\t<div class=\"elementor-element elementor-element-c6d141c elementor-widget elementor-widget-heading\" data-id=\"c6d141c\" data-element_type=\"widget\" data-widget_type=\"heading.default\">\n\t\t\t\t<div class=\"elementor-widget-container\">\n\t\t\t\t\t<h3 class=\"elementor-heading-title elementor-size-default\">Wie ist die Vertr\u00e4glichkeit von OMNi-BiOTiC\u00ae?<\/h3>\t\t\t\t<\/div>\n\t\t\t\t<\/div>\n\t\t\t\t<div class=\"elementor-element elementor-element-67baadb elementor-widget elementor-widget-text-editor\" data-id=\"67baadb\" data-element_type=\"widget\" data-widget_type=\"text-editor.default\">\n\t\t\t\t<div class=\"elementor-widget-container\">\n\t\t\t\t\t\t\t\t\t<p>Im Allgemeinen ist <strong>OMNi-BiOTiC\u00ae sehr gut vertr\u00e4glich<\/strong>, da es ausschlie\u00dflich <strong>nat\u00fcrlicherweise<\/strong> im gesunden <strong>menschlichen Darm vorkommende Bakterienst\u00e4mme<\/strong> enth\u00e4lt, die strengstens auf ihre <strong>hohe Qualit\u00e4t und Sicherheit<\/strong> hin <strong>gepr\u00fcft<\/strong> wurden. Da jedoch jeder Mensch und <a href=\"https:\/\/www.omni-biotic.com\/de-at\/darmgesundheit\/gesundheitszentrale-darm\/darmmikrobiom\/\">jedes Mikrobiom<\/a> anders sind, kann es vorkommen, dass der Darm andere Bakterienst\u00e4mme braucht als jene, welche gerade eingenommen werden. In dem Fall empfiehlt sich der Wechsel auf ein anderes <strong>OMNi-BiOTiC\u00ae<\/strong>.<\/p>\t\t\t\t\t\t\t\t<\/div>\n\t\t\t\t<\/div>\n\t\t\t\t\t<\/div>\n\t\t\t\t<\/div>\n\t\t<div class=\"elementor-element elementor-element-d4c2111 obcs none e-flex e-con-boxed e-con e-parent\" data-id=\"d4c2111\" data-element_type=\"container\">\n\t\t\t\t\t<div class=\"e-con-inner\">\n\t\t\t\t<div class=\"elementor-element elementor-element-ffd84e2 elementor-widget elementor-widget-image\" data-id=\"ffd84e2\" data-element_type=\"widget\" data-widget_type=\"image.default\">\n\t\t\t\t<div class=\"elementor-widget-container\">\n\t\t\t\t\t\t\t\t\t\t\t\t\t\t\t<img decoding=\"async\" width=\"700\" height=\"500\" src=\"https:\/\/www.omni-biotic.com\/de-de\/wp-content\/uploads\/sites\/10\/2024\/06\/vegetarisch-vegan.jpg\" class=\"attachment-large size-large wp-image-31788\" alt=\"Vegetarisch - vegan\" srcset=\"https:\/\/www.omni-biotic.com\/de-de\/wp-content\/uploads\/sites\/10\/2024\/06\/vegetarisch-vegan.jpg 700w, https:\/\/www.omni-biotic.com\/de-de\/wp-content\/uploads\/sites\/10\/2024\/06\/vegetarisch-vegan-300x214.jpg 300w\" sizes=\"(max-width: 700px) 100vw, 700px\" \/>\t\t\t\t\t\t\t\t\t\t\t\t\t\t\t<\/div>\n\t\t\t\t<\/div>\n\t\t\t\t<div class=\"elementor-element elementor-element-c021d9d elementor-widget elementor-widget-heading\" data-id=\"c021d9d\" data-element_type=\"widget\" data-widget_type=\"heading.default\">\n\t\t\t\t<div class=\"elementor-widget-container\">\n\t\t\t\t\t<h2 class=\"elementor-heading-title elementor-size-default\">Sind OMNi-BiOTiC\u00ae-Produkte f\u00fcr Vegetarier bzw. f\u00fcr Veganer geeignet?<\/h2>\t\t\t\t<\/div>\n\t\t\t\t<\/div>\n\t\t\t\t<div class=\"elementor-element elementor-element-ac02692 elementor-widget elementor-widget-text-editor\" data-id=\"ac02692\" data-element_type=\"widget\" data-widget_type=\"text-editor.default\">\n\t\t\t\t<div class=\"elementor-widget-container\">\n\t\t\t\t\t\t\t\t\t<p><strong>Prinzipiell ja<\/strong>: OMNi-BiOTiC\u00ae-Produkte enthalten alle <strong>kein tierisches Eiwei\u00df<\/strong>, lediglich in <a href=\"https:\/\/www.omni-biotic.com\/de-de\/produkt\/omni-biotic-metabolic\/\"><strong>OMNi-BiOTiC\u00ae <em>metabolic<\/em><\/strong><\/a> sind <strong>kleinste Mengen von Milchzucker<\/strong> enthalten (entsprechend dem Lactose-Gehalt in ca. 4 Tropfen Kuhmilch).<\/p>\t\t\t\t\t\t\t\t<\/div>\n\t\t\t\t<\/div>\n\t\t\t\t\t<\/div>\n\t\t\t\t<\/div>\n\t\t<div class=\"elementor-element elementor-element-30555e9 obcs none e-flex e-con-boxed e-con e-parent\" data-id=\"30555e9\" data-element_type=\"container\">\n\t\t\t\t\t<div class=\"e-con-inner\">\n\t\t\t\t<div class=\"elementor-element elementor-element-47aac54 elementor-widget elementor-widget-heading\" data-id=\"47aac54\" data-element_type=\"widget\" data-widget_type=\"heading.default\">\n\t\t\t\t<div class=\"elementor-widget-container\">\n\t\t\t\t\t<h2 class=\"elementor-heading-title elementor-size-default\">Kann man OMNi-BiOTiC\u00ae trotz einer Intoleranz (Histamin, Fructose) einnehmen?<\/h2>\t\t\t\t<\/div>\n\t\t\t\t<\/div>\n\t\t\t\t<div class=\"elementor-element elementor-element-2ea414b elementor-widget elementor-widget-text-editor\" data-id=\"2ea414b\" data-element_type=\"widget\" data-widget_type=\"text-editor.default\">\n\t\t\t\t<div class=\"elementor-widget-container\">\n\t\t\t\t\t\t\t\t\t<p><strong>OMNi-BiOTiC\u00ae-Produkte<\/strong> enthalten <strong>unterschiedliche Ballaststoffe<\/strong>, die den <strong>Bakterien als spezifische Nahrung<\/strong> <strong>dienen<\/strong>, auch z.B. Fructooligosaccharide oder Inulin. Dies sind die nat\u00fcrlichen N\u00e4hrstoffe von Darmbakterien, welche jedoch in <strong>OMNi-BiOTiC\u00ae-Produkte<\/strong> nur in minimalen Mengen enthalten sind (deutlich weniger, als z.B. beim klinischen Atemtest verwendet wird, um eine messbare Reaktion zu provozieren). Wenn die <strong>Aktivierungszeit auf 30 Minuten verl\u00e4ngert<\/strong> wird, v<strong>erstoffwechseln die Bakterien ihre Nahrung<\/strong> (= Fructooligosaccharide, Inulin etc.) fast vollst\u00e4ndig, sodass <strong>h\u00f6chstens noch einzelne Molek\u00fcle dieser Stoffe in den Darm gelangen<\/strong>.<\/p><p>Die Bakterien in <strong>OMNi-BiOTiC\u00ae<\/strong> werden au\u00dferdem genetisch dahingehend untersucht, ob sie in der Lage w\u00e4ren, Histamin zu produzieren. F\u00fcr unsere Produkte werden<strong> ausschlie\u00dflich Bakterienst\u00e4mme verwendet<\/strong>, die <strong>selbst kein Histamin herstellen k\u00f6nnen<\/strong>, somit k\u00f6nnen <strong>OMNi-BiOTiC\u00ae-Produkte<\/strong> von Personen mit <strong>Histaminunvertr\u00e4glichkeit bedenkenlos eingenommen werden.<\/strong><\/p>\t\t\t\t\t\t\t\t<\/div>\n\t\t\t\t<\/div>\n\t\t\t\t\t<\/div>\n\t\t\t\t<\/div>\n\t\t<div class=\"elementor-element elementor-element-f974a4f obcs none e-flex e-con-boxed e-con e-parent\" data-id=\"f974a4f\" data-element_type=\"container\">\n\t\t\t\t\t<div class=\"e-con-inner\">\n\t\t\t\t<div class=\"elementor-element elementor-element-77b46a4 elementor-widget elementor-widget-image\" data-id=\"77b46a4\" data-element_type=\"widget\" data-widget_type=\"image.default\">\n\t\t\t\t<div class=\"elementor-widget-container\">\n\t\t\t\t\t\t\t\t\t\t\t\t\t\t\t<img loading=\"lazy\" decoding=\"async\" width=\"700\" height=\"500\" src=\"https:\/\/www.omni-biotic.com\/de-de\/wp-content\/uploads\/sites\/10\/2024\/06\/medikamenteneinnahme-probiotika.jpg\" class=\"attachment-large size-large wp-image-31789\" alt=\"Medikamenteneinnahme bei OMNi-BiOTiC\u00ae Einnahme\" srcset=\"https:\/\/www.omni-biotic.com\/de-de\/wp-content\/uploads\/sites\/10\/2024\/06\/medikamenteneinnahme-probiotika.jpg 700w, https:\/\/www.omni-biotic.com\/de-de\/wp-content\/uploads\/sites\/10\/2024\/06\/medikamenteneinnahme-probiotika-300x214.jpg 300w\" sizes=\"(max-width: 700px) 100vw, 700px\" \/>\t\t\t\t\t\t\t\t\t\t\t\t\t\t\t<\/div>\n\t\t\t\t<\/div>\n\t\t\t\t<div class=\"elementor-element elementor-element-bccda26 elementor-widget elementor-widget-heading\" data-id=\"bccda26\" data-element_type=\"widget\" data-widget_type=\"heading.default\">\n\t\t\t\t<div class=\"elementor-widget-container\">\n\t\t\t\t\t<h2 class=\"elementor-heading-title elementor-size-default\">Kann ich OMNi-BiOTiC\u00ae mit anderen Nahrungserg\u00e4nzungsmitteln oder mit Medikamenten einnehmen?<\/h2>\t\t\t\t<\/div>\n\t\t\t\t<\/div>\n\t\t\t\t<div class=\"elementor-element elementor-element-7018557 elementor-widget elementor-widget-text-editor\" data-id=\"7018557\" data-element_type=\"widget\" data-widget_type=\"text-editor.default\">\n\t\t\t\t<div class=\"elementor-widget-container\">\n\t\t\t\t\t\t\t\t\t<p>Ja, das k\u00f6nnen Sie tun, denn <strong>OMNi-BiOTiC\u00ae-Produkte<\/strong> enthalten nur Bakterienst\u00e4mme, die <strong>nat\u00fcrlich im menschlichen Darm vorkommen<\/strong>, und <strong>keinerlei<\/strong> chemische \u201eWirkstoffe\u201c, die in <strong>Wechselwirkung mit Medikamenten<\/strong> treten k\u00f6nnen.<\/p>\t\t\t\t\t\t\t\t<\/div>\n\t\t\t\t<\/div>\n\t\t\t\t\t<\/div>\n\t\t\t\t<\/div>\n\t\t<div class=\"elementor-element elementor-element-691ff20 obcs none e-flex e-con-boxed e-con e-parent\" data-id=\"691ff20\" data-element_type=\"container\">\n\t\t\t\t\t<div class=\"e-con-inner\">\n\t\t\t\t<div class=\"elementor-element elementor-element-8ee7ed1 elementor-widget elementor-widget-heading\" data-id=\"8ee7ed1\" data-element_type=\"widget\" data-widget_type=\"heading.default\">\n\t\t\t\t<div class=\"elementor-widget-container\">\n\t\t\t\t\t<h2 class=\"elementor-heading-title elementor-size-default\">Ist es m\u00f6glich, zwei OMNi-BiOTiC\u00ae-Produkte miteinander zu kombinieren?<\/h2>\t\t\t\t<\/div>\n\t\t\t\t<\/div>\n\t\t\t\t<div class=\"elementor-element elementor-element-9fb0998 elementor-widget elementor-widget-text-editor\" data-id=\"9fb0998\" data-element_type=\"widget\" data-widget_type=\"text-editor.default\">\n\t\t\t\t<div class=\"elementor-widget-container\">\n\t\t\t\t\t\t\t\t\t<p>Ja, man kann <strong>problemlos z.B. in der Fr\u00fch ein anderes OMNi-BiOTiC\u00ae einnehmen, als am Abend<\/strong>.<\/p><p>Man sollte nur <strong>vermeiden<\/strong>, zwei verschiedene <strong>OMNi-BiOTiC\u00ae<\/strong>-Produkte <strong>gleichzeitig<\/strong> <strong>in einem Glas aufzul\u00f6sen<\/strong>, denn jede Bakterienkombination ist genau aufeinander abgestimmt und mit ihrer speziellen \u201eLieblingsspeise\u201c in Form einer Matrix erg\u00e4nzt.<\/p>\t\t\t\t\t\t\t\t<\/div>\n\t\t\t\t<\/div>\n\t\t\t\t\t<\/div>\n\t\t\t\t<\/div>\n\t\t<div class=\"elementor-element elementor-element-35d0bd9 obcs none e-flex e-con-boxed e-con e-parent\" data-id=\"35d0bd9\" data-element_type=\"container\">\n\t\t\t\t\t<div class=\"e-con-inner\">\n\t\t\t\t<div class=\"elementor-element elementor-element-a8249df elementor-widget elementor-widget-heading\" data-id=\"a8249df\" data-element_type=\"widget\" data-widget_type=\"heading.default\">\n\t\t\t\t<div class=\"elementor-widget-container\">\n\t\t\t\t\t<h2 class=\"elementor-heading-title elementor-size-default\">Ist in unseren Verpackungen (Sachets) Aluminium enthalten?<\/h2>\t\t\t\t<\/div>\n\t\t\t\t<\/div>\n\t\t\t\t<div class=\"elementor-element elementor-element-5549839 elementor-widget elementor-widget-text-editor\" data-id=\"5549839\" data-element_type=\"widget\" data-widget_type=\"text-editor.default\">\n\t\t\t\t<div class=\"elementor-widget-container\">\n\t\t\t\t\t\t\t\t\t<p>Unsere <strong>OMNi-BiOTiC\u00ae Produkte<\/strong> sind gro\u00dfteils in <strong>Sachets<\/strong> abgepackt. Diese Sachets greifen auf den <strong>h\u00f6chsten pharmazeutischen Verpackungsstandard<\/strong> zu und benutzen daher Aluminium, um f\u00fcr den <strong>ben\u00f6tigten Licht- und Hitzeschutz<\/strong> zu sorgen. Damit die <a href=\"https:\/\/www.omni-biotic.com\/de-de\/darmgesundheit\/gesundheitszentrale-darm\/probiotika\/\">Probiotika<\/a> nicht direkt mit Aluminium in Kontakt kommen, wird eine zus\u00e4tzliche <strong>Kunststoffbeschichtung<\/strong> verwendet, sodass wir f\u00fcr h<strong>\u00f6chste Qualit\u00e4t in dieser Darreichungsform sorgen.<\/strong><\/p>\t\t\t\t\t\t\t\t<\/div>\n\t\t\t\t<\/div>\n\t\t\t\t\t<\/div>\n\t\t\t\t<\/div>\n\t\t<div class=\"elementor-element elementor-element-5d11464 obcs blue e-flex e-con-boxed e-con e-parent\" data-id=\"5d11464\" data-element_type=\"container\">\n\t\t\t\t\t<div class=\"e-con-inner\">\n\t\t\t\t<div class=\"elementor-element elementor-element-d281ad4 elementor-widget elementor-widget-infobox\" data-id=\"d281ad4\" data-element_type=\"widget\" data-widget_type=\"infobox.default\">\n\t\t\t\t<div class=\"elementor-widget-container\">\n\t\t\t\t\t\n<div class=\"li-widgets--infobox blue highlights-always-magenta\">\n\n    <div class=\"li-widgets--infobox__icon\">\n        <i aria-hidden=\"true\" class=\"fas fa-phone\"><\/i>    <\/div>\n    <div class=\"li-widgets--infobox__text\">\n        Sie haben noch Fragen?    <\/div>\n    <div class=\"li-widgets--infobox__text-body\">\n        <p>Unser hochqualifiziertes Beratungsteam, bestehend aus \u00c4rzten, Apothekern, Biologen, Ern\u00e4hrungsexperten und Mikrobiologen, steht Ihnen f\u00fcr Ausk\u00fcnfte rund um den Darm und seine mikroskopisch kleinen Bewohner gerne zur Verf\u00fcgung.<\/p>    <\/div>\n\n            <a href=\"https:\/\/www.omni-biotic.com\/de-at\/ueber-uns\/institut-allergosan\/kontakt\/\"\n           class=\"li-widgets--infobox__button\"\n            href=\"https:\/\/www.omni-biotic.com\/de-at\/ueber-uns\/institut-allergosan\/kontakt\/\">\n            Kontakt aufnehmen        <\/a>\n    \n<\/div>\n\t\t\t\t<\/div>\n\t\t\t\t<\/div>\n\t\t\t\t\t<\/div>\n\t\t\t\t<\/div>\n\t\t\t\t<\/div>\n\t\t","protected":false},"excerpt":{"rendered":"<p>Uns erreichen immer wieder Fragen rund um unsere Produktreihe OMNi-BiOTiC\u00ae. Wir haben in Zusammenarbeit mit unserer wissenschaftlichen Abteilung die h\u00e4ufigsten gefragten Themen gesammelt und zusammengefasst.<\/p>\n","protected":false},"author":17,"featured_media":26749,"comment_status":"closed","ping_status":"closed","sticky":false,"template":"","format":"standard","meta":{"_acf_changed":false,"inline_featured_image":false,"footnotes":""},"categories":[1,108],"tags":[],"class_list":["post-26748","post","type-post","status-publish","format-standard","has-post-thumbnail","hentry","category-allgemein","category-beschwerden-ratgeber"],"acf":[],"rank_math":{"og:title":"H\u00e4ufige Fragen zu OMNi-BiOTiC\u00ae | Probiotika h\u00f6chster Qualit\u00e4t","og:desc":"H\u00e4ufige Fragen rund um die Multispezies-Probiotika von OMNi-BiOTiC\u00ae. Hier erhalten Sie Antworten zu Fragen rund um die Anwendung, den Inhaltsstoffen, der Wirkweise, etc.","og:url":"https:\/\/www.omni-biotic.com\/de-de\/blog\/haeufig-gefragt-haeufig-gesagt-zu-omni-biotic\/","og:locale":"de_DE","og:image":"https:\/\/www.omni-biotic.com\/de-de\/wp-content\/uploads\/sites\/10\/2023\/09\/haeufig-gefragt-2-1.png","og:image:width":"1200","og:image:height":"800"},"additional_data":{"thumbnail":"https:\/\/www.omni-biotic.com\/de-de\/wp-content\/uploads\/sites\/10\/2023\/09\/haeufig-gefragt-2-1.png"},"blog_info":{"country":"de-de"},"_links":{"self":[{"href":"https:\/\/www.omni-biotic.com\/de-de\/wp-json\/wp\/v2\/posts\/26748","targetHints":{"allow":["GET"]}}],"collection":[{"href":"https:\/\/www.omni-biotic.com\/de-de\/wp-json\/wp\/v2\/posts"}],"about":[{"href":"https:\/\/www.omni-biotic.com\/de-de\/wp-json\/wp\/v2\/types\/post"}],"author":[{"embeddable":true,"href":"https:\/\/www.omni-biotic.com\/de-de\/wp-json\/wp\/v2\/users\/17"}],"replies":[{"embeddable":true,"href":"https:\/\/www.omni-biotic.com\/de-de\/wp-json\/wp\/v2\/comments?post=26748"}],"version-history":[{"count":7,"href":"https:\/\/www.omni-biotic.com\/de-de\/wp-json\/wp\/v2\/posts\/26748\/revisions"}],"predecessor-version":[{"id":36066,"href":"https:\/\/www.omni-biotic.com\/de-de\/wp-json\/wp\/v2\/posts\/26748\/revisions\/36066"}],"wp:featuredmedia":[{"embeddable":true,"href":"https:\/\/www.omni-biotic.com\/de-de\/wp-json\/wp\/v2\/media\/26749"}],"wp:attachment":[{"href":"https:\/\/www.omni-biotic.com\/de-de\/wp-json\/wp\/v2\/media?parent=26748"}],"wp:term":[{"taxonomy":"category","embeddable":true,"href":"https:\/\/www.omni-biotic.com\/de-de\/wp-json\/wp\/v2\/categories?post=26748"},{"taxonomy":"post_tag","embeddable":true,"href":"https:\/\/www.omni-biotic.com\/de-de\/wp-json\/wp\/v2\/tags?post=26748"}],"curies":[{"name":"wp","href":"https:\/\/api.w.org\/{rel}","templated":true}]}}