{"id":26919,"date":"2025-01-07T14:13:18Z","date_gmt":"2025-01-07T13:13:18Z","guid":{"rendered":"https:\/\/www.omni-biotic.com\/de-de\/blog\/probiotika-positive-effekte-bei-patienten-mit-antibiotikatherapie\/"},"modified":"2025-01-23T15:51:08Z","modified_gmt":"2025-01-23T14:51:08Z","slug":"probiotika-positive-effekte-bei-patienten-mit-antibiotikatherapie","status":"publish","type":"post","link":"https:\/\/www.omni-biotic.com\/de-de\/blog\/probiotika-positive-effekte-bei-patienten-mit-antibiotikatherapie\/","title":{"rendered":"Probiotika: Positive Effekte bei Patienten mit Antibiotikatherapie"},"content":{"rendered":"\t\t<div data-elementor-type=\"wp-post\" data-elementor-id=\"26919\" class=\"elementor elementor-26919\" data-elementor-post-type=\"post\">\n\t\t\t\t<div class=\"elementor-element elementor-element-2568cf5 obcs none e-flex e-con-boxed e-con e-parent\" data-id=\"2568cf5\" data-element_type=\"container\">\n\t\t\t\t\t<div class=\"e-con-inner\">\n\t\t\t\t<div class=\"elementor-element elementor-element-1124282 elementor-widget elementor-widget-image\" data-id=\"1124282\" data-element_type=\"widget\" data-widget_type=\"image.default\">\n\t\t\t\t<div class=\"elementor-widget-container\">\n\t\t\t\t\t\t\t\t\t\t\t\t\t\t\t<img fetchpriority=\"high\" decoding=\"async\" width=\"700\" height=\"500\" src=\"https:\/\/www.omni-biotic.com\/de-de\/wp-content\/uploads\/sites\/10\/2023\/11\/antibiotika-einnahme.jpg\" class=\"attachment-large size-large wp-image-28898\" alt=\"Antibiotika-Einnahme\" srcset=\"https:\/\/www.omni-biotic.com\/de-de\/wp-content\/uploads\/sites\/10\/2023\/11\/antibiotika-einnahme.jpg 700w, https:\/\/www.omni-biotic.com\/de-de\/wp-content\/uploads\/sites\/10\/2023\/11\/antibiotika-einnahme-300x214.jpg 300w\" sizes=\"(max-width: 700px) 100vw, 700px\" \/>\t\t\t\t\t\t\t\t\t\t\t\t\t\t\t<\/div>\n\t\t\t\t<\/div>\n\t\t\t\t\t<\/div>\n\t\t\t\t<\/div>\n\t\t<div class=\"elementor-element elementor-element-d2392d7 obcs none e-flex e-con-boxed e-con e-parent\" data-id=\"d2392d7\" data-element_type=\"container\">\n\t\t\t\t\t<div class=\"e-con-inner\">\n\t\t\t\t<div class=\"elementor-element elementor-element-4c54dbc elementor-widget elementor-widget-text-editor\" data-id=\"4c54dbc\" data-element_type=\"widget\" data-widget_type=\"text-editor.default\">\n\t\t\t\t<div class=\"elementor-widget-container\">\n\t\t\t\t\t\t\t\t\t<p><strong>Antibiotika<\/strong> <strong>vernichten<\/strong> nicht nur gef\u00e4hrliche Krankheitserreger, sondern oftmals auch die <strong>n\u00fctzlichen<\/strong> und <a href=\"https:\/\/www.omni-biotic.com\/de-de\/darmgesundheit\/gesundheitszentrale-darm\/darmbakterien\/\"><strong>gesundheitsf\u00f6rdernden<\/strong> <strong>Darmbakterien<\/strong><\/a>. Dadurch wird die Vielfalt der Darmflora reduziert und potenziell sch\u00e4dliche Keime k\u00f6nnen sich ungehindert vermehren. Durch das Ungleichgewicht der Darmflora kann es unter anderem zu einer Sch\u00e4digung der Darmschleimhaut kommen. All dies kann dazu beitragen, dass antibiotikaassoziierte Beschwerden wie Durchf\u00e4lle auftreten.<\/p>\t\t\t\t\t\t\t\t<\/div>\n\t\t\t\t<\/div>\n\t\t\t\t<div class=\"elementor-element elementor-element-2cfd976 elementor-widget elementor-widget-heading\" data-id=\"2cfd976\" data-element_type=\"widget\" data-widget_type=\"heading.default\">\n\t\t\t\t<div class=\"elementor-widget-container\">\n\t\t\t\t\t<h2 class=\"elementor-heading-title elementor-size-default\">Antibiotikaassoziierte Durchf\u00e4lle als h\u00e4ufige Nebenwirkung<\/h2>\t\t\t\t<\/div>\n\t\t\t\t<\/div>\n\t\t\t\t<div class=\"elementor-element elementor-element-5aa7ca7 elementor-widget elementor-widget-text-editor\" data-id=\"5aa7ca7\" data-element_type=\"widget\" data-widget_type=\"text-editor.default\">\n\t\t\t\t<div class=\"elementor-widget-container\">\n\t\t\t\t\t\t\t\t\t<p>Bei <strong>bis zu 49% der Patienten<\/strong>, die Antibiotika einnehmen, treten <strong>Durchf\u00e4lle<\/strong> auf (<strong>antibiotikaassoziierte Diarrh\u00f6, kurz AAD<\/strong>). Bei bis zu 25% von jenen entwickelt sich daraus eine schwere Form, die <strong><em>Clostridioides-difficile-<\/em>assoziierte Diarrh\u00f6<\/strong> (<strong>CDAD<\/strong>). <em>Clostridioides difficile (C. difficile)<\/em>\u00a0ist einer der <strong>h\u00e4ufigsten Krankenhauskeime<\/strong> und kann, wenn er sich rasch vermehrt, durch die Produktion von zwei verschiedenen Giftstoffen (Toxin A und Toxin B) zu einer <strong>massiven Sch\u00e4digung<\/strong> der <strong>Darmschleimhaut<\/strong> und zu hochgradigen Entz\u00fcndungen f\u00fchren. Die Folgen sind unter anderem heftige und zum Teil lebensbedrohliche Durchf\u00e4lle. Neben Antibiotika kann auch eine <strong>Chemotherapie<\/strong>, welche bei der Behandlung von Krebserkrankungen zum Einsatz kommt, <strong>Durchf\u00e4lle hervorrufen<\/strong>. Dadurch wird eine optimale Behandlung der betroffenen Patienten und in einigen F\u00e4llen sogar die Fortsetzung der Therapie verhindert.<\/p><p>Die<strong> rechtzeitige Gabe<\/strong> von <a href=\"https:\/\/www.omni-biotic.com\/de-de\/darmgesundheit\/gesundheitszentrale-darm\/probiotika\/\"><strong>speziell<\/strong> <strong>formulierten<\/strong> <strong>Probiotika<\/strong><\/a> zus\u00e4tzlich zum Medikament kann durch die positive Modulierung der <a href=\"https:\/\/www.omni-biotic.com\/de-de\/darmgesundheit\/gesundheitszentrale-darm\/darmflora\/\">Darmflora die Darmschleimhaut<\/a> w\u00e4hrend Antibiotika- und Chemotherapien sch\u00fctzen. F\u00fcr diesen Ansatz wurde ein Probiotikum entwickelt, welches aus zehn ausgew\u00e4hlten Bakterienst\u00e4mmen besteht. Es ist in der Lage, das <strong>Wachstum<\/strong> von <strong>gesundheitssch\u00e4dlichen<\/strong> <strong>Keimen<\/strong> sowie die Aussch\u00fcttung von Giftstoffen durch <em>C. difficile<\/em> binnen 24 bis 48 Stunden zu hemmen. Somit l\u00e4sst sich mit diesem Probiotikum antibiotikabedingten <strong>Durchf\u00e4llen<\/strong> und einer CDAD <strong>effizient vorbeugen<\/strong>.<\/p>\t\t\t\t\t\t\t\t<\/div>\n\t\t\t\t<\/div>\n\t\t\t\t\t<\/div>\n\t\t\t\t<\/div>\n\t\t<div class=\"elementor-element elementor-element-6259392 obcs none e-flex e-con-boxed e-con e-parent\" data-id=\"6259392\" data-element_type=\"container\">\n\t\t\t\t\t<div class=\"e-con-inner\">\n\t\t\t\t<div class=\"elementor-element elementor-element-357e6ff elementor-widget elementor-widget-heading\" data-id=\"357e6ff\" data-element_type=\"widget\" data-widget_type=\"heading.default\">\n\t\t\t\t<div class=\"elementor-widget-container\">\n\t\t\t\t\t<h2 class=\"elementor-heading-title elementor-size-default\">Probiotikum: Nachweislich erfolgreicher Einsatz bei AAD<\/h2>\t\t\t\t<\/div>\n\t\t\t\t<\/div>\n\t\t\t\t<div class=\"elementor-element elementor-element-c503992 elementor-widget elementor-widget-text-editor\" data-id=\"c503992\" data-element_type=\"widget\" data-widget_type=\"text-editor.default\">\n\t\t\t\t<div class=\"elementor-widget-container\">\n\t\t\t\t\t\t\t\t\t<p>Im Rahmen einer <strong>Studie<\/strong> am LKH Leoben wurden die positiven Effekte dieses speziell entwickelten <strong>Multispezies-Probiotikums<\/strong> auf die Stuhlkonsistenz und -h\u00e4ufigkeit w\u00e4hrend der <strong>Antibiotikagaben<\/strong> im Zuge von chirurgischen Eingriffen sowie von <strong>Chemotherapien<\/strong> untersucht. 54 chirurgische Patienten des Landeskrankenhauses Leoben, darunter auch neun Krebspatienten, bekamen zum verordneten Antibiotikum zweimal t\u00e4glich je 5 Gramm dieses Probiotikums. Durch die <strong>Gabe der probiotischen Bakterien<\/strong> <strong>verringerte<\/strong> sich das <strong>Auftreten<\/strong> von <strong>antibiotikabedingten<\/strong> Durchf\u00e4llen <strong>signifikant<\/strong> auf 5,5 % (allgemeines Auftreten (Inzidenz) bei vergleichbarer Medikation: 25 %). Zudem <strong>verbesserte<\/strong> sich die <strong>Stuhlbeschaffenheit<\/strong> bei mehr als 50 % der Patienten mit bestehendem Durchfall auf einen Wert von unter 6 auf der Bristol-Stuhlformen-Skala (BSS), was also normalem Stuhlgang entspricht (6 = Durchfall). Besonders hervorzuheben ist der positive Effekt des besagten Probiotikums bei <strong>Chemotherapie-Patienten<\/strong>: Dank der Gabe des Probiotikums kam es zu <strong>keinem einzigen Fall<\/strong> eines <strong>antibiotika- bzw. chemotherapiebedingten Durchfalls<\/strong>. Erw\u00e4hnenswert ist zudem die \u00e4u\u00dferst gute Vertr\u00e4glichkeit des Produktes, da keinerlei unerw\u00fcnschte Effekte aufgetreten sind.<\/p><p>Vor allem bei Krebspatienten kann der Einsatz des Probiotikums zu einem optimaleren Therapieverlauf und \u00fcberdies zu <strong>mehr Lebensqualit\u00e4t<\/strong> beitragen.<\/p>\t\t\t\t\t\t\t\t<\/div>\n\t\t\t\t<\/div>\n\t\t\t\t\t<\/div>\n\t\t\t\t<\/div>\n\t\t<div class=\"elementor-element elementor-element-8a20cdd obcs none e-flex e-con-boxed e-con e-parent\" data-id=\"8a20cdd\" data-element_type=\"container\">\n\t\t\t\t\t<div class=\"e-con-inner\">\n\t\t\t\t<div class=\"elementor-element elementor-element-e02b959 elementor-widget elementor-widget-image\" data-id=\"e02b959\" data-element_type=\"widget\" data-widget_type=\"image.default\">\n\t\t\t\t<div class=\"elementor-widget-container\">\n\t\t\t\t\t\t\t\t\t\t\t\t\t\t\t<img decoding=\"async\" width=\"700\" height=\"500\" src=\"https:\/\/www.omni-biotic.com\/de-de\/wp-content\/uploads\/sites\/10\/2023\/11\/darmflora-probiotika-antibiotika.jpg\" class=\"attachment-large size-large wp-image-28899\" alt=\"Darmflora in Nahaufnahme - grafische Darstellung\" srcset=\"https:\/\/www.omni-biotic.com\/de-de\/wp-content\/uploads\/sites\/10\/2023\/11\/darmflora-probiotika-antibiotika.jpg 700w, https:\/\/www.omni-biotic.com\/de-de\/wp-content\/uploads\/sites\/10\/2023\/11\/darmflora-probiotika-antibiotika-300x214.jpg 300w\" sizes=\"(max-width: 700px) 100vw, 700px\" \/>\t\t\t\t\t\t\t\t\t\t\t\t\t\t\t<\/div>\n\t\t\t\t<\/div>\n\t\t\t\t<div class=\"elementor-element elementor-element-e165a91 elementor-widget elementor-widget-heading\" data-id=\"e165a91\" data-element_type=\"widget\" data-widget_type=\"heading.default\">\n\t\t\t\t<div class=\"elementor-widget-container\">\n\t\t\t\t\t<h2 class=\"elementor-heading-title elementor-size-default\">Probiotika bei Antibiotika<\/h2>\t\t\t\t<\/div>\n\t\t\t\t<\/div>\n\t\t\t\t<div class=\"elementor-element elementor-element-f3d455e elementor-widget elementor-widget-text-editor\" data-id=\"f3d455e\" data-element_type=\"widget\" data-widget_type=\"text-editor.default\">\n\t\t\t\t<div class=\"elementor-widget-container\">\n\t\t\t\t\t\t\t\t\t<p>Eine <strong>Antibiotikatherapie<\/strong> kann, wie eingangs erw\u00e4hnt, die <strong>Zusammensetzung<\/strong> der <a href=\"https:\/\/www.omni-biotic.com\/de-de\/darmgesundheit\/gesundheitszentrale-darm\/darmflora\/\"><strong>Darmflora<\/strong><\/a> <strong>negativ<\/strong> <strong>beeinflussen<\/strong>, wodurch das Wachstum sch\u00e4dlicher Keime beg\u00fcnstigt wird. Vor allem, wenn es sich dabei um <em>C. difficile<\/em> handelt, kann dies zu erheblichen Komplikationen f\u00fchren und zum Teil lebensbedrohliche Durchf\u00e4lle ausl\u00f6sen. Die vorliegende Studie zeigt klar, dass durch die <strong>rechtzeitige Einnahme des Probiotikums<\/strong> zus\u00e4tzlich zu einer Antibiotikatherapie das Auftreten von <strong>antibiotikabedingten<\/strong> <strong>Durchf\u00e4llen<\/strong> bei chirurgischen Patienten <strong>deutlich<\/strong> <strong>reduziert<\/strong> wird. Vor allem bei <strong>Krebspatienten<\/strong> kann der Einsatz des Probiotikums dazu beitragen, den Therapieverlauf zu optimieren und die Lebensqualit\u00e4t zu erh\u00f6hen. Studien haben bereits belegt, dass eine intakte Darmflora f\u00fcr die erfolgreiche Durchf\u00fchrung von Chemotherapien von gro\u00dfer Bedeutung ist und Probiotika den durch Chemotherapeutika verursachten Schaden der Darmschleimhaut in Grenzen halten k\u00f6nnen. Diesbez\u00fcglich liefert die oben genannte Studie \u00e4u\u00dferst eindrucksvolle Ergebnisse, die dabei helfen k\u00f6nnen, den <strong>Einsatz von medizinisch relevanten Probiotika als Standardbegleittherapie<\/strong> sowohl von <a href=\"https:\/\/www.omni-biotic.com\/de-de\/blog\/antibiotika-koerper-nebenwirkungen\/\"><strong>Antibiotikabehandlungen<\/strong> <\/a>als auch von<strong> Chemo- und Strahlentherapien<\/strong> zu etablieren.<\/p>\t\t\t\t\t\t\t\t<\/div>\n\t\t\t\t<\/div>\n\t\t\t\t\t<\/div>\n\t\t\t\t<\/div>\n\t\t<div class=\"elementor-element elementor-element-4f186a1 obcs none e-flex e-con-boxed e-con e-parent\" data-id=\"4f186a1\" data-element_type=\"container\">\n\t\t\t\t\t<div class=\"e-con-inner\">\n\t\t\t\t<div class=\"elementor-element elementor-element-2c0029a elementor-widget elementor-widget-li-widgets--author-quote\" data-id=\"2c0029a\" data-element_type=\"widget\" data-widget_type=\"li-widgets--author-quote.default\">\n\t\t\t\t<div class=\"elementor-widget-container\">\n\t\t\t\t\t<div class=\"li-widgets--author-quote blue\">\n            <div class=\"li-widgets--author-quote__image--wrapper\">\n            <div class=\"li-widgets--author-quote__image\">\n                <img decoding=\"async\" width=\"300\" height=\"279\" src=\"https:\/\/www.omni-biotic.com\/de-de\/wp-content\/uploads\/sites\/10\/2023\/11\/prof-hans-rabl-300x279.jpg\" class=\"attachment-medium size-medium\" alt=\"Prof. Hans Rabl\" srcset=\"https:\/\/www.omni-biotic.com\/de-de\/wp-content\/uploads\/sites\/10\/2023\/11\/prof-hans-rabl-300x279.jpg 300w, https:\/\/www.omni-biotic.com\/de-de\/wp-content\/uploads\/sites\/10\/2023\/11\/prof-hans-rabl.jpg 400w\" sizes=\"(max-width: 300px) 100vw, 300px\" \/>            <\/div>\n        <\/div>\n        <div class=\"li-widgets--author-quote__content\">\n        <div class=\"li-widgets--author-quote__author\">\n            Prim. Univ.-Prof. Dr. Hans Rabl                    <\/div>\n        <div class=\"li-widgets--author-quote__text\">\n            Facharzt f\u00fcr Allgemeinchirurgie und Gef\u00e4\u00dfchirurgie, Venenspezialist und Vorstand der Abteilung f\u00fcr Chirurgie am Landeskrankenhaus Hochsteiermark (Standort Leoben)        <\/div>\n            <\/div>\n    <\/div>\n\t\t\t\t<\/div>\n\t\t\t\t<\/div>\n\t\t\t\t\t<\/div>\n\t\t\t\t<\/div>\n\t\t\t\t<\/div>\n\t\t","protected":false},"excerpt":{"rendered":"<p>Antibiotika z\u00e4hlen zu den wichtigsten medizinischen Entdeckungen des 20. Jahrhunderts, denn sie sind essenziell f\u00fcr die Behandlung bakterieller Infektionskrankheiten, insbesondere wenn es sich hierbei um schwere oder lebensbedrohliche Formen handelt. Doch nicht selten kommt es w\u00e4hrend der Antibiotikatherapien zu unerw\u00fcnschten Nebenwirkungen.<\/p>\n","protected":false},"author":3,"featured_media":26920,"comment_status":"closed","ping_status":"closed","sticky":false,"template":"","format":"standard","meta":{"_acf_changed":false,"inline_featured_image":false,"footnotes":""},"categories":[108,109],"tags":[],"class_list":["post-26919","post","type-post","status-publish","format-standard","has-post-thumbnail","hentry","category-beschwerden-ratgeber","category-neues-aus-der-forschung"],"acf":[],"rank_math":{"og:title":"Probiotika: positive Effekte bei Antibiotikatherapie","og:desc":"Antibiotika k\u00f6nnen zu unerw\u00fcnschten Nebenwirkungen f\u00fchren. Studien zeigen, wie mit der gleichzeitigen Einnahme von Multispezies-Probiotika diese reduziert werden k\u00f6nnen.","og:url":"https:\/\/www.omni-biotic.com\/de-de\/blog\/probiotika-positive-effekte-bei-patienten-mit-antibiotikatherapie\/","og:locale":"de_DE","og:image":"https:\/\/www.omni-biotic.com\/de-de\/wp-content\/uploads\/sites\/10\/2023\/09\/neues-aus-der-forschung-antibiotika-und-probiotika-1.jpg","og:image:width":"800","og:image:height":"544"},"additional_data":{"thumbnail":"https:\/\/www.omni-biotic.com\/de-de\/wp-content\/uploads\/sites\/10\/2023\/09\/neues-aus-der-forschung-antibiotika-und-probiotika-1.jpg"},"blog_info":{"country":"de-de"},"_links":{"self":[{"href":"https:\/\/www.omni-biotic.com\/de-de\/wp-json\/wp\/v2\/posts\/26919","targetHints":{"allow":["GET"]}}],"collection":[{"href":"https:\/\/www.omni-biotic.com\/de-de\/wp-json\/wp\/v2\/posts"}],"about":[{"href":"https:\/\/www.omni-biotic.com\/de-de\/wp-json\/wp\/v2\/types\/post"}],"author":[{"embeddable":true,"href":"https:\/\/www.omni-biotic.com\/de-de\/wp-json\/wp\/v2\/users\/3"}],"replies":[{"embeddable":true,"href":"https:\/\/www.omni-biotic.com\/de-de\/wp-json\/wp\/v2\/comments?post=26919"}],"version-history":[{"count":7,"href":"https:\/\/www.omni-biotic.com\/de-de\/wp-json\/wp\/v2\/posts\/26919\/revisions"}],"predecessor-version":[{"id":33876,"href":"https:\/\/www.omni-biotic.com\/de-de\/wp-json\/wp\/v2\/posts\/26919\/revisions\/33876"}],"wp:featuredmedia":[{"embeddable":true,"href":"https:\/\/www.omni-biotic.com\/de-de\/wp-json\/wp\/v2\/media\/26920"}],"wp:attachment":[{"href":"https:\/\/www.omni-biotic.com\/de-de\/wp-json\/wp\/v2\/media?parent=26919"}],"wp:term":[{"taxonomy":"category","embeddable":true,"href":"https:\/\/www.omni-biotic.com\/de-de\/wp-json\/wp\/v2\/categories?post=26919"},{"taxonomy":"post_tag","embeddable":true,"href":"https:\/\/www.omni-biotic.com\/de-de\/wp-json\/wp\/v2\/tags?post=26919"}],"curies":[{"name":"wp","href":"https:\/\/api.w.org\/{rel}","templated":true}]}}