{"id":27065,"date":"2024-12-16T08:49:59Z","date_gmt":"2024-12-16T07:49:59Z","guid":{"rendered":"https:\/\/www.omni-biotic.com\/de-de\/blog\/wundheilung-bakterien\/"},"modified":"2025-01-13T17:32:01Z","modified_gmt":"2025-01-13T16:32:01Z","slug":"koennen-bakterien-wunden-heilen","status":"publish","type":"post","link":"https:\/\/www.omni-biotic.com\/de-de\/blog\/koennen-bakterien-wunden-heilen\/","title":{"rendered":"K\u00f6nnen Bakterien Wunden heilen?"},"content":{"rendered":"\t\t<div data-elementor-type=\"wp-post\" data-elementor-id=\"27065\" class=\"elementor elementor-27065\" data-elementor-post-type=\"post\">\n\t\t\t\t<div class=\"elementor-element elementor-element-d9bd9ac obcs none e-flex e-con-boxed e-con e-parent\" data-id=\"d9bd9ac\" data-element_type=\"container\">\n\t\t\t\t\t<div class=\"e-con-inner\">\n\t\t\t\t<div class=\"elementor-element elementor-element-b879664 elementor-widget elementor-widget-image\" data-id=\"b879664\" data-element_type=\"widget\" data-widget_type=\"image.default\">\n\t\t\t\t<div class=\"elementor-widget-container\">\n\t\t\t\t\t\t\t\t\t\t\t\t\t\t\t<img fetchpriority=\"high\" decoding=\"async\" width=\"800\" height=\"400\" src=\"https:\/\/www.omni-biotic.com\/de-de\/wp-content\/uploads\/sites\/10\/2023\/09\/bakterien-wundheilung-1-1024x512.jpg\" class=\"attachment-large size-large wp-image-27066\" alt=\"k\u00f6nnen bakterien wunden heilen\" srcset=\"https:\/\/www.omni-biotic.com\/de-de\/wp-content\/uploads\/sites\/10\/2023\/09\/bakterien-wundheilung-1-1024x512.jpg 1024w, https:\/\/www.omni-biotic.com\/de-de\/wp-content\/uploads\/sites\/10\/2023\/09\/bakterien-wundheilung-1-300x150.jpg 300w, https:\/\/www.omni-biotic.com\/de-de\/wp-content\/uploads\/sites\/10\/2023\/09\/bakterien-wundheilung-1-768x384.jpg 768w, https:\/\/www.omni-biotic.com\/de-de\/wp-content\/uploads\/sites\/10\/2023\/09\/bakterien-wundheilung-1.jpg 1200w\" sizes=\"(max-width: 800px) 100vw, 800px\" \/>\t\t\t\t\t\t\t\t\t\t\t\t\t\t\t<\/div>\n\t\t\t\t<\/div>\n\t\t\t\t<div class=\"elementor-element elementor-element-3a70003 elementor-widget elementor-widget-text-editor\" data-id=\"3a70003\" data-element_type=\"widget\" data-widget_type=\"text-editor.default\">\n\t\t\t\t<div class=\"elementor-widget-container\">\n\t\t\t\t\t\t\t\t\t<p>Die Zahl ist beachtlich: Rund <strong>90 % der Zellen<\/strong> auf unserer <strong>Haut<\/strong> sind <strong>Bakterien<\/strong>. Wie im Darm gibt es auch hier <strong>\u201egute\u201c und \u201esch\u00e4dliche\u201c Vertreter<\/strong>, letztere werden vor allem bei fl\u00e4chigen oder tiefen Wunden zum Problem und st\u00f6ren die <strong>Wundheilung<\/strong>. Doch umgekehrt zeigen erste Forschungen, dass geeignete <strong>n\u00fctzliche Bakterien<\/strong> einen neuen <strong>Therapieansatz<\/strong> bieten k\u00f6nnen: Wir sprachen mit <strong>Univ.-Prof. Dr. med. Ewa Klara St\u00fcrmer<\/strong> \u00fcber das Management von Wunden und dar\u00fcber, welche Rolle Probiotika in Zukunft spielen k\u00f6nnten.<\/p>\t\t\t\t\t\t\t\t<\/div>\n\t\t\t\t<\/div>\n\t\t\t\t\t<\/div>\n\t\t\t\t<\/div>\n\t\t<div class=\"elementor-element elementor-element-f8353b8 obcs none e-flex e-con-boxed e-con e-parent\" data-id=\"f8353b8\" data-element_type=\"container\">\n\t\t\t\t\t<div class=\"e-con-inner\">\n\t\t\t\t<div class=\"elementor-element elementor-element-099f0e7 elementor-widget elementor-widget-heading\" data-id=\"099f0e7\" data-element_type=\"widget\" data-widget_type=\"heading.default\">\n\t\t\t\t<div class=\"elementor-widget-container\">\n\t\t\t\t\t<h2 class=\"elementor-heading-title elementor-size-default\">Ursache von nicht heilenden Wunden<\/h2>\t\t\t\t<\/div>\n\t\t\t\t<\/div>\n\t\t\t\t<div class=\"elementor-element elementor-element-52653e9 elementor-widget elementor-widget-text-editor\" data-id=\"52653e9\" data-element_type=\"widget\" data-widget_type=\"text-editor.default\">\n\t\t\t\t<div class=\"elementor-widget-container\">\n\t\t\t\t\t\t\t\t\t<p><em>bauchgef\u00fchl: Wie viele Wundpatienten gibt es ungef\u00e4hr j\u00e4hrlich in Deutschland und welche Bakterien sind die h\u00e4ufigsten Verursacher nicht heilender Wunden?<\/em><\/p><p><em>Univ.-Prof. Dr. med. Ewa Klara St\u00fcrmer<\/em>: Das ist schwer zu sch\u00e4tzen, denn <strong>Wundpatienten<\/strong> werden in Deutschland von <strong>verschiedenen Disziplinen<\/strong> behandelt. Wenn es sich um postoperative Infektionen handelt, dann therapieren nat\u00fcrlich prim\u00e4r die entsprechenden Chirurgen, dar\u00fcber hinaus Gef\u00e4\u00dfmediziner, Dermatologen, Allgemeine Chirurgen und Diabetologen. Chronische Wunden sind also keiner Fachdisziplin zugeordnet. Wir wissen aber aus der gro\u00dfen PMV-Studie von 2016, dass es zu jenem Zeitpunkt <strong>rund drei Millionen Wundpatienten<\/strong> waren. Davon hatten rund<strong> zwei Drittel chronische Wunden<\/strong>. Was die \u201eHauptverursacher\u201c von Wundinfektionen angeht, wurde sowohl in nationalen als auch in internationalen Studien mit \u00fcber 50 % <em>Staphylococcus aureus<\/em> identifiziert, davon in ca. 9 % als methicillinresistenter <em>Staphylococcus aureus<\/em> (MRSA). Wobei hier einschr\u00e4nkend gesagt werden muss: Solange der <strong>MRSA<\/strong> <strong>auf<\/strong> der <strong>Wunde<\/strong> bleibt, ist er genauso <strong>sensibel<\/strong> <strong>gegen\u00fcber<\/strong> unseren <strong>Antiseptika<\/strong> wie der \u201enormale\u201c <em>Staphylococcus aureus<\/em>. Er wird dann zu einem echten <strong>Problem<\/strong>, wenn sich aus einer oberfl\u00e4chlichen Wundinfektion eine <strong>tiefe Infektion<\/strong> entwickelt und im K\u00f6rper ausbreitet. Die Auswahl der jetzt notwendigerweise einzusetzenden Antibiotika ist dann wegen der Resistenz des Bakteriums eher beschr\u00e4nkt. Ein weiteres Bakterium, welches h\u00e4ufig chronische Wunden besiedelt, ist mit 30 % der <em>Pseudomonas aeruginosa<\/em>, was auch auf <strong>Enterobakterien<\/strong> zutrifft. Sie alle sind <strong>Hauptfeinde<\/strong> einer <strong>funktionierenden<\/strong> <strong>Wundheilung<\/strong>.<\/p>\t\t\t\t\t\t\t\t<\/div>\n\t\t\t\t<\/div>\n\t\t\t\t\t<\/div>\n\t\t\t\t<\/div>\n\t\t<div class=\"elementor-element elementor-element-e42b4e2 obcs none e-flex e-con-boxed e-con e-parent\" data-id=\"e42b4e2\" data-element_type=\"container\">\n\t\t\t\t\t<div class=\"e-con-inner\">\n\t\t\t\t<div class=\"elementor-element elementor-element-dd1481b elementor-widget elementor-widget-image\" data-id=\"dd1481b\" data-element_type=\"widget\" data-widget_type=\"image.default\">\n\t\t\t\t<div class=\"elementor-widget-container\">\n\t\t\t\t\t\t\t\t\t\t\t\t\t\t\t<img decoding=\"async\" width=\"700\" height=\"500\" src=\"https:\/\/www.omni-biotic.com\/de-de\/wp-content\/uploads\/sites\/10\/2023\/07\/Diabetes-Wundheilung.jpg\" class=\"attachment-large size-large wp-image-28548\" alt=\"Diabetes und Wundheilung\" srcset=\"https:\/\/www.omni-biotic.com\/de-de\/wp-content\/uploads\/sites\/10\/2023\/07\/Diabetes-Wundheilung.jpg 700w, https:\/\/www.omni-biotic.com\/de-de\/wp-content\/uploads\/sites\/10\/2023\/07\/Diabetes-Wundheilung-300x214.jpg 300w\" sizes=\"(max-width: 700px) 100vw, 700px\" \/>\t\t\t\t\t\t\t\t\t\t\t\t\t\t\t<\/div>\n\t\t\t\t<\/div>\n\t\t\t\t<div class=\"elementor-element elementor-element-cc1e28d elementor-widget elementor-widget-heading\" data-id=\"cc1e28d\" data-element_type=\"widget\" data-widget_type=\"heading.default\">\n\t\t\t\t<div class=\"elementor-widget-container\">\n\t\t\t\t\t<h2 class=\"elementor-heading-title elementor-size-default\">Diabetes und Wundheilung<\/h2>\t\t\t\t<\/div>\n\t\t\t\t<\/div>\n\t\t\t\t<div class=\"elementor-element elementor-element-50aaa27 elementor-widget elementor-widget-text-editor\" data-id=\"50aaa27\" data-element_type=\"widget\" data-widget_type=\"text-editor.default\">\n\t\t\t\t<div class=\"elementor-widget-container\">\n\t\t\t\t\t\t\t\t\t<div class=\"section mcb-section equal-height-wrap wso-chapter-4 \"><div class=\"section_wrapper mcb-section-inner\"><div class=\"wrap mcb-wrap one valign-top clearfix\"><div class=\"mcb-wrap-inner\"><div class=\"column mcb-column one column_column \"><div class=\"column_attr clearfix\"><p><em>bauchgef\u00fchl: Sind immer gr\u00f6\u00dfere Verletzungen der Grund f\u00fcr schlecht heilende Wunden oder kann selbst aus einem kleinen Kratzer solch ein Problem resultieren? Und: Warum sind Diabetiker so h\u00e4ufig von Wundheilungsst\u00f6rungen betroffen?<\/em><\/p><p><em>Univ.-Prof. Dr. med. Ewa Klara St\u00fcrmer<\/em>: So ganz aus dem Nichts entstehen diese Wunden nicht. Bei <a href=\"https:\/\/www.omni-biotic.com\/de-de\/blog\/darmgesundheit-geriatrie\/\"><strong>\u00e4lteren Patienten mit Durchblutungsst\u00f6rungen<\/strong><\/a> in den Beinen sind aber tats\u00e4chlich oft Bagatellverletzungen urs\u00e4chlich:<strong> kleine Sto\u00dfwunden<\/strong> bei der <strong>Gartenarbeit<\/strong>, eine <strong>Risswunde<\/strong> beim Rosenstrauch oder auch aufgekratzte Insektenstiche, welche zur Basis einer chronischen Wunde werden. Bei <a href=\"https:\/\/www.omni-biotic.com\/de-de\/blog\/insulin-schuetzt-vor-darmkrebs\/\"><strong>Diabetikern<\/strong> <\/a>sind es h\u00e4ufig <strong>offene Druckstellen an den F\u00fc\u00dfen<\/strong>. Da viele Diabetiker eine sogenannte <strong>Polyneuropathie<\/strong> entwickeln \u2013 was bedeutet, dass die Nerven nicht mehr entsprechende Schmerzsignale senden, wenn der Schuh dr\u00fcckt \u2013, laufen sie sich <strong>Blasen<\/strong> insbesondere an der Fu\u00dfsohle oder an Knochenvorspr\u00fcngen, die dann aufbrechen und in chronische Wunden \u00fcbergehen.<\/p><\/div><\/div><\/div><\/div><\/div><\/div>\t\t\t\t\t\t\t\t<\/div>\n\t\t\t\t<\/div>\n\t\t\t\t<div class=\"elementor-element elementor-element-fc47f67 elementor-widget elementor-widget-heading\" data-id=\"fc47f67\" data-element_type=\"widget\" data-widget_type=\"heading.default\">\n\t\t\t\t<div class=\"elementor-widget-container\">\n\t\t\t\t\t<h2 class=\"elementor-heading-title elementor-size-default\">Fortschritte in der Wundversorgung<\/h2>\t\t\t\t<\/div>\n\t\t\t\t<\/div>\n\t\t\t\t<div class=\"elementor-element elementor-element-9ee9e0d elementor-widget elementor-widget-text-editor\" data-id=\"9ee9e0d\" data-element_type=\"widget\" data-widget_type=\"text-editor.default\">\n\t\t\t\t<div class=\"elementor-widget-container\">\n\t\t\t\t\t\t\t\t\t<p><em>bauchgef\u00fchl: Als Laie bekommt man manchmal den Eindruck, dass sich bei der Versorgung von Wunden nicht so viel getan hat wie in anderen medizinischen Feldern. Stimmt das, oder wie sieht hier die wissenschaftliche Wirklichkeit aus?<\/em><\/p><p><em>Univ.-Prof. Dr. med. Ewa Klara St\u00fcrmer<\/em>: Ein \u201eklares Jein\u201c. Wir haben in den letzten Jahren, wo sich alles auf COVID-19 fokussiert hatte, keine richtigen Innovationen in der Wundtherapie festgestellt, obwohl wir durch die Angst der Wundpatienten, Ambulanzen und Krankenh\u00e4user zu besuchen, und durch Versorgungsl\u00fccken bei den Pflegediensten deutlich mehr und deutlich schlimmere Wunden gesehen haben. Die sogenannte \u201e<strong>Moderne Wundtherapie<\/strong>\u201c gibt es mittlerweile <strong>seit 40 Jahren<\/strong>. Sie war durch die Einf\u00fchrung der <strong>feuchten<\/strong> <strong>Wundtherapie<\/strong> ein Meilenstein f\u00fcr die Wundheilung. Davor hatte man gedacht, Wunden m\u00fcssten austrocknen. Auf akute Wunden mag das auch weiterhin zutreffen, aber die Einf\u00fchrung dieser neuen, feuchten Therapiephilosophie war ein <strong>Segen f\u00fcr die chronischen Wunden<\/strong>. Auch wenn es in letzter Zeit diesbez\u00fcglich keine echten Innovationen gab, so sind die <strong>Wundmaterialien<\/strong> immer besser und <strong>effektiver<\/strong> geworden. Sie kleben weniger stark und sind d\u00fcnner. Erw\u00e4hnenswert ist au\u00dferdem die Entwicklung der <strong>Unterdrucktherapie<\/strong>, bei der die Wunde mit einem Schwamm und einer Folie bedeckt und unter Anlage von Unterdruck feucht und sauber gehalten wird, was die Wundheilung anregt. Weiters hat uns die Medizinprodukteindustrie inzwischen ein breites Spektrum <strong>effektiver antimikrobieller Substanzen<\/strong> und L\u00f6sungen zur Verf\u00fcgung gestellt, die uns dabei helfen, Wundinfektionen von au\u00dfen zu kontrollieren. Aber \u00fcber Rocket Science oder Meilensteine konnten wir uns meines Erachtens in den letzten 15 Jahren leider nicht freuen.<\/p>\t\t\t\t\t\t\t\t<\/div>\n\t\t\t\t<\/div>\n\t\t\t\t\t<\/div>\n\t\t\t\t<\/div>\n\t\t<div class=\"elementor-element elementor-element-c933c6f obcs none e-flex e-con-boxed e-con e-parent\" data-id=\"c933c6f\" data-element_type=\"container\">\n\t\t\t\t\t<div class=\"e-con-inner\">\n\t\t\t\t<div class=\"elementor-element elementor-element-dc85df7 elementor-widget elementor-widget-image\" data-id=\"dc85df7\" data-element_type=\"widget\" data-widget_type=\"image.default\">\n\t\t\t\t<div class=\"elementor-widget-container\">\n\t\t\t\t\t\t\t\t\t\t\t\t\t\t\t<img decoding=\"async\" width=\"700\" height=\"500\" src=\"https:\/\/www.omni-biotic.com\/de-de\/wp-content\/uploads\/sites\/10\/2023\/07\/bakterien-wundheilung-petrischale-e1697185142461.jpg\" class=\"attachment-full size-full wp-image-28544\" alt=\"Antibiotika und Wundheilung - Petrischale f\u00fcr das Wachstum von Bakterien\" srcset=\"https:\/\/www.omni-biotic.com\/de-de\/wp-content\/uploads\/sites\/10\/2023\/07\/bakterien-wundheilung-petrischale-e1697185142461.jpg 700w, https:\/\/www.omni-biotic.com\/de-de\/wp-content\/uploads\/sites\/10\/2023\/07\/bakterien-wundheilung-petrischale-e1697185142461-300x214.jpg 300w\" sizes=\"(max-width: 700px) 100vw, 700px\" \/>\t\t\t\t\t\t\t\t\t\t\t\t\t\t\t<\/div>\n\t\t\t\t<\/div>\n\t\t\t\t<div class=\"elementor-element elementor-element-ccb8267 elementor-widget elementor-widget-heading\" data-id=\"ccb8267\" data-element_type=\"widget\" data-widget_type=\"heading.default\">\n\t\t\t\t<div class=\"elementor-widget-container\">\n\t\t\t\t\t<h2 class=\"elementor-heading-title elementor-size-default\">Antibiotika und Wundheilungsst\u00f6rung<\/h2>\t\t\t\t<\/div>\n\t\t\t\t<\/div>\n\t\t\t\t<div class=\"elementor-element elementor-element-b5188f4 elementor-widget elementor-widget-text-editor\" data-id=\"b5188f4\" data-element_type=\"widget\" data-widget_type=\"text-editor.default\">\n\t\t\t\t<div class=\"elementor-widget-container\">\n\t\t\t\t\t\t\t\t\t<p><em>bauchgef\u00fchl: Antibiotika waren der gr\u00f6\u00dfte Segen der Menschheit, die zunehmenden Resistenzen gegen diese Medikamente werden immer mehr zu einem Problem. Ist das auch in Hinblick auf die Wundversorgung ein Thema?<\/em><\/p><p><em>Univ.-Prof. Dr. med. Ewa Klara St\u00fcrmer<\/em>: Jede chronische <strong>Wunde<\/strong> ist von <strong>verschiedensten Bakterienspezies<\/strong> besiedelt. Wenn man das mit PCR-Diagnostik analysiert, kommen wir auf bis zu<strong> 70 verschiedene Bakterien<\/strong>. Die muss ich aber <strong>nicht zwangsl\u00e4ufig mit Antibiotika bek\u00e4mpfen<\/strong>: Bei einem bakterienpositiven Abstrich schaue ich mir den Patienten und die Wunde an. Jeder Arzt sollte zuerst eruieren, ob nur eine <strong>Besiedelung der Wunde<\/strong> vorliegt, die den Patienten nicht krank macht, oder ob es sich um eine <strong>lokale Infektion<\/strong> bzw. sogar um eine<strong> systemische Infektion<\/strong> handelt. Denn Patienten mit chronischen Wunden zeigen immer wieder ein Aufflammen von Infektionen. Unreflektiert w\u00fcrde jedes Mal ein Antibiotikum verordnet werden. Den typischen Wundpatienten betr\u00e4fe das zwei- bis dreimal pro Jahr. Dadurch ist die <strong>Entwicklung von resistenten Bakterien<\/strong> vorprogrammiert.<\/p><p>Nat\u00fcrlich sind <a href=\"https:\/\/www.omni-biotic.com\/de-de\/blog\/antibiotika-koerper-nebenwirkungen\/\">Antibiotika ein Segen<\/a>, aber stets zur\u00fcckhaltend bei Patienten mit chronischen Wunden einzusetzen. Deswegen suchen wir nach <strong>Alternativen<\/strong>, da trotz aller Umsicht die Zahl der resistenten Bakterien steigt.<\/p>\t\t\t\t\t\t\t\t<\/div>\n\t\t\t\t<\/div>\n\t\t\t\t\t<\/div>\n\t\t\t\t<\/div>\n\t\t<div class=\"elementor-element elementor-element-51ca5e6 obcs none e-flex e-con-boxed e-con e-parent\" data-id=\"51ca5e6\" data-element_type=\"container\">\n\t\t\t\t\t<div class=\"e-con-inner\">\n\t\t\t\t<div class=\"elementor-element elementor-element-9ccdcbd elementor-widget elementor-widget-heading\" data-id=\"9ccdcbd\" data-element_type=\"widget\" data-widget_type=\"heading.default\">\n\t\t\t\t<div class=\"elementor-widget-container\">\n\t\t\t\t\t<h2 class=\"elementor-heading-title elementor-size-default\">Risiko einer Wundinfektion im Krankenhaus<\/h2>\t\t\t\t<\/div>\n\t\t\t\t<\/div>\n\t\t\t\t<div class=\"elementor-element elementor-element-2f4369a elementor-widget elementor-widget-text-editor\" data-id=\"2f4369a\" data-element_type=\"widget\" data-widget_type=\"text-editor.default\">\n\t\t\t\t<div class=\"elementor-widget-container\">\n\t\t\t\t\t\t\t\t\t<div class=\"section mcb-section equal-height-wrap wso-chapter-4 \"><div class=\"section_wrapper mcb-section-inner\"><div class=\"wrap mcb-wrap one valign-top clearfix\"><div class=\"mcb-wrap-inner\"><div class=\"column mcb-column one column_column \"><div class=\"column_attr clearfix\"><p><em>bauchgef\u00fchl: Wie hoch ist denn das Risiko einer Wundinfektion im Krankenhaus? Gibt es bestimmte Patientengruppen, die besonders gef\u00e4hrdet sind?<\/em><\/p><p><em>Univ.-Prof. Dr. med. Ewa Klara St\u00fcrmer<\/em>: Die <strong>\u00c4lteren<\/strong> \u2013 auch deshalb, weil die <strong>Stoffwechselprozesse<\/strong> mit zunehmendem Alter <strong>langsamer<\/strong> werden. Aber es sind tats\u00e4chlich geh\u00e4uft Patienten mit <strong>Diabetes<\/strong> und die <strong>Adip\u00f6sen<\/strong>, au\u00dferdem Patienten, bei denen beides zusammenkommt, basierend auf dem sogenannten <a href=\"https:\/\/www.omni-biotic.com\/de-de\/blog\/mikrobiom-und-metabolisches-syndrom\/\">Metabolischen Syndrom<\/a>. Jene leiden also an<strong> komplexen Stoffwechselst\u00f6rungen<\/strong>, die auch die <strong>Wundheilung<\/strong> <strong>erschweren<\/strong>. Hinzu kommt nat\u00fcrlich, dass bei diesen Patienten das <a href=\"https:\/\/www.omni-biotic.com\/de-de\/darmgesundheit\/gesundheitszentrale-darm\/darmmikrobiom\/\">Mikrobiom<\/a> eine gro\u00dfe Rolle bei der verz\u00f6gerten Wundheilung spielt, weil sie bekanntlich eine ganz andere Zusammensetzung des Haut- und Darmmikrobioms aufweisen und pathogene Keime deswegen ein leichtes Spiel haben.<\/p><p><em>bauchgef\u00fchl: Diabetes Typ 2 ist ja mittlerweile eine Volkskrankheit, und Diabetiker haben oft mit Wundheilungsst\u00f6rungen zu k\u00e4mpfen. Wie lange kann es dauern, bis bei einem Diabetiker eine offene Wunde heilt, und warum ist das so?<\/em><\/p><p><em>Univ.-Prof. Dr. med. Ewa Klara St\u00fcrmer<\/em>:<strong> Diabetische Wunden heilen sehr, sehr langsam<\/strong>. Sie heilen quasi genauso langsam wie bei Patienten mit arteriellen Durchblutungsst\u00f6rungen, weil sie einfach durch das Metabolische Syndrom eine <a href=\"https:\/\/www.omni-biotic.com\/de-de\/blog\/starkes-immunsystem\/\"><strong>schlechtere Immunabwehr<\/strong><\/a> und eine schlechtere Mikrodurchblutung haben. Durch die Grunderkrankung ist die Infektabwehr teilweise so beeintr\u00e4chtigt, dass man durch engmaschige Verbandswechsel dem K\u00f6rper helfen muss, die Erreger von den Wunden zu entfernen. Aber das allein ist nicht immer ausreichend und im Alltag f\u00fcr Patient und Wundversorgende auch nicht immer praktikabel. So entstand unter anderem als neue Idee, das <strong>Mikrobiom in den Prozess der Wundheilung einzubeziehen<\/strong>. Sein Einfluss auf die Darmgesundheit ist ja hinl\u00e4nglich bekannt. Und so unterschiedlich sind <strong>Darm, Schleimh\u00e4ute und Hau<\/strong>t gar nicht aufgebaut, <strong>alle sind von Bakterien besiedelt<\/strong> und die Mechanismen auf histologischer und zellul\u00e4rer Ebene \u00e4hnlich. Die Forschung rund um die <a href=\"https:\/\/www.omni-biotic.com\/de-de\/blog\/leaky-gut-der-loechrige-darm\/\">Darmbarriere<\/a> ist ja schon sehr weit. Klarerweise hat man sich auf die orale Einnahme der Probiotika konzentriert. Wer wendet schon <strong>Probiotika auf der Haut<\/strong> an? Hier kann die Forschung Br\u00fccken schlagen, es ist naheliegend, dass die Mechanismen des Hautmikrobioms sehr \u00e4hnlich verlaufen wie jene im Darm.<\/p><\/div><\/div><\/div><\/div><\/div><\/div>\t\t\t\t\t\t\t\t<\/div>\n\t\t\t\t<\/div>\n\t\t\t\t<div class=\"elementor-element elementor-element-ca2e96e elementor-widget elementor-widget-image\" data-id=\"ca2e96e\" data-element_type=\"widget\" data-widget_type=\"image.default\">\n\t\t\t\t<div class=\"elementor-widget-container\">\n\t\t\t\t\t\t\t\t\t\t\t\t\t\t\t<img loading=\"lazy\" decoding=\"async\" width=\"700\" height=\"500\" src=\"https:\/\/www.omni-biotic.com\/de-de\/wp-content\/uploads\/sites\/10\/2023\/07\/probiotika-in-der-wundheilung.jpg\" class=\"attachment-large size-large wp-image-28554\" alt=\"Probiotika in der Wundheilung\" srcset=\"https:\/\/www.omni-biotic.com\/de-de\/wp-content\/uploads\/sites\/10\/2023\/07\/probiotika-in-der-wundheilung.jpg 700w, https:\/\/www.omni-biotic.com\/de-de\/wp-content\/uploads\/sites\/10\/2023\/07\/probiotika-in-der-wundheilung-300x214.jpg 300w\" sizes=\"(max-width: 700px) 100vw, 700px\" \/>\t\t\t\t\t\t\t\t\t\t\t\t\t\t\t<\/div>\n\t\t\t\t<\/div>\n\t\t\t\t<div class=\"elementor-element elementor-element-19fe37e elementor-widget elementor-widget-heading\" data-id=\"19fe37e\" data-element_type=\"widget\" data-widget_type=\"heading.default\">\n\t\t\t\t<div class=\"elementor-widget-container\">\n\t\t\t\t\t<h2 class=\"elementor-heading-title elementor-size-default\">Welche Rolle spielen Probiotika in der Wundheilung?<\/h2>\t\t\t\t<\/div>\n\t\t\t\t<\/div>\n\t\t\t\t<div class=\"elementor-element elementor-element-0a57e02 elementor-widget elementor-widget-text-editor\" data-id=\"0a57e02\" data-element_type=\"widget\" data-widget_type=\"text-editor.default\">\n\t\t\t\t<div class=\"elementor-widget-container\">\n\t\t\t\t\t\t\t\t\t<div class=\"section mcb-section equal-height-wrap wso-chapter-4 Array\"><div class=\"section_wrapper mcb-section-inner\"><div class=\"wrap mcb-wrap one valign-top clearfix\"><div class=\"mcb-wrap-inner\"><div class=\"column mcb-column one column_column \"><div class=\"column_attr clearfix\"><p><em>bauchgef\u00fchl: Welche Rolle k\u00f6nnen denn Probiotika bei der Heilung von Wunden spielen? Was ist der aktuelle Stand der Wissenschaft \u2013 k\u00f6nnten probiotische Bakterien eventuell sogar die Wundheilung beschleunigen?<\/em><\/p><p><em>Univ.-Prof. Dr. med. Ewa Klara St\u00fcrmer<\/em>: Wir schlie\u00dfen gerade eine <strong>Pilotstudie<\/strong> zur Wirkung eines <strong>speziellen Probiotikums auf die Wundheilung<\/strong> ab und von einem <strong>Trend<\/strong> kann ich gern schon berichten. Wir haben daf\u00fcr ein Multispezies-Probiotikum gew\u00e4hlt, das speziell f\u00fcr Diabetiker und das Metabolische Syndrom entwickelt wurde, da unsere <strong>Studienpatienten<\/strong> allesamt <strong>Diabetiker<\/strong> waren. Eines der wesentlichen Ergebnisse war, dass eine <strong>sechsmonatige Einnahme des <a href=\"https:\/\/www.omni-biotic.com\/de-de\/darmgesundheit\/gesundheitszentrale-darm\/probiotika\/\">Probiotikums<\/a><\/strong> zu einer <strong>Ver\u00e4nderung des Haut- und Wundmikrobioms von pathogen zu weniger pathogen<\/strong> f\u00fchrte. Das ist insofern beeindruckend, als die Patienten die Probiotika morgens in einem Glas Wasser \u2013 also oral \u2013 zu sich genommen haben. Es zeigte sich, dass probiotische Bakterien \u00fcber die Mundschleimhaut und den Darm den Weg auf die Haut und schlussendlich auf die Wunde gefunden haben. Auf jeden Fall ist es beeindruckend, dass eine<strong> orale Einnahme von Probiotika sich positiv auf das Hautmikrobiom auswirkt<\/strong>. Wir werden dazu hoffentlich bald eine gr\u00f6\u00dfere Studie durchf\u00fchren und ich bin sehr zuversichtlich, dass sich die besagten Auswirkungen auch in dieser zeigen werden. In der Pilotstudie haben wir zudem gesehen, dass sich bei Diabetikern die <strong>Parodontitis<\/strong> <strong>signifikant<\/strong> <strong>verbessert<\/strong> hat, und zwar bei fast allen Patienten. Das war beeindruckend! Wenn Sie bedenken, wie im Vergleich eine regelhafte Parodontitis-Therapie verl\u00e4uft \u2013 langwierig, mit vielen Zahnarztbesuchen, Mundsp\u00fclungen und schmerzhaften Reinigungen \u2013, so ist eine sechsmonatige Probiotika-Einnahme ein Leichtes, die <strong>Zahngesundheit<\/strong> deutlich zu <strong>verbessern.<\/strong> Das hei\u00dft, die Probiotika haben definitiv einen <strong>Effekt auf Haut und Schleimhaut<\/strong>. Inwiefern sie vielleicht auch einmal Antibiotika werden ersetzen k\u00f6nnen, l\u00e4sst sich schwer sagen. Wenn ich in die Zukunft schaue, werden Probiotika meines Erachtens ein weiteres Tool in der<strong> Therapie chronischer Wunden sein.<\/strong> Gerade bei schwelenden Infektionen werden Probiotika einen Stellenwert haben.<\/p><p><em>bauchgef\u00fchl: Wie sind Sie auf die Idee gekommen, dass Probiotika in der Wundheilung eine Rolle spielen k\u00f6nnten?<\/em><\/p><p><em>Univ.-Prof. Dr. med. Ewa Klara St\u00fcrmer<\/em>: Meine Arbeitsgruppe hat vor rund drei Jahren eine Studie publiziert, in der wir im Labor die Wirkung von probiotischen Bakterien auf humane Krankheitserreger im bakteriellen Biofilm untersucht haben. Das hei\u00dft, wir haben aus <strong>Blutplasma, Immunzellen und Bakterien einen Biofilm hergestellt<\/strong>, wie er auf chronischen Wunden zu finden ist. Damit pr\u00fcften wir, ob verschiedene Probiotika diesen Biofilm und die Bakterien darin t\u00f6ten k\u00f6nnen. Zu meiner \u00dcberraschung konnte der <em>Lactobacillus plantarum<\/em> einen der aggressivsten Hautkeime, den <em>Pseudomonas aeruginosa<\/em>, t\u00f6ten und den <em>Staphylococcus aureus<\/em> in seinem Wachstum hemmen. Diese Beobachtungen erfolgten zwar erst einmal nur im experimentellen Setting, aber in humanem Milieu und somit schon nah am realen menschlichen Biofilm. Bei den Untersuchungen haben wir das gro\u00dfe Potenzial von Probiotika entdeckt, auch wenn es bei chronischen Wunden noch viel zu erforschen gibt, insbesondere welche \u201eguten\u201c Keime wir ben\u00f6tigen: Den <em>Lactobacillus plantarum<\/em> k\u00f6nnen wir aber sicherlich sehr gut gebrauchen.<\/p><p>Er macht insbesondere in der Wunde den <strong>pH-Wert ein bisschen saurer<\/strong>, was den typischen Wundinfektionserregern gar nicht gef\u00e4llt. Es ist ein bisschen so wie David und Goliath: Denn wir haben es bei der Problematik der Wundinfektionen mit hochaggressiven Keimen zu tun, denen jetzt viele sympathische kleine Bakterien gegen\u00fcberstehen, die \u00fcber sich hinauswachsen und vielleicht sogar siegen k\u00f6nnen.<\/p><\/div><\/div><\/div><\/div><\/div><\/div>\t\t\t\t\t\t\t\t<\/div>\n\t\t\t\t<\/div>\n\t\t\t\t\t<\/div>\n\t\t\t\t<\/div>\n\t\t<div class=\"elementor-element elementor-element-e78d846 obcs none e-flex e-con-boxed e-con e-parent\" data-id=\"e78d846\" data-element_type=\"container\">\n\t\t\t\t\t<div class=\"e-con-inner\">\n\t\t\t\t<div class=\"elementor-element elementor-element-24dcd21 elementor-widget elementor-widget-li-widgets--author-quote\" data-id=\"24dcd21\" data-element_type=\"widget\" data-widget_type=\"li-widgets--author-quote.default\">\n\t\t\t\t<div class=\"elementor-widget-container\">\n\t\t\t\t\t<div class=\"li-widgets--author-quote blue\">\n            <div class=\"li-widgets--author-quote__image--wrapper\">\n            <div class=\"li-widgets--author-quote__image\">\n                <img loading=\"lazy\" decoding=\"async\" width=\"300\" height=\"272\" src=\"https:\/\/www.omni-biotic.com\/de-de\/wp-content\/uploads\/sites\/10\/2023\/07\/univ-prof-dr-med-ewa-klara-stuermer-300x272.jpg\" class=\"attachment-medium size-medium\" alt=\"Univ. Prof. Dr. med. Ewa Klara St\u00fcrmer\" srcset=\"https:\/\/www.omni-biotic.com\/de-de\/wp-content\/uploads\/sites\/10\/2023\/07\/univ-prof-dr-med-ewa-klara-stuermer-300x272.jpg 300w, https:\/\/www.omni-biotic.com\/de-de\/wp-content\/uploads\/sites\/10\/2023\/07\/univ-prof-dr-med-ewa-klara-stuermer-768x697.jpg 768w, https:\/\/www.omni-biotic.com\/de-de\/wp-content\/uploads\/sites\/10\/2023\/07\/univ-prof-dr-med-ewa-klara-stuermer.jpg 800w\" sizes=\"(max-width: 300px) 100vw, 300px\" \/>            <\/div>\n        <\/div>\n        <div class=\"li-widgets--author-quote__content\">\n        <div class=\"li-widgets--author-quote__author\">\n                                <\/div>\n        <div class=\"li-widgets--author-quote__text\">\n            Univ.-Prof. Dr. med. Ewa Klara St\u00fcrmer hat an den Universit\u00e4ten Essen und G\u00f6ttingen Medizin studiert. Sie arbeitet als Fach\u00e4rztin f\u00fcr Chirurgie, Orthop\u00e4die und Unfallchirurgie, promovierte 1996, habilitierte sich 2009 an der Georg-August-Universit\u00e4t G\u00f6ttingen und ist heute Chirurgische Leiterin des Comprehensive Wound Center und der Translationalen Wundforschung am Universit\u00e4tsklinikum in Hamburg-Eppendorf (UKE).        <\/div>\n            <\/div>\n    <\/div>\n\t\t\t\t<\/div>\n\t\t\t\t<\/div>\n\t\t\t\t\t<\/div>\n\t\t\t\t<\/div>\n\t\t\t\t<\/div>\n\t\t","protected":false},"excerpt":{"rendered":"<p>Aktuelle Studien zeigen, dass n\u00fctzliche Bakterien (Probiotika) einen neuen Therapieansatz in der Wundheilung bieten k\u00f6nnen.<\/p>\n","protected":false},"author":3,"featured_media":27066,"comment_status":"closed","ping_status":"closed","sticky":false,"template":"","format":"standard","meta":{"_acf_changed":false,"inline_featured_image":false,"footnotes":""},"categories":[109],"tags":[],"class_list":["post-27065","post","type-post","status-publish","format-standard","has-post-thumbnail","hentry","category-neues-aus-der-forschung"],"acf":[],"rank_math":{"og:title":"K\u00f6nnen Bakterien Wunden heilen?","og:desc":"Aktuelle Studien zeigen, dass n\u00fctzliche Bakterien (Probiotika) einen neuen Therapieansatz in der Wundheilung bieten k\u00f6nnen.","og:url":"https:\/\/www.omni-biotic.com\/de-de\/blog\/koennen-bakterien-wunden-heilen\/","og:locale":"de_DE","og:image":"https:\/\/www.omni-biotic.com\/de-de\/wp-content\/uploads\/sites\/10\/2023\/09\/bakterien-wundheilung-1.jpg","og:image:width":"1200","og:image:height":"600"},"additional_data":{"thumbnail":"https:\/\/www.omni-biotic.com\/de-de\/wp-content\/uploads\/sites\/10\/2023\/09\/bakterien-wundheilung-1.jpg"},"blog_info":{"country":"de-de"},"_links":{"self":[{"href":"https:\/\/www.omni-biotic.com\/de-de\/wp-json\/wp\/v2\/posts\/27065","targetHints":{"allow":["GET"]}}],"collection":[{"href":"https:\/\/www.omni-biotic.com\/de-de\/wp-json\/wp\/v2\/posts"}],"about":[{"href":"https:\/\/www.omni-biotic.com\/de-de\/wp-json\/wp\/v2\/types\/post"}],"author":[{"embeddable":true,"href":"https:\/\/www.omni-biotic.com\/de-de\/wp-json\/wp\/v2\/users\/3"}],"replies":[{"embeddable":true,"href":"https:\/\/www.omni-biotic.com\/de-de\/wp-json\/wp\/v2\/comments?post=27065"}],"version-history":[{"count":7,"href":"https:\/\/www.omni-biotic.com\/de-de\/wp-json\/wp\/v2\/posts\/27065\/revisions"}],"predecessor-version":[{"id":37529,"href":"https:\/\/www.omni-biotic.com\/de-de\/wp-json\/wp\/v2\/posts\/27065\/revisions\/37529"}],"wp:featuredmedia":[{"embeddable":true,"href":"https:\/\/www.omni-biotic.com\/de-de\/wp-json\/wp\/v2\/media\/27066"}],"wp:attachment":[{"href":"https:\/\/www.omni-biotic.com\/de-de\/wp-json\/wp\/v2\/media?parent=27065"}],"wp:term":[{"taxonomy":"category","embeddable":true,"href":"https:\/\/www.omni-biotic.com\/de-de\/wp-json\/wp\/v2\/categories?post=27065"},{"taxonomy":"post_tag","embeddable":true,"href":"https:\/\/www.omni-biotic.com\/de-de\/wp-json\/wp\/v2\/tags?post=27065"}],"curies":[{"name":"wp","href":"https:\/\/api.w.org\/{rel}","templated":true}]}}