{"id":32330,"date":"2024-09-05T12:07:46Z","date_gmt":"2024-09-05T10:07:46Z","guid":{"rendered":"https:\/\/www.omni-biotic.com\/de-de\/?p=32330"},"modified":"2024-09-10T10:36:59Z","modified_gmt":"2024-09-10T08:36:59Z","slug":"kinder-unter-druck","status":"publish","type":"post","link":"https:\/\/www.omni-biotic.com\/de-de\/blog\/kinder-unter-druck\/","title":{"rendered":"Kinder unter Druck: Wie sich Stress auswirkt"},"content":{"rendered":"\t\t<div data-elementor-type=\"wp-post\" data-elementor-id=\"32330\" class=\"elementor elementor-32330\" data-elementor-post-type=\"post\">\n\t\t\t\t<div class=\"elementor-element elementor-element-3dd3931 obcs none e-flex e-con-boxed e-con e-parent\" data-id=\"3dd3931\" data-element_type=\"container\">\n\t\t\t\t\t<div class=\"e-con-inner\">\n\t\t\t\t<div class=\"elementor-element elementor-element-d40baa4 elementor-widget elementor-widget-text-editor\" data-id=\"d40baa4\" data-element_type=\"widget\" data-widget_type=\"text-editor.default\">\n\t\t\t\t<div class=\"elementor-widget-container\">\n\t\t\t\t\t\t\t\t\t<p>Eine <strong>unbek\u00fcmmerte Kindheit<\/strong> ist das, was alle Eltern ihren Kindern erm\u00f6glichen wollen. <strong>Fernab<\/strong> von <strong>Stress<\/strong>, <strong>\u00c4ngsten<\/strong> und <strong>Sorgen<\/strong>, die zu unserem Leben wohl oder \u00fcbel dazugeh\u00f6ren. Aber auch Kinder sind im Alltag Belastungen ausgesetzt: Jeder vierte junge Mensch in Deutschland hat mindestens einmal pro Woche R\u00fccken- oder Kopfschmerzen, und 23 % leiden gar mehrmals pro Woche unter Schlafproblemen, wie der DAK-Pr\u00e4ventionsradar 2023 \u2013 eine Befragung von knapp 15.000 Kindern und Jugendlichen \u2013 zeigt.<\/p><p>Wir wissen heute, dass die Coronazeit mit <strong>Kontaktbeschr\u00e4nkungen<\/strong> und Schulschlie\u00dfungen insbesondere f\u00fcr unseren J\u00fcngsten eine gro\u00dfe psychische Belastung war: <strong>Angstst\u00f6rungen<\/strong> und Depressionen nahmen weltweit zu. Und jetzt, Jahre sp\u00e4ter, ist alles wieder gut? Viele <strong>Experten<\/strong> sagen nein \u2013 vielmehr h\u00e4tten sich die Zahlen zur psychischen Gesundheit von Kindern und Jugendlichen auf hohem Niveau eingependelt.<\/p>\t\t\t\t\t\t\t\t<\/div>\n\t\t\t\t<\/div>\n\t\t\t\t<div class=\"elementor-element elementor-element-040f77d elementor-widget elementor-widget-heading\" data-id=\"040f77d\" data-element_type=\"widget\" data-widget_type=\"heading.default\">\n\t\t\t\t<div class=\"elementor-widget-container\">\n\t\t\t\t\t<h2 class=\"elementor-heading-title elementor-size-default\">Was bereitet Kindern Stress? <\/h2>\t\t\t\t<\/div>\n\t\t\t\t<\/div>\n\t\t\t\t\t<\/div>\n\t\t\t\t<\/div>\n\t\t<div class=\"elementor-element elementor-element-c4d345c obcs none e-flex e-con-boxed e-con e-parent\" data-id=\"c4d345c\" data-element_type=\"container\">\n\t\t\t\t\t<div class=\"e-con-inner\">\n\t\t\t\t<div class=\"elementor-element elementor-element-ce777a5 elementor-widget elementor-widget-image\" data-id=\"ce777a5\" data-element_type=\"widget\" data-widget_type=\"image.default\">\n\t\t\t\t<div class=\"elementor-widget-container\">\n\t\t\t\t\t\t\t\t\t\t\t\t\t\t\t<img fetchpriority=\"high\" decoding=\"async\" width=\"700\" height=\"200\" src=\"https:\/\/www.omni-biotic.com\/de-de\/wp-content\/uploads\/sites\/10\/2024\/09\/Kind-Stress.gif\" class=\"attachment-large size-large wp-image-32331\" alt=\"\" \/>\t\t\t\t\t\t\t\t\t\t\t\t\t\t\t<\/div>\n\t\t\t\t<\/div>\n\t\t\t\t<div class=\"elementor-element elementor-element-9030453 elementor-widget elementor-widget-text-editor\" data-id=\"9030453\" data-element_type=\"widget\" data-widget_type=\"text-editor.default\">\n\t\t\t\t<div class=\"elementor-widget-container\">\n\t\t\t\t\t\t\t\t\t<p><strong>Grunds\u00e4tzlich<\/strong> ist Stress <strong>nichts Negatives<\/strong>. Ist er bew\u00e4ltigbar, f\u00f6rdert er sogar unsere Resilienz \u2013 also unsere <strong>F\u00e4higkeit<\/strong>, mit Hektik gut umzugehen. Zum Problem wird er dann, wenn er das <strong>Bew\u00e4ltigungsverm\u00f6gen<\/strong> des Kindes \u00fcberschreitet. Im Kindesalter sind Stress ausl\u00f6sende Ereignisse sogenannte \u201eEntwicklungsaufgaben\u201c, also beispielsweise die Anpassung von Kindergarten an die Schule oder an gesellschaftliche Normen. Auch kritische Lebensereignisse, z. B. die Trennung der Eltern, oder eine st\u00e4ndige \u00dcberforderung im Alltag (durch Leistungsanforderungen in der Schule oder der Freizeit) l\u00f6sen Stress aus. Wen wundert es, dass Kinder sich unter Druck f\u00fchlen, wo doch Eltern als Role Models fungieren und ein voller Terminkalender oft schon <strong>Normalit\u00e4t<\/strong> ist? Dazu kommt der gro\u00dfe Stressfaktor Schule: Pr\u00fcfungen, Hausaufgaben, der L\u00e4rmpegel im Klassenzimmer sowie Streit und Mobbing.<\/p><p>Oft merken Eltern gar nicht, dass ihre Kinder unter <strong>psychischer Belastung<\/strong> stehen. Doch diese kann sich bei den Kleinen in Form von k\u00f6rperlichen Symptomen \u00e4u\u00dfern: Bauchschmerzen und <strong>Kopfschmerzen<\/strong> bis hin zu \u00dcbelkeit\/Erbrechen und <strong>Schlafst\u00f6rungen<\/strong> sollten bei Eltern die Alarmglocken schrillen lassen. Bekannt ist, dass Jungen eher externalisierend reagieren, das hei\u00dft Aggressivit\u00e4t, Impulsivit\u00e4t und oppositionelles Verhalten an den Tag legen \u2013 bei M\u00e4dchen hingegen sind eher internalisierende St\u00f6rungen wie R\u00fcckzug, Angst bis hin zu depressiven Verstimmungen und Essst\u00f6rungen typisch.<\/p>\t\t\t\t\t\t\t\t<\/div>\n\t\t\t\t<\/div>\n\t\t\t\t\t<\/div>\n\t\t\t\t<\/div>\n\t\t<div class=\"elementor-element elementor-element-31779d2 obcs none e-flex e-con-boxed e-con e-parent\" data-id=\"31779d2\" data-element_type=\"container\">\n\t\t\t\t\t<div class=\"e-con-inner\">\n\t\t\t\t<div class=\"elementor-element elementor-element-fa95c5f elementor-widget elementor-widget-heading\" data-id=\"fa95c5f\" data-element_type=\"widget\" data-widget_type=\"heading.default\">\n\t\t\t\t<div class=\"elementor-widget-container\">\n\t\t\t\t\t<h2 class=\"elementor-heading-title elementor-size-default\">Stressreaktionen im ganzen K\u00f6rper<\/h2>\t\t\t\t<\/div>\n\t\t\t\t<\/div>\n\t\t\t\t<div class=\"elementor-element elementor-element-733f937 elementor-widget elementor-widget-image\" data-id=\"733f937\" data-element_type=\"widget\" data-widget_type=\"image.default\">\n\t\t\t\t<div class=\"elementor-widget-container\">\n\t\t\t\t\t\t\t\t\t\t\t\t\t\t\t<img decoding=\"async\" width=\"700\" height=\"200\" src=\"https:\/\/www.omni-biotic.com\/de-de\/wp-content\/uploads\/sites\/10\/2024\/09\/Stress-im-Koerper.gif\" class=\"attachment-large size-large wp-image-32332\" alt=\"\" \/>\t\t\t\t\t\t\t\t\t\t\t\t\t\t\t<\/div>\n\t\t\t\t<\/div>\n\t\t\t\t<div class=\"elementor-element elementor-element-04c6a91 elementor-widget elementor-widget-text-editor\" data-id=\"04c6a91\" data-element_type=\"widget\" data-widget_type=\"text-editor.default\">\n\t\t\t\t<div class=\"elementor-widget-container\">\n\t\t\t\t\t\t\t\t\t<p>Was passiert bei Stress genau? Das Gehirn l\u00f6st eine <strong>Fluchtreaktion<\/strong> im K\u00f6rper aus, wodurch eine Reihe von Hormonfreisetzungen in Gang gebracht wird: <strong>Adrenalin<\/strong> und <strong>Noradrenalin<\/strong> werden ausgesch\u00fcttet. Herzschlag und Blutdruck werden in die H\u00f6he getrieben und die Muskelanspannung erh\u00f6ht. Auch das Stresshormon Cortisol wird verst\u00e4rkt freigesetzt, was den Schlaf empfindlich st\u00f6ren und tags\u00fcber eine gesteigerte Vorliebe f\u00fcr energiedichte Lebensmittel \u2013 also S\u00fc\u00dfigkeiten und Fast Food \u2013 ausl\u00f6sen kann. Daher stehen auch Stress und<strong> kindliche Adipositas<\/strong> (Fettleibigkeit) in direkter Verbindung miteinander. Stress hemmt zudem das Immunsystem, was sich darin zeigt, dass man in hektischen Phasen \u00f6fters krank wird.<\/p><p>Wenn Stress chronisch wird, kann das schwerwiegende Auswirkungen auf viele Organe haben. St\u00e4ndig erh\u00f6hte Spiegel von Stresshormonen wie <strong>Cortisol<\/strong> beeintr\u00e4chtigen jene Gehirnregionen, die eigentlich f\u00fcr Lernen und Ged\u00e4chtnis wichtig sind. Andererseits werden solche Gehirnregionen aktiviert, die sich auf die Emotions- und Stimmungslage auswirken. Zudem unterdr\u00fcckt ein anhaltend hoher Stresspegel die <strong>Verdauung<\/strong> \u2013 und wirkt sich auch auf die Zusammensetzung unseres Mikrobioms aus.<\/p>\t\t\t\t\t\t\t\t<\/div>\n\t\t\t\t<\/div>\n\t\t\t\t\t<\/div>\n\t\t\t\t<\/div>\n\t\t<div class=\"elementor-element elementor-element-c4db9b5 obcs none e-flex e-con-boxed e-con e-parent\" data-id=\"c4db9b5\" data-element_type=\"container\">\n\t\t\t\t\t<div class=\"e-con-inner\">\n\t\t\t\t<div class=\"elementor-element elementor-element-a784d61 elementor-widget elementor-widget-heading\" data-id=\"a784d61\" data-element_type=\"widget\" data-widget_type=\"heading.default\">\n\t\t\t\t<div class=\"elementor-widget-container\">\n\t\t\t\t\t<h2 class=\"elementor-heading-title elementor-size-default\">Enge Verbindung zwischen Darm und Gehirn<\/h2>\t\t\t\t<\/div>\n\t\t\t\t<\/div>\n\t\t\t\t<div class=\"elementor-element elementor-element-e9e1491 elementor-widget elementor-widget-image\" data-id=\"e9e1491\" data-element_type=\"widget\" data-widget_type=\"image.default\">\n\t\t\t\t<div class=\"elementor-widget-container\">\n\t\t\t\t\t\t\t\t\t\t\t\t\t\t\t<img decoding=\"async\" width=\"700\" height=\"200\" src=\"https:\/\/www.omni-biotic.com\/de-de\/wp-content\/uploads\/sites\/10\/2024\/09\/Darm-Hirn.gif\" class=\"attachment-large size-large wp-image-32333\" alt=\"\" \/>\t\t\t\t\t\t\t\t\t\t\t\t\t\t\t<\/div>\n\t\t\t\t<\/div>\n\t\t\t\t<div class=\"elementor-element elementor-element-ce40190 elementor-widget elementor-widget-text-editor\" data-id=\"ce40190\" data-element_type=\"widget\" data-widget_type=\"text-editor.default\">\n\t\t\t\t<div class=\"elementor-widget-container\">\n\t\t\t\t\t\t\t\t\t<p>Denn zwischen <strong>Gehirn<\/strong> und <strong>Darm<\/strong> findet ein <strong>st\u00e4ndiger Informationsaustausch<\/strong> \u00fcber die <a href=\"https:\/\/www.omni-biotic.com\/de-de\/blog\/zusammenhang-darm-hirn\/\"><strong>Darm-Hirn-Achse<\/strong><\/a> statt, genauer gesagt \u00fcber den Vagusnerv. Die bisherige <strong>Forschungslage<\/strong> belegt, dass chronischer Stress mit einer reduzierten Diversit\u00e4t im Mikrobiom einhergeht. Normalerweise produzieren unsere Darmbakterien wichtige kurzkettige Fetts\u00e4uren (z. B. Butyrat), die der Darmschleimhaut als zentrale Energielieferanten dienen. Bei Stress jedoch bekommt unsere Darmschleimhaut zu wenig Energie und die Verbindungsstellen zwischen ihren Zellen (Tight Junctions) l\u00f6sen sich auf \u2013 der Darm wird \u201el\u00f6chrig\u201c (Leaky Gut). Die Folge: Mit der <strong>Nahrung<\/strong> in den K\u00f6rper gelangende unerw\u00fcnschte Stoffe (beispielsweise krankheitserregende Keime, Schadstoffe oder gro\u00dfe Nahrungsmolek\u00fcle) k\u00f6nnen vermehrt in den Blutkreislauf \u00fcbertreten, was dann zu chronischen Entz\u00fcndungsprozessen und Nahrungsmittelunvertr\u00e4glichkeiten sowie Autoimmunerkrankungen f\u00fchren kann.<\/p><p>Ein weiteres Problem: Permanenter Stress f\u00f6rdert Entz\u00fcndungen im K\u00f6rper. Bei einer akuten Stressreaktion sch\u00fctten die Nebennieren ihr eigenes Kortison \u2013 Glukokortikoide \u2013 aus, das eigentlich <strong>schmerzstillend<\/strong> und <strong>entz\u00fcndungshemmend<\/strong> wirkt. Bei chronischem Stress hingegen wird die Entz\u00fcndungsreaktion verst\u00e4rkt, was via <a href=\"https:\/\/www.omni-biotic.com\/de-de\/blog\/zusammenhang-darm-hirn\/\"><strong>Darm-Hirn-Achse<\/strong><\/a> die Gehirnfunktionen negativ beeinflussen kann. Auch die Produktion von wichtigen Hormonen im Darm (z. B. die Vorstufe f\u00fcr unser <strong>Gl\u00fcckshormon<\/strong> Serotonin oder das Schlafhormon Melatonin) funktioniert bei langanhaltendem Stress nicht mehr richtig, und das wirkt sich auf Stimmung und Nachtruhe aus.<\/p>\t\t\t\t\t\t\t\t<\/div>\n\t\t\t\t<\/div>\n\t\t\t\t\t<\/div>\n\t\t\t\t<\/div>\n\t\t<div class=\"elementor-element elementor-element-18c4e66 obcs none e-flex e-con-boxed e-con e-parent\" data-id=\"18c4e66\" data-element_type=\"container\">\n\t\t\t\t\t<div class=\"e-con-inner\">\n\t\t\t\t<div class=\"elementor-element elementor-element-5ce3c74 elementor-widget elementor-widget-heading\" data-id=\"5ce3c74\" data-element_type=\"widget\" data-widget_type=\"heading.default\">\n\t\t\t\t<div class=\"elementor-widget-container\">\n\t\t\t\t\t<h2 class=\"elementor-heading-title elementor-size-default\">Spezielle Bakterienst\u00e4mme verbessern Stressfolgen<\/h2>\t\t\t\t<\/div>\n\t\t\t\t<\/div>\n\t\t\t\t<div class=\"elementor-element elementor-element-02b2868 elementor-widget elementor-widget-image\" data-id=\"02b2868\" data-element_type=\"widget\" data-widget_type=\"image.default\">\n\t\t\t\t<div class=\"elementor-widget-container\">\n\t\t\t\t\t\t\t\t\t\t\t\t\t\t\t<img loading=\"lazy\" decoding=\"async\" width=\"700\" height=\"200\" src=\"https:\/\/www.omni-biotic.com\/de-de\/wp-content\/uploads\/sites\/10\/2024\/09\/Kinder.gif\" class=\"attachment-large size-large wp-image-32334\" alt=\"\" \/>\t\t\t\t\t\t\t\t\t\t\t\t\t\t\t<\/div>\n\t\t\t\t<\/div>\n\t\t\t\t<div class=\"elementor-element elementor-element-5ea6b40 elementor-widget elementor-widget-text-editor\" data-id=\"5ea6b40\" data-element_type=\"widget\" data-widget_type=\"text-editor.default\">\n\t\t\t\t<div class=\"elementor-widget-container\">\n\t\t\t\t\t\t\t\t\t<p><strong>Umgekehrt<\/strong> l\u00e4sst sich \u00fcber das Mikrobiom die Stressreaktion im Gehirn auch <strong>positiv beeinflussen<\/strong>, was bereits durch zahlreiche evidenzbasierte Studien gezeigt werden konnte. So wies eine Studie nach, dass durch ein speziell auf die Darm-Hirn-Achse wirkendes <strong>Probiotikum<\/strong> stressbedingte Beschwerden wie M\u00fcdigkeit und mentale Ersch\u00f6pfung bei den Teilnehmern deutlich <strong>verbessert<\/strong> wurden. Zur Unterst\u00fctzung von Kindern in anspruchsvollen Zeiten sind medizinisch relevante Probiotika bestens geeignet \u2013 gerade weil sie ihre Wirkung nicht nur im Darm, sondern im gesamten <strong>Organismus<\/strong> entfalten. So k\u00f6nnen unsere J\u00fcngsten ihren Schulalltag kinderleicht meistern.<\/p>\t\t\t\t\t\t\t\t<\/div>\n\t\t\t\t<\/div>\n\t\t\t\t\t<\/div>\n\t\t\t\t<\/div>\n\t\t<div class=\"elementor-element elementor-element-91dc902 obcs blue e-flex e-con-boxed e-con e-parent\" data-id=\"91dc902\" data-element_type=\"container\">\n\t\t\t\t\t<div class=\"e-con-inner\">\n\t\t\t\t<div class=\"elementor-element elementor-element-edd1ab4 elementor-widget elementor-widget-infobox\" data-id=\"edd1ab4\" data-element_type=\"widget\" data-widget_type=\"infobox.default\">\n\t\t\t\t<div class=\"elementor-widget-container\">\n\t\t\t\t\t\n<div class=\"li-widgets--infobox blue highlights-always-magenta\">\n\n    <div class=\"li-widgets--infobox__icon\">\n        <i aria-hidden=\"true\" class=\"fas fa-exclamation-circle\"><\/i>    <\/div>\n    <div class=\"li-widgets--infobox__text\">\n        So k\u00f6nnen Eltern helfen    <\/div>\n    <div class=\"li-widgets--infobox__text-body\">\n        <ul><li style=\"text-align: left;\"><strong>Leben<\/strong> Sie Ihrem Kind gutes Stressmanagement und <strong>Gelassenheit<\/strong> <strong>vor<\/strong>.<\/li><li style=\"text-align: left;\">Zeigen Sie Ihrem Kind <strong>M\u00f6glichkeiten<\/strong>, sich zu <strong>entspannen<\/strong>: z. B. durch Bewegung, Spiele, Entspannungs\u00fcbungen.<\/li><li style=\"text-align: left;\">Nehmen Sie sich <strong>Zeit<\/strong> f\u00fcr <strong>Gespr\u00e4che<\/strong>: ob beim Abendessen oder vor dem Einschlafen \u2026<\/li><li style=\"text-align: left;\"><strong>Beschr\u00e4nken<\/strong> Sie den <strong>Umgang<\/strong> mit <strong>Smartphones<\/strong> und anderen Medien auf ein zeitlich sinnvolles Ma\u00df und unterst\u00fctzen Sie Ihr Kind dabei, andere Besch\u00e4ftigungen zu finden.<\/li><li style=\"text-align: left;\">Guter <strong>Schlaf<\/strong> ist f\u00fcr den Stressabbau essentiell: Tageslicht, frische Luft und <strong>Bewegung<\/strong> helfen dabei, den gest\u00f6rten Tag-Nacht-Rhythmus wiederherzustellen.<\/li><li style=\"text-align: left;\"><strong>Viel Bewegung<\/strong> in jungen Jahren: Die aktuelle Studienlage belegt, dass bei k\u00f6rperlich aktiven Kindern bis ins junge Erwachsenenalter das Risiko, Depressionen zu entwickeln, deutlich verringert ist.<\/li><li style=\"text-align: left;\">Sorgen Sie daf\u00fcr, dass das <strong>Darm-Mikrobiom<\/strong> im <strong>Gleichgewicht<\/strong> bleibt: Durch die Darm-Hirn-Achse ist das Mikrobiom bidirektional mit dem Gehirn verbunden.<\/li><\/ul>    <\/div>\n\n    \n<\/div>\n\t\t\t\t<\/div>\n\t\t\t\t<\/div>\n\t\t\t\t\t<\/div>\n\t\t\t\t<\/div>\n\t\t\t\t<\/div>\n\t\t","protected":false},"excerpt":{"rendered":"<p>Eine unbek\u00fcmmerte Kindheit ist das, was alle Eltern ihren Kindern erm\u00f6glichen wollen. Fernab von Stress, \u00c4ngsten und Sorgen, die zu unserem Leben wohl oder \u00fcbel dazugeh\u00f6ren. Aber auch Kinder sind im Alltag Belastungen ausgesetzt: Jeder vierte junge Mensch in Deutschland hat mindestens einmal pro Woche R\u00fccken- oder Kopfschmerzen, und 23 % leiden gar mehrmals pro [&hellip;]<\/p>\n","protected":false},"author":26,"featured_media":32340,"comment_status":"closed","ping_status":"closed","sticky":false,"template":"","format":"standard","meta":{"_acf_changed":false,"inline_featured_image":false,"footnotes":""},"categories":[1,108,107],"tags":[],"class_list":["post-32330","post","type-post","status-publish","format-standard","has-post-thumbnail","hentry","category-allgemein","category-beschwerden-ratgeber","category-mutter-kind"],"acf":[],"rank_math":{"og:title":"Kinder unter Druck: Wie sich Stress auswirkt - OMNi-BiOTiC\u00ae","og:desc":"Eine unbek\u00fcmmerte Kindheit ist das, was alle Eltern ihren Kindern erm\u00f6glichen wollen. Fernab von Stress, \u00c4ngsten und Sorgen, die zu unserem Leben wohl oder","og:url":"https:\/\/www.omni-biotic.com\/de-de\/blog\/kinder-unter-druck\/","og:locale":"de_DE","og:image":"https:\/\/www.omni-biotic.com\/de-de\/wp-content\/uploads\/sites\/10\/2024\/09\/1.jpg","og:image:width":"700","og:image:height":"500"},"additional_data":{"thumbnail":"https:\/\/www.omni-biotic.com\/de-de\/wp-content\/uploads\/sites\/10\/2024\/09\/1.jpg"},"blog_info":{"country":"de-de"},"_links":{"self":[{"href":"https:\/\/www.omni-biotic.com\/de-de\/wp-json\/wp\/v2\/posts\/32330","targetHints":{"allow":["GET"]}}],"collection":[{"href":"https:\/\/www.omni-biotic.com\/de-de\/wp-json\/wp\/v2\/posts"}],"about":[{"href":"https:\/\/www.omni-biotic.com\/de-de\/wp-json\/wp\/v2\/types\/post"}],"author":[{"embeddable":true,"href":"https:\/\/www.omni-biotic.com\/de-de\/wp-json\/wp\/v2\/users\/26"}],"replies":[{"embeddable":true,"href":"https:\/\/www.omni-biotic.com\/de-de\/wp-json\/wp\/v2\/comments?post=32330"}],"version-history":[{"count":7,"href":"https:\/\/www.omni-biotic.com\/de-de\/wp-json\/wp\/v2\/posts\/32330\/revisions"}],"predecessor-version":[{"id":32341,"href":"https:\/\/www.omni-biotic.com\/de-de\/wp-json\/wp\/v2\/posts\/32330\/revisions\/32341"}],"wp:featuredmedia":[{"embeddable":true,"href":"https:\/\/www.omni-biotic.com\/de-de\/wp-json\/wp\/v2\/media\/32340"}],"wp:attachment":[{"href":"https:\/\/www.omni-biotic.com\/de-de\/wp-json\/wp\/v2\/media?parent=32330"}],"wp:term":[{"taxonomy":"category","embeddable":true,"href":"https:\/\/www.omni-biotic.com\/de-de\/wp-json\/wp\/v2\/categories?post=32330"},{"taxonomy":"post_tag","embeddable":true,"href":"https:\/\/www.omni-biotic.com\/de-de\/wp-json\/wp\/v2\/tags?post=32330"}],"curies":[{"name":"wp","href":"https:\/\/api.w.org\/{rel}","templated":true}]}}