{"id":33457,"date":"2025-01-16T14:17:55Z","date_gmt":"2025-01-16T13:17:55Z","guid":{"rendered":"https:\/\/www.omni-biotic.com\/de-de\/?p=33457"},"modified":"2025-01-30T11:58:47Z","modified_gmt":"2025-01-30T10:58:47Z","slug":"gut-tee-flocke-flora","status":"publish","type":"post","link":"https:\/\/www.omni-biotic.com\/de-de\/blog\/gut-tee-flocke-flora\/","title":{"rendered":"Mit Herz und Kopf f\u00fcr den Bauch: Gut Tee von Flocke Flora"},"content":{"rendered":"\t\t<div data-elementor-type=\"wp-post\" data-elementor-id=\"33457\" class=\"elementor elementor-33457\" data-elementor-post-type=\"post\">\n\t\t\t\t<div class=\"elementor-element elementor-element-aac3310 obcs yellow e-flex e-con-boxed e-con e-parent\" data-id=\"aac3310\" data-element_type=\"container\">\n\t\t\t\t\t<div class=\"e-con-inner\">\n\t\t\t\t<div class=\"elementor-element elementor-element-9a50ad7 elementor-widget elementor-widget-image\" data-id=\"9a50ad7\" data-element_type=\"widget\" data-widget_type=\"image.default\">\n\t\t\t\t<div class=\"elementor-widget-container\">\n\t\t\t\t\t\t\t\t\t\t\t\t\t\t\t<img fetchpriority=\"high\" decoding=\"async\" width=\"700\" height=\"500\" src=\"https:\/\/www.omni-biotic.com\/de-de\/wp-content\/uploads\/sites\/10\/2025\/01\/ivan-cindric-flocke-gut-tee.jpg\" class=\"attachment-large size-large wp-image-33459\" alt=\"Ivan Cindric - Gr\u00fcnder von Flocke Bio Gut Tee\" srcset=\"https:\/\/www.omni-biotic.com\/de-de\/wp-content\/uploads\/sites\/10\/2025\/01\/ivan-cindric-flocke-gut-tee.jpg 700w, https:\/\/www.omni-biotic.com\/de-de\/wp-content\/uploads\/sites\/10\/2025\/01\/ivan-cindric-flocke-gut-tee-300x214.jpg 300w\" sizes=\"(max-width: 700px) 100vw, 700px\" \/>\t\t\t\t\t\t\t\t\t\t\t\t\t\t\t<\/div>\n\t\t\t\t<\/div>\n\t\t\t\t<div class=\"elementor-element elementor-element-12236a4 elementor-widget elementor-widget-heading\" data-id=\"12236a4\" data-element_type=\"widget\" data-widget_type=\"heading.default\">\n\t\t\t\t<div class=\"elementor-widget-container\">\n\t\t\t\t\t<h2 class=\"elementor-heading-title elementor-size-default\">Bedeutung von Ern\u00e4hrung bei Morbus Crohn<\/h2>\t\t\t\t<\/div>\n\t\t\t\t<\/div>\n\t\t\t\t<div class=\"elementor-element elementor-element-bd8d0e6 elementor-widget elementor-widget-text-editor\" data-id=\"bd8d0e6\" data-element_type=\"widget\" data-widget_type=\"text-editor.default\">\n\t\t\t\t<div class=\"elementor-widget-container\">\n\t\t\t\t\t\t\t\t\t<p><em>bauchgef\u00fchl: Gesunde Ern\u00e4hrung ist f\u00fcr Sie ein wichtiges Thema \u2013 und das aus der eigenen Leidensgeschichte heraus. Was war geschehen?<\/em><\/p><p><em>Ivan Cindric:<\/em> Ich hatte einen katastrophalen Lebensstil mit schlechter Ern\u00e4hrung und einem hohen Stresslevel. Ich glaube heute, dass ich mich aktiv in meine chronischen Erkrankungen \u201ehineingegessen\u201c habe. Sprich, das konsumiert habe, was allgemein als <strong>westliche Di\u00e4t<\/strong> verstanden wird, mit <strong>reichlich Zucker<\/strong>, <strong>Fastfood<\/strong> und <strong>schlechten Kohlenhydraten<\/strong>. Mein pers\u00f6nliches Resultat: 2014 wurde bei mir <a href=\"https:\/\/www.omni-biotic.com\/de-de\/blog\/morbus-crohn\/\"><strong>Morbus Crohn<\/strong><\/a> diagnostiziert, 2018 kam auch noch <strong>rheumatoide Arthritis<\/strong> dazu. Was bei Autoimmunerkrankungen spannend ist: Die Schulmedizin sagt, es braucht eine genetische Disposition, um derart zu erkranken. Wenn dem so ist, habe ich diese Disposition provoziert.<\/p>\t\t\t\t\t\t\t\t<\/div>\n\t\t\t\t<\/div>\n\t\t\t\t\t<\/div>\n\t\t\t\t<\/div>\n\t\t<div class=\"elementor-element elementor-element-cb52a92 obcs yellow e-flex e-con-boxed e-con e-parent\" data-id=\"cb52a92\" data-element_type=\"container\">\n\t\t\t\t\t<div class=\"e-con-inner\">\n\t\t\t\t<div class=\"elementor-element elementor-element-2f4fd80 elementor-widget elementor-widget-heading\" data-id=\"2f4fd80\" data-element_type=\"widget\" data-widget_type=\"heading.default\">\n\t\t\t\t<div class=\"elementor-widget-container\">\n\t\t\t\t\t<h2 class=\"elementor-heading-title elementor-size-default\">Herausforderungen der Schulmedizin: Warum herk\u00f6mmliche Behandlung nicht ausreichte<\/h2>\t\t\t\t<\/div>\n\t\t\t\t<\/div>\n\t\t\t\t<div class=\"elementor-element elementor-element-6f45dd1 elementor-widget elementor-widget-text-editor\" data-id=\"6f45dd1\" data-element_type=\"widget\" data-widget_type=\"text-editor.default\">\n\t\t\t\t<div class=\"elementor-widget-container\">\n\t\t\t\t\t\t\t\t\t<p><em>bauchgef\u00fchl: Wie hat man versucht, Sie schulmedizinisch zu unterst\u00fctzen \u2013 und warum hat Ihnen das nicht gereicht?<\/em><\/p><p><em>Ivan Cindric:<\/em> Die Schulmedizin ist beim Thema <strong>Autoimmunerkrankungen<\/strong>, etwa bei Morbus Crohn, ziemlich <strong>konservativ<\/strong>. Klassisch gibt es am Anfang eine <strong>Kortison-Sto\u00dftherapie<\/strong>, damit man die Symptome, die massiven Entz\u00fcndungen, in den Griff bekommt. Die Schulmedizin geht grunds\u00e4tzlich davon aus, dass das Immunsystem bei einer Autoimmunerkrankung orientierungslos hyperaktiv ist und das eigene Zellgewebe angreift.<\/p><p>Mein <strong>Fehler<\/strong> war, dass ich dem <strong>anfangs<\/strong> <strong>blind<\/strong> <strong>vertraut<\/strong> habe. Ich war bei einem Arzt, der nicht \u00fcber den Tellerrand schauen konnte und Komplement\u00e4rmedizin als nett empfand, aber als wirkungslos. F\u00fcr mich bedeutete das <strong>fast f\u00fcnf Jahre reine Chemie<\/strong>. Der Wendepunkt trat ein, als ich obendrauf noch Rheuma bekommen habe und der Arzt meinte: \u201eKeine Sorge, Ihr Medikament hilft gegen beides.\u201c <strong>Da habe ich das Vertrauen zeitweise verloren.<\/strong> <\/p>\t\t\t\t\t\t\t\t<\/div>\n\t\t\t\t<\/div>\n\t\t\t\t<div class=\"elementor-element elementor-element-13cfe0a elementor-widget elementor-widget-text-editor\" data-id=\"13cfe0a\" data-element_type=\"widget\" data-widget_type=\"text-editor.default\">\n\t\t\t\t<div class=\"elementor-widget-container\">\n\t\t\t\t\t\t\t\t\t<p><em>bauchgef\u00fchl: Was haben Sie f\u00fcr sich pers\u00f6nlich ver\u00e4ndert, als Sie erkannt haben, dass es so nicht weitergeht? <\/em><\/p><p><em>Ivan Cindric:<\/em> Ich habe mich zun\u00e4chst mit der Komplement\u00e4rmedizin vertraut gemacht und bin irgendwann auf die<strong> Bedeutung einer <a href=\"https:\/\/www.omni-biotic.com\/de-de\/darmgesundheit\/gesundheitszentrale-darm\/darmflora\/\">gesunden Darmflora<\/a> gesto\u00dfen<\/strong>. Vereinfacht gesagt: Je <strong>nat\u00fcrlicher<\/strong>, je <a href=\"https:\/\/www.omni-biotic.com\/de-de\/blog\/ballaststoffe-fuer-den-darm\/\"><strong>ballaststoffreicher<\/strong><\/a> die Ern\u00e4hrung, desto besser. Dann habe ich mir zwei Gerichte ausgesucht und mich darauf beschr\u00e4nkt. Nicht jedermanns Sache, aber am Anfang waren es <strong>Haferbrei<\/strong>, maximal mit Heidelbeeren oder Ananas, und die <strong>Karottensuppe<\/strong> nach Dr. Moro.<\/p><p>Der Leidensdruck war so hoch, dass ich fast Angst davor hatte, etwas anderes zu essen. Aber: Es hat mir geholfen und nach ein paar Monaten waren zun\u00e4chst einmal die <strong>Rheumabeschwerden<\/strong> <strong>weg<\/strong> und auch die <strong>Morbus-Crohn-Symptome gingen<\/strong> <strong>deutlich zur\u00fcck<\/strong>. Statt 30 bis 40 Toiletteng\u00e4ngen waren es nun 10 bis 15. Dann dachte ich, ich k\u00f6nnte mir nun wieder etwas anderes g\u00f6nnen. Diese Inkonsequenz kostete mich die anf\u00e4nglichen Erfolge und nach drei Wochen verschlechterte sich alles wieder. Wieder Durchfall, wieder geschwollene Gelenke.<\/p>\t\t\t\t\t\t\t\t<\/div>\n\t\t\t\t<\/div>\n\t\t\t\t\t<\/div>\n\t\t\t\t<\/div>\n\t\t<div class=\"elementor-element elementor-element-39fc82e obcs yellow e-flex e-con-boxed e-con e-parent\" data-id=\"39fc82e\" data-element_type=\"container\">\n\t\t\t\t\t<div class=\"e-con-inner\">\n\t\t\t\t<div class=\"elementor-element elementor-element-5f48447 elementor-widget elementor-widget-heading\" data-id=\"5f48447\" data-element_type=\"widget\" data-widget_type=\"heading.default\">\n\t\t\t\t<div class=\"elementor-widget-container\">\n\t\t\t\t\t<h2 class=\"elementor-heading-title elementor-size-default\">Mit Ern\u00e4hrung gegen chronische Erkrankungen<\/h2>\t\t\t\t<\/div>\n\t\t\t\t<\/div>\n\t\t\t\t<div class=\"elementor-element elementor-element-b73ab9a elementor-widget elementor-widget-text-editor\" data-id=\"b73ab9a\" data-element_type=\"widget\" data-widget_type=\"text-editor.default\">\n\t\t\t\t<div class=\"elementor-widget-container\">\n\t\t\t\t\t\t\t\t\t<p><em>bauchgef\u00fchl: Wie lange hat es gedauert, bis die Ern\u00e4hrungsumstellung Erfolg zeigte und Sie beschwerdefrei waren?<\/em><\/p><p><em>Ivan Cindric<\/em>: Also bis zur Beschwerdefreiheit bei Morbus Crohn? Da m\u00fcsste ich l\u00fcgen. Beim <strong>Rheuma<\/strong> <strong>hat es funktioniert<\/strong>. Hier war der letzte Schub im <strong>Sommer<\/strong> <strong>2020<\/strong>, da hat die ganze Umstellung Erfolg gehabt. Aber bei <strong>Morbus Crohn<\/strong> kann die Ern\u00e4hrung noch so perfekt sein \u2013 <strong>kommen die Faktoren Stress und Psyche<\/strong> ins Spiel, reagiert der <a href=\"https:\/\/www.omni-biotic.com\/de-de\/blog\/nebenwirkungen-von-stress\/\"><strong>Magen-Darm-Trakt<\/strong><\/a> eben darauf und das hat niemand immer im Griff. Die Toiletteng\u00e4nge haben sich deutlich reduziert, aber ich werde damit mein ganzes Leben zu tun haben.<\/p><p>Dennoch hat sich meine <strong>Lebensqualit\u00e4t<\/strong> <strong>erheblich<\/strong> <strong>verbessert<\/strong>. Also die ganze Ver\u00e4nderung lohnt sich f\u00fcr jeden, der davon betroffen ist. Es ist wichtig anzuerkennen, dass es f\u00fcr <strong>Morbus-Crohn-Patienten<\/strong> <strong>aktuell noch keine Heilung gibt<\/strong>. Wenn man das glaubt und man nach einer langen Zeit, in der es einem deutlich besser geht, den ersten R\u00fcckschlag erlitten hat, ist das \u00e4u\u00dferst frustrierend. Das <strong>Ziel<\/strong>, und das l\u00e4sst sich erreichen, ist eine <strong>deutliche Besserung.<\/strong><\/p>\t\t\t\t\t\t\t\t<\/div>\n\t\t\t\t<\/div>\n\t\t\t\t<div class=\"elementor-element elementor-element-e3188e1 elementor-widget elementor-widget-image\" data-id=\"e3188e1\" data-element_type=\"widget\" data-widget_type=\"image.default\">\n\t\t\t\t<div class=\"elementor-widget-container\">\n\t\t\t\t\t\t\t\t\t\t\t\t\t\t\t<img decoding=\"async\" width=\"700\" height=\"500\" src=\"https:\/\/www.omni-biotic.com\/de-de\/wp-content\/uploads\/sites\/10\/2025\/01\/gut-tee-bio-eistee-1.jpg\" class=\"attachment-large size-large wp-image-33460\" alt=\"Flocke Flora Gut Tee: der Bio Eistee in 3 Geschmackssorten\" srcset=\"https:\/\/www.omni-biotic.com\/de-de\/wp-content\/uploads\/sites\/10\/2025\/01\/gut-tee-bio-eistee-1.jpg 700w, https:\/\/www.omni-biotic.com\/de-de\/wp-content\/uploads\/sites\/10\/2025\/01\/gut-tee-bio-eistee-1-300x214.jpg 300w\" sizes=\"(max-width: 700px) 100vw, 700px\" \/>\t\t\t\t\t\t\t\t\t\t\t\t\t\t\t<\/div>\n\t\t\t\t<\/div>\n\t\t\t\t<div class=\"elementor-element elementor-element-2be360f elementor-widget elementor-widget-heading\" data-id=\"2be360f\" data-element_type=\"widget\" data-widget_type=\"heading.default\">\n\t\t\t\t<div class=\"elementor-widget-container\">\n\t\t\t\t\t<h2 class=\"elementor-heading-title elementor-size-default\">Flocke Flora: Die Vision, den Lebensmittelmarkt zu revolutionieren<\/h2>\t\t\t\t<\/div>\n\t\t\t\t<\/div>\n\t\t\t\t<div class=\"elementor-element elementor-element-1fe5fba elementor-widget elementor-widget-text-editor\" data-id=\"1fe5fba\" data-element_type=\"widget\" data-widget_type=\"text-editor.default\">\n\t\t\t\t<div class=\"elementor-widget-container\">\n\t\t\t\t\t\t\t\t\t<p><em>bauchgef\u00fchl: Wie kommt man auf die Idee, in dem hart umk\u00e4mpften Markt f\u00fcr Lebensmittel ein Unternehmen zu gr\u00fcnden, das unter anderem Biotee anbietet?<\/em><\/p><p><em>Ivan Cindric<\/em>: Es st\u00f6rte mich am Lebensmittelmarkt, dass ich hinsichtlich der <strong>Magen-Darm-Gesundheit<\/strong> eigentlich <strong>keiner Marke trauen<\/strong> konnte und im Supermarkt keine darmfreundlichen Produkte gefunden habe. Und 2021 gab es einen durch <strong>Influencer<\/strong> <strong>ausgel\u00f6sten<\/strong> <strong>Hype<\/strong> um Eistee. Und das f\u00fchrte am Massenmarkt dazu, dass diese <strong>Getr\u00e4nke noch unnat\u00fcrlicher<\/strong> und unges\u00fcnder wurden, als sie es ohnehin schon waren. Das war f\u00fcr mich mit meiner Vorgeschichte eine starke Motivation, etwas anderes zu tun, und so ist die <strong>Marke \u201eFlocke Flora\u201c<\/strong> entstanden.<\/p><p>Unser Eistee, unser erstes Produkt, zeichnet sich durch einen <strong>m\u00f6glichst geringen Verarbeitungsgrad<\/strong>, direkt <strong>aufgebr\u00fchte<\/strong> <strong>Kr\u00e4uter<\/strong>, <strong>Direkts\u00e4fte<\/strong> und <strong>Bioqualit\u00e4t<\/strong> aus \u2013 damit haben wir in diesem Segment im Lebensmittelhandel tats\u00e4chlich ein Alleinstellungsmerkmal.<\/p>\t\t\t\t\t\t\t\t<\/div>\n\t\t\t\t<\/div>\n\t\t\t\t<div class=\"elementor-element elementor-element-ad75a73 elementor-widget elementor-widget-heading\" data-id=\"ad75a73\" data-element_type=\"widget\" data-widget_type=\"heading.default\">\n\t\t\t\t<div class=\"elementor-widget-container\">\n\t\t\t\t\t<h2 class=\"elementor-heading-title elementor-size-default\">Warum Flocke Flora-Produkte besonders sind<\/h2>\t\t\t\t<\/div>\n\t\t\t\t<\/div>\n\t\t\t\t<div class=\"elementor-element elementor-element-6500d9a elementor-widget elementor-widget-text-editor\" data-id=\"6500d9a\" data-element_type=\"widget\" data-widget_type=\"text-editor.default\">\n\t\t\t\t<div class=\"elementor-widget-container\">\n\t\t\t\t\t\t\t\t\t<p><em>bauchgef\u00fchl: Was unterscheidet Ihre Produkte von anderen, warum sind sie besonders gut f\u00fcr den Darm?<\/em><\/p><p><em>Ivan Cindric<\/em>: Grunds\u00e4tzlich schaue ich mir bei der Produktentwicklung an, ob der<strong> Grad der Verarbeitung<\/strong> der<strong> biologischen Basis<\/strong> so <strong>gering wie m\u00f6glich ist<\/strong> und ob die <strong>Zutaten magen- und darmfreundlich<\/strong> sind. Und im Teesegment spielen nat\u00fcrlich vor allem Kr\u00e4uter eine Rolle, zum Beispiel Kamille, Fenchel und Holunderbl\u00fcte. F\u00fcr den Konsumenten ist der <strong>Geschmack<\/strong> wichtig. Daf\u00fcr verwenden wir <strong>Direkts\u00e4fte<\/strong> und <strong>Honig<\/strong>. Aber der gr\u00f6\u00dfte Vorteil unserer Tees besteht darin, dass der Eistee mit wasserl\u00f6slichen Ballaststoffen angereichert ist. Zum Beispiel mit <strong>Akazienfasern<\/strong>, die weder den Geschmack noch die Konsistenz ver\u00e4ndern und das<strong> Futter f\u00fcr die <a href=\"https:\/\/www.omni-biotic.com\/de-de\/darmgesundheit\/gesundheitszentrale-darm\/darmbakterien\/\">guten Bakterien<\/a><\/strong> der <strong>Darmflora<\/strong> liefern.<\/p>\t\t\t\t\t\t\t\t<\/div>\n\t\t\t\t<\/div>\n\t\t\t\t<div class=\"elementor-element elementor-element-d773543 elementor-widget elementor-widget-image\" data-id=\"d773543\" data-element_type=\"widget\" data-widget_type=\"image.default\">\n\t\t\t\t<div class=\"elementor-widget-container\">\n\t\t\t\t\t\t\t\t\t\t\t\t\t\t\t<img decoding=\"async\" width=\"700\" height=\"500\" src=\"https:\/\/www.omni-biotic.com\/de-de\/wp-content\/uploads\/sites\/10\/2025\/01\/gut-tee-glas-1.jpg\" class=\"attachment-large size-large wp-image-33461\" alt=\"Gut Tee wird in ein Glas eingeschenkt - der darmfreundliche Bio Eistee\" srcset=\"https:\/\/www.omni-biotic.com\/de-de\/wp-content\/uploads\/sites\/10\/2025\/01\/gut-tee-glas-1.jpg 700w, https:\/\/www.omni-biotic.com\/de-de\/wp-content\/uploads\/sites\/10\/2025\/01\/gut-tee-glas-1-300x214.jpg 300w\" sizes=\"(max-width: 700px) 100vw, 700px\" \/>\t\t\t\t\t\t\t\t\t\t\t\t\t\t\t<\/div>\n\t\t\t\t<\/div>\n\t\t\t\t<div class=\"elementor-element elementor-element-74384b8 elementor-widget elementor-widget-heading\" data-id=\"74384b8\" data-element_type=\"widget\" data-widget_type=\"heading.default\">\n\t\t\t\t<div class=\"elementor-widget-container\">\n\t\t\t\t\t<h2 class=\"elementor-heading-title elementor-size-default\">Kollaboration mit dem Institut AllergoSan: Die Grundlage f\u00fcr hochwertige Produkte<\/h2>\t\t\t\t<\/div>\n\t\t\t\t<\/div>\n\t\t\t\t<div class=\"elementor-element elementor-element-9008946 elementor-widget elementor-widget-text-editor\" data-id=\"9008946\" data-element_type=\"widget\" data-widget_type=\"text-editor.default\">\n\t\t\t\t<div class=\"elementor-widget-container\">\n\t\t\t\t\t\t\t\t\t<p><em>bauchgef\u00fchl: Wie kam es zur Zusammenarbeit mit dem Institut AllergoSan?<\/em><\/p><p><em>Ivan Cindric<\/em>: Mir war es wichtig, von Anfang an Produkte zu entwickeln, die zu 100 % darmfreundlich sind. Von<a href=\"https:\/\/www.omni-biotic.com\/de-de\/ueber-uns\/was-ist-omni-biotic\/\"><strong> OMNi-BiOTiC\u00ae<\/strong><\/a> bin ich selbst <strong>schon lange \u00fcberzeugt<\/strong> \u2013 und deswegen habe ich die Idee von Flocke Flora im <a href=\"https:\/\/www.omni-biotic.com\/de-de\/ueber-uns\/institut-allergosan\/\"><strong>Institut AllergoSan<\/strong><\/a> vorgestellt. So kam eins zum anderen und wir arbeiten heute in der <strong>Produktentwicklung<\/strong> und im <strong>Marketing<\/strong> zusammen. Was eine gro\u00dfe Hilfe ist, da wir so das Potenzial haben, die <strong>Produkte auf h\u00f6chstem Niveau f\u00fcr die <a href=\"https:\/\/www.omni-biotic.com\/de-de\/darmgesundheit\/\">Darmgesundheit<\/a><\/strong> weiterzuentwickeln.<\/p>\t\t\t\t\t\t\t\t<\/div>\n\t\t\t\t<\/div>\n\t\t\t\t<div class=\"elementor-element elementor-element-3f6e8fb elementor-widget elementor-widget-heading\" data-id=\"3f6e8fb\" data-element_type=\"widget\" data-widget_type=\"heading.default\">\n\t\t\t\t<div class=\"elementor-widget-container\">\n\t\t\t\t\t<h2 class=\"elementor-heading-title elementor-size-default\">Zukunftsvision: Eine komplette Produktpalette f\u00fcr die Darmgesundheit<\/h2>\t\t\t\t<\/div>\n\t\t\t\t<\/div>\n\t\t\t\t<div class=\"elementor-element elementor-element-fc84bea elementor-widget elementor-widget-text-editor\" data-id=\"fc84bea\" data-element_type=\"widget\" data-widget_type=\"text-editor.default\">\n\t\t\t\t<div class=\"elementor-widget-container\">\n\t\t\t\t\t\t\t\t\t<p><em>bauchgef\u00fchl: Planen Sie weitere Produkte? Und was w\u00fcnschen Sie sich f\u00fcr die Zukunft? <\/em><\/p>\n<p><em>Ivan Cindric<\/em>: Meine <strong>Vision<\/strong> ist eine <strong>ganze Produktpalette<\/strong>: vom Fr\u00fchst\u00fcck \u00fcber Snacks, weitere Getr\u00e4nke bis hin zum Abendessen. Im Moment widmen wir uns konkret einem <strong>darmfreundlichen Granolam\u00fcsli<\/strong>, <strong>Crackern<\/strong>, <strong>Pasta<\/strong>, Sugos, aber auch einem meiner Lieblingsprodukte, dem Zwieback. Da w\u00fcrde ich gerne mit dem <strong>Mythos<\/strong> aufr\u00e4umen, dass man mit <strong>Cola und Salzstangen eine Durchfallerkrankung<\/strong> in den Griff bekommen k\u00f6nne. Besser sind ein guter Kr\u00e4utertee und ein Zwieback, der reich an Ballaststoffen ist.<\/p>\t\t\t\t\t\t\t\t<\/div>\n\t\t\t\t<\/div>\n\t\t\t\t\t<\/div>\n\t\t\t\t<\/div>\n\t\t<div class=\"elementor-element elementor-element-d167144 obcs yellow e-flex e-con-boxed e-con e-parent\" data-id=\"d167144\" data-element_type=\"container\">\n\t\t\t\t\t<div class=\"e-con-inner\">\n\t\t\t\t<div class=\"elementor-element elementor-element-6747c51 elementor-widget elementor-widget-heading\" data-id=\"6747c51\" data-element_type=\"widget\" data-widget_type=\"heading.default\">\n\t\t\t\t<div class=\"elementor-widget-container\">\n\t\t\t\t\t<h2 class=\"elementor-heading-title elementor-size-default\">Ivan Cindric ganz pers\u00f6nlich<\/h2>\t\t\t\t<\/div>\n\t\t\t\t<\/div>\n\t\t\t\t<div class=\"elementor-element elementor-element-638341a elementor-widget elementor-widget-video\" data-id=\"638341a\" data-element_type=\"widget\" data-settings=\"{&quot;youtube_url&quot;:&quot;https:\\\/\\\/www.youtube.com\\\/watch?v=RwkjBie4qoM&quot;,&quot;video_type&quot;:&quot;youtube&quot;,&quot;controls&quot;:&quot;yes&quot;}\" data-widget_type=\"video.default\">\n\t\t\t\t<div class=\"elementor-widget-container\">\n\t\t\t\t\t\t\t<div class=\"elementor-wrapper elementor-open-inline\">\n\t\t\t<div class=\"elementor-video\"><\/div>\t\t<\/div>\n\t\t\t\t\t\t<\/div>\n\t\t\t\t<\/div>\n\t\t\t\t\t<\/div>\n\t\t\t\t<\/div>\n\t\t<div class=\"elementor-element elementor-element-ac63385 obcs yellow e-flex e-con-boxed e-con e-parent\" data-id=\"ac63385\" data-element_type=\"container\">\n\t\t\t\t\t<div class=\"e-con-inner\">\n\t\t\t\t<div class=\"elementor-element elementor-element-9cd9369 elementor-widget elementor-widget-li-widgets--author-quote\" data-id=\"9cd9369\" data-element_type=\"widget\" data-widget_type=\"li-widgets--author-quote.default\">\n\t\t\t\t<div class=\"elementor-widget-container\">\n\t\t\t\t\t<div class=\"li-widgets--author-quote yellow\">\n            <div class=\"li-widgets--author-quote__image--wrapper\">\n            <div class=\"li-widgets--author-quote__image\">\n                <img loading=\"lazy\" decoding=\"async\" width=\"235\" height=\"300\" src=\"https:\/\/www.omni-biotic.com\/de-de\/wp-content\/uploads\/sites\/10\/2025\/01\/ivan-cindric-flocke-gut-tee-eistee-235x300.jpg\" class=\"attachment-medium size-medium\" alt=\"Ivan Cindric - Gr\u00fcnder von &quot;Flocke Flora&quot; Bio Gut Tee\" srcset=\"https:\/\/www.omni-biotic.com\/de-de\/wp-content\/uploads\/sites\/10\/2025\/01\/ivan-cindric-flocke-gut-tee-eistee-235x300.jpg 235w, https:\/\/www.omni-biotic.com\/de-de\/wp-content\/uploads\/sites\/10\/2025\/01\/ivan-cindric-flocke-gut-tee-eistee.jpg 600w\" sizes=\"(max-width: 235px) 100vw, 235px\" \/>            <\/div>\n        <\/div>\n        <div class=\"li-widgets--author-quote__content\">\n        <div class=\"li-widgets--author-quote__author\">\n            Ivan Cindric                     <\/div>\n        <div class=\"li-widgets--author-quote__text\">\n            Ivan Cindric ist Morbus-Crohn-Patient und wei\u00df aus eigener Erfahrung, dass eine darmfreundliche Ern\u00e4hrung der Schl\u00fcssel ist, Darmerkrankungen langfristig im Griff zu haben. Deshalb hat er Flocke Flora gegr\u00fcndet \u2013 eine Lebensmittelmarke, der man in puncto Darmgesundheit blind vertrauen kann.         <\/div>\n            <\/div>\n    <\/div>\n\t\t\t\t<\/div>\n\t\t\t\t<\/div>\n\t\t\t\t<div class=\"elementor-element elementor-element-6bd4feb elementor-widget elementor-widget-text-editor\" data-id=\"6bd4feb\" data-element_type=\"widget\" data-widget_type=\"text-editor.default\">\n\t\t\t\t<div class=\"elementor-widget-container\">\n\t\t\t\t\t\t\t\t\t<p>Weitere Infos unter: <a href=\"http:\/\/www.flockig.com\" target=\"_blank\" rel=\"noopener\">www.flockig.com\u00a0<\/a><\/p>\t\t\t\t\t\t\t\t<\/div>\n\t\t\t\t<\/div>\n\t\t\t\t\t<\/div>\n\t\t\t\t<\/div>\n\t\t\t\t<\/div>\n\t\t","protected":false},"excerpt":{"rendered":"<p>Im September 2014 wurde bei Ivan Cindric Morbus Crohn diagnostiziert. Eine Krankheit, die nicht nur sein Leben von Grund auf ver\u00e4ndert hat, sondern auch sp\u00fcrbar machte, wie gro\u00df die Belastung f\u00fcr Menschen mit Autoimmunerkrankungen im Alltag wirklich ist. Welche zentrale Rolle der Darm und die Ern\u00e4hrung dabei spielen, wei\u00df er aus eigener Erfahrung. Deshalb entwickelt Cindric seit 2022 unter der Marke \u201eFlocke Flora\u201c Produkte, die unserer Darmgesundheit nutzen, gut schmecken und die allgemeine Gesundheit f\u00f6rdern. Aus dem Leidensweg wurde eine Erfolgsstory. Mit der Einf\u00fchrung von Flocke Eistee setzte er schnell neue Standards im Bereich der Erfrischungsgetr\u00e4nke. <\/p>\n","protected":false},"author":8,"featured_media":33459,"comment_status":"closed","ping_status":"closed","sticky":false,"template":"","format":"standard","meta":{"_acf_changed":false,"inline_featured_image":false,"footnotes":""},"categories":[1],"tags":[],"class_list":["post-33457","post","type-post","status-publish","format-standard","has-post-thumbnail","hentry","category-allgemein"],"acf":[],"rank_math":{"og:title":"Mit Herz und Kopf f\u00fcr den Bauch: Gut Tee von Flocke Flora - OMNi-BiOTiC\u00ae","og:desc":"Im September 2014 wurde bei Ivan Cindric Morbus Crohn diagnostiziert. Eine Krankheit, die nicht nur sein Leben von Grund auf ver\u00e4ndert hat, sondern auch sp\u00fcrbar machte, wie gro\u00df die Belastung f\u00fcr Menschen mit Autoimmunerkrankungen im Alltag wirklich ist. Welche zentrale Rolle der Darm und die Ern\u00e4hrung dabei spielen, wei\u00df er aus eigener Erfahrung. Deshalb entwickelt Cindric seit 2022 unter der Marke \u201eFlocke Flora\u201c Produkte, die unserer Darmgesundheit nutzen, gut schmecken und die allgemeine Gesundheit f\u00f6rdern. Aus dem Leidensweg wurde eine Erfolgsstory. Mit der Einf\u00fchrung von Flocke Eistee setzte er schnell neue Standards im Bereich der Erfrischungsgetr\u00e4nke.","og:url":"https:\/\/www.omni-biotic.com\/de-de\/blog\/gut-tee-flocke-flora\/","og:locale":"de_DE","og:image":"https:\/\/www.omni-biotic.com\/de-de\/wp-content\/uploads\/sites\/10\/2025\/01\/ivan-cindric-flocke-gut-tee.jpg","og:image:width":"700","og:image:height":"500"},"additional_data":{"thumbnail":"https:\/\/www.omni-biotic.com\/de-de\/wp-content\/uploads\/sites\/10\/2025\/01\/ivan-cindric-flocke-gut-tee.jpg"},"blog_info":{"country":"de-de"},"_links":{"self":[{"href":"https:\/\/www.omni-biotic.com\/de-de\/wp-json\/wp\/v2\/posts\/33457","targetHints":{"allow":["GET"]}}],"collection":[{"href":"https:\/\/www.omni-biotic.com\/de-de\/wp-json\/wp\/v2\/posts"}],"about":[{"href":"https:\/\/www.omni-biotic.com\/de-de\/wp-json\/wp\/v2\/types\/post"}],"author":[{"embeddable":true,"href":"https:\/\/www.omni-biotic.com\/de-de\/wp-json\/wp\/v2\/users\/8"}],"replies":[{"embeddable":true,"href":"https:\/\/www.omni-biotic.com\/de-de\/wp-json\/wp\/v2\/comments?post=33457"}],"version-history":[{"count":7,"href":"https:\/\/www.omni-biotic.com\/de-de\/wp-json\/wp\/v2\/posts\/33457\/revisions"}],"predecessor-version":[{"id":33544,"href":"https:\/\/www.omni-biotic.com\/de-de\/wp-json\/wp\/v2\/posts\/33457\/revisions\/33544"}],"wp:featuredmedia":[{"embeddable":true,"href":"https:\/\/www.omni-biotic.com\/de-de\/wp-json\/wp\/v2\/media\/33459"}],"wp:attachment":[{"href":"https:\/\/www.omni-biotic.com\/de-de\/wp-json\/wp\/v2\/media?parent=33457"}],"wp:term":[{"taxonomy":"category","embeddable":true,"href":"https:\/\/www.omni-biotic.com\/de-de\/wp-json\/wp\/v2\/categories?post=33457"},{"taxonomy":"post_tag","embeddable":true,"href":"https:\/\/www.omni-biotic.com\/de-de\/wp-json\/wp\/v2\/tags?post=33457"}],"curies":[{"name":"wp","href":"https:\/\/api.w.org\/{rel}","templated":true}]}}