{"id":35123,"date":"2025-07-01T12:10:15Z","date_gmt":"2025-07-01T10:10:15Z","guid":{"rendered":"https:\/\/www.omni-biotic.com\/de-de\/?p=35123"},"modified":"2025-07-08T13:03:39Z","modified_gmt":"2025-07-08T11:03:39Z","slug":"bakterien-neurodermitis","status":"publish","type":"post","link":"https:\/\/www.omni-biotic.com\/de-de\/blog\/bakterien-neurodermitis\/","title":{"rendered":"Wie Bakterien Neurodermitis beeinflussen"},"content":{"rendered":"\t\t<div data-elementor-type=\"wp-post\" data-elementor-id=\"35123\" class=\"elementor elementor-35123\" data-elementor-post-type=\"post\">\n\t\t\t\t<div class=\"elementor-element elementor-element-8fb8f6d obcs none e-flex e-con-boxed e-con e-parent\" data-id=\"8fb8f6d\" data-element_type=\"container\">\n\t\t\t\t\t<div class=\"e-con-inner\">\n\t\t\t\t<div class=\"elementor-element elementor-element-1124632 elementor-widget elementor-widget-image\" data-id=\"1124632\" data-element_type=\"widget\" data-widget_type=\"image.default\">\n\t\t\t\t<div class=\"elementor-widget-container\">\n\t\t\t\t\t\t\t\t\t\t\t\t\t\t\t<img fetchpriority=\"high\" decoding=\"async\" width=\"700\" height=\"500\" src=\"https:\/\/www.omni-biotic.com\/de-de\/wp-content\/uploads\/sites\/10\/2025\/07\/darmbakterien-neurodermitis.jpg\" class=\"attachment-large size-large wp-image-35125\" alt=\"Neurodermitis: Kind kratzt sich juckende Haut am Unterarm\" srcset=\"https:\/\/www.omni-biotic.com\/de-de\/wp-content\/uploads\/sites\/10\/2025\/07\/darmbakterien-neurodermitis.jpg 700w, https:\/\/www.omni-biotic.com\/de-de\/wp-content\/uploads\/sites\/10\/2025\/07\/darmbakterien-neurodermitis-300x214.jpg 300w\" sizes=\"(max-width: 700px) 100vw, 700px\" \/>\t\t\t\t\t\t\t\t\t\t\t\t\t\t\t<\/div>\n\t\t\t\t<\/div>\n\t\t\t\t<div class=\"elementor-element elementor-element-932d701 elementor-widget elementor-widget-text-editor\" data-id=\"932d701\" data-element_type=\"widget\" data-widget_type=\"text-editor.default\">\n\t\t\t\t<div class=\"elementor-widget-container\">\n\t\t\t\t\t\t\t\t\t<p>Bei<strong> Neurodermitis<\/strong> handelt es sich um eine <strong>chronisch entz\u00fcndliche Hauterkrankung<\/strong>, die Menschen jeden Alters betreffen kann. Besonders <strong>h\u00e4ufig<\/strong> tritt sie jedoch bereits im <strong>Kleinkindalter<\/strong> auf, sodass auch Eltern kaum zur Ruhe kommen. Die Haut ist gezeichnet von <strong>Trockenheit<\/strong>, <strong>Schuppung<\/strong>, Rissen, <strong>Krustenbildung<\/strong> und <strong>R\u00f6tung<\/strong>.<\/p><p>Und das wirft viele Fragen auf: Was darf auf die Haut? Was nicht? Verschlechtern Konservierungsstoffe, Duftstoffe oder Emulgatoren in Pflegeprodukten den Hautzustand? Was darf man essen, was nicht?<\/p><p>Selbst die Kleidungswahl kann zur Tortur werden, wenn Stoffe oder Etiketten auf der stark gereizten Haut scheuern. Wolle wird meist nicht vertragen und Ekzeme im Gesicht, am Hals oder an den H\u00e4nden lassen sich kaum verbergen.<\/p><p>Obwohl <strong>Neurodermitis nicht ansteckend<\/strong> ist, tragen Betroffene im Sommer h\u00e4ufig lange \u00c4rmel, um argw\u00f6hnischen Blicken zu entgehen. Beim <strong>Sport brennt die Haut<\/strong> durch den Schwei\u00df, nach dem Duschen beginnt es zu jucken und auch das <strong>Eincremen<\/strong> danach <strong>beruhigt nur kurzfristig<\/strong> \u2013 die Einschr\u00e4nkungen im Alltag sind enorm. Die <strong>gr\u00f6\u00dfte Belastung<\/strong> ist f\u00fcr viele Betroffene aber der <strong>qu\u00e4lende Juckreiz<\/strong>, der ein st\u00e4ndiger Begleiter von morgens bis abends und sogar nachts ist. Oft kratzt man sich im Schlaf blutig, ohne es zu merken, oder verbringt schlaflose N\u00e4chte.<\/p><p><a href=\"https:\/\/www.omni-biotic.com\/de-de\/blog\/schlafmangel\/\"><strong>Chronischer Schlafmangel<\/strong><\/a> zieht sich wie ein Schleier durch die Gedanken und macht nicht nur \u00e4u\u00dferlich, sondern auch emotional d\u00fcnnh\u00e4utig. Und das zerrt an den Nerven aller Beteiligten.<\/p>\t\t\t\t\t\t\t\t<\/div>\n\t\t\t\t<\/div>\n\t\t\t\t\t<\/div>\n\t\t\t\t<\/div>\n\t\t<div class=\"elementor-element elementor-element-453736c obcs none e-flex e-con-boxed e-con e-parent\" data-id=\"453736c\" data-element_type=\"container\">\n\t\t\t\t\t<div class=\"e-con-inner\">\n\t\t\t\t<div class=\"elementor-element elementor-element-b75bd28 elementor-widget elementor-widget-heading\" data-id=\"b75bd28\" data-element_type=\"widget\" data-widget_type=\"heading.default\">\n\t\t\t\t<div class=\"elementor-widget-container\">\n\t\t\t\t\t<h2 class=\"elementor-heading-title elementor-size-default\">Ein Schub folgt auf den n\u00e4chsten<\/h2>\t\t\t\t<\/div>\n\t\t\t\t<\/div>\n\t\t\t\t<div class=\"elementor-element elementor-element-cbbf3a7 elementor-widget elementor-widget-text-editor\" data-id=\"cbbf3a7\" data-element_type=\"widget\" data-widget_type=\"text-editor.default\">\n\t\t\t\t<div class=\"elementor-widget-container\">\n\t\t\t\t\t\t\t\t\t<p>Die Liste von (zum Teil auch sehr kostspieligen) Behandlungsversuchen ist lang \u2013 und die Neurodermitis f\u00fcr viele dennoch ein hartn\u00e4ckiges \u00dcbel. <strong>Kortisonpr\u00e4parate<\/strong> oder <strong>Immunsuppressiva<\/strong>, <strong>Antihistaminika<\/strong>, <strong>desinfizierende B\u00e4der<\/strong> oder<strong> pflegende Cremes<\/strong> \u2013 vieles wird getestet, doch nach einer kurzen Phase der Besserung folgt bereits der <strong>n\u00e4chste Ekzem-Schub<\/strong>.<\/p><p>Das Problem: <strong>Viele<\/strong> <strong>dieser Therapien wirken nur symptomatisch<\/strong>. Das bedeutet, sie lassen die Entz\u00fcndungen zwar abklingen oder lindern den Juckreiz, solange sie regelm\u00e4\u00dfig verwendet werden. Kurze Zeit <strong>nach dem Absetzen<\/strong> k\u00fcndigt sich jedoch der <strong>n\u00e4chste Schub<\/strong> an, denn die Ursachen werden durch die herk\u00f6mmlichen Behandlungen nicht beseitigt. Nicht alle Therapeutika sind f\u00fcr die langfristige Anwendung \u2013 vor allem auf sensibler Kinderhaut \u2013 geeignet und sollten deshalb nur gelegentlich und punktuell eingesetzt werden.<\/p><p>Die gute Nachricht: <strong>Aktuelle Studien<\/strong> geben Hoffnung. Der Blick ins Mikroskop zeigt, warum es sich lohnt, die nat\u00fcrliche Schutzh\u00fclle des Menschen \u2013 unsere Haut \u2013 genauer unter die Lupe zu nehmen.<\/p>\t\t\t\t\t\t\t\t<\/div>\n\t\t\t\t<\/div>\n\t\t\t\t\t<\/div>\n\t\t\t\t<\/div>\n\t\t<div class=\"elementor-element elementor-element-3a28b49 obcs none e-flex e-con-boxed e-con e-parent\" data-id=\"3a28b49\" data-element_type=\"container\">\n\t\t\t\t\t<div class=\"e-con-inner\">\n\t\t\t\t<div class=\"elementor-element elementor-element-d838bcb elementor-widget elementor-widget-heading\" data-id=\"d838bcb\" data-element_type=\"widget\" data-widget_type=\"heading.default\">\n\t\t\t\t<div class=\"elementor-widget-container\">\n\t\t\t\t\t<h2 class=\"elementor-heading-title elementor-size-default\">Unsere Haut lebt<\/h2>\t\t\t\t<\/div>\n\t\t\t\t<\/div>\n\t\t\t\t<div class=\"elementor-element elementor-element-900056e elementor-widget elementor-widget-text-editor\" data-id=\"900056e\" data-element_type=\"widget\" data-widget_type=\"text-editor.default\">\n\t\t\t\t<div class=\"elementor-widget-container\">\n\t\t\t\t\t\t\t\t\t<p>Die <strong>Haut<\/strong> ist ein faszinierendes und <strong>hochkomplexes Organ<\/strong>: Sie <strong>sch\u00fctzt<\/strong> die <strong>inneren Organe<\/strong>, <strong>reguliert<\/strong> die <strong>K\u00f6rpertemperatur<\/strong> und ist der Tummelplatz von \u00fcber <strong>1.000 Bakterienspezies<\/strong> sowie Pilzen und Milben, die gemeinsam das <a href=\"https:\/\/www.omni-biotic.com\/de-de\/blog\/das-mikrobiom-der-haut\/\"><strong>Haut-Mikrobiom<\/strong><\/a> bilden und f\u00fcr eine <strong>intakte Hautbarriere<\/strong> sowie ein ausbalanciertes Immunsystem der Haut sorgen.\u00a0<\/p><p><b>Kurz gesagt: Unsere Haut lebt!<\/b> Sie ist ein lebendiger Mikrokosmos, der von vielerlei Faktoren beeinflusst wird. Nach und nach setzt sich die Erkenntnis durch, dass das Haut-Mikrobiom ein wichtiger Ansatzpunkt in der Therapie dermatologischer Erkrankungen ist. Inzwischen gilt es als sicher, dass das <strong><a href=\"https:\/\/www.omni-biotic.com\/de-de\/darmgesundheit\/gesundheitszentrale-darm\/darmmikrobiom\/\">Mikrobiom<\/a> bei Neurodermitis<\/strong> (wie auch bei Akne, Rosazea oder Fu\u00dfgeruch) eine <strong>wichtige Rolle spielt<\/strong>. Fast immer ist die sch\u00fctzende Bakterienbesiedelung der Haut \u2013 und oft auch des Darms \u2013 aus der Balance.<\/p>\t\t\t\t\t\t\t\t<\/div>\n\t\t\t\t<\/div>\n\t\t\t\t<div class=\"elementor-element elementor-element-ba21c5e elementor-widget elementor-widget-heading\" data-id=\"ba21c5e\" data-element_type=\"widget\" data-widget_type=\"heading.default\">\n\t\t\t\t<div class=\"elementor-widget-container\">\n\t\t\t\t\t<h3 class=\"elementor-heading-title elementor-size-default\">Staphylokokken in der \u00dcberzahl<\/h3>\t\t\t\t<\/div>\n\t\t\t\t<\/div>\n\t\t\t\t<div class=\"elementor-element elementor-element-9cd2956 elementor-widget elementor-widget-text-editor\" data-id=\"9cd2956\" data-element_type=\"widget\" data-widget_type=\"text-editor.default\">\n\t\t\t\t<div class=\"elementor-widget-container\">\n\t\t\t\t\t\t\t\t\t<p>Das <strong>Haut-Mikrobiom erf\u00fcllt zentrale Aufgaben<\/strong>: Es verteidigt uns gegen Krankheitserreger, stabilisiert den pH-Wert der Haut und unterst\u00fctzt das Hautimmunsystem dabei, Freund von Feind zu unterscheiden. Ger\u00e4t dieses feine Gleichgewicht aus der Bahn, etwa durch \u00fcbertriebene Hygiene, ungeeignete Kosmetika, UV-Strahlung oder eine gest\u00f6rte Immunantwort \u2013 wie es bei Neurodermitis der Fall ist \u2013, <strong>dominieren<\/strong> pl\u00f6tzlich bestimmte Mikroben wie <strong><em>Staphylococcus aureus<\/em><\/strong> und <strong>verursachen Probleme<\/strong>.<\/p><p>\u201eDie Menge der Staphylokokken auf der Haut steht in engem Zusammenhang mit der Schwere der Erkrankung\u201c, erkl\u00e4rt die Dermatologin und Ern\u00e4hrungsmedizinerin <strong>Prof. Dr. med. Michaela Axt-Gadermann<\/strong>. \u201eJe mehr Staphylokokken, desto schlimmer sind die Ekzeme \u2013 und desto st\u00e4rker sind Krusten, Juckreiz und Entz\u00fcndungen.\u201c Im Umkehrschluss hei\u00dft das: <strong>Gesunde Haut<\/strong> beginnt mit dem <strong>Gleichgewicht<\/strong> zwischen <strong>n\u00fctzlichen und kommensalen Bakterien<\/strong>.\u00a0<\/p><p>Dass ein Ungleichgewicht (Dysbiose) des Haut-Mikrobioms schon vor einem Schub auftritt, wei\u00df man durch regelm\u00e4\u00dfige Mikrobiomuntersuchungen von Neurodermitikern: Zuerst steigt die Zahl von <em>Staphylococcus aureus<\/em>; ein paar Tage bis Wochen sp\u00e4ter folgen unangenehme Ekzeme. Diese <strong>Keime in der \u00dcberzahl<\/strong> stellen Betroffene vor gro\u00dfe Probleme, da sie die nat\u00fcrliche <strong>gesunde Hautflora<\/strong> mehr und mehr <strong>verdr\u00e4ngen<\/strong>.\u00a0<\/p><p>Mangelt es an n\u00fctzlichen und sch\u00fctzenden Mikroorganismen, so werden immer weniger Substanzen gebildet, die die Hautbarriere st\u00e4rken und potenzielle Krankheitserreger bek\u00e4mpfen k\u00f6nnten. Auch der <strong>pH-Wert<\/strong> der Haut ver\u00e4ndert sich. Dadurch gelingt es den Staphylokokken, sich noch weiter zu vermehren \u2013 und das <strong>Hautbild<\/strong> <strong>verschlechtert<\/strong> sich <strong>zunehmend<\/strong>.<\/p>\t\t\t\t\t\t\t\t<\/div>\n\t\t\t\t<\/div>\n\t\t\t\t<div class=\"elementor-element elementor-element-184b3c7 elementor-widget elementor-widget-heading\" data-id=\"184b3c7\" data-element_type=\"widget\" data-widget_type=\"heading.default\">\n\t\t\t\t<div class=\"elementor-widget-container\">\n\t\t\t\t\t<h3 class=\"elementor-heading-title elementor-size-default\">Behandlungsversuche\nund neue Kosmetika<\/h3>\t\t\t\t<\/div>\n\t\t\t\t<\/div>\n\t\t\t\t<div class=\"elementor-element elementor-element-dc8636b elementor-widget elementor-widget-text-editor\" data-id=\"dc8636b\" data-element_type=\"widget\" data-widget_type=\"text-editor.default\">\n\t\t\t\t<div class=\"elementor-widget-container\">\n\t\t\t\t\t\t\t\t\t<p>In der Dermatologie wird bei der <strong>Behandlung<\/strong> von Ekzemen <strong>h\u00e4ufig antimikrobiell<\/strong> gearbeitet: Desinfizierende B\u00e4der, Antibiotika oder silberhaltige Cremes und beschichtete Verb\u00e4nde sollen unerw\u00fcnschte Bakterien beseitigen. \u201eIn den meisten F\u00e4llen geht die Neurodermitis dadurch zun\u00e4chst zur\u00fcck. Gleichzeitig wird aber durch die antibakteriellen Wirkstoffe das <strong>Haut-Mikrobiom mehr und mehr gesch\u00e4digt<\/strong>\u201c, so die Dermatologin.<\/p><p>\u201eSetzt man die Behandlung dann ab, so dauert es nicht lange, und die Problematik tritt erneut auf.\u201c Da Neurodermitis <strong>vor allem bei Kleinkindern und S\u00e4uglingen<\/strong> erstmals vorkommt, versucht man, so schonend wie m\u00f6glich zu behandeln und nebenwirkungsreiche Medikamente zu vermeiden. Genau deshalb ist es von gro\u00dfer Bedeutung, auf hautfreundliche und dennoch effiziente Therapiem\u00f6glichkeiten zur\u00fcckgreifen zu k\u00f6nnen.\u00a0<\/p><p>Was f\u00fcr den Darm und das Darm-Mikrobiom bei verschiedensten Erkrankungen bereits ein bew\u00e4hrtes Konzept ist, l\u00e4sst sich nun auch auf die Haut \u00fcbertragen: eine <strong>gezielte Modulierung des Haut-Mikrobioms<\/strong> mittels innovativer <strong>probiotischer Kosmetika<\/strong>. \u00c4hnlich wie im Darm gibt es auch spezifische Inhaltsstoffe, die die B<strong>alance auf der Haut unterst\u00fctzen k\u00f6nnen<\/strong>: Studien haben gezeigt, dass <strong>pr\u00e4biotische Stoffe<\/strong>, die dem Darm-Mikrobiom guttun, z. B. Inulin oder Maltodextrin, auch den bereits vorhandenen Bakterien auf der Haut als \u201eFutter\u201c dienen. Daneben werden seit Kurzem auch <strong><a href=\"https:\/\/www.omni-biotic.com\/de-de\/darmgesundheit\/gesundheitszentrale-darm\/probiotika\/\">probiotische Bakterien<\/a> in Kosmetikprodukten<\/strong> eingesetzt.\u00a0<\/p><p>\u201eIn der Praxis stellt die Verwendung lebender Bakterien jedoch eine Herausforderung dar, denn Cremes und Lotionen enthalten fast immer Konservierungsstoffe\u201c, so Axt-Gadermann. \u201eDiese sind notwendig, damit die Produkte nicht innerhalb k\u00fcrzester Zeit verschimmeln. Doch diese <strong>Konservierungsmittel<\/strong> <strong>t\u00f6ten<\/strong> nicht nur Pilze, sondern auch <strong>probiotische Bakterien<\/strong> ab. Deshalb ist es sehr schwierig, n\u00fctzliche, lebende Mikroorganismen in Pflegeprodukten stabil zu halten.\u201c\u00a0<\/p><p>Aus diesem Grund enthalten <strong>viele als \u201eprobiotisch\u201c bezeichnete Produkte<\/strong> nur<strong> inaktivierte Bakterien<\/strong>, quasi die \u201eH\u00fcllen\u201c der Bakterien, ebenso bakterielle Lysate, also extrahierte Bestandteile von zuvor kultivierten Bakterien. In Kosmetika, die mit \u201e<strong>Postbiotika<\/strong>\u201c werben, sind <strong>bakterielle Stoffwechselprodukte<\/strong> wie z. B. Milchs\u00e4ure enthalten.\u00a0<span style=\"background-color: inherit;\">Gewisse Effekte wie Feuchtigkeitsbindung oder St\u00e4rkung der Hautbarriere lassen sich damit erreichen. Jedoch fehlt diesen Inhaltsstoffen die wichtige F\u00e4higkeit zur aktiven Interaktion: Sie k\u00f6nnen sich nicht ins Haut-Mikrobiom integrieren und am Ende nichts gegen die \u00dcberzahl von Staphylokokken ausrichten \u2013 ganz im Gegensatz zu echten probiotischen Bakterien.\u00a0<\/span><\/p><p><span style=\"background-color: inherit;\">Um <\/span><strong style=\"background-color: inherit;\">lebende Bakterien<\/strong><span style=\"background-color: inherit;\"> mit Kosmetikprodukten auf die Haut zu bringen, m\u00fcssen die <\/span><strong style=\"background-color: inherit;\">Keime<\/strong><span style=\"background-color: inherit;\"> erst <\/span><strong style=\"background-color: inherit;\">gefriergetrocknet<\/strong><span style=\"background-color: inherit;\"> werden. Sie fallen dann in eine Art \u201eWinterschlaf\u201c, der sie lange haltbar macht. Aber auch diese Bakterien k\u00f6nnen nur in einer Salbe oder in einem Hautbad \u00fcberleben, wenn dieses frei von Konservierungsstoffen ist. Doch wie werden diese Bakterien aus ihrem \u201eWinterschlaf\u201c geweckt, damit sie die strapazierte Haut unterst\u00fctzen k\u00f6nnen?<\/span><\/p><p><span style=\"background-color: inherit;\">Im <\/span><strong style=\"background-color: inherit;\">Hautbad<\/strong><span style=\"background-color: inherit;\"> werden probiotische Helfer durch das <\/span><strong style=\"background-color: inherit;\">Beimengen von Wasser reaktiviert<\/strong><span style=\"background-color: inherit;\"> und direkt auf den betroffenen Hautstellen aktiv. Mittlerweile haben es Experten auch geschafft, <\/span><strong style=\"background-color: inherit;\">echte probiotische Salben<\/strong><span style=\"background-color: inherit;\"> zu entwickeln, die mehrmals am Tag angewendet werden k\u00f6nnen: In <\/span><strong style=\"background-color: inherit;\">reine \u00d6l- und Fettstoffe eingebettet<\/strong><span style=\"background-color: inherit;\">, verbleiben die <\/span><strong style=\"background-color: inherit;\">Bakterien<\/strong><span style=\"background-color: inherit;\"> in ihrem <\/span><strong style=\"background-color: inherit;\">Winterschlaf<\/strong><span style=\"background-color: inherit;\"> \u2013 so lange, bis sie auf die <\/span><strong style=\"background-color: inherit;\">Haut<\/strong> <strong style=\"background-color: inherit;\">aufgetragen<\/strong><span style=\"background-color: inherit;\"> werden und dort mit Fl\u00fcssigkeit in Kontakt kommen.<\/span><\/p><p>Fl\u00fcssigkeit auf der Haut? Ganz richtig \u2013 der <strong>Wassergehalt<\/strong> der <strong>obersten Hautschicht<\/strong> liegt bei etwa <strong>25 %<\/strong> \u2013 und das reicht aus, um die n\u00fctzlichen Mikroben zu aktivieren. So k\u00f6nnen sich die probiotischen Bakterien direkt auf der Haut ansiedeln, vermehren und dynamisch an die Haut anpassen sowie sch\u00e4dliche Keime aktiv verdr\u00e4ngen. Das zeigt: Echte probiotische Kosmetik zu entwickeln, erfordert besonderes Know-how in der Herstellung, um die Bakterien vor Luft, Licht und Kontamination zu sch\u00fctzen und vor allem deren Aktivit\u00e4t auf der Haut sicherzustellen.\u00a0<\/p><p>Und \u00e4hnlich wie bei Probiotika f\u00fcr den Darm gilt auch f\u00fcr kosmetische Probiotika: Die Kombination macht es aus! Denn auch die <strong>Balance des Haut-Mikrobioms profitiert<\/strong> von einem <strong>gezielt kombinierten Team<\/strong> aus <strong>verschiedenen probiotischen Bakterienst\u00e4mmen.<\/strong><\/p>\t\t\t\t\t\t\t\t<\/div>\n\t\t\t\t<\/div>\n\t\t\t\t\t<\/div>\n\t\t\t\t<\/div>\n\t\t<div class=\"elementor-element elementor-element-b73a326 obcs none e-flex e-con-boxed e-con e-parent\" data-id=\"b73a326\" data-element_type=\"container\">\n\t\t\t\t\t<div class=\"e-con-inner\">\n\t\t\t\t<div class=\"elementor-element elementor-element-be7be4a elementor-widget elementor-widget-image\" data-id=\"be7be4a\" data-element_type=\"widget\" data-widget_type=\"image.default\">\n\t\t\t\t<div class=\"elementor-widget-container\">\n\t\t\t\t\t\t\t\t\t\t\t\t\t\t\t<img decoding=\"async\" width=\"700\" height=\"500\" src=\"https:\/\/www.omni-biotic.com\/de-de\/wp-content\/uploads\/sites\/10\/2025\/07\/probiotische-salbe-neurodermitis-anwendung.jpg\" class=\"attachment-large size-large wp-image-35126\" alt=\"Studienergebnisse der Anwendung einer probiotischen Salbe\" srcset=\"https:\/\/www.omni-biotic.com\/de-de\/wp-content\/uploads\/sites\/10\/2025\/07\/probiotische-salbe-neurodermitis-anwendung.jpg 700w, https:\/\/www.omni-biotic.com\/de-de\/wp-content\/uploads\/sites\/10\/2025\/07\/probiotische-salbe-neurodermitis-anwendung-300x214.jpg 300w\" sizes=\"(max-width: 700px) 100vw, 700px\" \/>\t\t\t\t\t\t\t\t\t\t\t\t\t\t\t<\/div>\n\t\t\t\t<\/div>\n\t\t\t\t<div class=\"elementor-element elementor-element-ced41b8 elementor-widget elementor-widget-heading\" data-id=\"ced41b8\" data-element_type=\"widget\" data-widget_type=\"heading.default\">\n\t\t\t\t<div class=\"elementor-widget-container\">\n\t\t\t\t\t<h2 class=\"elementor-heading-title elementor-size-default\">Potenzial aktiver\nprobiotischer Bakterien<\/h2>\t\t\t\t<\/div>\n\t\t\t\t<\/div>\n\t\t\t\t<div class=\"elementor-element elementor-element-97f915c elementor-widget elementor-widget-text-editor\" data-id=\"97f915c\" data-element_type=\"widget\" data-widget_type=\"text-editor.default\">\n\t\t\t\t<div class=\"elementor-widget-container\">\n\t\t\t\t\t\t\t\t\t<p>Tats\u00e4chlich aktive probiotische Bakterien bei Neurodermitis einzusetzen, stellt somit eine <strong>vielversprechende Therapieoption<\/strong> und -unterst\u00fctzung f\u00fcr Betroffene dar: <strong>Aktuelle Forschungen<\/strong> zeigen, dass probiotische Bakterien \u2013 insbesondere <strong>Laktobazillen<\/strong> und <strong>Bifidobakterien<\/strong> \u2013 das <strong>Haut-Mikrobiom stabilisieren<\/strong>, die Hautbarriere st\u00e4rken und so Symptome wie <strong>Juckreiz, Entz\u00fcndungen und Ekzeme signifikant reduzieren k\u00f6nnen<\/strong>.<\/p><p>In Studien konnte nachgewiesen werden, dass probiotische Bakterien <strong>nach nur 14 Tagen<\/strong> regelm\u00e4\u00dfiger Anwendung in der Lage sind, <strong>mehr als 80 % von <em>Staphylococcus aureus<\/em><\/strong> zu beseitigen. Dadurch lie\u00df sich eine deutliche Linderung von Neurodermitis-Symptomen erzielen: Durch die 3-w\u00f6chige Anwendung einer <strong>probiotischen Pflegesalbe<\/strong> mit aktiven probiotischen Bakterien <strong>besserten<\/strong> sich <strong>Hauttrockenheit<\/strong> bei 86 % und <strong>Hautschuppung<\/strong> bei \u00fcber 60 % der Teilnehmer. Die Reduktion der Symptome f\u00fchrte au\u00dferdem dazu, dass 86 % der Probanden laut eigenen Angaben wesentlich <strong>besser<\/strong> <strong>schlafen<\/strong> konnten.<\/p><p>Prof. Dr. Axt-Gadermann ist \u00fcberzeugt: \u201eWenn wir lebende probiotische Bakterien auf die Haut auftragen, k\u00f6nnen wir das Haut-Mikrobiom aktiv beeinflussen und pathogene Keime verdr\u00e4ngen. Dadurch gehen Entz\u00fcndungen zur\u00fcck und die Hautbarriere stabilisiert sich.\u201c Das bedeutet: <strong>Probiotische B\u00e4der und Salben<\/strong> stellen sowohl in der <strong>Akutbehandlung<\/strong> als auch in der <strong>Schubpr\u00e4vention<\/strong> bei Neurodermitis eine wertvolle und <strong>nat\u00fcrliche Behandlungsm\u00f6glichkeit<\/strong> dar, die nicht nur die <strong>Symptome<\/strong>, sondern auch die <strong>Ursache<\/strong> \u2013 n\u00e4mlich die bakterielle Fehlbesiedelung \u2013 <strong>beseitigt<\/strong>.<\/p><p>Doch aufgepasst: Aktive Bakterien sind der Schl\u00fcssel \u2013 sie unterscheiden eine tats\u00e4chlich mikrobielle Therapie von einer reinen Hautpflege. Echte probiotische Hautpflege enth\u00e4lt lebende, aktive Bakterien in ausreichender Menge, h\u00e4lt diese bis zur Anwendung stabil und bringt sie in direkten Kontakt mit der Haut. Die lebenden Mikroorganismen siedeln sich auf der Haut an, geben dort n\u00fctzliche Stoffwechselprodukte ab, verdr\u00e4ngen Krankheitserreger und bringen das Haut-Mikrobiom wieder ins Gleichgewicht. <strong>Probiotische Kosmetika<\/strong> k\u00f6nnen sowohl <strong>allein<\/strong> als auch in <strong>Kombination<\/strong> mit anderen <strong>Therapien<\/strong> angewendet werden.<\/p>\t\t\t\t\t\t\t\t<\/div>\n\t\t\t\t<\/div>\n\t\t\t\t\t<\/div>\n\t\t\t\t<\/div>\n\t\t<div class=\"elementor-element elementor-element-0fa89e3 obcs none e-flex e-con-boxed e-con e-parent\" data-id=\"0fa89e3\" data-element_type=\"container\">\n\t\t\t\t\t<div class=\"e-con-inner\">\n\t\t\t\t<div class=\"elementor-element elementor-element-cfb11e8 elementor-widget elementor-widget-image\" data-id=\"cfb11e8\" data-element_type=\"widget\" data-widget_type=\"image.default\">\n\t\t\t\t<div class=\"elementor-widget-container\">\n\t\t\t\t\t\t\t\t\t\t\t\t\t\t\t<img decoding=\"async\" width=\"700\" height=\"500\" src=\"https:\/\/www.omni-biotic.com\/de-de\/wp-content\/uploads\/sites\/10\/2025\/07\/wirkweise-multispezies-probiotika.gif\" class=\"attachment-large size-large wp-image-35127\" alt=\"Multispezies-Probiotika wirken gezielt auf das Haut-Mikrobiom\" \/>\t\t\t\t\t\t\t\t\t\t\t\t\t\t\t<\/div>\n\t\t\t\t<\/div>\n\t\t\t\t<div class=\"elementor-element elementor-element-3ea267f elementor-widget elementor-widget-heading\" data-id=\"3ea267f\" data-element_type=\"widget\" data-widget_type=\"heading.default\">\n\t\t\t\t<div class=\"elementor-widget-container\">\n\t\t\t\t\t<h2 class=\"elementor-heading-title elementor-size-default\">Innen und au\u00dfen: Darm-Haut-Achse<\/h2>\t\t\t\t<\/div>\n\t\t\t\t<\/div>\n\t\t\t\t<div class=\"elementor-element elementor-element-cd35147 elementor-widget elementor-widget-text-editor\" data-id=\"cd35147\" data-element_type=\"widget\" data-widget_type=\"text-editor.default\">\n\t\t\t\t<div class=\"elementor-widget-container\">\n\t\t\t\t\t\t\t\t\t<p>\u00dcber die sogenannte <strong>Darm-Haut-Achse<\/strong> unterst\u00fctzen medizinisch relevante Probiotika bei Hautproblemen auch von innen heraus. Unter der Darm-Haut-Achse versteht man die <strong>wechselseitige Beziehung<\/strong> zwischen unserem <strong><a href=\"https:\/\/www.omni-biotic.com\/de-de\/darmgesundheit\/gesundheitszentrale-darm\/darmmikrobiom\/\">Darm-Mikrobiom<\/a><\/strong> und der <strong>Haut<\/strong>. Damit l\u00e4sst sich erkl\u00e4ren,\u00a0warum sich Probleme \u201eim Bauch\u201c oft auf der Haut zeigen \u2013 und warum eine ganzheitliche Behandlung sinnvoll ist. Denn die Einnahme von spezifischen <a href=\"https:\/\/www.omni-biotic.com\/de-de\/darmgesundheit\/gesundheitszentrale-darm\/probiotika\/\"><strong>Multispezies-Probiotika<\/strong><\/a> kann einerseits die <strong><a href=\"https:\/\/www.omni-biotic.com\/de-at\/darmgesundheit\/gesundheitszentrale-darm\/darmflora\/\">Darmflora<\/a><\/strong> positiv beeinflussen, andererseits \u00fcber die Darm-Haut-Achse Hautentz\u00fcndungen von innen heraus d\u00e4mpfen (siehe Abbildung).<\/p><p>Ein gesunder Darm mit einer vielf\u00e4ltigen mikrobiellen Zusammensetzung f\u00f6rdert ein <a href=\"https:\/\/www.omni-biotic.com\/de-at\/blog\/starkes-immunsystem\/\">ausgeglichenes Immunsystem<\/a> sowie eine starke Barrierefunktion von Darm und Haut. Umgekehrt kann eine Dysbiose zu systemischen Entz\u00fcndungen f\u00fchren, die Hauterkrankungen beg\u00fcnstigen. So wurden bei Neurodermitikern h\u00e4ufig auch Ver\u00e4nderungen im Darm-Mikrobiom gefunden.<\/p><p>Studien konnten belegen, dass bestimmte orale <strong>Probiotika<\/strong> Neurodermitis-Symptome lindern, den sogenannten <strong>SCORAD-Schwereindex<\/strong> (ein Ma\u00df f\u00fcr Neurodermitis-Symptome) <strong>signifikant senken<\/strong> und die Lebensqualit\u00e4t verbessern. Die vorbeugende Gabe von Probiotika kann bei S\u00e4uglingen und Kindern sogar das Risiko verringern, \u00fcberhaupt an Neurodermitis zu erkranken. Die Wirkung kommt vor allem dadurch zustande, dass Probiotika im Darm entz\u00fcndungshemmende Substanzen wie z. B. kurzkettige Fetts\u00e4uren produzieren und das Immunsystem trainieren, toleranter zu reagieren. So sinkt die systemische Entz\u00fcndungslast, was sich auch g\u00fcnstig auf die Haut auswirkt. Es ist daher ideal, innerlich und \u00e4u\u00dferlich gegen Neurodermitis vorzugehen.<\/p><p><strong>Oral eingenommene Probiotika<\/strong> (z. B. zum Trinken) unterst\u00fctzen das Darm-Mikrobiom, <strong>reduzieren systemische Entz\u00fcndungen<\/strong> und modulieren das Immunsystem, was die Haut weniger anf\u00e4llig f\u00fcr Sch\u00fcbe macht. <strong>\u00c4u\u00dferlich angewandte Probiotika<\/strong> wiederum <strong>bauen<\/strong> direkt auf der Haut einen <strong>Schutzschild<\/strong> auf, indem sie das Haut-Mikrobiom optimieren und sch\u00e4dliche Erreger in Schach halten. Zwar steht die Forschung noch am Anfang bzw. gibt es noch viel \u00fcber das mikrobielle Universum auf der Haut zu erfahren, doch die bisherigen Erkenntnisse sind vielversprechend.\u00a0Die Darm-Haut-Achse zeigt eindrucksvoll, wie eng unser Inneres mit der Hautoberfl\u00e4che verkn\u00fcpft ist. Ein gesunder Darm und eine gesunde Hautflora gehen Hand in Hand.<\/p><p>Wichtig ist, auf <strong>wissenschaftlich gest\u00fctzte, seri\u00f6se Produkte<\/strong> zu setzen und <strong>ein wenig<\/strong> <strong>Geduld<\/strong> mitzubringen, denn die Sanierung eines Mikrobioms erfolgt nicht \u00fcber Nacht. Doch die wachsende Zahl von Studien deutet darauf hin, dass Hautpflege und Dermatologie einen Wandel erleben \u2013 weg von einer rein symptomatischen Behandlung hin zu einer \u00f6kologischen Balance-Therapie. Eine <strong>ausgewogene Ern\u00e4hrung<\/strong> und der <strong>bewusste Umgang mit der Haut<\/strong> (milde Reinigung, probiotische Pflege) k\u00f6nnen einen echten Unterschied machen.\u00a0<\/p>\t\t\t\t\t\t\t\t<\/div>\n\t\t\t\t<\/div>\n\t\t\t\t\t<\/div>\n\t\t\t\t<\/div>\n\t\t<div class=\"elementor-element elementor-element-143b3d2 obcs none e-flex e-con-boxed e-con e-parent\" data-id=\"143b3d2\" data-element_type=\"container\">\n\t\t\t\t\t<div class=\"e-con-inner\">\n\t\t\t\t<div class=\"elementor-element elementor-element-4793aa3 elementor-widget elementor-widget-heading\" data-id=\"4793aa3\" data-element_type=\"widget\" data-widget_type=\"heading.default\">\n\t\t\t\t<div class=\"elementor-widget-container\">\n\t\t\t\t\t<h2 class=\"elementor-heading-title elementor-size-default\">Spezialfall Fu\u00dfgeruch<\/h2>\t\t\t\t<\/div>\n\t\t\t\t<\/div>\n\t\t\t\t<div class=\"elementor-element elementor-element-efb22d7 elementor-widget elementor-widget-image\" data-id=\"efb22d7\" data-element_type=\"widget\" data-widget_type=\"image.default\">\n\t\t\t\t<div class=\"elementor-widget-container\">\n\t\t\t\t\t\t\t\t\t\t\t\t\t\t\t<img loading=\"lazy\" decoding=\"async\" width=\"700\" height=\"500\" src=\"https:\/\/www.omni-biotic.com\/de-de\/wp-content\/uploads\/sites\/10\/2025\/04\/schweissfuesse.jpg\" class=\"attachment-large size-large wp-image-34128\" alt=\"Frau h\u00e4lt Schwei\u00dff\u00fc\u00dfe von sich weg\" srcset=\"https:\/\/www.omni-biotic.com\/de-de\/wp-content\/uploads\/sites\/10\/2025\/04\/schweissfuesse.jpg 700w, https:\/\/www.omni-biotic.com\/de-de\/wp-content\/uploads\/sites\/10\/2025\/04\/schweissfuesse-300x214.jpg 300w\" sizes=\"(max-width: 700px) 100vw, 700px\" \/>\t\t\t\t\t\t\t\t\t\t\t\t\t\t\t<\/div>\n\t\t\t\t<\/div>\n\t\t\t\t<div class=\"elementor-element elementor-element-617f278 elementor-widget elementor-widget-text-editor\" data-id=\"617f278\" data-element_type=\"widget\" data-widget_type=\"text-editor.default\">\n\t\t\t\t<div class=\"elementor-widget-container\">\n\t\t\t\t\t\t\t\t\t<p>Ein <strong>schambehaftetes Thema<\/strong> ist auch Fu\u00dfgeruch. Viele Betroffene sprechen deshalb mit niemandem dar\u00fcber und gehen unangenehmen Situationen aus dem Weg. H\u00e4ufig werden <strong>alle m\u00f6glichen Versuche<\/strong> unternommen, den Geruch an den F\u00fc\u00dfen zu beseitigen, <strong>doch ohne Erfolg<\/strong>.<\/p><p>Aus der Mikrobiom-Forschung hat sich nun eine wirksame Behandlungsm\u00f6glichkeit ergeben: Man wei\u00df inzwischen, dass <strong>geruchsbildende Bakterien<\/strong> f\u00fcr \u201e<strong><a href=\"https:\/\/www.omni-biotic.com\/de-de\/blog\/schweissfuesse-natuerliche-tipps-fussgeruch\/\">K\u00e4sef\u00fc\u00dfe<\/a><\/strong>\u201c verantwortlich sind. Diese Bakterien verstoffwechseln abgestorbene Hautzellen und Schwei\u00df und produzieren dabei Butters\u00e4ure und andere geruchsbildende Stoffe. Mit dem <strong>gezielten Einsatz spezieller probiotischer Fu\u00dfb\u00e4der<\/strong> kann man bakteriellen \u00dcbelt\u00e4tern den Kampf ansagen. Ziel ist es, einen \u201eBiofilm\u201c aus freundlichen Hautbakterien auf dem Fu\u00df zu etablieren, der das Wachstum der Geruchsverursacher hemmt. Wichtig bleibt auch die <strong>Hygiene<\/strong> (t\u00e4gliches Waschen\/Trocknen der F\u00fc\u00dfe, Wechseln der Socken), denn ein feucht-warmes Milieu f\u00f6rdert das Bakterienwachstum generell.<\/p><p>Hier zeigt sich besonders deutlich, wie das Zusammenspiel von Bakterien und Gesundheit genutzt werden kann: Anstatt alle Keime abzut\u00f6ten, setzt man <strong>bestimmte Mikroben<\/strong> gezielt ein, um <strong>geruchsbildende Bakterien<\/strong> in <strong>Schach zu halten<\/strong> und zu beseitigen.<\/p><p><strong>Probiotische Fu\u00dfb\u00e4der<\/strong> k\u00f6nnen <strong>innerhalb weniger Tage Abhilfe<\/strong> schaffen und stechende Aromen, egal ob bei\u00dfend oder muffig, nach K\u00e4se, Popcorn oder Schwei\u00df riechend, vollst\u00e4ndig beseitigen. Das zeigt: Die richtige Pflege unserer \u201eHautbewohner\u201c ist ein vielversprechender Weg, <strong>Probleme von Grund auf anzugehen<\/strong>. Lebende Mikroorganismen sind eine nat\u00fcrliche und effektive M\u00f6glichkeit, die Hautgesundheit und Lebensqualit\u00e4t von Betroffenen wesentlich zu verbessern.\u00a0<\/p>\t\t\t\t\t\t\t\t<\/div>\n\t\t\t\t<\/div>\n\t\t\t\t\t<\/div>\n\t\t\t\t<\/div>\n\t\t<div class=\"elementor-element elementor-element-689542a obcs yellow e-flex e-con-boxed e-con e-parent\" data-id=\"689542a\" data-element_type=\"container\">\n\t\t\t\t\t<div class=\"e-con-inner\">\n\t\t\t\t<div class=\"elementor-element elementor-element-3c056e1 elementor-widget elementor-widget-li-widgets--author-quote\" data-id=\"3c056e1\" data-element_type=\"widget\" data-widget_type=\"li-widgets--author-quote.default\">\n\t\t\t\t<div class=\"elementor-widget-container\">\n\t\t\t\t\t<div class=\"li-widgets--author-quote yellow\">\n            <div class=\"li-widgets--author-quote__image--wrapper\">\n            <div class=\"li-widgets--author-quote__image\">\n                <img loading=\"lazy\" decoding=\"async\" width=\"300\" height=\"200\" src=\"https:\/\/www.omni-biotic.com\/de-de\/wp-content\/uploads\/sites\/10\/2025\/07\/placeholder-300x200.png\" class=\"attachment-medium size-medium\" alt=\"\" srcset=\"https:\/\/www.omni-biotic.com\/de-de\/wp-content\/uploads\/sites\/10\/2025\/07\/placeholder-300x200.png 300w, https:\/\/www.omni-biotic.com\/de-de\/wp-content\/uploads\/sites\/10\/2025\/07\/placeholder-1024x683.png 1024w, https:\/\/www.omni-biotic.com\/de-de\/wp-content\/uploads\/sites\/10\/2025\/07\/placeholder-768x512.png 768w, https:\/\/www.omni-biotic.com\/de-de\/wp-content\/uploads\/sites\/10\/2025\/07\/placeholder.png 1200w\" sizes=\"(max-width: 300px) 100vw, 300px\" \/>            <\/div>\n        <\/div>\n        <div class=\"li-widgets--author-quote__content\">\n        <div class=\"li-widgets--author-quote__author\">\n            Prof. Dr. Michaela Axt-Gadermann                            <span class=\"li-widgets--author-quote__author--position\">\n            Die Expertin im Portr\u00e4t:        <\/span>\n                    <\/div>\n        <div class=\"li-widgets--author-quote__text\">\n            Prof. Dr. Michaela Axt-Gadermann ist Dermatologin, Ern\u00e4hrungs- und Sportmedizinerin sowie Professorin f\u00fcr Gesundheitsf\u00f6rderung an der Hochschule Coburg. Ihre Forschungsschwerpunkte sind das Haut-Mikrobiom und die Darmgesundheit.        <\/div>\n            <\/div>\n    <\/div>\n\t\t\t\t<\/div>\n\t\t\t\t<\/div>\n\t\t\t\t\t<\/div>\n\t\t\t\t<\/div>\n\t\t\t\t<\/div>\n\t\t","protected":false},"excerpt":{"rendered":"<p>Neurodermitis ist eine chronische Erkrankung, die Juckreiz, Entz\u00fcndungen, Ekzeme und Schlafst\u00f6rungen mit sich bringt. Eines von 5 Kindern erkrankt<br \/>\ndaran und 2 bis 10 % der Betroffenen leiden auch im sp\u00e4teren Leben noch darunter. Zahlreiche Forschungsarbeiten zu Haut-Mikrobiom und Darm-Haut-Achse bringen nun neue Erkenntnisse, um stark gereizte Haut sowohl von au\u00dfen als auch von innen gezielt zu unterst\u00fctzen.<\/p>\n","protected":false},"author":8,"featured_media":35125,"comment_status":"closed","ping_status":"closed","sticky":false,"template":"","format":"standard","meta":{"_acf_changed":false,"inline_featured_image":false,"footnotes":""},"categories":[109,1,108],"tags":[],"class_list":["post-35123","post","type-post","status-publish","format-standard","has-post-thumbnail","hentry","category-neues-aus-der-forschung","category-allgemein","category-beschwerden-ratgeber"],"acf":[],"rank_math":{"og:title":"Wie Bakterien Neurodermitis beeinflussen | Haut-Darm-Achse","og:desc":"Neurodermitis kann die Lebensqualit\u00e4t stark beeinflussen. Aktuelle Studien zeigen, dass \u00fcber die Darm-Haut-Achse mittels Probiotika sowohl Symptome als auch Ursache behandelt werden k\u00f6nnen.","og:url":"https:\/\/www.omni-biotic.com\/de-de\/blog\/bakterien-neurodermitis\/","og:locale":"de_DE","og:image":"https:\/\/www.omni-biotic.com\/de-de\/wp-content\/uploads\/sites\/10\/2025\/07\/darmbakterien-neurodermitis.jpg","og:image:width":"700","og:image:height":"500"},"additional_data":{"thumbnail":"https:\/\/www.omni-biotic.com\/de-de\/wp-content\/uploads\/sites\/10\/2025\/07\/darmbakterien-neurodermitis.jpg"},"blog_info":{"country":"de-de"},"_links":{"self":[{"href":"https:\/\/www.omni-biotic.com\/de-de\/wp-json\/wp\/v2\/posts\/35123","targetHints":{"allow":["GET"]}}],"collection":[{"href":"https:\/\/www.omni-biotic.com\/de-de\/wp-json\/wp\/v2\/posts"}],"about":[{"href":"https:\/\/www.omni-biotic.com\/de-de\/wp-json\/wp\/v2\/types\/post"}],"author":[{"embeddable":true,"href":"https:\/\/www.omni-biotic.com\/de-de\/wp-json\/wp\/v2\/users\/8"}],"replies":[{"embeddable":true,"href":"https:\/\/www.omni-biotic.com\/de-de\/wp-json\/wp\/v2\/comments?post=35123"}],"version-history":[{"count":5,"href":"https:\/\/www.omni-biotic.com\/de-de\/wp-json\/wp\/v2\/posts\/35123\/revisions"}],"predecessor-version":[{"id":35132,"href":"https:\/\/www.omni-biotic.com\/de-de\/wp-json\/wp\/v2\/posts\/35123\/revisions\/35132"}],"wp:featuredmedia":[{"embeddable":true,"href":"https:\/\/www.omni-biotic.com\/de-de\/wp-json\/wp\/v2\/media\/35125"}],"wp:attachment":[{"href":"https:\/\/www.omni-biotic.com\/de-de\/wp-json\/wp\/v2\/media?parent=35123"}],"wp:term":[{"taxonomy":"category","embeddable":true,"href":"https:\/\/www.omni-biotic.com\/de-de\/wp-json\/wp\/v2\/categories?post=35123"},{"taxonomy":"post_tag","embeddable":true,"href":"https:\/\/www.omni-biotic.com\/de-de\/wp-json\/wp\/v2\/tags?post=35123"}],"curies":[{"name":"wp","href":"https:\/\/api.w.org\/{rel}","templated":true}]}}