{"id":36836,"date":"2026-01-23T11:55:17Z","date_gmt":"2026-01-23T10:55:17Z","guid":{"rendered":"https:\/\/www.omni-biotic.com\/de-de\/?p=36836"},"modified":"2026-02-10T09:27:45Z","modified_gmt":"2026-02-10T08:27:45Z","slug":"gesundes-mikrobiom-fuer-immunsystem-und-haut","status":"publish","type":"post","link":"https:\/\/www.omni-biotic.com\/de-de\/blog\/gesundes-mikrobiom-fuer-immunsystem-und-haut\/","title":{"rendered":"Gesundes Mikrobiom \u2013 f\u00fcr Immunsystem und Haut"},"content":{"rendered":"\t\t<div data-elementor-type=\"wp-post\" data-elementor-id=\"36836\" class=\"elementor elementor-36836\" data-elementor-post-type=\"post\">\n\t\t\t\t<div class=\"elementor-element elementor-element-7ad172e obcs none e-flex e-con-boxed e-con e-parent\" data-id=\"7ad172e\" data-element_type=\"container\">\n\t\t\t\t\t<div class=\"e-con-inner\">\n\t\t\t\t<div class=\"elementor-element elementor-element-dc7fbdd elementor-widget elementor-widget-text-editor\" data-id=\"dc7fbdd\" data-element_type=\"widget\" data-widget_type=\"text-editor.default\">\n\t\t\t\t<div class=\"elementor-widget-container\">\n\t\t\t\t\t\t\t\t\t<p><strong>Es muss heute schneller gehen? Am Ende dieses Blog-Beitrags finden Sie<\/strong> <strong>das Wichtigste auf einen Blick<\/strong>.<\/p>\t\t\t\t\t\t\t\t<\/div>\n\t\t\t\t<\/div>\n\t\t\t\t<div class=\"elementor-element elementor-element-7e1e548 elementor-widget elementor-widget-button\" data-id=\"7e1e548\" data-element_type=\"widget\" data-widget_type=\"button.default\">\n\t\t\t\t<div class=\"elementor-widget-container\">\n\t\t\t\t\t\t\t\t\t<div class=\"elementor-button-wrapper\">\n\t\t\t\t\t<a class=\"elementor-button elementor-button-link elementor-size-sm\" href=\"#wichtige\">\n\t\t\t\t\t\t<span class=\"elementor-button-content-wrapper\">\n\t\t\t\t\t\t\t\t\t<span class=\"elementor-button-text\">Zur Kurzfassung<\/span>\n\t\t\t\t\t<\/span>\n\t\t\t\t\t<\/a>\n\t\t\t\t<\/div>\n\t\t\t\t\t\t\t\t<\/div>\n\t\t\t\t<\/div>\n\t\t\t\t<div class=\"elementor-element elementor-element-734a0b3 elementor-widget elementor-widget-text-editor\" data-id=\"734a0b3\" data-element_type=\"widget\" data-widget_type=\"text-editor.default\">\n\t\t\t\t<div class=\"elementor-widget-container\">\n\t\t\t\t\t\t\t\t\t<p>Rund <strong>70 % unserer Immunzellen<\/strong> befinden sich im Darm. Hier entscheidet sich, ob das Immunsystem ruhig und ausgewogen arbeitet \u2013 oder \u00fcberreagiert und harmlose Stoffe wie Pollen, bestimmte Nahrungsmittel oder Hausstaubmilben zu \u201eFeinden\u201c erkl\u00e4rt. Gleichzeitig ist der Darm \u00fcber die <strong>Darm-Haut-Achse<\/strong> eng mit der Haut verbunden: Ger\u00e4t das <strong>Darm-Mikrobiom aus dem Gleichgewicht,<\/strong> kann das die <strong>Hautbarriere schw\u00e4chen<\/strong> und entz\u00fcndliche Prozesse in Gang bringen.<\/p>\t\t\t\t\t\t\t\t<\/div>\n\t\t\t\t<\/div>\n\t\t\t\t<div class=\"elementor-element elementor-element-b69e1d7 elementor-widget elementor-widget-image\" data-id=\"b69e1d7\" data-element_type=\"widget\" data-widget_type=\"image.default\">\n\t\t\t\t<div class=\"elementor-widget-container\">\n\t\t\t\t\t\t\t\t\t\t\t\t\t\t\t<img fetchpriority=\"high\" decoding=\"async\" width=\"700\" height=\"500\" src=\"https:\/\/www.omni-biotic.com\/de-de\/wp-content\/uploads\/sites\/10\/2026\/01\/haut-darmflora.jpg\" class=\"attachment-large size-large wp-image-36838\" alt=\"gl\u00fcckliche frau mit gesunder haut l\u00e4chelt in die kamera - die rolle der darmflora f\u00fcr die haut\" srcset=\"https:\/\/www.omni-biotic.com\/de-de\/wp-content\/uploads\/sites\/10\/2026\/01\/haut-darmflora.jpg 700w, https:\/\/www.omni-biotic.com\/de-de\/wp-content\/uploads\/sites\/10\/2026\/01\/haut-darmflora-300x214.jpg 300w\" sizes=\"(max-width: 700px) 100vw, 700px\" \/>\t\t\t\t\t\t\t\t\t\t\t\t\t\t\t<\/div>\n\t\t\t\t<\/div>\n\t\t\t\t<div class=\"elementor-element elementor-element-5d97d33 elementor-widget elementor-widget-heading\" data-id=\"5d97d33\" data-element_type=\"widget\" data-widget_type=\"heading.default\">\n\t\t\t\t<div class=\"elementor-widget-container\">\n\t\t\t\t\t<h2 class=\"elementor-heading-title elementor-size-default\">Wenn das Gleichgewicht im Darm kippt<\/h2>\t\t\t\t<\/div>\n\t\t\t\t<\/div>\n\t\t\t\t<div class=\"elementor-element elementor-element-755af13 elementor-widget elementor-widget-text-editor\" data-id=\"755af13\" data-element_type=\"widget\" data-widget_type=\"text-editor.default\">\n\t\t\t\t<div class=\"elementor-widget-container\">\n\t\t\t\t\t\t\t\t\t<p>Durch unsere moderne Lebensweise ist der Darm vielen Belastungen ausgesetzt: Eine <strong>unausgewogene Ern\u00e4hrung mit viel Zucker<\/strong> und zahlreichen Fertigprodukten, <strong>Stress, Bewegungsmangel, h\u00e4ufige Medikamenteneinnahme oder Infekte<\/strong> \u2013 all das kann die Vielfalt der Darmbakterien verringern. Fachleute sprechen dann von einer <strong>Dysbiose<\/strong>: Die \u201eguten\u201c Bakterien werden weniger, w\u00e4hrend ung\u00fcnstige, krankmachende Keime zunehmen. Die Darmschleimhaut wird dadurch durchl\u00e4ssiger <strong>(\u201eLeaky Gut\u201c)<\/strong>, sodass <strong>unerw\u00fcnschte Stoffe, Allergene oder Bakterienbestandteile<\/strong> leichter in den K\u00f6rper gelangen. Gleichzeitig bildet der K\u00f6rper weniger sch\u00fctzende Antik\u00f6rper im Darm. Das Immunsystem wird st\u00e4ndig gereizt und neigt eher dazu, \u00fcberzureagieren \u2013 etwa in Form von Allergien. Auch<strong> Verdauungsprobleme<\/strong> h\u00e4ngen<br \/>h\u00e4ufig mit diesem <strong>Ungleichgewicht der Darmflora<\/strong> zusammen. Typische Beschwerden reichen von <strong>Bl\u00e4hungen <\/strong>\u00fcber <strong>Bauchschmerzen, V\u00f6llegef\u00fchl, Durchfall <\/strong>und<strong> Verstopfung<\/strong> bis<br \/>hin zu Sodbrennen und \u00dcbelkeit. Oft finden sich \u00dcberlappungen von allen genannten Symptomen: <strong>Allergische Erkrankungen, Hautprobleme und Magen-Darm-Beschwerden<\/strong> treten gemeinsam auf.<\/p>\t\t\t\t\t\t\t\t<\/div>\n\t\t\t\t<\/div>\n\t\t\t\t<div class=\"elementor-element elementor-element-5359d8f elementor-widget elementor-widget-heading\" data-id=\"5359d8f\" data-element_type=\"widget\" data-widget_type=\"heading.default\">\n\t\t\t\t<div class=\"elementor-widget-container\">\n\t\t\t\t\t<h2 class=\"elementor-heading-title elementor-size-default\">Darm, Immunsystem und Allergien<\/h2>\t\t\t\t<\/div>\n\t\t\t\t<\/div>\n\t\t\t\t<div class=\"elementor-element elementor-element-2e32d21 elementor-widget elementor-widget-text-editor\" data-id=\"2e32d21\" data-element_type=\"widget\" data-widget_type=\"text-editor.default\">\n\t\t\t\t<div class=\"elementor-widget-container\">\n\t\t\t\t\t\t\t\t\t<p>Allergien beruhen auf fehlgeleiteten Immunreaktionen: Eigentlich harmlose Umweltstoffe wie <strong>Pollen, Tierhaare <\/strong>oder<strong> bestimmte Nahrungsmittel<\/strong> werden als gef\u00e4hrlich eingestuft. Dahinter steckt meist ein <strong>Ungleichgewicht spezieller Immunzellen,<\/strong> der T-Helferzellen. Bei Allergikern \u00fcberwiegt die sogenannte Th2-Antwort, die die Produktion von IgE-Antik\u00f6rpern anregt und entz\u00fcndliche Reaktionen befeuert. <strong>Gesundheitsf\u00f6rdernde Darmbakterien<\/strong> k\u00f6nnen hier wie <strong>\u201eImmuntrainer\u201c<\/strong> wirken. Sie unterst\u00fctzen die Entwicklung regulatorischer T-Zellen (\u201eTregs\u201c), die das Immunsystem ausbalancieren, \u00fcberschie\u00dfende Reaktionen d\u00e4mpfen und die Toleranz gegen\u00fcber harmlosen Stoffen f\u00f6rdern. Bestimmte <strong>probiotische Bakterien wie Bifidobakterien und Laktobazillen<\/strong> und ihre Stoffwechselprodukte, unter anderem kurzkettige Fetts\u00e4uren (z. B. Butyrat), sind an diesen Prozessen beteiligt.\u00a0<\/p>\t\t\t\t\t\t\t\t<\/div>\n\t\t\t\t<\/div>\n\t\t\t\t<div class=\"elementor-element elementor-element-7c60fe0 elementor-widget elementor-widget-heading\" data-id=\"7c60fe0\" data-element_type=\"widget\" data-widget_type=\"heading.default\">\n\t\t\t\t<div class=\"elementor-widget-container\">\n\t\t\t\t\t<h2 class=\"elementor-heading-title elementor-size-default\">Haut und Darm - direkt verbunden<\/h2>\t\t\t\t<\/div>\n\t\t\t\t<\/div>\n\t\t\t\t<div class=\"elementor-element elementor-element-e76f716 elementor-widget elementor-widget-text-editor\" data-id=\"e76f716\" data-element_type=\"widget\" data-widget_type=\"text-editor.default\">\n\t\t\t\t<div class=\"elementor-widget-container\">\n\t\t\t\t\t\t\t\t\t<p><strong>Die Haut besitzt ein eigenes Mikrobiom,<\/strong> das die Hautbarriere sch\u00fctzt. Ger\u00e4t das Darm-Mikrobiom aus dem Lot, kann sich das \u00fcber immunologische Signale und Entz\u00fcndungsbotenstoffe auf die Haut bzw. das Hautmikrobiom auswirken. Bei chronisch entz\u00fcndlichen Hauterkrankungen wie <strong>Neurodermitis, Nesselsucht (Urtikaria) oder Akne vulgaris<\/strong> finden sich h\u00e4ufig Ver\u00e4nderungen im Darm- und im Haut-Mikrobiom. Die Schutzfunktion der Haut l\u00e4sst nach, <strong>sch\u00e4dliche Keime<\/strong> \u2013 etwa <strong><em>Staphylococcus aureus<\/em> <\/strong>bei Neurodermitis oder spezifische Bakterien bei Akne \u2013 k\u00f6nnen sich leichter ausbreiten. Die Folgen sind <strong>R\u00f6tungen, Juckreiz, Quaddeln, entz\u00fcndete Pickel<\/strong> und andere belastende Symptome. Weil Hautprobleme, insbesondere wenn es sich um Juckreiz handelt, die Nachtruhe st\u00f6ren, leiden viele Betroffene zus\u00e4tzlich unter Schlafproblemen, <strong>M\u00fcdigkeit, Reizbarkeit und Konzentrationsschwierigkeiten.<\/strong> Die Lebensqualit\u00e4t ist dadurch oft stark eingeschr\u00e4nkt.<\/p>\t\t\t\t\t\t\t\t<\/div>\n\t\t\t\t<\/div>\n\t\t\t\t<div class=\"elementor-element elementor-element-26d5677 elementor-widget elementor-widget-image\" data-id=\"26d5677\" data-element_type=\"widget\" data-widget_type=\"image.default\">\n\t\t\t\t<div class=\"elementor-widget-container\">\n\t\t\t\t\t\t\t\t\t\t\t\t\t\t\t<img decoding=\"async\" width=\"800\" height=\"370\" src=\"https:\/\/www.omni-biotic.com\/de-de\/wp-content\/uploads\/sites\/10\/2026\/01\/mikrobiom-haut-immunsystem-studienergebnisse-1024x473.jpg\" class=\"attachment-large size-large wp-image-36839\" alt=\"studienergebnisse zum thema hautmikrobiom und immunsystem\" srcset=\"https:\/\/www.omni-biotic.com\/de-de\/wp-content\/uploads\/sites\/10\/2026\/01\/mikrobiom-haut-immunsystem-studienergebnisse-1024x473.jpg 1024w, https:\/\/www.omni-biotic.com\/de-de\/wp-content\/uploads\/sites\/10\/2026\/01\/mikrobiom-haut-immunsystem-studienergebnisse-300x139.jpg 300w, https:\/\/www.omni-biotic.com\/de-de\/wp-content\/uploads\/sites\/10\/2026\/01\/mikrobiom-haut-immunsystem-studienergebnisse-768x355.jpg 768w, https:\/\/www.omni-biotic.com\/de-de\/wp-content\/uploads\/sites\/10\/2026\/01\/mikrobiom-haut-immunsystem-studienergebnisse.jpg 1236w\" sizes=\"(max-width: 800px) 100vw, 800px\" \/>\t\t\t\t\t\t\t\t\t\t\t\t\t\t\t<\/div>\n\t\t\t\t<\/div>\n\t\t\t\t<div class=\"elementor-element elementor-element-8d69ba9 elementor-widget elementor-widget-heading\" data-id=\"8d69ba9\" data-element_type=\"widget\" data-widget_type=\"heading.default\">\n\t\t\t\t<div class=\"elementor-widget-container\">\n\t\t\t\t\t<h2 class=\"elementor-heading-title elementor-size-default\">Probiotika: Hilfe aus dem Darm<\/h2>\t\t\t\t<\/div>\n\t\t\t\t<\/div>\n\t\t\t\t<div class=\"elementor-element elementor-element-14b4917 elementor-widget elementor-widget-text-editor\" data-id=\"14b4917\" data-element_type=\"widget\" data-widget_type=\"text-editor.default\">\n\t\t\t\t<div class=\"elementor-widget-container\">\n\t\t\t\t\t\t\t\t\t<p>Im Zuge einer wissenschaftlichen Analyse wurden <strong>1.405 Kinder und Erwachsene<\/strong> mit einem aus <strong>sechs St\u00e4mmen bestehenden Multispezies- Probiotikum behandelt,<\/strong> um die positiven Auswirkungen auf Immunsystem, Verdauung und Haut zu untersuchen. Die Teilnehmenden litten an verschiedenen <strong>allergischen Erkrankungen, <\/strong>am h\u00e4ufigsten<strong> Pollen- und Gr\u00e4serallergien sowie Heuschnupfen<\/strong>. Zudem wurden <strong>Hausstaubmilben <\/strong>und <strong>Tierhaarallergien, Lebensmittelallergien, Medikamentenreaktionen <\/strong>und Unvertr\u00e4glichkeiten wie<strong> Laktose-, Fruktose- oder Histaminintoleranz<\/strong> berichtet. Viele hatten gleichzeitig unterschiedlich ausgepr\u00e4gte Hautprobleme, beispielsweise<strong> trockene, juckende Stellen und R\u00f6tungen.<\/strong> Alle nahmen \u00fcber acht Wochen hinweg zweimal t\u00e4glich 2 Gramm eines indikationsspezifischen Multispezies-Probiotikums ein.<\/p>\t\t\t\t\t\t\t\t<\/div>\n\t\t\t\t<\/div>\n\t\t\t\t<div class=\"elementor-element elementor-element-13f4a31 elementor-widget elementor-widget-heading\" data-id=\"13f4a31\" data-element_type=\"widget\" data-widget_type=\"heading.default\">\n\t\t\t\t<div class=\"elementor-widget-container\">\n\t\t\t\t\t<h2 class=\"elementor-heading-title elementor-size-default\">Weniger Allergie- und Hautprobleme<\/h2>\t\t\t\t<\/div>\n\t\t\t\t<\/div>\n\t\t\t\t<div class=\"elementor-element elementor-element-b92b8b7 elementor-widget elementor-widget-text-editor\" data-id=\"b92b8b7\" data-element_type=\"widget\" data-widget_type=\"text-editor.default\">\n\t\t\t\t<div class=\"elementor-widget-container\">\n\t\t\t\t\t\t\t\t\t<p>Schon<strong> nach acht Wochen<\/strong> zeigten sich eindrucksvolle Effekte. <strong>Der Allergie-Score,<\/strong> der alle allergiebedingten Symptome zusammenfasst, <strong>sank <\/strong>im Durchschnitt<strong> um knapp 88 %.<\/strong> Typische Beschwerden wie<strong> juckende Augen, eine laufende <\/strong>oder<strong> verstopfte Nase, Niesen oder asthmatische Symptome<\/strong> wurden deutlich <strong>seltener<\/strong> und als <strong>weniger intensiv<\/strong> beschrieben. Auch bei Hautproblemen war eine klare Linderung erkennbar. <strong>Charakteristische Symptome,<\/strong> die mit Neurodermitis, Urtikaria oder Akne assoziiert sind \u2013 zusammengefasst in einem Haut-Score \u2013, <strong>nahmen um gut 82 % ab.<\/strong> Trockene, juckende oder brennende Haut, Quaddeln und entz\u00fcndete Pickel gingen deutlich zur\u00fcck. F\u00fcr viele Betroffene besonders sp\u00fcrbar war die<strong> bessere Schlafqualit\u00e4t.<\/strong> Die mit den Hautbeschwerden verbundenen <strong>Schlafprobleme <\/strong>\u2013 Einschlafst\u00f6rungen, h\u00e4ufiges n\u00e4chtliches Aufwachen und nicht erholsamer Schlaf<strong> \u2013 reduzierten sich um rund 79 %.\u00a0<\/strong><\/p>\t\t\t\t\t\t\t\t<\/div>\n\t\t\t\t<\/div>\n\t\t\t\t<div class=\"elementor-element elementor-element-f2bef8b elementor-widget elementor-widget-image\" data-id=\"f2bef8b\" data-element_type=\"widget\" data-widget_type=\"image.default\">\n\t\t\t\t<div class=\"elementor-widget-container\">\n\t\t\t\t\t\t\t\t\t\t\t\t\t\t\t<img decoding=\"async\" width=\"700\" height=\"500\" src=\"https:\/\/www.omni-biotic.com\/de-de\/wp-content\/uploads\/sites\/10\/2026\/01\/dermatologe-hautprobleme.jpg\" class=\"attachment-large size-large wp-image-36840\" alt=\"dermatologe untersucht die haut einer jungen frau\" srcset=\"https:\/\/www.omni-biotic.com\/de-de\/wp-content\/uploads\/sites\/10\/2026\/01\/dermatologe-hautprobleme.jpg 700w, https:\/\/www.omni-biotic.com\/de-de\/wp-content\/uploads\/sites\/10\/2026\/01\/dermatologe-hautprobleme-300x214.jpg 300w\" sizes=\"(max-width: 700px) 100vw, 700px\" \/>\t\t\t\t\t\t\t\t\t\t\t\t\t\t\t<\/div>\n\t\t\t\t<\/div>\n\t\t\t\t<div class=\"elementor-element elementor-element-0a6bf88 elementor-widget elementor-widget-heading\" data-id=\"0a6bf88\" data-element_type=\"widget\" data-widget_type=\"heading.default\">\n\t\t\t\t<div class=\"elementor-widget-container\">\n\t\t\t\t\t<h2 class=\"elementor-heading-title elementor-size-default\">Weniger Verdauungsprobleme und Infekte<\/h2>\t\t\t\t<\/div>\n\t\t\t\t<\/div>\n\t\t\t\t<div class=\"elementor-element elementor-element-ae187ea elementor-widget elementor-widget-text-editor\" data-id=\"ae187ea\" data-element_type=\"widget\" data-widget_type=\"text-editor.default\">\n\t\t\t\t<div class=\"elementor-widget-container\">\n\t\t\t\t\t\t\t\t\t<p>Neben Allergie- und Hautsymptomen besserten sich auch die Magen-Darm-Beschwerden deutlich. <strong>Bauchschmerzen, Bl\u00e4hungen, Durchfall, Verstopfung, Sodbrennen<\/strong> und andere Verdauungsprobleme <strong>gingen im Durchschnitt um fast 88 % zur\u00fcck,<\/strong> was die stabilisierende Wirkung des Probiotikums auf die Darmflora best\u00e4tigt. Auch infektassoziierte Beschwerden \u2013 etwa wiederkehrende<strong> Erk\u00e4ltungen mit Kopf- und Gliederschmerzen oder Hals- und Ohrenschmerzen \u2013 verringerten sich deutlich.<\/strong> Symptome, die auf eine geschw\u00e4chte Immunabwehr hindeuten, wurden im Lauf der acht Wochen <strong>um rund 76 % reduziert.<\/strong><\/p>\t\t\t\t\t\t\t\t<\/div>\n\t\t\t\t<\/div>\n\t\t\t\t<div class=\"elementor-element elementor-element-f67278a elementor-widget elementor-widget-heading\" data-id=\"f67278a\" data-element_type=\"widget\" data-widget_type=\"heading.default\">\n\t\t\t\t<div class=\"elementor-widget-container\">\n\t\t\t\t\t<h2 class=\"elementor-heading-title elementor-size-default\">Gesundheit t\u00e4glich unterst\u00fctzen<\/h2>\t\t\t\t<\/div>\n\t\t\t\t<\/div>\n\t\t\t\t<div class=\"elementor-element elementor-element-c7fe4b3 elementor-widget elementor-widget-text-editor\" data-id=\"c7fe4b3\" data-element_type=\"widget\" data-widget_type=\"text-editor.default\">\n\t\t\t\t<div class=\"elementor-widget-container\">\n\t\t\t\t\t\t\t\t\t<p>Die Untersuchung zeigt, dass ein <strong>spezifisch formuliertes, medizinisch relevantes Multispezies-Probiotikum<\/strong> binnen kurzer Zeit \u2013 nur acht Wochen \u2013 sp\u00fcrbare Verbesserungen bringen kann: <strong>weniger Allergie- und Hautbeschwerden, weniger Juckreiz, besserer Schlaf, weniger Verdauungsprobleme und eine geringere Infektanf\u00e4lligkeit.<\/strong> Die wichtigste Botschaft an Betroffene: Hautprobleme und Allergien \u201ebeginnen\u201c oft nicht an der Oberfl\u00e4che, sondern viel tiefer im K\u00f6rper, im Darm. Wer das <strong>Mikrobiom mit wissenschaftlich gepr\u00fcften Probiotika unterst\u00fctzt<\/strong> und damit das Immunsystem wieder ins Gleichgewicht bringt, kann damit nicht nur seine Verdauung, sondern auch seine Haut und sein <strong>allgemeines Wohlbefinden wesentlich verbessern.<\/strong><\/p>\t\t\t\t\t\t\t\t<\/div>\n\t\t\t\t<\/div>\n\t\t\t\t<div class=\"elementor-element elementor-element-7f31b49 elementor-widget elementor-widget-image\" data-id=\"7f31b49\" data-element_type=\"widget\" data-widget_type=\"image.default\">\n\t\t\t\t<div class=\"elementor-widget-container\">\n\t\t\t\t\t\t\t\t\t\t\t\t\t\t\t<img loading=\"lazy\" decoding=\"async\" width=\"700\" height=\"500\" src=\"https:\/\/www.omni-biotic.com\/de-de\/wp-content\/uploads\/sites\/10\/2026\/01\/autoimmunerkrankung-darm-mikrobiom-unterstuetzen.jpg\" class=\"attachment-large size-large wp-image-36841\" alt=\"darmflora im detail\" srcset=\"https:\/\/www.omni-biotic.com\/de-de\/wp-content\/uploads\/sites\/10\/2026\/01\/autoimmunerkrankung-darm-mikrobiom-unterstuetzen.jpg 700w, https:\/\/www.omni-biotic.com\/de-de\/wp-content\/uploads\/sites\/10\/2026\/01\/autoimmunerkrankung-darm-mikrobiom-unterstuetzen-300x214.jpg 300w\" sizes=\"(max-width: 700px) 100vw, 700px\" \/>\t\t\t\t\t\t\t\t\t\t\t\t\t\t\t<\/div>\n\t\t\t\t<\/div>\n\t\t\t\t\t<\/div>\n\t\t\t\t<\/div>\n\t\t<div class=\"elementor-element elementor-element-6e4c5ae obcs none e-flex e-con-boxed e-con e-parent\" data-id=\"6e4c5ae\" data-element_type=\"container\">\n\t\t\t\t\t<div class=\"e-con-inner\">\n\t\t<div class=\"elementor-element elementor-element-cb1eae4 e-con-full obcs none e-flex e-con e-child\" data-id=\"cb1eae4\" data-element_type=\"container\">\n\t\t\t\t<div class=\"elementor-element elementor-element-93f9905 elementor-widget elementor-widget-heading\" data-id=\"93f9905\" data-element_type=\"widget\" data-widget_type=\"heading.default\">\n\t\t\t\t<div class=\"elementor-widget-container\">\n\t\t\t\t\t<h2 class=\"elementor-heading-title elementor-size-default\">Das Wichtigste auf einen Blick<\/h2>\t\t\t\t<\/div>\n\t\t\t\t<\/div>\n\t\t\t\t<div class=\"elementor-element elementor-element-1fced73 elementor-widget elementor-widget-menu-anchor\" data-id=\"1fced73\" data-element_type=\"widget\" data-widget_type=\"menu-anchor.default\">\n\t\t\t\t<div class=\"elementor-widget-container\">\n\t\t\t\t\t\t\t<div class=\"elementor-menu-anchor\" id=\"wichtige\"><\/div>\n\t\t\t\t\t\t<\/div>\n\t\t\t\t<\/div>\n\t\t\t\t<div class=\"elementor-element elementor-element-8165d79 elementor-icon-list--layout-traditional elementor-list-item-link-full_width elementor-widget elementor-widget-icon-list\" data-id=\"8165d79\" data-element_type=\"widget\" data-widget_type=\"icon-list.default\">\n\t\t\t\t<div class=\"elementor-widget-container\">\n\t\t\t\t\t\t\t<ul class=\"elementor-icon-list-items\">\n\t\t\t\t\t\t\t<li class=\"elementor-icon-list-item\">\n\t\t\t\t\t\t\t\t\t\t\t<span class=\"elementor-icon-list-icon\">\n\t\t\t\t\t\t\t<i aria-hidden=\"true\" class=\"fas fa-check\"><\/i>\t\t\t\t\t\t<\/span>\n\t\t\t\t\t\t\t\t\t\t<span class=\"elementor-icon-list-text\">Schaltzentrale Darm: F\u00fcr sch\u00f6ne Haut, Abwehr und innere Balance<\/span>\n\t\t\t\t\t\t\t\t\t<\/li>\n\t\t\t\t\t\t<\/ul>\n\t\t\t\t\t\t<\/div>\n\t\t\t\t<\/div>\n\t\t\t\t<div class=\"elementor-element elementor-element-38a0224 elementor-widget elementor-widget-text-editor\" data-id=\"38a0224\" data-element_type=\"widget\" data-widget_type=\"text-editor.default\">\n\t\t\t\t<div class=\"elementor-widget-container\">\n\t\t\t\t\t\t\t\t\t<p>Unser Darm beherbergt <b data-path-to-node=\"2\" data-index-in-node=\"22\">70 % aller Immunzellen<\/b>. Er fungiert als \u201eTrainer\u201c f\u00fcr unser Immunsystem und entscheidet dar\u00fcber, ob der K\u00f6rper gelassen bleibt oder auf <strong>harmlose Stoffe wie Pollen allergisch reagiert.<\/strong><\/p>\t\t\t\t\t\t\t\t<\/div>\n\t\t\t\t<\/div>\n\t\t\t\t<div class=\"elementor-element elementor-element-6722a75 elementor-icon-list--layout-traditional elementor-list-item-link-full_width elementor-widget elementor-widget-icon-list\" data-id=\"6722a75\" data-element_type=\"widget\" data-widget_type=\"icon-list.default\">\n\t\t\t\t<div class=\"elementor-widget-container\">\n\t\t\t\t\t\t\t<ul class=\"elementor-icon-list-items\">\n\t\t\t\t\t\t\t<li class=\"elementor-icon-list-item\">\n\t\t\t\t\t\t\t\t\t\t\t<span class=\"elementor-icon-list-icon\">\n\t\t\t\t\t\t\t<i aria-hidden=\"true\" class=\"fas fa-check\"><\/i>\t\t\t\t\t\t<\/span>\n\t\t\t\t\t\t\t\t\t\t<span class=\"elementor-icon-list-text\">Das Problem: Wenn der Darm \u201eundicht\u201c wird<\/span>\n\t\t\t\t\t\t\t\t\t<\/li>\n\t\t\t\t\t\t<\/ul>\n\t\t\t\t\t\t<\/div>\n\t\t\t\t<\/div>\n\t\t\t\t<div class=\"elementor-element elementor-element-d236b23 elementor-widget elementor-widget-text-editor\" data-id=\"d236b23\" data-element_type=\"widget\" data-widget_type=\"text-editor.default\">\n\t\t\t\t<div class=\"elementor-widget-container\">\n\t\t\t\t\t\t\t\t\t<ul><li><p data-path-to-node=\"5\">Durch hohen Zuckerkonsum, Stress und Medikamente ger\u00e4t das Mikrobiom aus dem Gleichgewicht (<b data-path-to-node=\"5\" data-index-in-node=\"80\">Dysbiose<\/b>). Die Folgen:<\/p><\/li><li><p data-path-to-node=\"5\"><b data-path-to-node=\"6,0,0\" data-index-in-node=\"0\">Leaky Gut:<\/b> Die Darmbarriere wird durchl\u00e4ssig, Schadstoffe dringen ein und reizen das Immunsystem dauerhaft.<\/p><\/li><li><p data-path-to-node=\"5\"><b data-path-to-node=\"6,1,0\" data-index-in-node=\"0\">Darm-Haut-Achse:<\/b> Entz\u00fcndungssignale aus dem Darm wandern direkt zur Haut und beg\u00fcnstigen Akne, Neurodermitis oder Juckreiz.<\/p><\/li><li><p data-path-to-node=\"5\"><b data-path-to-node=\"6,2,0\" data-index-in-node=\"0\">Beschwerde-Mix:<\/b> Oft treten Allergien, Verdauungsprobleme und Hautirritationen gemeinsam auf.<\/p><\/li><\/ul>\t\t\t\t\t\t\t\t<\/div>\n\t\t\t\t<\/div>\n\t\t\t\t<div class=\"elementor-element elementor-element-670abdc elementor-icon-list--layout-traditional elementor-list-item-link-full_width elementor-widget elementor-widget-icon-list\" data-id=\"670abdc\" data-element_type=\"widget\" data-widget_type=\"icon-list.default\">\n\t\t\t\t<div class=\"elementor-widget-container\">\n\t\t\t\t\t\t\t<ul class=\"elementor-icon-list-items\">\n\t\t\t\t\t\t\t<li class=\"elementor-icon-list-item\">\n\t\t\t\t\t\t\t\t\t\t\t<span class=\"elementor-icon-list-icon\">\n\t\t\t\t\t\t\t<i aria-hidden=\"true\" class=\"fas fa-check\"><\/i>\t\t\t\t\t\t<\/span>\n\t\t\t\t\t\t\t\t\t\t<span class=\"elementor-icon-list-text\">Die L\u00f6sung: Probiotika als \u201eImmuntrainer\u201c<\/span>\n\t\t\t\t\t\t\t\t\t<\/li>\n\t\t\t\t\t\t<\/ul>\n\t\t\t\t\t\t<\/div>\n\t\t\t\t<\/div>\n\t\t\t\t<div class=\"elementor-element elementor-element-924a27f elementor-widget elementor-widget-text-editor\" data-id=\"924a27f\" data-element_type=\"widget\" data-widget_type=\"text-editor.default\">\n\t\t\t\t<div class=\"elementor-widget-container\">\n\t\t\t\t\t\t\t\t\t<p><strong>Bestimmte Bakterienst\u00e4mme<\/strong> (wie Bifidobakterien und Laktobazillen) <strong>f\u00f6rdern regulatorische T-Zellen.<\/strong> Diese bringen das Immunsystem wieder in Balance und <strong>stoppen \u00fcberschie\u00dfende Reaktionen.<\/strong><\/p>\t\t\t\t\t\t\t\t<\/div>\n\t\t\t\t<\/div>\n\t\t\t\t<div class=\"elementor-element elementor-element-07acd24 elementor-icon-list--layout-traditional elementor-list-item-link-full_width elementor-widget elementor-widget-icon-list\" data-id=\"07acd24\" data-element_type=\"widget\" data-widget_type=\"icon-list.default\">\n\t\t\t\t<div class=\"elementor-widget-container\">\n\t\t\t\t\t\t\t<ul class=\"elementor-icon-list-items\">\n\t\t\t\t\t\t\t<li class=\"elementor-icon-list-item\">\n\t\t\t\t\t\t\t\t\t\t\t<span class=\"elementor-icon-list-icon\">\n\t\t\t\t\t\t\t<i aria-hidden=\"true\" class=\"fas fa-check\"><\/i>\t\t\t\t\t\t<\/span>\n\t\t\t\t\t\t\t\t\t\t<span class=\"elementor-icon-list-text\">Studienergebnisse: Was 8 Wochen bewirken k\u00f6nnen<\/span>\n\t\t\t\t\t\t\t\t\t<\/li>\n\t\t\t\t\t\t<\/ul>\n\t\t\t\t\t\t<\/div>\n\t\t\t\t<\/div>\n\t\t\t\t<div class=\"elementor-element elementor-element-cb5c199 elementor-widget elementor-widget-text-editor\" data-id=\"cb5c199\" data-element_type=\"widget\" data-widget_type=\"text-editor.default\">\n\t\t\t\t<div class=\"elementor-widget-container\">\n\t\t\t\t\t\t\t\t\t<p data-path-to-node=\"10\">Eine Analyse mit \u00fcber 1.400 Teilnehmenden zeigt, wie effektiv ein indikationsspezifisches <b data-path-to-node=\"10\" data-index-in-node=\"79\">Multispezies-Probiotikum<\/b> wirkt:<\/p><ul data-path-to-node=\"11\"><li><p data-path-to-node=\"11,0,0\"><b data-path-to-node=\"11,0,0\" data-index-in-node=\"0\">Allergien:<\/b> Symptome wie Flie\u00dfschnupfen oder Augenjucken sanken um <b data-path-to-node=\"11,0,0\" data-index-in-node=\"66\">88 %<\/b>.<\/p><\/li><li><p data-path-to-node=\"11,1,0\"><b data-path-to-node=\"11,1,0\" data-index-in-node=\"0\">Haut:<\/b> Beschwerden wie R\u00f6tungen und Entz\u00fcndungen gingen um <b data-path-to-node=\"11,1,0\" data-index-in-node=\"58\">82 %<\/b> zur\u00fcck.<\/p><\/li><li><p data-path-to-node=\"11,2,0\"><b data-path-to-node=\"11,2,0\" data-index-in-node=\"0\">Schlaf &amp; Psyche:<\/b> Durch weniger Juckreiz verbesserten sich Schlafprobleme um <b data-path-to-node=\"11,2,0\" data-index-in-node=\"76\">79 %<\/b>.<\/p><\/li><li><p data-path-to-node=\"11,3,0\"><b data-path-to-node=\"11,3,0\" data-index-in-node=\"0\">Verdauung &amp; Infekte:<\/b> Magen-Darm-Leiden und die Infektanf\u00e4lligkeit wurden drastisch reduziert.<\/p><\/li><\/ul>\t\t\t\t\t\t\t\t<\/div>\n\t\t\t\t<\/div>\n\t\t\t\t<div class=\"elementor-element elementor-element-59a9b6a elementor-icon-list--layout-traditional elementor-list-item-link-full_width elementor-widget elementor-widget-icon-list\" data-id=\"59a9b6a\" data-element_type=\"widget\" data-widget_type=\"icon-list.default\">\n\t\t\t\t<div class=\"elementor-widget-container\">\n\t\t\t\t\t\t\t<ul class=\"elementor-icon-list-items\">\n\t\t\t\t\t\t\t<li class=\"elementor-icon-list-item\">\n\t\t\t\t\t\t\t\t\t\t\t<span class=\"elementor-icon-list-icon\">\n\t\t\t\t\t\t\t<i aria-hidden=\"true\" class=\"fas fa-check\"><\/i>\t\t\t\t\t\t<\/span>\n\t\t\t\t\t\t\t\t\t\t<span class=\"elementor-icon-list-text\">Fazit:<\/span>\n\t\t\t\t\t\t\t\t\t<\/li>\n\t\t\t\t\t\t<\/ul>\n\t\t\t\t\t\t<\/div>\n\t\t\t\t<\/div>\n\t\t\t\t<div class=\"elementor-element elementor-element-e297485 elementor-widget elementor-widget-text-editor\" data-id=\"e297485\" data-element_type=\"widget\" data-widget_type=\"text-editor.default\">\n\t\t\t\t<div class=\"elementor-widget-container\">\n\t\t\t\t\t\t\t\t\t<p><strong>Wahre Sch\u00f6nheit<\/strong> und ein <strong>ausgeglichenes Immunsystem<\/strong> kommen von innen. Wer seinen Darm mit wissenschaftlich gepr\u00fcften<strong> Probiotika<\/strong> unterst\u00fctzt, kann die Ursachen von <strong>Hautproblemen und Allergien<\/strong> direkt an der Wurzel bek\u00e4mpfen.<\/p>\t\t\t\t\t\t\t\t<\/div>\n\t\t\t\t<\/div>\n\t\t\t\t<\/div>\n\t\t\t\t\t<\/div>\n\t\t\t\t<\/div>\n\t\t\t\t<\/div>\n\t\t","protected":false},"excerpt":{"rendered":"<p>Viele Menschen mit Allergien oder Hautproblemen vermuten zuerst Pollen, Tierhaare, Kosmetikprodukte oder Stress als Ausl\u00f6ser einer triefenden Nase und juckenden Haut. Doch ein entscheidender \u201eMitspieler\u201c sitzt im Darm \u2013 unser Darm-Mikrobiom. Dieses steuert einen gro\u00dfen Teil unseres Immunsystems \u2013 und damit auch, wie unser K\u00f6rper auf Allergene reagiert und wie es unserer Haut geht.<\/p>\n","protected":false},"author":8,"featured_media":36838,"comment_status":"closed","ping_status":"closed","sticky":false,"template":"","format":"standard","meta":{"_acf_changed":false,"inline_featured_image":false,"footnotes":""},"categories":[1,109],"tags":[],"class_list":["post-36836","post","type-post","status-publish","format-standard","has-post-thumbnail","hentry","category-allgemein","category-neues-aus-der-forschung"],"acf":[],"rank_math":{"og:title":"Gesundes Mikrobiom \u2013 f\u00fcr Immunsystem und Haut","og:desc":"Bei Allergien und Hautproblemen suchen wir immer nach m\u00f6glichen Ausl\u00f6sern. Doch wie entscheidend ist hier unser Darm-Mikrobiom?","og:url":"https:\/\/www.omni-biotic.com\/de-de\/blog\/gesundes-mikrobiom-fuer-immunsystem-und-haut\/","og:locale":"de_DE","og:image":"https:\/\/www.omni-biotic.com\/de-de\/wp-content\/uploads\/sites\/10\/2026\/01\/haut-darmflora.jpg","og:image:width":"700","og:image:height":"500"},"additional_data":{"thumbnail":"https:\/\/www.omni-biotic.com\/de-de\/wp-content\/uploads\/sites\/10\/2026\/01\/haut-darmflora.jpg"},"blog_info":{"country":"de-de"},"_links":{"self":[{"href":"https:\/\/www.omni-biotic.com\/de-de\/wp-json\/wp\/v2\/posts\/36836","targetHints":{"allow":["GET"]}}],"collection":[{"href":"https:\/\/www.omni-biotic.com\/de-de\/wp-json\/wp\/v2\/posts"}],"about":[{"href":"https:\/\/www.omni-biotic.com\/de-de\/wp-json\/wp\/v2\/types\/post"}],"author":[{"embeddable":true,"href":"https:\/\/www.omni-biotic.com\/de-de\/wp-json\/wp\/v2\/users\/8"}],"replies":[{"embeddable":true,"href":"https:\/\/www.omni-biotic.com\/de-de\/wp-json\/wp\/v2\/comments?post=36836"}],"version-history":[{"count":7,"href":"https:\/\/www.omni-biotic.com\/de-de\/wp-json\/wp\/v2\/posts\/36836\/revisions"}],"predecessor-version":[{"id":36933,"href":"https:\/\/www.omni-biotic.com\/de-de\/wp-json\/wp\/v2\/posts\/36836\/revisions\/36933"}],"wp:featuredmedia":[{"embeddable":true,"href":"https:\/\/www.omni-biotic.com\/de-de\/wp-json\/wp\/v2\/media\/36838"}],"wp:attachment":[{"href":"https:\/\/www.omni-biotic.com\/de-de\/wp-json\/wp\/v2\/media?parent=36836"}],"wp:term":[{"taxonomy":"category","embeddable":true,"href":"https:\/\/www.omni-biotic.com\/de-de\/wp-json\/wp\/v2\/categories?post=36836"},{"taxonomy":"post_tag","embeddable":true,"href":"https:\/\/www.omni-biotic.com\/de-de\/wp-json\/wp\/v2\/tags?post=36836"}],"curies":[{"name":"wp","href":"https:\/\/api.w.org\/{rel}","templated":true}]}}