{"id":16278,"date":"2022-01-12T13:45:33Z","date_gmt":"2022-01-12T12:45:33Z","guid":{"rendered":"https:\/\/www.omni-biotic.com\/es-es\/colico-del-lactante\/"},"modified":"2022-01-12T13:45:33Z","modified_gmt":"2022-01-12T12:45:33Z","slug":"colico-del-lactante","status":"publish","type":"post","link":"https:\/\/www.omni-biotic.com\/es-es\/blog\/colico-del-lactante\/","title":{"rendered":"C\u00f3lico del lactante"},"content":{"rendered":"","protected":false},"excerpt":{"rendered":"","protected":false},"author":2,"featured_media":16279,"comment_status":"open","ping_status":"open","sticky":false,"template":"","format":"standard","meta":{"_acf_changed":false,"inline_featured_image":false,"footnotes":""},"categories":[112],"tags":[],"class_list":["post-16278","post","type-post","status-publish","format-standard","has-post-thumbnail","hentry","category-madre-e-hijo"],"acf":[],"rank_math":{"og:title":"C\u00f3lico del lactante - OMNi-BiOTiC\u00ae","og:desc":"\u00bfCu\u00e1les son los s\u00edntomas del c\u00f3lico del lactante y en qu\u00e9 se diferencian estos episodios de llanto de otros? \u00bfQu\u00e9 puedo hacer para ayudar a mi beb\u00e9? El c\u00f3lico del lactante es un cuadro de malestar que se produce durante las primeras 14 semanas de vida, que provoca fuertes episodios de llanto. Los padres sostienen [?]","og:url":"https:\/\/www.omni-biotic.com\/es-es\/blog\/colico-del-lactante\/","og:locale":"es_ES","og:image":"https:\/\/www.omni-biotic.com\/es-es\/wp-content\/uploads\/sites\/6\/2023\/06\/shutterstock-1050001412.jpg","og:image:width":"1200","og:image:height":"800"},"additional_data":{"thumbnail":"https:\/\/www.omni-biotic.com\/es-es\/wp-content\/uploads\/sites\/6\/2023\/06\/shutterstock-1050001412.jpg"},"blog_info":{"country":"es-es"},"_links":{"self":[{"href":"https:\/\/www.omni-biotic.com\/es-es\/wp-json\/wp\/v2\/posts\/16278","targetHints":{"allow":["GET"]}}],"collection":[{"href":"https:\/\/www.omni-biotic.com\/es-es\/wp-json\/wp\/v2\/posts"}],"about":[{"href":"https:\/\/www.omni-biotic.com\/es-es\/wp-json\/wp\/v2\/types\/post"}],"author":[{"embeddable":true,"href":"https:\/\/www.omni-biotic.com\/es-es\/wp-json\/wp\/v2\/users\/2"}],"replies":[{"embeddable":true,"href":"https:\/\/www.omni-biotic.com\/es-es\/wp-json\/wp\/v2\/comments?post=16278"}],"version-history":[{"count":1,"href":"https:\/\/www.omni-biotic.com\/es-es\/wp-json\/wp\/v2\/posts\/16278\/revisions"}],"predecessor-version":[{"id":21187,"href":"https:\/\/www.omni-biotic.com\/es-es\/wp-json\/wp\/v2\/posts\/16278\/revisions\/21187"}],"wp:featuredmedia":[{"embeddable":true,"href":"https:\/\/www.omni-biotic.com\/es-es\/wp-json\/wp\/v2\/media\/16279"}],"wp:attachment":[{"href":"https:\/\/www.omni-biotic.com\/es-es\/wp-json\/wp\/v2\/media?parent=16278"}],"wp:term":[{"taxonomy":"category","embeddable":true,"href":"https:\/\/www.omni-biotic.com\/es-es\/wp-json\/wp\/v2\/categories?post=16278"},{"taxonomy":"post_tag","embeddable":true,"href":"https:\/\/www.omni-biotic.com\/es-es\/wp-json\/wp\/v2\/tags?post=16278"}],"curies":[{"name":"wp","href":"https:\/\/api.w.org\/{rel}","templated":true}]}}