{"id":16367,"date":"2022-01-12T13:57:16Z","date_gmt":"2022-01-12T12:57:16Z","guid":{"rendered":"https:\/\/www.omni-biotic.com\/es-es\/relacion-entre-la-deficiencia-de-vitamina-d-y-la-migrana\/"},"modified":"2022-01-12T13:57:16Z","modified_gmt":"2022-01-12T12:57:16Z","slug":"relacion-entre-la-deficiencia-de-vitamina-d-y-la-migrana","status":"publish","type":"post","link":"https:\/\/www.omni-biotic.com\/es-es\/blog\/relacion-entre-la-deficiencia-de-vitamina-d-y-la-migrana\/","title":{"rendered":"\u00bfLa falta de vitamina D entre las causas de la migra\u00f1a?"},"content":{"rendered":"","protected":false},"excerpt":{"rendered":"","protected":false},"author":2,"featured_media":16368,"comment_status":"open","ping_status":"open","sticky":false,"template":"","format":"standard","meta":{"_acf_changed":false,"inline_featured_image":false,"footnotes":""},"categories":[109,110],"tags":[],"class_list":["post-16367","post","type-post","status-publish","format-standard","has-post-thumbnail","hentry","category-nutricion-y-recetas","category-problemas-y-asesoramiento"],"acf":[],"rank_math":{"og:title":"\u00bfLa falta de vitamina D entre las causas de la migra\u00f1a? - OMNi-BiOTiC\u00ae","og:desc":"Con cada cinco nanogramos por mililitro m\u00e1s de vitamina D en la sangre, la probabilidad de padecer migra\u00f1a disminuye en un 22 por ciento Cada a\u00f1o, la estaci\u00f3n oscura llega y se va y con ella la cuesti\u00f3n de los niveles de vitamina D. \u00bfEs importante? \u00bfEs perjudicial un exceso de vitamina D? Y si [?]","og:url":"https:\/\/www.omni-biotic.com\/es-es\/blog\/relacion-entre-la-deficiencia-de-vitamina-d-y-la-migrana\/","og:locale":"es_ES","og:image":"https:\/\/www.omni-biotic.com\/es-es\/wp-content\/uploads\/sites\/6\/2023\/06\/vitamin-d-kopfschmerzen.jpg","og:image:width":"1500","og:image:height":"1000"},"additional_data":{"thumbnail":"https:\/\/www.omni-biotic.com\/es-es\/wp-content\/uploads\/sites\/6\/2023\/06\/vitamin-d-kopfschmerzen.jpg"},"blog_info":{"country":"es-es"},"_links":{"self":[{"href":"https:\/\/www.omni-biotic.com\/es-es\/wp-json\/wp\/v2\/posts\/16367","targetHints":{"allow":["GET"]}}],"collection":[{"href":"https:\/\/www.omni-biotic.com\/es-es\/wp-json\/wp\/v2\/posts"}],"about":[{"href":"https:\/\/www.omni-biotic.com\/es-es\/wp-json\/wp\/v2\/types\/post"}],"author":[{"embeddable":true,"href":"https:\/\/www.omni-biotic.com\/es-es\/wp-json\/wp\/v2\/users\/2"}],"replies":[{"embeddable":true,"href":"https:\/\/www.omni-biotic.com\/es-es\/wp-json\/wp\/v2\/comments?post=16367"}],"version-history":[{"count":1,"href":"https:\/\/www.omni-biotic.com\/es-es\/wp-json\/wp\/v2\/posts\/16367\/revisions"}],"predecessor-version":[{"id":21846,"href":"https:\/\/www.omni-biotic.com\/es-es\/wp-json\/wp\/v2\/posts\/16367\/revisions\/21846"}],"wp:featuredmedia":[{"embeddable":true,"href":"https:\/\/www.omni-biotic.com\/es-es\/wp-json\/wp\/v2\/media\/16368"}],"wp:attachment":[{"href":"https:\/\/www.omni-biotic.com\/es-es\/wp-json\/wp\/v2\/media?parent=16367"}],"wp:term":[{"taxonomy":"category","embeddable":true,"href":"https:\/\/www.omni-biotic.com\/es-es\/wp-json\/wp\/v2\/categories?post=16367"},{"taxonomy":"post_tag","embeddable":true,"href":"https:\/\/www.omni-biotic.com\/es-es\/wp-json\/wp\/v2\/tags?post=16367"}],"curies":[{"name":"wp","href":"https:\/\/api.w.org\/{rel}","templated":true}]}}