{"id":16417,"date":"2022-05-06T12:35:08Z","date_gmt":"2022-05-06T10:35:08Z","guid":{"rendered":"https:\/\/www.omni-biotic.com\/es-es\/que-necesita-nuestro-intestino-en-verano\/"},"modified":"2025-07-16T13:29:40Z","modified_gmt":"2025-07-16T11:29:40Z","slug":"que-necesita-nuestro-intestino-en-verano","status":"publish","type":"post","link":"https:\/\/www.omni-biotic.com\/es-es\/blog\/que-necesita-nuestro-intestino-en-verano\/","title":{"rendered":"Salud intestinal en verano: c\u00f3mo cuidar tu digesti\u00f3n bajo el sol"},"content":{"rendered":"\t\t<div data-elementor-type=\"wp-post\" data-elementor-id=\"16417\" class=\"elementor elementor-16417\" data-elementor-post-type=\"post\">\n\t\t\t\t<div class=\"elementor-element elementor-element-804eed0 obcs none e-flex e-con-boxed e-con e-parent\" data-id=\"804eed0\" data-element_type=\"container\">\n\t\t\t\t\t<div class=\"e-con-inner\">\n\t\t\t\t<div class=\"elementor-element elementor-element-18c01ca elementor-widget elementor-widget-text-editor\" data-id=\"18c01ca\" data-element_type=\"widget\" data-widget_type=\"text-editor.default\">\n\t\t\t\t<div class=\"elementor-widget-container\">\n\t\t\t\t\t\t\t\t\t<p><em>Problemas gastrointestinales, estr\u00e9s y piel sensible: \u00bfc\u00f3mo se relacionan todos estos aspectos? Aqu\u00ed encontrar\u00e1s valiosos consejos para tu salud intestinal.<\/em><\/p>\t\t\t\t\t\t\t\t<\/div>\n\t\t\t\t<\/div>\n\t\t\t\t<div class=\"elementor-element elementor-element-1a714f0 elementor-widget elementor-widget-image\" data-id=\"1a714f0\" data-element_type=\"widget\" data-widget_type=\"image.default\">\n\t\t\t\t<div class=\"elementor-widget-container\">\n\t\t\t\t\t\t\t\t\t\t\t\t\t\t\t<img fetchpriority=\"high\" decoding=\"async\" width=\"700\" height=\"500\" src=\"https:\/\/www.omni-biotic.com\/es-es\/wp-content\/uploads\/sites\/6\/2023\/11\/problemas-gastrointestinales-debidos-al-estres.png\" class=\"attachment-large size-large wp-image-21343\" alt=\"\" srcset=\"https:\/\/www.omni-biotic.com\/es-es\/wp-content\/uploads\/sites\/6\/2023\/11\/problemas-gastrointestinales-debidos-al-estres.png 700w, https:\/\/www.omni-biotic.com\/es-es\/wp-content\/uploads\/sites\/6\/2023\/11\/problemas-gastrointestinales-debidos-al-estres-300x214.png 300w\" sizes=\"(max-width: 700px) 100vw, 700px\" title=\"\">\t\t\t\t\t\t\t\t\t\t\t\t\t\t\t<\/div>\n\t\t\t\t<\/div>\n\t\t\t\t<div class=\"elementor-element elementor-element-1ba2a43 elementor-widget elementor-widget-heading\" data-id=\"1ba2a43\" data-element_type=\"widget\" data-widget_type=\"heading.default\">\n\t\t\t\t<div class=\"elementor-widget-container\">\n\t\t\t\t\t<h2 class=\"elementor-heading-title elementor-size-default\">Relaci\u00f3n entre problemas gastrointestinales, estr\u00e9s y piel sensible<\/h2>\t\t\t\t<\/div>\n\t\t\t\t<\/div>\n\t\t\t\t<div class=\"elementor-element elementor-element-a7c04d4 elementor-widget elementor-widget-text-editor\" data-id=\"a7c04d4\" data-element_type=\"widget\" data-widget_type=\"text-editor.default\">\n\t\t\t\t<div class=\"elementor-widget-container\">\n\t\t\t\t\t\t\t\t\t<p>\u00bfC\u00f3mo se interconectan los problemas gastrointestinales, el estr\u00e9s y la piel sensible? En este art\u00edculo, exploramos estos aspectos y ofrecemos consejos valiosos para la salud intestinal, especialmente en los meses de oto\u00f1o e invierno.\u00a0<\/p><p>Durante esta \u00e9poca, el ritmo acelerado del trabajo y los preparativos para las festividades navide\u00f1as incrementan el estr\u00e9s, lo que puede exacerbar los problemas digestivos por estr\u00e9s y ansiedad, y afectar negativamente tanto al sistema inmunitario intestinal como a la piel.<\/p>\t\t\t\t\t\t\t\t<\/div>\n\t\t\t\t<\/div>\n\t\t\t\t<div class=\"elementor-element elementor-element-2033f73 elementor-widget elementor-widget-heading\" data-id=\"2033f73\" data-element_type=\"widget\" data-widget_type=\"heading.default\">\n\t\t\t\t<div class=\"elementor-widget-container\">\n\t\t\t\t\t<h2 class=\"elementor-heading-title elementor-size-default\">No todo el estr\u00e9s es igual<\/h2>\t\t\t\t<\/div>\n\t\t\t\t<\/div>\n\t\t\t\t<div class=\"elementor-element elementor-element-fd0880f elementor-widget elementor-widget-image\" data-id=\"fd0880f\" data-element_type=\"widget\" data-widget_type=\"image.default\">\n\t\t\t\t<div class=\"elementor-widget-container\">\n\t\t\t\t\t\t\t\t\t\t\t\t\t\t\t<img decoding=\"async\" width=\"700\" height=\"500\" src=\"https:\/\/www.omni-biotic.com\/es-es\/wp-content\/uploads\/sites\/6\/2023\/11\/estres-cronico-distres.png\" class=\"attachment-large size-large wp-image-21347\" alt=\"\" srcset=\"https:\/\/www.omni-biotic.com\/es-es\/wp-content\/uploads\/sites\/6\/2023\/11\/estres-cronico-distres.png 700w, https:\/\/www.omni-biotic.com\/es-es\/wp-content\/uploads\/sites\/6\/2023\/11\/estres-cronico-distres-300x214.png 300w\" sizes=\"(max-width: 700px) 100vw, 700px\" title=\"\">\t\t\t\t\t\t\t\t\t\t\t\t\t\t\t<\/div>\n\t\t\t\t<\/div>\n\t\t\t\t<div class=\"elementor-element elementor-element-01b0ebb elementor-widget elementor-widget-text-editor\" data-id=\"01b0ebb\" data-element_type=\"widget\" data-widget_type=\"text-editor.default\">\n\t\t\t\t<div class=\"elementor-widget-container\">\n\t\t\t\t\t\t\t\t\t<p>Cada acontecimiento laboral o escolar inunda el cuerpo con <b>adrenalina<\/b> y causa<a href=\"https:\/\/www.omni-biotic.com\/es-es\/blog\/problemas-gastrointestinales-debidos-al-estres\/\"><b> estr\u00e9s<\/b><\/a>. Los cambios en la <b>responsabilidad laboral<\/b>, los problemas con los superiores, el inicio de la <b>escuela<\/b> y el cambio de escuela son los <b>factores que m\u00e1s pesan<\/b>.\u00a0<\/p><p>Incluso el cambio de horario a finales de octubre no pasa desapercibido. El invierno, especialmente la <b>temporada previa a la Navidad<\/b>, trae una serie de <b>desencadenantes de estr\u00e9s adicionales<\/b>.<\/p><p><b>Comprar regalos<\/b> en el bullicio de los centros comerciales, visitas familiares m\u00e1s frecuentes, <b>conflictos familiares<\/b> y <b>cambios en los <a href=\"https:\/\/www.omni-biotic.com\/es-es\/blog\/como-afectan-los-alimentos-y-el-estres-a-nuestro-intestino\/\">h\u00e1bitos alimentarios<\/a><\/b> pueden afectar al sistema digestivo y al sistema nervioso.\u00a0<\/p><p>Este estr\u00e9s acumulativo puede <b>impactar negativamente<\/b> en nuestro <b>sistema digestivo y nervioso<\/b>, exacerbando problemas gastrointestinales y conduciendo a consecuencias del estr\u00e9s como e<b>nfermedades inmunitarias y psicol\u00f3gicas<\/b>.<\/p>\t\t\t\t\t\t\t\t<\/div>\n\t\t\t\t<\/div>\n\t\t\t\t<div class=\"elementor-element elementor-element-0c9907e elementor-widget elementor-widget-heading\" data-id=\"0c9907e\" data-element_type=\"widget\" data-widget_type=\"heading.default\">\n\t\t\t\t<div class=\"elementor-widget-container\">\n\t\t\t\t\t<h2 class=\"elementor-heading-title elementor-size-default\">Relaci\u00f3n entre problemas gastrointestinales y el estr\u00e9s<\/h2>\t\t\t\t<\/div>\n\t\t\t\t<\/div>\n\t\t\t\t<div class=\"elementor-element elementor-element-d79619b elementor-widget elementor-widget-text-editor\" data-id=\"d79619b\" data-element_type=\"widget\" data-widget_type=\"text-editor.default\">\n\t\t\t\t<div class=\"elementor-widget-container\">\n\t\t\t\t\t\t\t\t\t<p>Mientras el estr\u00e9s laboral, escolar y personal no se convierta en una condici\u00f3n cr\u00f3nica, todo estar\u00e1 en orden. <b>Un poco de \u00abacci\u00f3n\u00bb de vez en cuando incluso beneficia al cuerpo y a la mente<\/b>. Este tipo de estr\u00e9s, tambi\u00e9n conocido como \u00ab<b>eustr\u00e9s<\/b>\u00ab, <b>afecta a nuestro organismo de manera positiva<\/b>. Ejemplos incluyen la emoci\u00f3n por el nacimiento de un hijo o los nervios antes de una boda.\u00a0<\/p><p>El <b>estr\u00e9s negativo<\/b>, al que el cuerpo no se adapta bien, se llama \u00ab<b>distr\u00e9s<\/b>\u00ab. Si persiste <b>durante un per\u00edodo prolongado<\/b>, puede llevar a la <b>fatiga<\/b>, tener <b>consecuencias psicol\u00f3gicas y f\u00edsicas<\/b>, o <b>empeorar enfermedades preexistentes<\/b>.\u00a0<\/p><p><b>Problemas de concentraci\u00f3n<\/b>, <b>trastornos del sue\u00f1o<\/b>, <b>dolores de cabeza y migra\u00f1as<\/b>, e incluso <b>enfermedades cardiovasculares<\/b> y problemas gastrointestinales como <a href=\"https:\/\/www.omni-biotic.com\/es-es\/trastornos-intestinales\/estrenimiento\/\"><b>estre\u00f1imiento<\/b><\/a>, <a href=\"https:\/\/www.omni-biotic.com\/es-es\/trastornos-intestinales\/diarrea\/\"><b>diarrea<\/b><\/a>, <a href=\"https:\/\/www.omni-biotic.com\/es-es\/trastornos-intestinales\/sindrome-del-intestino-irritable\/\"><b>s\u00edndrome del intestino irritable<\/b><\/a>, acidez estomacal o <b>gastritis<\/b>, son solo algunos ejemplos.<\/p>\t\t\t\t\t\t\t\t<\/div>\n\t\t\t\t<\/div>\n\t\t\t\t<div class=\"elementor-element elementor-element-9a40e88 elementor-widget elementor-widget-image\" data-id=\"9a40e88\" data-element_type=\"widget\" data-widget_type=\"image.default\">\n\t\t\t\t<div class=\"elementor-widget-container\">\n\t\t\t\t\t\t\t\t\t\t\t\t\t\t\t<img decoding=\"async\" width=\"700\" height=\"500\" src=\"https:\/\/www.omni-biotic.com\/es-es\/wp-content\/uploads\/sites\/6\/2023\/11\/Eje-intestino-cerebro.gif\" class=\"attachment-large size-large wp-image-21351\" alt=\"\" title=\"\">\t\t\t\t\t\t\t\t\t\t\t\t\t\t\t<\/div>\n\t\t\t\t<\/div>\n\t\t\t\t<div class=\"elementor-element elementor-element-74939c7 elementor-widget elementor-widget-heading\" data-id=\"74939c7\" data-element_type=\"widget\" data-widget_type=\"heading.default\">\n\t\t\t\t<div class=\"elementor-widget-container\">\n\t\t\t\t\t<h2 class=\"elementor-heading-title elementor-size-default\">La conexi\u00f3n entre el intestino y el cerebro<\/h2>\t\t\t\t<\/div>\n\t\t\t\t<\/div>\n\t\t\t\t<div class=\"elementor-element elementor-element-0b04c1c elementor-widget elementor-widget-text-editor\" data-id=\"0b04c1c\" data-element_type=\"widget\" data-widget_type=\"text-editor.default\">\n\t\t\t\t<div class=\"elementor-widget-container\">\n\t\t\t\t\t\t\t\t\t<p>Por otro lado, un <a href=\"https:\/\/www.omni-biotic.com\/es-es\/salud-intestinal\/el-intestino-como-centro-de-la-salud\/nuestra-flora-intestinal\/\"><b>desequilibrio en la microbiota intestinal<\/b><\/a> y la <a href=\"https:\/\/www.omni-biotic.com\/es-es\/trastornos-intestinales\/enfermedad-inflamatoria-intestinal\/\"><b>inflamaci\u00f3n en el intest<\/b><strong>ino<\/strong><\/a> tambi\u00e9n afecta al cerebro, a trav\u00e9s del \u00ab<a href=\"https:\/\/www.omni-biotic.com\/es-es\/blog\/el-eje-intestino-cerebro-un-canal-de-comunicacion\/\"><strong>eje intestino-cerebro<\/strong><\/a>\u00ab. Estudios en animales sugieren una posible relaci\u00f3n con enfermedades psicol\u00f3gicas, neurol\u00f3gicas e inmunol\u00f3gicas.\u00a0<\/p><p>Los resultados de las investigaciones tambi\u00e9n sugieren que no solo debemos preocuparnos por nuestro peso, sino tambi\u00e9n por seguir una dieta que sea amigable para el intestino, especialmente cuando nos preparamos para enfrentar momentos de estr\u00e9s.\u00a0<\/p><p>Es importante destacar que el exceso de <b>alimentos ricos en az\u00facar y grasa<\/b>, y el <b>elevado consumo de bebidas alcoh\u00f3licas<\/b>, <b>afectan negativamente a<\/b> nuestras <a href=\"https:\/\/www.omni-biotic.com\/es-es\/blog\/bacterias-beneficiosas-las-hadas-del-intestino\/\"><b>bacterias intestinales<\/b><\/a> beneficiosas, sino tambi\u00e9n a nuestro <b>h\u00edgado<\/b>.<\/p>\t\t\t\t\t\t\t\t<\/div>\n\t\t\t\t<\/div>\n\t\t\t\t<div class=\"elementor-element elementor-element-b2632f9 elementor-widget elementor-widget-image\" data-id=\"b2632f9\" data-element_type=\"widget\" data-widget_type=\"image.default\">\n\t\t\t\t<div class=\"elementor-widget-container\">\n\t\t\t\t\t\t\t\t\t\t\t\t\t\t\t<img loading=\"lazy\" decoding=\"async\" width=\"700\" height=\"500\" src=\"https:\/\/www.omni-biotic.com\/es-es\/wp-content\/uploads\/sites\/6\/2023\/11\/mujer-estresada-estres-laboral.png\" class=\"attachment-large size-large wp-image-21355\" alt=\"\" srcset=\"https:\/\/www.omni-biotic.com\/es-es\/wp-content\/uploads\/sites\/6\/2023\/11\/mujer-estresada-estres-laboral.png 700w, https:\/\/www.omni-biotic.com\/es-es\/wp-content\/uploads\/sites\/6\/2023\/11\/mujer-estresada-estres-laboral-300x214.png 300w\" sizes=\"(max-width: 700px) 100vw, 700px\" title=\"\">\t\t\t\t\t\t\t\t\t\t\t\t\t\t\t<\/div>\n\t\t\t\t<\/div>\n\t\t\t\t<div class=\"elementor-element elementor-element-15dd6b5 elementor-widget elementor-widget-heading\" data-id=\"15dd6b5\" data-element_type=\"widget\" data-widget_type=\"heading.default\">\n\t\t\t\t<div class=\"elementor-widget-container\">\n\t\t\t\t\t<h2 class=\"elementor-heading-title elementor-size-default\">Distr\u00e9s y sus consecuencias<\/h2>\t\t\t\t<\/div>\n\t\t\t\t<\/div>\n\t\t\t\t<div class=\"elementor-element elementor-element-bc81283 elementor-widget elementor-widget-text-editor\" data-id=\"bc81283\" data-element_type=\"widget\" data-widget_type=\"text-editor.default\">\n\t\t\t\t<div class=\"elementor-widget-container\">\n\t\t\t\t\t\t\t\t\t<p>La situaci\u00f3n es diferente cuando las experiencias negativas agotan el cuerpo y la mente a diario. Las hormonas como el <b>cortisol<\/b> se producen en nuestro cuerpo <b>para combatir la inflamaci\u00f3n<\/b>. Sin embargo, <b>con el estr\u00e9s constante<\/b> o recurrente, la producci\u00f3n de hormonas del estr\u00e9s, incluido el cortisol, se agota. Como resultado, <b>las inflamaciones se propagan<\/b>, <b>especialmente en el intestino<\/b>, donde radica la mayor parte de nuestra capacidad defensiva, en la llamada \u00abbarrera epitelial del intestino\u00bb.\u00a0<\/p><p>Dado que esta inflamaci\u00f3n no es visible, ni siquiera durante una colonoscopia, se habla de una \u00ab<b>inflamaci\u00f3n silenciosa<\/b>\u00ab. A pesar de eso, esta inflamaci\u00f3n puede tener m\u00faltiples efectos negativos en el organismo, especialmente al <b>interferir con la producci\u00f3n de la hormona de la felicidad<\/b>, la serotonina, <b>y la hormona del sue\u00f1o<\/b>, la melatonina, <b>que tambi\u00e9n se producen en el intestino<\/b>.<\/p><p>Nuestro cerebro reacciona r\u00e1pidamente a estas inflamaciones y la falta de la hormona de la felicidad. Al principio, esto se manifiesta con <b>mal humor<\/b> y cambios de estado de \u00e1nimo, y m\u00e1s tarde con <b>problemas de concentraci\u00f3n<\/b>, <b>nerviosismo<\/b> y, en \u00faltima instancia, el <b>agotamiento<\/b> total.\u00a0<\/p><p>De hecho, cada persona responde de manera diferente al estr\u00e9s, tanto en cuanto a los s\u00edntomas que experimenta como en las consecuencias del mismo. Un informe del Centro Suizo de Investigaci\u00f3n sobre el estr\u00e9s revela que:\u00a0<\/p><ul><li>el 66 % de las personas afectadas por el estr\u00e9s cr\u00f3nico sufren de <b>dolores<\/b>, manteniendo un equilibrio entre dolores de cabeza y dolores de espalda,<\/li><li>el 52 % experimenta <a href=\"https:\/\/www.omni-biotic.com\/es-es\/blog\/un-intestino-enfermo-puede-provocar-cansancio\/\"><strong>fatiga constante<\/strong><\/a>,<\/li><li>el 46 % padece <b>problemas digestivos<\/b> y<\/li><li>y el 21 % sufre de <strong>trastornos del sue\u00f1o<\/strong><\/li><\/ul><div>\u00a0<\/div><p>Las cifras son un poco m\u00e1s bajas para la <b>depresi\u00f3n<\/b>, <a href=\"https:\/\/www.omni-biotic.com\/es-es\/trastornos-intestinales\/alergia\/\"><b>alergias<\/b><\/a>, trastornos de <b>ansiedad<\/b> y un alto potencial de <b>agresi\u00f3n<\/b>.<\/p>\t\t\t\t\t\t\t\t<\/div>\n\t\t\t\t<\/div>\n\t\t\t\t<div class=\"elementor-element elementor-element-4553afd elementor-widget elementor-widget-image\" data-id=\"4553afd\" data-element_type=\"widget\" data-widget_type=\"image.default\">\n\t\t\t\t<div class=\"elementor-widget-container\">\n\t\t\t\t\t\t\t\t\t\t\t\t\t\t\t<img loading=\"lazy\" decoding=\"async\" width=\"700\" height=\"500\" src=\"https:\/\/www.omni-biotic.com\/es-es\/wp-content\/uploads\/sites\/6\/2023\/11\/estres-y-piel.png\" class=\"attachment-large size-large wp-image-21359\" alt=\"\" srcset=\"https:\/\/www.omni-biotic.com\/es-es\/wp-content\/uploads\/sites\/6\/2023\/11\/estres-y-piel.png 700w, https:\/\/www.omni-biotic.com\/es-es\/wp-content\/uploads\/sites\/6\/2023\/11\/estres-y-piel-300x214.png 300w\" sizes=\"(max-width: 700px) 100vw, 700px\" title=\"\">\t\t\t\t\t\t\t\t\t\t\t\t\t\t\t<\/div>\n\t\t\t\t<\/div>\n\t\t\t\t<div class=\"elementor-element elementor-element-ca2a8c6 elementor-widget elementor-widget-heading\" data-id=\"ca2a8c6\" data-element_type=\"widget\" data-widget_type=\"heading.default\">\n\t\t\t\t<div class=\"elementor-widget-container\">\n\t\t\t\t\t<h2 class=\"elementor-heading-title elementor-size-default\">El intestino y la piel sensible<\/h2>\t\t\t\t<\/div>\n\t\t\t\t<\/div>\n\t\t\t\t<div class=\"elementor-element elementor-element-c8cab68 elementor-widget elementor-widget-text-editor\" data-id=\"c8cab68\" data-element_type=\"widget\" data-widget_type=\"text-editor.default\">\n\t\t\t\t<div class=\"elementor-widget-container\">\n\t\t\t\t\t\t\t\t\t<p>El <a href=\"https:\/\/www.omni-biotic.com\/es-es\/blog\/intestino-enfermo-higado-enfermo\/\"><b>h\u00edgado<\/b><\/a> asume importantes funciones de <strong>desintoxicaci\u00f3n<\/strong> y <strong>eliminaci\u00f3n<\/strong>. Si el <a href=\"https:\/\/www.omni-biotic.com\/es-es\/salud-intestinal\/el-intestino-como-centro-de-la-salud\/eje-intestino-higado\/\"><strong>intestino y el h\u00edgado<\/strong><\/a> no funcionan correctamente, las <b>vitaminas<\/b>, <b>minerales<\/b> y <b>oligoelementos<\/b> <b>no se absorben<\/b> adecuadamente y los <b>contaminantes no se eliminan<\/b> eficientemente. Las bacterias tienen entonces v\u00eda libre, especialmente si las \u00abbuenas\u00bb bacterias intestinales han sido diezmadas por una terapia con antibi\u00f3ticos. Nuestra <a href=\"https:\/\/www.omni-biotic.com\/es-es\/blog\/intestino-enfermo-piel-enferma\/\"><b>piel<\/b><\/a> puede responder a esto con <b>granos<\/b>, <b>acn\u00e9<\/b> o incluso con un <b>eczema at\u00f3pico<\/b>.&nbsp;<\/p>\n<p>En la temporada de <b>invierno<\/b>, se suma el hecho de que la <b>piel<\/b> externa y, especialmente, las&nbsp;<b>mucosas<\/b> internas <b>se enfr\u00edan y se deshidratan<\/b> debido al fr\u00edo y la p\u00e9rdida de humedad. El resultado son <b>microfisuras<\/b>, que son una <b>puerta de entrada para bacterias pat\u00f3genas, virus y hongos<\/b>, as\u00ed como para <b>al\u00e9rgenos<\/b>&nbsp;&nbsp;<\/p>\n<p>Un desequilibrio en las bacterias intestinales se puede equilibrar con <a href=\"https:\/\/www.omni-biotic.com\/es-es\/salud-intestinal\/el-intestino-como-centro-de-la-salud\/probioticos\/\"><b>probi\u00f3ticos<\/b><\/a> y <b>nutrientes especiales<\/b> que fortalezcan la mucosa intestinal. La piel sensible se puede fortalecer con cuidados y cosm\u00e9ticos espec\u00edficos.<\/p>\t\t\t\t\t\t\t\t<\/div>\n\t\t\t\t<\/div>\n\t\t\t\t<div class=\"elementor-element elementor-element-0fc8221 elementor-widget elementor-widget-heading\" data-id=\"0fc8221\" data-element_type=\"widget\" data-widget_type=\"heading.default\">\n\t\t\t\t<div class=\"elementor-widget-container\">\n\t\t\t\t\t<span class=\"elementor-heading-title elementor-size-default\">Conclusi\u00f3n<\/span>\t\t\t\t<\/div>\n\t\t\t\t<\/div>\n\t\t\t\t<div class=\"elementor-element elementor-element-1d963db elementor-widget elementor-widget-text-editor\" data-id=\"1d963db\" data-element_type=\"widget\" data-widget_type=\"text-editor.default\">\n\t\t\t\t<div class=\"elementor-widget-container\">\n\t\t\t\t\t\t\t\t\t<p>En conclusi\u00f3n, es vital <b>cuidar de nuestro intestino, h\u00edgado y piel<\/b>, especialmente <b>en tiempos de estr\u00e9s elevado<\/b>.&nbsp;<\/p><p>La adopci\u00f3n de una <b>dieta amigable para el intestino<\/b> y el <b>uso de probi\u00f3ticos<\/b> y nutrientes espec\u00edficos pueden ayudar a <b>fortalecer la mucosa intestinal<\/b> y <b>mejorar la salud de la piel<\/b>.&nbsp;<\/p><p>Adem\u00e1s, para combatir las <b>consecuencias del estr\u00e9s<\/b>, es esencial tomar <b>descansos<\/b> y activar el cuerpo con <b>ejercicio f\u00edsico<\/b>, preferiblemente al aire libre.<\/p>\t\t\t\t\t\t\t\t<\/div>\n\t\t\t\t<\/div>\n\t\t\t\t\t<\/div>\n\t\t\t\t<\/div>\n\t\t\t\t<\/div>\n\t\t","protected":false},"excerpt":{"rendered":"<p>Verano, calor y vacaciones\u2026 \u00bftodo perfecto? Solo si tu intestino tambi\u00e9n lo est\u00e1. Con las altas temperaturas, los cambios de rutina y la exposici\u00f3n a nuevos entornos durante los viajes, nuestro sistema digestivo puede verse afectado. Por eso, es fundamental prestar atenci\u00f3n a la hidrataci\u00f3n, reforzar las defensas y tener precauci\u00f3n con lo que comemos, especialmente fuera de casa.<\/p>\n<p>Descubre c\u00f3mo proteger tu salud intestinal este verano con estos consejos f\u00e1ciles de aplicar, tanto en casa como durante tus vacaciones.<\/p>\n","protected":false},"author":2,"featured_media":16421,"comment_status":"closed","ping_status":"closed","sticky":false,"template":"","format":"standard","meta":{"_acf_changed":false,"inline_featured_image":false,"footnotes":""},"categories":[113],"tags":[],"class_list":["post-16417","post","type-post","status-publish","format-standard","has-post-thumbnail","hentry","category-tips-de-viaje"],"acf":[],"rank_math":{"og:title":"Salud intestinal en verano: c\u00f3mo cuidar tu digesti\u00f3n bajo el sol - OMNi-BiOTiC\u00ae","og:desc":"Verano, calor y vacaciones\u2026 \u00bftodo perfecto? Solo si tu intestino tambi\u00e9n lo est\u00e1. Con las altas temperaturas, los cambios de rutina y la exposici\u00f3n a nuevos entornos durante los viajes, nuestro sistema digestivo puede verse afectado. Por eso, es fundamental prestar atenci\u00f3n a la hidrataci\u00f3n, reforzar las defensas y tener precauci\u00f3n con lo que comemos, especialmente fuera de casa. Descubre c\u00f3mo proteger tu salud intestinal este verano con estos consejos f\u00e1ciles de aplicar, tanto en casa como durante tus vacaciones.","og:url":"https:\/\/www.omni-biotic.com\/es-es\/blog\/que-necesita-nuestro-intestino-en-verano\/","og:locale":"es_ES","og:image":"https:\/\/www.omni-biotic.com\/es-es\/wp-content\/uploads\/sites\/6\/2023\/06\/verano-viaje-feliz-viajes-mujer-en-hamaca.jpg","og:image:width":"820","og:image:height":"465"},"additional_data":{"thumbnail":"https:\/\/www.omni-biotic.com\/es-es\/wp-content\/uploads\/sites\/6\/2023\/06\/verano-viaje-feliz-viajes-mujer-en-hamaca.jpg"},"blog_info":{"country":"es-es"},"_links":{"self":[{"href":"https:\/\/www.omni-biotic.com\/es-es\/wp-json\/wp\/v2\/posts\/16417","targetHints":{"allow":["GET"]}}],"collection":[{"href":"https:\/\/www.omni-biotic.com\/es-es\/wp-json\/wp\/v2\/posts"}],"about":[{"href":"https:\/\/www.omni-biotic.com\/es-es\/wp-json\/wp\/v2\/types\/post"}],"author":[{"embeddable":true,"href":"https:\/\/www.omni-biotic.com\/es-es\/wp-json\/wp\/v2\/users\/2"}],"replies":[{"embeddable":true,"href":"https:\/\/www.omni-biotic.com\/es-es\/wp-json\/wp\/v2\/comments?post=16417"}],"version-history":[{"count":7,"href":"https:\/\/www.omni-biotic.com\/es-es\/wp-json\/wp\/v2\/posts\/16417\/revisions"}],"predecessor-version":[{"id":25297,"href":"https:\/\/www.omni-biotic.com\/es-es\/wp-json\/wp\/v2\/posts\/16417\/revisions\/25297"}],"wp:featuredmedia":[{"embeddable":true,"href":"https:\/\/www.omni-biotic.com\/es-es\/wp-json\/wp\/v2\/media\/16421"}],"wp:attachment":[{"href":"https:\/\/www.omni-biotic.com\/es-es\/wp-json\/wp\/v2\/media?parent=16417"}],"wp:term":[{"taxonomy":"category","embeddable":true,"href":"https:\/\/www.omni-biotic.com\/es-es\/wp-json\/wp\/v2\/categories?post=16417"},{"taxonomy":"post_tag","embeddable":true,"href":"https:\/\/www.omni-biotic.com\/es-es\/wp-json\/wp\/v2\/tags?post=16417"}],"curies":[{"name":"wp","href":"https:\/\/api.w.org\/{rel}","templated":true}]}}