{"id":22679,"date":"2024-03-28T12:28:05Z","date_gmt":"2024-03-28T11:28:05Z","guid":{"rendered":"https:\/\/www.omni-biotic.com\/es-es\/?p=22679"},"modified":"2024-06-10T12:06:49Z","modified_gmt":"2024-06-10T10:06:49Z","slug":"alergia-en-ninos","status":"publish","type":"post","link":"https:\/\/www.omni-biotic.com\/es-es\/blog\/alergia-en-ninos\/","title":{"rendered":"Alivio de la alergia en los ni\u00f1os: el papel de los probi\u00f3ticos"},"content":{"rendered":"\t\t<div data-elementor-type=\"wp-post\" data-elementor-id=\"22679\" class=\"elementor elementor-22679\" data-elementor-post-type=\"post\">\n\t\t\t\t<div class=\"elementor-element elementor-element-41fb86e obcs none e-flex e-con-boxed e-con e-parent\" data-id=\"41fb86e\" data-element_type=\"container\">\n\t\t\t\t\t<div class=\"e-con-inner\">\n\t\t\t\t<div class=\"elementor-element elementor-element-ff4794c elementor-widget elementor-widget-spacer\" data-id=\"ff4794c\" data-element_type=\"widget\" data-widget_type=\"spacer.default\">\n\t\t\t\t<div class=\"elementor-widget-container\">\n\t\t\t\t\t\t\t<div class=\"elementor-spacer\">\n\t\t\t<div class=\"elementor-spacer-inner\"><\/div>\n\t\t<\/div>\n\t\t\t\t\t\t<\/div>\n\t\t\t\t<\/div>\n\t\t\t\t<div class=\"elementor-element elementor-element-f032d3f elementor-widget elementor-widget-text-editor\" data-id=\"f032d3f\" data-element_type=\"widget\" data-widget_type=\"text-editor.default\">\n\t\t\t\t<div class=\"elementor-widget-container\">\n\t\t\t\t\t\t\t\t\t<p>Alergias en los ni\u00f1os, \u00bfPor qu\u00e9 aparecen? \u00bfSe pueden evitar? \u00bfC\u00f3mo combartilas?<\/p><p>Descubra c\u00f3mo los probi\u00f3ticos pueden combatir las alergias respiratorias y aliviar los s\u00edntomas en ni\u00f1os y adolescentes. Aprenda sobre la importancia de un intestino sano.<\/p>\t\t\t\t\t\t\t\t<\/div>\n\t\t\t\t<\/div>\n\t\t\t\t<div class=\"elementor-element elementor-element-ce036cd elementor-widget elementor-widget-spacer\" data-id=\"ce036cd\" data-element_type=\"widget\" data-widget_type=\"spacer.default\">\n\t\t\t\t<div class=\"elementor-widget-container\">\n\t\t\t\t\t\t\t<div class=\"elementor-spacer\">\n\t\t\t<div class=\"elementor-spacer-inner\"><\/div>\n\t\t<\/div>\n\t\t\t\t\t\t<\/div>\n\t\t\t\t<\/div>\n\t\t\t\t<div class=\"elementor-element elementor-element-5cbb23c elementor-widget elementor-widget-heading\" data-id=\"5cbb23c\" data-element_type=\"widget\" data-widget_type=\"heading.default\">\n\t\t\t\t<div class=\"elementor-widget-container\">\n\t\t\t\t\t<h2 class=\"elementor-heading-title elementor-size-default\">\u00bfQu\u00e9 factores favorecen el desarrollo de alergias en los ni\u00f1os?<\/h2>\t\t\t\t<\/div>\n\t\t\t\t<\/div>\n\t\t\t\t<div class=\"elementor-element elementor-element-4d4daf6 elementor-widget elementor-widget-image\" data-id=\"4d4daf6\" data-element_type=\"widget\" data-widget_type=\"image.default\">\n\t\t\t\t<div class=\"elementor-widget-container\">\n\t\t\t\t\t\t\t\t\t\t\t\t\t\t\t<img fetchpriority=\"high\" decoding=\"async\" width=\"800\" height=\"535\" src=\"https:\/\/www.omni-biotic.com\/es-es\/wp-content\/uploads\/sites\/6\/2024\/03\/Allergie-Kind.png\" class=\"attachment-large size-large wp-image-22682\" alt=\"\" srcset=\"https:\/\/www.omni-biotic.com\/es-es\/wp-content\/uploads\/sites\/6\/2024\/03\/Allergie-Kind.png 886w, https:\/\/www.omni-biotic.com\/es-es\/wp-content\/uploads\/sites\/6\/2024\/03\/Allergie-Kind-300x201.png 300w, https:\/\/www.omni-biotic.com\/es-es\/wp-content\/uploads\/sites\/6\/2024\/03\/Allergie-Kind-768x514.png 768w\" sizes=\"(max-width: 800px) 100vw, 800px\" title=\"\">\t\t\t\t\t\t\t\t\t\t\t\t\t\t\t<\/div>\n\t\t\t\t<\/div>\n\t\t\t\t<div class=\"elementor-element elementor-element-8561226 elementor-widget elementor-widget-spacer\" data-id=\"8561226\" data-element_type=\"widget\" data-widget_type=\"spacer.default\">\n\t\t\t\t<div class=\"elementor-widget-container\">\n\t\t\t\t\t\t\t<div class=\"elementor-spacer\">\n\t\t\t<div class=\"elementor-spacer-inner\"><\/div>\n\t\t<\/div>\n\t\t\t\t\t\t<\/div>\n\t\t\t\t<\/div>\n\t\t\t\t<div class=\"elementor-element elementor-element-7cc4e5a elementor-widget elementor-widget-text-editor\" data-id=\"7cc4e5a\" data-element_type=\"widget\" data-widget_type=\"text-editor.default\">\n\t\t\t\t<div class=\"elementor-widget-container\">\n\t\t\t\t\t\t\t\t\t<p>Lamentablemente cada vez m\u00e1s ni\u00f1os y adolescentes se ven afectados por las molestas y estresantes <a href=\"https:\/\/www.omni-biotic.com\/es-es\/trastornos-intestinales\/alergia\/\">alergias respiratorias.<\/a><\/p><p>La predisposici\u00f3n hereditaria desempe\u00f1a un papel importante en el desarrollo de la alergia al polen: si uno de los padres, o incluso ambos, padecen una alergia, es muy probable que el ni\u00f1o tambi\u00e9n se vea afectado.<\/p><p>A su vez, es tambi\u00e9n esperable que el entorno en el que el ni\u00f1o crece tenga un impacto importante en el riesgo de desarrollar alergias. Por ejemplo, una infancia en el campo, idealmente en una granja con contacto frecuente con establos, tiene un efecto positivo. Por el contrario, una higiene excesiva al estilo occidental y ciertas infecciones (no) experimentadas favorecen las enfermedades respiratorias al\u00e9rgicas.<\/p><p>Asimismo, los beb\u00e9s amamantados podr\u00edan verse menos afectados por las alergias que los que s\u00f3lo han tomado poca o nula leche materna.<\/p><p>Tambien el comportamiento de la madre durante el embarazo determina si un ni\u00f1o va a tener problemas con el polen m\u00e1s adelante. El consumo de nicotina o las estancias frecuentes en habitaciones con humo, as\u00ed como la dieta de la embarazada, influyen en el riesgo de que el ni\u00f1o contraiga alergias. \u00abEl beb\u00e9 come lo que come su madre\u00bb, por lo que una dieta variada y rica en vitaminas y minerales de la madre, tambi\u00e9n beneficia al ni\u00f1o.<\/p>\t\t\t\t\t\t\t\t<\/div>\n\t\t\t\t<\/div>\n\t\t\t\t<div class=\"elementor-element elementor-element-2985d20 elementor-widget elementor-widget-spacer\" data-id=\"2985d20\" data-element_type=\"widget\" data-widget_type=\"spacer.default\">\n\t\t\t\t<div class=\"elementor-widget-container\">\n\t\t\t\t\t\t\t<div class=\"elementor-spacer\">\n\t\t\t<div class=\"elementor-spacer-inner\"><\/div>\n\t\t<\/div>\n\t\t\t\t\t\t<\/div>\n\t\t\t\t<\/div>\n\t\t\t\t<div class=\"elementor-element elementor-element-2808d81 elementor-widget elementor-widget-heading\" data-id=\"2808d81\" data-element_type=\"widget\" data-widget_type=\"heading.default\">\n\t\t\t\t<div class=\"elementor-widget-container\">\n\t\t\t\t\t<h2 class=\"elementor-heading-title elementor-size-default\">\u00bfCes\u00e1rea o parto natural?<\/h2>\t\t\t\t<\/div>\n\t\t\t\t<\/div>\n\t\t\t\t<div class=\"elementor-element elementor-element-49a45ab elementor-widget elementor-widget-image\" data-id=\"49a45ab\" data-element_type=\"widget\" data-widget_type=\"image.default\">\n\t\t\t\t<div class=\"elementor-widget-container\">\n\t\t\t\t\t\t\t\t\t\t\t\t\t\t\t<img decoding=\"async\" width=\"800\" height=\"533\" src=\"https:\/\/www.omni-biotic.com\/es-es\/wp-content\/uploads\/sites\/6\/2022\/08\/maechtigeabwehrkraefte-blog-neu-1024x682.jpg\" class=\"attachment-large size-large wp-image-8814\" alt=\"\" srcset=\"https:\/\/www.omni-biotic.com\/es-es\/wp-content\/uploads\/sites\/6\/2022\/08\/maechtigeabwehrkraefte-blog-neu-1024x682.jpg 1024w, https:\/\/www.omni-biotic.com\/es-es\/wp-content\/uploads\/sites\/6\/2022\/08\/maechtigeabwehrkraefte-blog-neu-300x200.jpg 300w, https:\/\/www.omni-biotic.com\/es-es\/wp-content\/uploads\/sites\/6\/2022\/08\/maechtigeabwehrkraefte-blog-neu-768x512.jpg 768w, https:\/\/www.omni-biotic.com\/es-es\/wp-content\/uploads\/sites\/6\/2022\/08\/maechtigeabwehrkraefte-blog-neu-1536x1023.jpg 1536w, https:\/\/www.omni-biotic.com\/es-es\/wp-content\/uploads\/sites\/6\/2022\/08\/maechtigeabwehrkraefte-blog-neu.jpg 1900w\" sizes=\"(max-width: 800px) 100vw, 800px\" title=\"\">\t\t\t\t\t\t\t\t\t\t\t\t\t\t\t<\/div>\n\t\t\t\t<\/div>\n\t\t\t\t<div class=\"elementor-element elementor-element-2f5e9fa elementor-widget elementor-widget-spacer\" data-id=\"2f5e9fa\" data-element_type=\"widget\" data-widget_type=\"spacer.default\">\n\t\t\t\t<div class=\"elementor-widget-container\">\n\t\t\t\t\t\t\t<div class=\"elementor-spacer\">\n\t\t\t<div class=\"elementor-spacer-inner\"><\/div>\n\t\t<\/div>\n\t\t\t\t\t\t<\/div>\n\t\t\t\t<\/div>\n\t\t\t\t<div class=\"elementor-element elementor-element-7934365 elementor-widget elementor-widget-text-editor\" data-id=\"7934365\" data-element_type=\"widget\" data-widget_type=\"text-editor.default\">\n\t\t\t\t<div class=\"elementor-widget-container\">\n\t\t\t\t\t\t\t\t\t<p>La primera colonizaci\u00f3n bacteriana importante tiene lugar al nacer. Cuando el beb\u00e9 atraviesa el canal del parto, entra en contacto principalmente con las bacterias l\u00e1cticas maternales.<\/p><p>La situaci\u00f3n es diferente para los ni\u00f1os que nacen por ces\u00e1rea: Primero encuentran bacterias en el aire y en la piel de la madre. La poblaci\u00f3n de lactobacilos y bifidobacterias protectoras en el intestino es, en consecuencia, menor en los beb\u00e9s nacidos por ces\u00e1rea. Esto, a su vez, los hace m\u00e1s susceptibles a los<a href=\"https:\/\/www.omni-biotic.com\/es-es\/blog\/colico-del-lactante\/\"> c\u00f3licos de los tres meses<\/a>, las enfermedades infecciosas y las alergias. La llamada \u00absiembra vaginal\u00bb -mojar al beb\u00e9 con las secreciones vaginales de la madre tras la ces\u00e1rea- busca resolver este problema.<\/p><p>El parto natural y la <a href=\"https:\/\/www.omni-biotic.com\/es-es\/blog\/la-leche-materna-un-superalimento\/\">lactancia materna<\/a> tienen un efecto favorable en el entorno bacteriano del beb\u00e9.<\/p>\t\t\t\t\t\t\t\t<\/div>\n\t\t\t\t<\/div>\n\t\t\t\t<div class=\"elementor-element elementor-element-63abca1 elementor-widget elementor-widget-spacer\" data-id=\"63abca1\" data-element_type=\"widget\" data-widget_type=\"spacer.default\">\n\t\t\t\t<div class=\"elementor-widget-container\">\n\t\t\t\t\t\t\t<div class=\"elementor-spacer\">\n\t\t\t<div class=\"elementor-spacer-inner\"><\/div>\n\t\t<\/div>\n\t\t\t\t\t\t<\/div>\n\t\t\t\t<\/div>\n\t\t\t\t<div class=\"elementor-element elementor-element-ff6ac73 elementor-widget elementor-widget-heading\" data-id=\"ff6ac73\" data-element_type=\"widget\" data-widget_type=\"heading.default\">\n\t\t\t\t<div class=\"elementor-widget-container\">\n\t\t\t\t\t<h2 class=\"elementor-heading-title elementor-size-default\">Alergia infantil al polen<\/h2>\t\t\t\t<\/div>\n\t\t\t\t<\/div>\n\t\t\t\t<div class=\"elementor-element elementor-element-dd48dd1 elementor-widget elementor-widget-image\" data-id=\"dd48dd1\" data-element_type=\"widget\" data-widget_type=\"image.default\">\n\t\t\t\t<div class=\"elementor-widget-container\">\n\t\t\t\t\t\t\t\t\t\t\t\t\t\t\t<img decoding=\"async\" width=\"700\" height=\"500\" src=\"https:\/\/www.omni-biotic.com\/es-es\/wp-content\/uploads\/sites\/6\/2024\/03\/Alergia-en-nina.jpg\" class=\"attachment-large size-large wp-image-22685\" alt=\"Ni\u00f1a con alergia\" srcset=\"https:\/\/www.omni-biotic.com\/es-es\/wp-content\/uploads\/sites\/6\/2024\/03\/Alergia-en-nina.jpg 700w, https:\/\/www.omni-biotic.com\/es-es\/wp-content\/uploads\/sites\/6\/2024\/03\/Alergia-en-nina-300x214.jpg 300w\" sizes=\"(max-width: 700px) 100vw, 700px\" title=\"\">\t\t\t\t\t\t\t\t\t\t\t\t\t\t\t<\/div>\n\t\t\t\t<\/div>\n\t\t\t\t<div class=\"elementor-element elementor-element-5a0b56b elementor-widget elementor-widget-spacer\" data-id=\"5a0b56b\" data-element_type=\"widget\" data-widget_type=\"spacer.default\">\n\t\t\t\t<div class=\"elementor-widget-container\">\n\t\t\t\t\t\t\t<div class=\"elementor-spacer\">\n\t\t\t<div class=\"elementor-spacer-inner\"><\/div>\n\t\t<\/div>\n\t\t\t\t\t\t<\/div>\n\t\t\t\t<\/div>\n\t\t\t\t<div class=\"elementor-element elementor-element-b35887e elementor-widget elementor-widget-text-editor\" data-id=\"b35887e\" data-element_type=\"widget\" data-widget_type=\"text-editor.default\">\n\t\t\t\t<div class=\"elementor-widget-container\">\n\t\t\t\t\t\t\t\t\t<p>Los ni\u00f1os al\u00e9rgicos al polen sufren desagradables s\u00edntomas. Esta reacci\u00f3n al\u00e9rgica afecta a las mucosas de la nariz, la garganta y los ojos y se manifiesta con picor, hinchaz\u00f3n, lagrimeo y secreci\u00f3n nasal. Como resultado, los ni\u00f1os suelen mostrarse cansados, agotados o incluso hasta presentar fiebre. La mayor\u00eda de los ni\u00f1os que desarrollan una alergia al polen enferma alrededor de los diez a\u00f1os.<\/p><p>La mayor concentraci\u00f3n de polen en el aire tiene lugar en primavera, entre abril y junio, durante el principal periodo de floraci\u00f3n. El sol, la humedad, la fuerza del viento y las precipitaciones determinan la concentraci\u00f3n de polen en el aire. El sistema inmunol\u00f3gico de los ni\u00f1os sensibles al polen reacciona cuando entran en contacto con \u00e9l. Los s\u00edntomas se manifiestan sobre todo cuando juegan al aire libre.<\/p><p>La causa es siempre un <a href=\"https:\/\/www.omni-biotic.com\/es-es\/blog\/el-sistema-inmunitario-del-nino\/\">sistema inmunitario<\/a> debilitado y, por tanto, a menudo sobreestimulado. Sin embargo, dado que el 70 % de las c\u00e9lulas inmunitarias productoras de anticuerpos se localizan en el intestino, un intestino sano es la mejor protecci\u00f3n contra las alergias. La buena noticia es que los s\u00edntomas se pueden aliviar r\u00e1pidamente estabilizando los intestinos con las cepas clave m\u00e1s importantes de la <a href=\"https:\/\/www.omni-biotic.com\/es-es\/salud-intestinal\/el-intestino-como-centro-de-la-salud\/nuestra-flora-intestinal\/\">flora intestinal<\/a>. Los <a href=\"https:\/\/www.omni-biotic.com\/es-es\/salud-intestinal\/el-intestino-como-centro-de-la-salud\/probioticos\/\">probi\u00f3ticos<\/a> pueden ayudar.<\/p>\t\t\t\t\t\t\t\t<\/div>\n\t\t\t\t<\/div>\n\t\t\t\t<div class=\"elementor-element elementor-element-4bbf1de elementor-widget-divider--view-line elementor-widget elementor-widget-divider\" data-id=\"4bbf1de\" data-element_type=\"widget\" data-widget_type=\"divider.default\">\n\t\t\t\t<div class=\"elementor-widget-container\">\n\t\t\t\t\t\t\t<div class=\"elementor-divider\">\n\t\t\t<span class=\"elementor-divider-separator\">\n\t\t\t\t\t\t<\/span>\n\t\t<\/div>\n\t\t\t\t\t\t<\/div>\n\t\t\t\t<\/div>\n\t\t\t\t\t<\/div>\n\t\t\t\t<\/div>\n\t\t<div class=\"elementor-element elementor-element-8633ff6 obcs none e-flex e-con-boxed e-con e-parent\" data-id=\"8633ff6\" data-element_type=\"container\">\n\t\t\t\t\t<div class=\"e-con-inner\">\n\t\t\t\t<div class=\"elementor-element elementor-element-3a39a87 elementor-align-left elementor-widget elementor-widget-button\" data-id=\"3a39a87\" data-element_type=\"widget\" data-widget_type=\"button.default\">\n\t\t\t\t<div class=\"elementor-widget-container\">\n\t\t\t\t\t\t\t\t\t<div class=\"elementor-button-wrapper\">\n\t\t\t\t\t<a class=\"elementor-button elementor-button-link elementor-size-lg\" href=\"https:\/\/www.omni-biotic.com\/es-es\/productos\/\">\n\t\t\t\t\t\t<span class=\"elementor-button-content-wrapper\">\n\t\t\t\t\t\t\t\t\t<span class=\"elementor-button-text\">Conozca nuestros productos<\/span>\n\t\t\t\t\t<\/span>\n\t\t\t\t\t<\/a>\n\t\t\t\t<\/div>\n\t\t\t\t\t\t\t\t<\/div>\n\t\t\t\t<\/div>\n\t\t\t\t<div class=\"elementor-element elementor-element-b1bd27e elementor-align-left elementor-widget elementor-widget-button\" data-id=\"b1bd27e\" data-element_type=\"widget\" data-widget_type=\"button.default\">\n\t\t\t\t<div class=\"elementor-widget-container\">\n\t\t\t\t\t\t\t\t\t<div class=\"elementor-button-wrapper\">\n\t\t\t\t\t<a class=\"elementor-button elementor-button-link elementor-size-lg\" href=\"https:\/\/www.omni-biotic.com\/es-es\/acerca-de-la-empresa\/institut-allergosan\/contactenos\/\">\n\t\t\t\t\t\t<span class=\"elementor-button-content-wrapper\">\n\t\t\t\t\t\t\t\t\t<span class=\"elementor-button-text\">Cont\u00e1ctenos<\/span>\n\t\t\t\t\t<\/span>\n\t\t\t\t\t<\/a>\n\t\t\t\t<\/div>\n\t\t\t\t\t\t\t\t<\/div>\n\t\t\t\t<\/div>\n\t\t\t\t<div class=\"elementor-element elementor-element-144d1f2 elementor-widget-divider--view-line elementor-widget elementor-widget-divider\" data-id=\"144d1f2\" data-element_type=\"widget\" data-widget_type=\"divider.default\">\n\t\t\t\t<div class=\"elementor-widget-container\">\n\t\t\t\t\t\t\t<div class=\"elementor-divider\">\n\t\t\t<span class=\"elementor-divider-separator\">\n\t\t\t\t\t\t<\/span>\n\t\t<\/div>\n\t\t\t\t\t\t<\/div>\n\t\t\t\t<\/div>\n\t\t\t\t\t<\/div>\n\t\t\t\t<\/div>\n\t\t<div class=\"elementor-element elementor-element-175baca obcs none e-flex e-con-boxed e-con e-parent\" data-id=\"175baca\" data-element_type=\"container\">\n\t\t\t\t\t<div class=\"e-con-inner\">\n\t\t\t\t<div class=\"elementor-element elementor-element-7174e8d elementor-pagination-type-bullets elementor-arrows-position-inside elementor-pagination-position-outside elementor-widget elementor-widget-loop-carousel\" data-id=\"7174e8d\" data-element_type=\"widget\" data-settings=\"{&quot;template_id&quot;:&quot;22700&quot;,&quot;_skin&quot;:&quot;post&quot;,&quot;slides_to_show&quot;:&quot;3&quot;,&quot;slides_to_show_tablet&quot;:&quot;2&quot;,&quot;slides_to_show_mobile&quot;:&quot;1&quot;,&quot;slides_to_scroll&quot;:&quot;1&quot;,&quot;edit_handle_selector&quot;:&quot;.elementor-loop-container&quot;,&quot;autoplay&quot;:&quot;yes&quot;,&quot;autoplay_speed&quot;:5000,&quot;pause_on_hover&quot;:&quot;yes&quot;,&quot;pause_on_interaction&quot;:&quot;yes&quot;,&quot;infinite&quot;:&quot;yes&quot;,&quot;speed&quot;:500,&quot;offset_sides&quot;:&quot;none&quot;,&quot;arrows&quot;:&quot;yes&quot;,&quot;pagination&quot;:&quot;bullets&quot;,&quot;image_spacing_custom&quot;:{&quot;unit&quot;:&quot;px&quot;,&quot;size&quot;:10,&quot;sizes&quot;:[]},&quot;image_spacing_custom_tablet&quot;:{&quot;unit&quot;:&quot;px&quot;,&quot;size&quot;:&quot;&quot;,&quot;sizes&quot;:[]},&quot;image_spacing_custom_mobile&quot;:{&quot;unit&quot;:&quot;px&quot;,&quot;size&quot;:&quot;&quot;,&quot;sizes&quot;:[]}}\" data-widget_type=\"loop-carousel.post\">\n\t\t\t\t<div class=\"elementor-widget-container\">\n\t\t\t\t\t\t\t<div class=\"swiper elementor-loop-container elementor-grid\" role=\"list\" dir=\"ltr\">\n\t\t\t\t<div class=\"swiper-wrapper\" aria-live=\"off\">\n\t\t<style id=\"loop-22700\"><\/style>\t\t<\/div>\n\t\t<\/div>\n\t\t\t\t\t<div class=\"elementor-swiper-button elementor-swiper-button-prev\" role=\"button\" tabindex=\"0\" aria-label=\"Anterior\">\n\t\t\t\t<i aria-hidden=\"true\" class=\"eicon-chevron-left\"><\/i>\t\t\t<\/div>\n\t\t\t<div class=\"elementor-swiper-button elementor-swiper-button-next\" role=\"button\" tabindex=\"0\" aria-label=\"Siguiente\">\n\t\t\t\t<i aria-hidden=\"true\" class=\"eicon-chevron-right\"><\/i>\t\t\t<\/div>\n\t\t\t\t\t<div class=\"swiper-pagination\"><\/div>\n\t\t\t\t\t\t<\/div>\n\t\t\t\t<\/div>\n\t\t\t\t\t<\/div>\n\t\t\t\t<\/div>\n\t\t<div class=\"elementor-element elementor-element-e775338 obcs none e-flex e-con-boxed e-con e-parent\" data-id=\"e775338\" data-element_type=\"container\">\n\t\t\t\t\t<div class=\"e-con-inner\">\n\t\t\t\t\t<\/div>\n\t\t\t\t<\/div>\n\t\t<div class=\"elementor-element elementor-element-944385e obcs none e-flex e-con-boxed e-con e-parent\" data-id=\"944385e\" data-element_type=\"container\">\n\t\t\t\t\t<div class=\"e-con-inner\">\n\t\t\t\t<div class=\"elementor-element elementor-element-2de9bc5 elementor-widget elementor-widget-spacer\" data-id=\"2de9bc5\" data-element_type=\"widget\" data-widget_type=\"spacer.default\">\n\t\t\t\t<div class=\"elementor-widget-container\">\n\t\t\t\t\t\t\t<div class=\"elementor-spacer\">\n\t\t\t<div class=\"elementor-spacer-inner\"><\/div>\n\t\t<\/div>\n\t\t\t\t\t\t<\/div>\n\t\t\t\t<\/div>\n\t\t\t\t\t<\/div>\n\t\t\t\t<\/div>\n\t\t<div class=\"elementor-element elementor-element-4191c3f obcs none e-flex e-con-boxed e-con e-parent\" data-id=\"4191c3f\" data-element_type=\"container\">\n\t\t\t\t\t<div class=\"e-con-inner\">\n\t\t\t\t\t<\/div>\n\t\t\t\t<\/div>\n\t\t\t\t<\/div>\n\t\t","protected":false},"excerpt":{"rendered":"<p>Alergias en los ni\u00f1os, \u00bfPor qu\u00e9 aparecen? \u00bfSe pueden evitar? \u00bfC\u00f3mo combartilas? Descubra c\u00f3mo los probi\u00f3ticos pueden combatir las alergias respiratorias y aliviar los s\u00edntomas en ni\u00f1os y adolescentes. Aprenda sobre la importancia de un intestino sano. \u00bfQu\u00e9 factores favorecen el desarrollo de alergias en los ni\u00f1os? Lamentablemente cada vez m\u00e1s ni\u00f1os y adolescentes se [&hellip;]<\/p>\n","protected":false},"author":32,"featured_media":22685,"comment_status":"closed","ping_status":"closed","sticky":false,"template":"","format":"standard","meta":{"_acf_changed":false,"inline_featured_image":false,"footnotes":""},"categories":[110],"tags":[],"class_list":["post-22679","post","type-post","status-publish","format-standard","has-post-thumbnail","hentry","category-problemas-y-asesoramiento"],"acf":[],"rank_math":{"og:title":"Alivio de la alergia en los ni\u00f1os: el papel de los probi\u00f3ticos - OMNi-BiOTiC\u00ae","og:desc":"Descubra c\u00f3mo los probi\u00f3ticos pueden combatir las alergias respiratorias y aliviar los s\u00edntomas en ni\u00f1os y adolescentes.","og:url":"https:\/\/www.omni-biotic.com\/es-es\/blog\/alergia-en-ninos\/","og:locale":"es_ES","og:image":"https:\/\/www.omni-biotic.com\/es-es\/wp-content\/uploads\/sites\/6\/2024\/03\/Alergia-en-nina.jpg","og:image:width":"700","og:image:height":"500"},"additional_data":{"thumbnail":"https:\/\/www.omni-biotic.com\/es-es\/wp-content\/uploads\/sites\/6\/2024\/03\/Alergia-en-nina.jpg"},"blog_info":{"country":"es-es"},"_links":{"self":[{"href":"https:\/\/www.omni-biotic.com\/es-es\/wp-json\/wp\/v2\/posts\/22679","targetHints":{"allow":["GET"]}}],"collection":[{"href":"https:\/\/www.omni-biotic.com\/es-es\/wp-json\/wp\/v2\/posts"}],"about":[{"href":"https:\/\/www.omni-biotic.com\/es-es\/wp-json\/wp\/v2\/types\/post"}],"author":[{"embeddable":true,"href":"https:\/\/www.omni-biotic.com\/es-es\/wp-json\/wp\/v2\/users\/32"}],"replies":[{"embeddable":true,"href":"https:\/\/www.omni-biotic.com\/es-es\/wp-json\/wp\/v2\/comments?post=22679"}],"version-history":[{"count":7,"href":"https:\/\/www.omni-biotic.com\/es-es\/wp-json\/wp\/v2\/posts\/22679\/revisions"}],"predecessor-version":[{"id":23215,"href":"https:\/\/www.omni-biotic.com\/es-es\/wp-json\/wp\/v2\/posts\/22679\/revisions\/23215"}],"wp:featuredmedia":[{"embeddable":true,"href":"https:\/\/www.omni-biotic.com\/es-es\/wp-json\/wp\/v2\/media\/22685"}],"wp:attachment":[{"href":"https:\/\/www.omni-biotic.com\/es-es\/wp-json\/wp\/v2\/media?parent=22679"}],"wp:term":[{"taxonomy":"category","embeddable":true,"href":"https:\/\/www.omni-biotic.com\/es-es\/wp-json\/wp\/v2\/categories?post=22679"},{"taxonomy":"post_tag","embeddable":true,"href":"https:\/\/www.omni-biotic.com\/es-es\/wp-json\/wp\/v2\/tags?post=22679"}],"curies":[{"name":"wp","href":"https:\/\/api.w.org\/{rel}","templated":true}]}}