{"id":24691,"date":"2025-03-26T12:17:55Z","date_gmt":"2025-03-26T11:17:55Z","guid":{"rendered":"https:\/\/www.omni-biotic.com\/es-es\/?p=24691"},"modified":"2025-03-27T10:01:11Z","modified_gmt":"2025-03-27T09:01:11Z","slug":"semana-santa-2025-salud-intestinal","status":"publish","type":"post","link":"https:\/\/www.omni-biotic.com\/es-es\/blog\/semana-santa-2025-salud-intestinal\/","title":{"rendered":"Semana Santa 2025: consejos para tu salud digestiva"},"content":{"rendered":"\t\t<div data-elementor-type=\"wp-post\" data-elementor-id=\"24691\" class=\"elementor elementor-24691\" data-elementor-post-type=\"post\">\n\t\t\t\t<div class=\"elementor-element elementor-element-2e9b75c obcs none e-flex e-con-boxed e-con e-parent\" data-id=\"2e9b75c\" data-element_type=\"container\">\n\t\t\t\t\t<div class=\"e-con-inner\">\n\t\t\t\t<div class=\"elementor-element elementor-element-351434b elementor-widget elementor-widget-heading\" data-id=\"351434b\" data-element_type=\"widget\" data-widget_type=\"heading.default\">\n\t\t\t\t<div class=\"elementor-widget-container\">\n\t\t\t\t\t<h2 class=\"elementor-heading-title elementor-size-default\"><strong data-start=\"460\" data-end=\"481\"><h1 style=\"font-family: 'Source Sans 3', -apple-system, BlinkMacSystemFont, 'Segoe UI', Roboto, 'Helvetica Neue', Arial, 'Noto Sans', sans-serif\" data-elementor-setting-key=\"title\" data-pen-placeholder=\"Teclea aqu\u00ed...\"><span style=\"color: #b6175c\">Consejos para cuidar tu intestino durante esta Semana Santa 2025<\/span><span style=\"color: var( --e-global-color-text );font-family: var( --e-global-typography-text-font-family ), -apple-system,BlinkMacSystemFont,Segoe UI,Roboto,Helvetica Neue,Arial,Noto Sans,sans-serif;font-size: var( --e-global-typography-text-font-size );font-style: var( --e-global-typography-text-font-style );font-weight: var( --e-global-typography-text-font-weight );letter-spacing: var( --e-global-typography-text-letter-spacing );text-transform: var( --e-global-typography-text-text-transform );text-align: var(--text-align);background-color: inherit\"><\/span><\/h1><\/strong><\/h2>\t\t\t\t<\/div>\n\t\t\t\t<\/div>\n\t\t\t\t<div class=\"elementor-element elementor-element-a39ea9a elementor-widget elementor-widget-text-editor\" data-id=\"a39ea9a\" data-element_type=\"widget\" data-widget_type=\"text-editor.default\">\n\t\t\t\t<div class=\"elementor-widget-container\">\n\t\t\t\t\t\t\t\t\t<p style=\"font-family: 'Source Sans 3', -apple-system, BlinkMacSystemFont, 'Segoe UI', Roboto, 'Helvetica Neue', Arial, 'Noto Sans', sans-serif;font-weight: var( --e-global-typography-text-font-weight );line-height: var( --e-global-typography-text-line-height );color: #4c4c4c;font-size: var( --e-global-typography-text-font-size )\" data-elementor-setting-key=\"title\" data-pen-placeholder=\"Teclea aqu\u00ed...\"><span style=\"font-weight: bolder\" data-start=\"460\" data-end=\"481\">Las vacaciones, sean cortas o largas<\/span>&nbsp;son el momento perfecto para desconectar, cambiar de aires y disfrutar de unos d\u00edas en familia, con amigos o simplemente contigo misma. Pero tambi\u00e9n puede convertirse en un reto para tu sistema digestivo: cambios de horario, comidas m\u00e1s pesadas, menos descanso\u2026 \u00bfTe suena? Aqu\u00ed te damos ideas sencillas y efectivas para cuidar tu intestino durante esta Semana Santa 2025, sin renunciar al placer de disfrutar.<\/p>\t\t\t\t\t\t\t\t<\/div>\n\t\t\t\t<\/div>\n\t\t\t\t<div class=\"elementor-element elementor-element-4162b29 elementor-widget elementor-widget-image\" data-id=\"4162b29\" data-element_type=\"widget\" data-widget_type=\"image.default\">\n\t\t\t\t<div class=\"elementor-widget-container\">\n\t\t\t\t\t\t\t\t\t\t\t\t\t\t\t<img fetchpriority=\"high\" decoding=\"async\" width=\"700\" height=\"500\" src=\"https:\/\/www.omni-biotic.com\/es-es\/wp-content\/uploads\/sites\/6\/2025\/03\/fruehjahrskuren-gesunden-darm.jpg\" class=\"attachment-large size-large wp-image-24693\" alt=\"Semana Santa 2025 saludable\" srcset=\"https:\/\/www.omni-biotic.com\/es-es\/wp-content\/uploads\/sites\/6\/2025\/03\/fruehjahrskuren-gesunden-darm.jpg 700w, https:\/\/www.omni-biotic.com\/es-es\/wp-content\/uploads\/sites\/6\/2025\/03\/fruehjahrskuren-gesunden-darm-300x214.jpg 300w\" sizes=\"(max-width: 700px) 100vw, 700px\" title=\"\">\t\t\t\t\t\t\t\t\t\t\t\t\t\t\t<\/div>\n\t\t\t\t<\/div>\n\t\t\t\t<div class=\"elementor-element elementor-element-61a1e94 elementor-widget elementor-widget-text-editor\" data-id=\"61a1e94\" data-element_type=\"widget\" data-widget_type=\"text-editor.default\">\n\t\t\t\t<div class=\"elementor-widget-container\">\n\t\t\t\t\t\t\t\t\t<p data-start=\"193\" data-end=\"488\">Durante las vacaciones cambiamos nuestros h\u00e1bitos: comemos a otras horas, probamos platos distintos o simplemente nos relajamos m\u00e1s\u2026 \u00a1y eso tambi\u00e9n lo nota tu intestino! Para mantener el equilibrio digestivo, es clave incorporar peque\u00f1as rutinas que ayuden a tu cuerpo a adaptarse sin molestias.<\/p>\n<p data-start=\"490\" data-end=\"717\">Puedes apostar por alimentos que favorezcan una buena digesti\u00f3n, como las frutas ricas en fibra (papaya, kiwi, ciruelas) o productos fermentados como el yogur natural, el k\u00e9fir o el chucrut, que cuidan tu microbiota intestinal.<\/p>\n<h2><span style=\"font-family: inherit;font-size: 1.75rem;background-color: transparent;text-align: var(--text-align);font-style: var( --e-global-typography-text-font-style );letter-spacing: var( --e-global-typography-text-letter-spacing );text-transform: var( --e-global-typography-text-text-transform );color: #b6175c\">1. Dale un respiro a tu digesti\u00f3n<\/span><\/h2>\n<p data-start=\"767\" data-end=\"1016\">Si vas a disfrutar de comidas fuera, aprovecha las ma\u00f1anas para ayudar a tu sistema digestivo a arrancar con suavidad. Una taza de <strong data-start=\"898\" data-end=\"925\">agua templada con lim\u00f3n<\/strong> o una <strong data-start=\"932\" data-end=\"954\">infusi\u00f3n digestiva<\/strong> (como hinojo, an\u00eds o manzanilla) pueden marcar la diferencia.<\/p>\n<p data-start=\"1018\" data-end=\"1211\">Y recuerda: incorporar a tu d\u00eda alimentos probi\u00f3ticos &nbsp;puede ayudarte a mantener la&nbsp;<b><a href=\"https:\/\/www.omni-biotic.com\/es-es\/salud-intestinal\/el-intestino-como-centro-de-la-salud\/nuestra-flora-intestinal\/\" target=\"_blank\" rel=\"noopener\">flora intestinal<\/a>&nbsp;<\/b>fuerte, incluso en \u00e9pocas de descanso y cambios.<\/p>\n<h2><span style=\"font-family: inherit;font-size: 1.75rem;background-color: transparent;text-align: var(--text-align);font-style: var( --e-global-typography-text-font-style );letter-spacing: var( --e-global-typography-text-letter-spacing );text-transform: var( --e-global-typography-text-text-transform );color: #b6175c\">2. Come lig<\/span><span style=\"background-color: transparent;color: #b6175c;font-family: inherit;font-size: 1.75rem;font-style: var( --e-global-typography-text-font-style );letter-spacing: var( --e-global-typography-text-letter-spacing );text-align: var(--text-align);text-transform: var( --e-global-typography-text-text-transform )\">ero pero&#8230; \u00a1sin pasar hambre!<\/span><\/h2>\n<p data-start=\"983\" data-end=\"1297\">Durante los d\u00edas de descanso tendemos a comer m\u00e1s fuera de casa, probar cosas nuevas o caer en excesos. Para compensar, puedes aprovechar las ma\u00f1anas para tomar <strong data-start=\"1144\" data-end=\"1169\">infusiones digestivas<\/strong>&nbsp; o empezar el d\u00eda con <strong data-start=\"1218\" data-end=\"1245\">agua templada con lim\u00f3n<\/strong> para estimular el sistema digestivo de forma suave.<\/p>\n<p data-start=\"1299\" data-end=\"1463\">Tambi\u00e9n es un buen momento para introducir <strong data-start=\"1342\" data-end=\"1367\">alimentos fermentados<\/strong> como el k\u00e9fir, el yogur natural o el chucrut, que ayudan a equilibrar la microbiota intestinal.<\/p>\n<h2><span style=\"font-family: inherit;font-size: 1.75rem;background-color: transparent;text-align: var(--text-align);font-style: var( --e-global-typography-text-font-style );letter-spacing: var( --e-global-typography-text-letter-spacing );text-transform: var( --e-global-typography-text-text-transform );color: #b6175c\">3. \u00bfTomas<\/span><span style=\"background-color: transparent;color: #b6175c;font-family: inherit;font-size: 1.75rem;font-style: var( --e-global-typography-text-font-style );letter-spacing: var( --e-global-typography-text-letter-spacing );text-align: var(--text-align);text-transform: var( --e-global-typography-text-text-transform )\"> antibi\u00f3ticos o has tenido&nbsp;<\/span><span style=\"background-color: transparent;color: #b6175c;font-family: inherit;font-size: 1.75rem;font-style: var( --e-global-typography-text-font-style );letter-spacing: var( --e-global-typography-text-letter-spacing );text-align: var(--text-align);text-transform: var( --e-global-typography-text-text-transform )\">alg\u00fan resfriado?<\/span><\/h2>\n<p data-start=\"1969\" data-end=\"2303\">Si en estas semanas est\u00e1s tomando medicaci\u00f3n (como antibi\u00f3ticos o antiinflamatorios), no olvides que pueden alterar el equilibrio de tu flora intestinal. Aqu\u00ed es donde los <strong data-start=\"2141\" data-end=\"2172\"><a href=\"https:\/\/www.omni-biotic.com\/es-es\/salud-intestinal\/el-intestino-como-centro-de-la-salud\/probioticos\/\">probi\u00f3ticos<\/a> de<\/strong><strong data-start=\"2141\" data-end=\"2172\">&nbsp;alta calidad<\/strong> &nbsp;pueden marcar la diferencia, ayudando a mantener tu microbiota fuerte y equilibrada.<\/p>\n<p data-start=\"2305\" data-end=\"2378\">Consulta con tu profesional de salud si puedes incorporarlos a tu rutina.<\/p>\n<h2><span style=\"font-family: inherit;font-size: 1.75rem;background-color: transparent;text-align: var(--text-align);font-style: var( --e-global-typography-text-font-style );letter-spacing: var( --e-global-typography-text-letter-spacing );text-transform: var( --e-global-typography-text-text-transform );color: #b6175c\">4. Peque\u00f1o \u201cdetox\u201d tra<\/span><span style=\"background-color: transparent;color: #b6175c;font-family: inherit;font-size: 1.75rem;font-style: var( --e-global-typography-text-font-style );letter-spacing: var( --e-global-typography-text-letter-spacing );text-align: var(--text-align);text-transform: var( --e-global-typography-text-text-transform )\">s las torrijas de Semana Santa 2025<\/span><\/h2>\n<p data-start=\"2432\" data-end=\"2665\">Despu\u00e9s de las torrijas, los aperitivos y los dulces t\u00edpicos, puedes dedicar uno o dos d\u00edas a darle un peque\u00f1o respiro al cuerpo. No hace falta ayunar: basta con optar por <strong data-start=\"2604\" data-end=\"2664\">comidas m\u00e1s limpias, ricas e<\/strong><strong data-start=\"2604\" data-end=\"2664\">n fibra y f\u00e1ciles de digerir<\/strong>.<\/p>\n<p data-start=\"2667\" data-end=\"2855\">Si te animas, prueba un d\u00eda de <strong data-start=\"2698\" data-end=\"2722\">\u201cbatidos digestivos\u201d<\/strong> a base de frutas, verduras y l\u00edquidos (como agua de coco o infusi\u00f3n). Elige combinaciones suaves como papaya + zanahoria + jengibre.<\/p>\n<h3><span style=\"font-family: inherit;font-size: 1.75rem;background-color: transparent;text-align: var(--text-align);font-style: var( --e-global-typography-text-font-style );letter-spacing: var( --e-global-typography-text-letter-spacing );text-transform: var( --e-global-typography-text-text-transform );color: #b6175c\">Y lo m\u00e1s<\/span><span style=\"background-color: transparent;color: #b6175c;font-family: inherit;font-size: 1.75rem;font-style: var( --e-global-typography-text-font-style );letter-spacing: var( --e-global-typography-text-letter-spacing );text-align: var(--text-align);text-transform: var( --e-global-typography-text-text-transform )\"> importante\u2026 \u00a1mu\u00e9vete y disfruta d<\/span><span style=\"background-color: transparent;color: #b6175c;font-family: inherit;font-size: 1.75rem;font-style: var( --e-global-typography-text-font-style );letter-spacing: var( --e-global-typography-text-letter-spacing );text-align: var(--text-align);text-transform: var( --e-global-typography-text-text-transform )\">el sol! \u2600\ufe0f<\/span><\/h3>\n<p data-start=\"2432\" data-end=\"2665\">El movimiento suave (pasear, estirar, hacer yoga) estimula los intestinos y me<span style=\"color: var( --e-global-color-text );text-align: var(--text-align);background-color: inherit;font-family: var( --e-global-typography-text-font-family ), -apple-system,BlinkMacSystemFont,Segoe UI,Roboto,Helvetica Neue,Arial,Noto Sans,sans-serif;font-size: var( --e-global-typography-text-font-size );font-style: var( --e-global-typography-text-font-style );font-weight: var( --e-global-typography-text-font-weight );letter-spacing: var( --e-global-typography-text-letter-spacing );text-transform: var( --e-global-typography-text-text-transform )\">jora el \u00e1nimo. Adem\u00e1s, <\/span><strong style=\"color: var( --e-global-color-text );text-align: var(--text-align);background-color: inherit;font-family: var( --e-global-typography-text-font-family ), -apple-system,BlinkMacSystemFont,Segoe UI,Roboto,Helvetica Neue,Arial,Noto Sans,sans-serif;font-size: var( --e-global-typography-text-font-size );font-style: var( --e-global-typography-text-font-style );letter-spacing: var( --e-global-typography-text-letter-spacing );text-transform: var( --e-global-typography-text-text-transform )\" data-start=\"3021\" data-end=\"3080\">la exposici\u00f3n al sol activa la producci\u00f3n de <a href=\"https:\/\/www.omni-biotic.com\/es-es\/blog\/falta-de-vitamina-d-riesgo-salud\/https:\/\/www.omni-biotic.com\/es-es\/salud-intestinal\/el-intestino-como-centro-de-la-salud\/\">vitamina D<\/a><\/strong><span style=\"color: var( --e-global-color-text );text-align: var(--text-align);background-color: inherit;font-family: var( --e-global-typography-text-font-family ), -apple-system,BlinkMacSystemFont,Segoe UI,Roboto,Helvetica Neue,Arial,Noto Sans,sans-serif;font-size: var( --e-global-typography-text-font-size );font-style: var( --e-global-typography-text-font-style );font-weight: var( --e-global-typography-text-font-weight );letter-spacing: var( --e-global-typography-text-letter-spacing );text-transform: var( --e-global-typography-text-text-transform )\">, esencial tambi\u00e9n para tu salud intestinal.<\/span><\/p>\n<p data-start=\"2432\" data-end=\"2665\">\ud83c\udf3f <strong data-start=\"3134\" data-end=\"3146\">Recuerda<\/strong>: cuidar tu intestino es cuidar tu bienestar general. Estas vacaciones, dedica tambi\u00e9n&nbsp;<span style=\"color: var( --e-global-color-text );text-align: var(--text-align);background-color: inherit;font-family: var( --e-global-typography-text-font-family ), -apple-system,BlinkMacSystemFont,Segoe UI,Roboto,Helvetica Neue,Arial,Noto Sans,sans-serif;font-size: var( --e-global-typography-text-font-size );font-style: var( --e-global-typography-text-font-style );font-weight: var( --e-global-typography-text-font-weight );letter-spacing: var( --e-global-typography-text-letter-spacing );text-transform: var( --e-global-typography-text-text-transform )\">unos minutos al autocuidado desde dentro.<\/span><\/p>\t\t\t\t\t\t\t\t<\/div>\n\t\t\t\t<\/div>\n\t\t\t\t<div class=\"elementor-element elementor-element-2e0f3a0 elementor-widget elementor-widget-image\" data-id=\"2e0f3a0\" data-element_type=\"widget\" data-widget_type=\"image.default\">\n\t\t\t\t<div class=\"elementor-widget-container\">\n\t\t\t\t\t\t\t\t\t\t\t\t\t\t\t<img decoding=\"async\" width=\"800\" height=\"534\" src=\"https:\/\/www.omni-biotic.com\/es-es\/wp-content\/uploads\/sites\/6\/2022\/08\/sonnengruss-titel-1024x683-1-1.jpg\" class=\"attachment-large size-large wp-image-7816\" alt=\"Semana Santa y probioticos\" srcset=\"https:\/\/www.omni-biotic.com\/es-es\/wp-content\/uploads\/sites\/6\/2022\/08\/sonnengruss-titel-1024x683-1-1.jpg 1024w, https:\/\/www.omni-biotic.com\/es-es\/wp-content\/uploads\/sites\/6\/2022\/08\/sonnengruss-titel-1024x683-1-1-300x200.jpg 300w, https:\/\/www.omni-biotic.com\/es-es\/wp-content\/uploads\/sites\/6\/2022\/08\/sonnengruss-titel-1024x683-1-1-768x512.jpg 768w\" sizes=\"(max-width: 800px) 100vw, 800px\" title=\"\">\t\t\t\t\t\t\t\t\t\t\t\t\t\t\t<\/div>\n\t\t\t\t<\/div>\n\t\t\t\t\t<\/div>\n\t\t\t\t<\/div>\n\t\t\t\t<\/div>\n\t\t","protected":false},"excerpt":{"rendered":"<p>Descubre c\u00f3mo evitar molestias digestivas durante las vacaciones de Semana Santa 2025 con consejos f\u00e1ciles sobre alimentaci\u00f3n, probi\u00f3ticos y h\u00e1bitos saludables. Tu intestino tambi\u00e9n necesita un descanso.<\/p>\n","protected":false},"author":42,"featured_media":24716,"comment_status":"closed","ping_status":"closed","sticky":false,"template":"","format":"standard","meta":{"_acf_changed":false,"inline_featured_image":false,"footnotes":""},"categories":[113],"tags":[],"class_list":["post-24691","post","type-post","status-publish","format-standard","has-post-thumbnail","hentry","category-tips-de-viaje"],"acf":[],"rank_math":{"og:title":"Semana Santa 2025 -Tu digesti\u00f3n tambi\u00e9n se va de vacaciones","og:desc":"Evita molestias digestivas esta Semana Santa con consejos sobre alimentaci\u00f3n, probi\u00f3ticos y autocuidado para sentirte bien por dentro y por fuera.","og:url":"https:\/\/www.omni-biotic.com\/es-es\/blog\/semana-santa-2025-salud-intestinal\/","og:locale":"es_ES","og:image":"https:\/\/www.omni-biotic.com\/es-es\/wp-content\/uploads\/sites\/6\/2025\/03\/Semana-santa-2025-probioticos.png","og:image:width":"1080","og:image:height":"1350"},"additional_data":{"thumbnail":"https:\/\/www.omni-biotic.com\/es-es\/wp-content\/uploads\/sites\/6\/2025\/03\/Semana-santa-2025-probioticos.png"},"blog_info":{"country":"es-es"},"_links":{"self":[{"href":"https:\/\/www.omni-biotic.com\/es-es\/wp-json\/wp\/v2\/posts\/24691","targetHints":{"allow":["GET"]}}],"collection":[{"href":"https:\/\/www.omni-biotic.com\/es-es\/wp-json\/wp\/v2\/posts"}],"about":[{"href":"https:\/\/www.omni-biotic.com\/es-es\/wp-json\/wp\/v2\/types\/post"}],"author":[{"embeddable":true,"href":"https:\/\/www.omni-biotic.com\/es-es\/wp-json\/wp\/v2\/users\/42"}],"replies":[{"embeddable":true,"href":"https:\/\/www.omni-biotic.com\/es-es\/wp-json\/wp\/v2\/comments?post=24691"}],"version-history":[{"count":7,"href":"https:\/\/www.omni-biotic.com\/es-es\/wp-json\/wp\/v2\/posts\/24691\/revisions"}],"predecessor-version":[{"id":24723,"href":"https:\/\/www.omni-biotic.com\/es-es\/wp-json\/wp\/v2\/posts\/24691\/revisions\/24723"}],"wp:featuredmedia":[{"embeddable":true,"href":"https:\/\/www.omni-biotic.com\/es-es\/wp-json\/wp\/v2\/media\/24716"}],"wp:attachment":[{"href":"https:\/\/www.omni-biotic.com\/es-es\/wp-json\/wp\/v2\/media?parent=24691"}],"wp:term":[{"taxonomy":"category","embeddable":true,"href":"https:\/\/www.omni-biotic.com\/es-es\/wp-json\/wp\/v2\/categories?post=24691"},{"taxonomy":"post_tag","embeddable":true,"href":"https:\/\/www.omni-biotic.com\/es-es\/wp-json\/wp\/v2\/tags?post=24691"}],"curies":[{"name":"wp","href":"https:\/\/api.w.org\/{rel}","templated":true}]}}