{"id":26007,"date":"2025-11-10T12:16:53Z","date_gmt":"2025-11-10T11:16:53Z","guid":{"rendered":"https:\/\/www.omni-biotic.com\/es-es\/?p=26007"},"modified":"2025-11-11T13:17:17Z","modified_gmt":"2025-11-11T12:17:17Z","slug":"ansiedad-en-otono-causas-y-sintomas","status":"publish","type":"post","link":"https:\/\/www.omni-biotic.com\/es-es\/blog\/ansiedad-en-otono-causas-y-sintomas\/","title":{"rendered":"Ansiedad en oto\u00f1o: causas, s\u00edntomas y c\u00f3mo reducirla de forma natural"},"content":{"rendered":"\t\t<div data-elementor-type=\"wp-post\" data-elementor-id=\"26007\" class=\"elementor elementor-26007\" data-elementor-post-type=\"post\">\n\t\t\t\t<div class=\"elementor-element elementor-element-a87df4c obcs none e-flex e-con-boxed e-con e-parent\" data-id=\"a87df4c\" data-element_type=\"container\">\n\t\t\t\t\t<div class=\"e-con-inner\">\n\t\t\t\t<div class=\"elementor-element elementor-element-943a045 elementor-widget elementor-widget-text-editor\" data-id=\"943a045\" data-element_type=\"widget\" data-widget_type=\"text-editor.default\">\n\t\t\t\t<div class=\"elementor-widget-container\">\n\t\t\t\t\t\t\t\t\t<p data-start=\"567\" data-end=\"823\">Con la llegada del oto\u00f1o, los d\u00edas se acortan, bajan las temperaturas y las rutinas vuelven a imponerse.<br data-start=\"336\" data-end=\"339\" \/>Para muchas personas, esta transici\u00f3n supone un cambio f\u00edsico y emocional: cansancio, apat\u00eda, irritabilidad o una <strong data-start=\"453\" data-end=\"474\">ansiedad en oto\u00f1o<\/strong> dif\u00edcil de explicar.<\/p><p data-start=\"825\" data-end=\"1027\">Este fen\u00f3meno, cada vez m\u00e1s reconocido por la psicolog\u00eda y la medicina, se conoce como <strong data-start=\"912\" data-end=\"935\">ansiedad estacional<\/strong> y, en algunos casos, puede derivar en el llamado <strong data-start=\"985\" data-end=\"1024\">trastorno afectivo estacional (TAE)<\/strong>.<\/p><p data-start=\"1029\" data-end=\"1561\">Adem\u00e1s, estos cambios emocionales no solo afectan a la mente: <span data-start=\"1091\" data-end=\"1462\">el aparato digestivo tambi\u00e9n puede reaccionar al estr\u00e9s y la ansiedad con s\u00edntomas como<\/span><strong data-start=\"1091\" data-end=\"1462\"> <a class=\"decorated-link\" href=\"https:\/\/www.omni-biotic.com\/es-es\/trastornos-intestinales\/distension-abdominal-y-gases\/\" target=\"_new\" rel=\"noopener\" data-start=\"1181\" data-end=\"1289\">hinchaz\u00f3n o gases<\/a>, <a class=\"decorated-link\" href=\"https:\/\/www.omni-biotic.com\/es-es\/trastornos-intestinales\/diarrea\/\" target=\"_new\" rel=\"noopener\" data-start=\"1291\" data-end=\"1368\">diarrea<\/a> o <a class=\"decorated-link\" href=\"https:\/\/www.omni-biotic.com\/es-es\/trastornos-intestinales\/estrenimiento\/\" target=\"_new\" rel=\"noopener\" data-start=\"1371\" data-end=\"1460\">estre\u00f1imiento<\/a><\/strong>.<br data-start=\"1463\" data-end=\"1466\" \/>Una vez m\u00e1s, se demuestra la estrecha conexi\u00f3n entre el <span data-start=\"1522\" data-end=\"1560\">intestino y el bienestar emocional<\/span><b>.<\/b><\/p>\t\t\t\t\t\t\t\t<\/div>\n\t\t\t\t<\/div>\n\t\t\t\t<div class=\"elementor-element elementor-element-5d80593 elementor-widget elementor-widget-image\" data-id=\"5d80593\" data-element_type=\"widget\" data-widget_type=\"image.default\">\n\t\t\t\t<div class=\"elementor-widget-container\">\n\t\t\t\t\t\t\t\t\t\t\t\t\t\t\t<img fetchpriority=\"high\" decoding=\"async\" width=\"800\" height=\"534\" src=\"https:\/\/www.omni-biotic.com\/es-es\/wp-content\/uploads\/sites\/6\/2025\/11\/Familia-en-otono-1024x683.png\" class=\"attachment-large size-large wp-image-26011\" alt=\"Familia en el bosque caminando\" srcset=\"https:\/\/www.omni-biotic.com\/es-es\/wp-content\/uploads\/sites\/6\/2025\/11\/Familia-en-otono-1024x683.png 1024w, https:\/\/www.omni-biotic.com\/es-es\/wp-content\/uploads\/sites\/6\/2025\/11\/Familia-en-otono-300x200.png 300w, https:\/\/www.omni-biotic.com\/es-es\/wp-content\/uploads\/sites\/6\/2025\/11\/Familia-en-otono-768x512.png 768w, https:\/\/www.omni-biotic.com\/es-es\/wp-content\/uploads\/sites\/6\/2025\/11\/Familia-en-otono-1536x1024.png 1536w, https:\/\/www.omni-biotic.com\/es-es\/wp-content\/uploads\/sites\/6\/2025\/11\/Familia-en-otono.png 1728w\" sizes=\"(max-width: 800px) 100vw, 800px\" title=\"\">\t\t\t\t\t\t\t\t\t\t\t\t\t\t\t<\/div>\n\t\t\t\t<\/div>\n\t\t\t\t\t<\/div>\n\t\t\t\t<\/div>\n\t\t<div class=\"elementor-element elementor-element-d49449c obcs none e-flex e-con-boxed e-con e-parent\" data-id=\"d49449c\" data-element_type=\"container\">\n\t\t\t\t\t<div class=\"e-con-inner\">\n\t\t\t\t<div class=\"elementor-element elementor-element-df404f5 elementor-widget elementor-widget-heading\" data-id=\"df404f5\" data-element_type=\"widget\" data-widget_type=\"heading.default\">\n\t\t\t\t<div class=\"elementor-widget-container\">\n\t\t\t\t\t<h2 class=\"elementor-heading-title elementor-size-default\">\u00bfPor qu\u00e9 aumenta la ansiedad en oto\u00f1o?<\/h2>\t\t\t\t<\/div>\n\t\t\t\t<\/div>\n\t\t\t\t\t<\/div>\n\t\t\t\t<\/div>\n\t\t<div class=\"elementor-element elementor-element-d154392 obcs none e-flex e-con-boxed e-con e-parent\" data-id=\"d154392\" data-element_type=\"container\">\n\t\t\t\t\t<div class=\"e-con-inner\">\n\t\t\t\t<div class=\"elementor-element elementor-element-0d7be08 elementor-widget elementor-widget-text-editor\" data-id=\"0d7be08\" data-element_type=\"widget\" data-widget_type=\"text-editor.default\">\n\t\t\t\t<div class=\"elementor-widget-container\">\n\t\t\t\t\t\t\t\t\t<p data-start=\"570\" data-end=\"924\">El cuerpo humano se gu\u00eda por los <strong data-start=\"603\" data-end=\"625\">ritmos circadianos<\/strong>, un reloj biol\u00f3gico que se ajusta con la luz solar.<br data-start=\"677\" data-end=\"680\" \/>Cuando las horas de sol disminuyen, el organismo produce <span data-start=\"737\" data-end=\"757\">menos serotonina<\/span>, la hormona del bienestar, y <span data-start=\"787\" data-end=\"805\">m\u00e1s melatonina<\/span>, que induce el sue\u00f1o.<br data-start=\"827\" data-end=\"830\" \/>El resultado es una sensaci\u00f3n de <span data-start=\"863\" data-end=\"923\">bajo \u00e1nimo, menor energ\u00eda y dificultad para concentrarse<\/span>.<\/p><p data-start=\"926\" data-end=\"1228\">Adem\u00e1s, la <strong data-start=\"937\" data-end=\"987\">vuelta al trabajo, al colegio o a los estudios<\/strong> supone un esfuerzo mental extra. Las rutinas cambian, los horarios se vuelven m\u00e1s exigentes y pasamos <span data-start=\"1090\" data-end=\"1120\">menos tiempo al aire libre<\/span>.<br data-start=\"1121\" data-end=\"1124\" \/>Si a esto se suma un <span data-start=\"1145\" data-end=\"1171\">descenso de <a style=\"font-weight: bold\" href=\"https:\/\/www.omni-biotic.com\/es-es\/blog\/vitamina-d\/\">vitamina D<\/a><\/span>, el equilibrio emocional e inmunitario puede resentirse.<\/p><p data-start=\"1230\" data-end=\"1638\">Pero estos cambios no afectan solo al estado de \u00e1nimo.<br data-start=\"1284\" data-end=\"1287\" \/>El <strong data-start=\"1290\" data-end=\"1367\">estr\u00e9s estacional tambi\u00e9n tiene impacto en el intestino y en las defensas<\/strong>, ya que el eje intestino-cerebro-inmunidad funciona como un sistema interconectado.<br data-start=\"1451\" data-end=\"1454\" \/>Cuando vivimos una etapa de mayor tensi\u00f3n o fatiga, la <strong data-start=\"1509\" data-end=\"1534\">microbiota intestinal<\/strong> puede desequilibrarse, afectando tanto a la digesti\u00f3n como a la resistencia frente a virus y bacterias.<\/p>\t\t\t\t\t\t\t\t<\/div>\n\t\t\t\t<\/div>\n\t\t\t\t<div class=\"elementor-element elementor-element-6adce54 elementor-widget elementor-widget-infobox\" data-id=\"6adce54\" data-element_type=\"widget\" data-widget_type=\"infobox.default\">\n\t\t\t\t<div class=\"elementor-widget-container\">\n\t\t\t\t\t\n<div class=\"li-widgets--infobox blue highlights-always-magenta\">\n\n    <div class=\"li-widgets--infobox__icon\">\n        <i aria-hidden=\"true\" class=\"fas fa-exclamation-circle\"><\/i>    <\/div>\n    <div class=\"li-widgets--infobox__text\">\n        En oto\u00f1o, ni\u00f1os y adultos son m\u00e1s propensos a resfriados e infecciones leves. La ansiedad en oto\u00f1o tambi\u00e9n puede debilitar las defensas, y el uso de antibi\u00f3ticos reduce las bacterias beneficiosas que protegen el equilibrio intestinal.    <\/div>\n    <div class=\"li-widgets--infobox__text-body\">\n            <\/div>\n\n    \n<\/div>\n\t\t\t\t<\/div>\n\t\t\t\t<\/div>\n\t\t\t\t<div class=\"elementor-element elementor-element-2541119 elementor-widget elementor-widget-text-editor\" data-id=\"2541119\" data-element_type=\"widget\" data-widget_type=\"text-editor.default\">\n\t\t\t\t<div class=\"elementor-widget-container\">\n\t\t\t\t\t\t\t\t\t<p data-start=\"1230\" data-end=\"1638\">Apoyar la <strong data-start=\"2087\" data-end=\"2112\"><a href=\"https:\/\/www.omni-biotic.com\/es-es\/salud-intestinal\/el-intestino-como-centro-de-la-salud\/el-microbioma-humano\/\">microbiota <\/a>intestinal<\/strong> en esta \u00e9poca del a\u00f1o es una forma eficaz de reforzar tanto las <span data-start=\"2177\" data-end=\"2199\">defensas naturales<\/span> como la <span data-start=\"2208\" data-end=\"2233\">estabilidad emocional<\/span>.<br data-start=\"2234\" data-end=\"2237\" \/>Una flora intestinal equilibrada favorece una mejor <span data-start=\"2289\" data-end=\"2314\">respuesta inmunitaria<\/span>, ayuda a regular el <span data-start=\"2335\" data-end=\"2354\">estado de \u00e1nimo<\/span> y mejora la <span data-start=\"2367\" data-end=\"2392\">resiliencia al estr\u00e9s<\/span>.<\/p><p data-start=\"2166\" data-end=\"2350\">Y cuando este desequilibrio emocional se repite cada a\u00f1o, puede tratarse del llamado <strong data-start=\"2254\" data-end=\"2293\">trastorno afectivo estacional (TAE)<\/strong>, una forma de depresi\u00f3n vinculada al cambio de estaci\u00f3n.<\/p>\t\t\t\t\t\t\t\t<\/div>\n\t\t\t\t<\/div>\n\t\t\t\t\t<\/div>\n\t\t\t\t<\/div>\n\t\t<div class=\"elementor-element elementor-element-95f43dd obcs none e-flex e-con-boxed e-con e-parent\" data-id=\"95f43dd\" data-element_type=\"container\">\n\t\t\t\t\t<div class=\"e-con-inner\">\n\t\t\t\t<div class=\"elementor-element elementor-element-299d719 elementor-widget elementor-widget-heading\" data-id=\"299d719\" data-element_type=\"widget\" data-widget_type=\"heading.default\">\n\t\t\t\t<div class=\"elementor-widget-container\">\n\t\t\t\t\t<h2 class=\"elementor-heading-title elementor-size-default\">Trastorno afectivo estacional;\n<i>cuando el baj\u00f3n se repite cada a\u00f1o<\/i><\/h2>\t\t\t\t<\/div>\n\t\t\t\t<\/div>\n\t\t\t\t<div class=\"elementor-element elementor-element-cf783ce elementor-widget elementor-widget-text-editor\" data-id=\"cf783ce\" data-element_type=\"widget\" data-widget_type=\"text-editor.default\">\n\t\t\t\t<div class=\"elementor-widget-container\">\n\t\t\t\t\t\t\t\t\t<p data-start=\"425\" data-end=\"828\">El <strong data-start=\"428\" data-end=\"467\">trastorno afectivo estacional (TAE)<\/strong> es una forma de <strong data-start=\"484\" data-end=\"569\">depresi\u00f3n que aparece en oto\u00f1o e invierno y mejora con la llegada de la primavera<\/strong>.<br data-start=\"570\" data-end=\"573\" \/>Su origen est\u00e1 en la <span data-start=\"594\" data-end=\"629\">reducci\u00f3n de horas de luz solar<\/span>, que altera el reloj biol\u00f3gico interno, disminuye la producci\u00f3n de <span data-start=\"697\" data-end=\"711\">serotonina<\/span> (la hormona del bienestar) y modifica los niveles de <span data-start=\"765\" data-end=\"779\">melatonina<\/span>, afectando al \u00e1nimo, la energ\u00eda y el descanso.<\/p><p data-start=\"830\" data-end=\"1129\">Es m\u00e1s frecuente en <span data-start=\"850\" data-end=\"879\">mujeres y adultos j\u00f3venes<\/span>, sobre todo en quienes viven en zonas con <span data-start=\"922\" data-end=\"942\">poca luz natural<\/span> o presentan <span data-start=\"955\" data-end=\"986\">niveles bajos de <strong><a href=\"https:\/\/www.omni-biotic.com\/es-es\/blog\/vitamina-d\/\">vitamina D<\/a><\/strong><\/span><strong><a href=\"https:\/\/www.omni-biotic.com\/es-es\/blog\/vitamina-d\/\">.<\/a><\/strong><br data-start=\"987\" data-end=\"990\" \/>Aunque suele ser temporal, si los s\u00edntomas se repiten cada a\u00f1o o dificultan la vida cotidiana, conviene <b><span data-start=\"1094\" data-end=\"1126\">consultar con un profesional<\/span>.<\/b><\/p><h5 data-start=\"1131\" data-end=\"1168\"><span style=\"color: #b6175c\">Principales s\u00edntomas del TAE<\/span><\/h5><ul data-start=\"1170\" data-end=\"2091\"><li data-start=\"1170\" data-end=\"1378\"><p data-start=\"1172\" data-end=\"1378\"><strong data-start=\"1172\" data-end=\"1205\">Cansancio y falta de energ\u00eda:<\/strong> sensaci\u00f3n de agotamiento f\u00edsico y mental, incluso tras dormir lo suficiente. Muchas personas describen el oto\u00f1o como una etapa en la que cuesta \u201carrancar\u201d o concentrarse.<\/p><\/li><li data-start=\"1379\" data-end=\"1531\"><p data-start=\"1381\" data-end=\"1531\"><strong data-start=\"1381\" data-end=\"1405\">Cambios en el sue\u00f1o:<\/strong> tendencia a dormir m\u00e1s horas de lo habitual, sensaci\u00f3n de sue\u00f1o no reparador o dificultad para despertarse por las ma\u00f1anas.<\/p><\/li><li data-start=\"1532\" data-end=\"1649\"><p data-start=\"1534\" data-end=\"1649\"><strong data-start=\"1534\" data-end=\"1559\">Estado de \u00e1nimo bajo:<\/strong> tristeza persistente, irritabilidad o sensaci\u00f3n de vac\u00edo emocional sin motivo aparente.<\/p><\/li><li data-start=\"1650\" data-end=\"1848\"><p data-start=\"1652\" data-end=\"1848\"><strong data-start=\"1652\" data-end=\"1703\">Mayor apetito y antojos de hidratos de carbono:<\/strong> el cuerpo busca \u201ccompensar\u201d la bajada de serotonina con alimentos dulces o ricos en almid\u00f3n, lo que a menudo genera peque\u00f1os aumentos de peso.<\/p><\/li><li data-start=\"1849\" data-end=\"1977\"><p data-start=\"1851\" data-end=\"1977\"><strong data-start=\"1851\" data-end=\"1885\">Falta de inter\u00e9s o motivaci\u00f3n:<\/strong> actividades que antes resultaban agradables o estimulantes dejan de generar satisfacci\u00f3n.<\/p><\/li><li data-start=\"1978\" data-end=\"2091\"><p data-start=\"1980\" data-end=\"2091\"><strong data-start=\"1980\" data-end=\"2013\">Dificultad para concentrarse:<\/strong> pensamientos m\u00e1s lentos, olvidos frecuentes o sensaci\u00f3n de \u201cmente nublada\u201d.<\/p><\/li><\/ul><p data-start=\"830\" data-end=\"1129\">\u00a0<\/p>\t\t\t\t\t\t\t\t<\/div>\n\t\t\t\t<\/div>\n\t\t<div class=\"elementor-element elementor-element-0292a84 e-con-full obcs none e-flex e-con e-child\" data-id=\"0292a84\" data-element_type=\"container\">\n\t\t\t\t<div class=\"elementor-element elementor-element-676bef2 elementor-widget elementor-widget-image\" data-id=\"676bef2\" data-element_type=\"widget\" data-widget_type=\"image.default\">\n\t\t\t\t<div class=\"elementor-widget-container\">\n\t\t\t\t\t\t\t\t\t\t\t\t\t\t\t<img decoding=\"async\" width=\"800\" height=\"534\" src=\"https:\/\/www.omni-biotic.com\/es-es\/wp-content\/uploads\/sites\/6\/2025\/11\/TAE_trastorno-afectivo-estacional-1024x683.png\" class=\"attachment-large size-large wp-image-26013\" alt=\"Ansiedad en oto\u00f1o\" srcset=\"https:\/\/www.omni-biotic.com\/es-es\/wp-content\/uploads\/sites\/6\/2025\/11\/TAE_trastorno-afectivo-estacional-1024x683.png 1024w, https:\/\/www.omni-biotic.com\/es-es\/wp-content\/uploads\/sites\/6\/2025\/11\/TAE_trastorno-afectivo-estacional-300x200.png 300w, https:\/\/www.omni-biotic.com\/es-es\/wp-content\/uploads\/sites\/6\/2025\/11\/TAE_trastorno-afectivo-estacional-768x512.png 768w, https:\/\/www.omni-biotic.com\/es-es\/wp-content\/uploads\/sites\/6\/2025\/11\/TAE_trastorno-afectivo-estacional.png 1536w\" sizes=\"(max-width: 800px) 100vw, 800px\" title=\"\">\t\t\t\t\t\t\t\t\t\t\t\t\t\t\t<\/div>\n\t\t\t\t<\/div>\n\t\t\t\t<\/div>\n\t\t\t\t<div class=\"elementor-element elementor-element-2fdb643 elementor-widget elementor-widget-text-editor\" data-id=\"2fdb643\" data-element_type=\"widget\" data-widget_type=\"text-editor.default\">\n\t\t\t\t<div class=\"elementor-widget-container\">\n\t\t\t\t\t\t\t\t\t<p data-start=\"1980\" data-end=\"2091\">Adem\u00e1s de los factores hormonales y ambientales, el <strong data-start=\"2145\" data-end=\"2165\">estr\u00e9s sostenido<\/strong> y el <strong data-start=\"2171\" data-end=\"2216\">desequilibrio de la microbiota intestinal<\/strong> pueden agravar los s\u00edntomas de la ansiedad en\u00a0oto\u00f1o.<\/p><p data-start=\"2093\" data-end=\"2464\">Cuidar el <strong data-start=\"2260\" data-end=\"2273\">intestino<\/strong>, mantener <strong data-start=\"2284\" data-end=\"2319\">niveles adecuados de vitamina D<\/strong> y exponerse <strong data-start=\"2332\" data-end=\"2352\">a la luz natural<\/strong> cada d\u00eda son medidas naturales que pueden marcar una gran diferencia en el bienestar durante los meses fr\u00edos.<\/p>\t\t\t\t\t\t\t\t<\/div>\n\t\t\t\t<\/div>\n\t\t\t\t\t<\/div>\n\t\t\t\t<\/div>\n\t\t<div class=\"elementor-element elementor-element-956e0e6 obcs none e-flex e-con-boxed e-con e-parent\" data-id=\"956e0e6\" data-element_type=\"container\">\n\t\t\t\t\t<div class=\"e-con-inner\">\n\t\t\t\t<div class=\"elementor-element elementor-element-ce9aae6 elementor-widget elementor-widget-heading\" data-id=\"ce9aae6\" data-element_type=\"widget\" data-widget_type=\"heading.default\">\n\t\t\t\t<div class=\"elementor-widget-container\">\n\t\t\t\t\t<h2 class=\"elementor-heading-title elementor-size-default\">La vitamina D, clave en el bienestar emocional<\/h2>\t\t\t\t<\/div>\n\t\t\t\t<\/div>\n\t\t\t\t\t<\/div>\n\t\t\t\t<\/div>\n\t\t<div class=\"elementor-element elementor-element-97418f3 obcs none e-flex e-con-boxed e-con e-parent\" data-id=\"97418f3\" data-element_type=\"container\">\n\t\t\t\t\t<div class=\"e-con-inner\">\n\t\t\t\t<div class=\"elementor-element elementor-element-7523064 elementor-widget elementor-widget-text-editor\" data-id=\"7523064\" data-element_type=\"widget\" data-widget_type=\"text-editor.default\">\n\t\t\t\t<div class=\"elementor-widget-container\">\n\t\t\t\t\t\t\t\t\t<p data-start=\"238\" data-end=\"566\">La <strong data-start=\"241\" data-end=\"255\">vitamina D<\/strong>, conocida como la <em data-start=\"274\" data-end=\"292\">vitamina del sol<\/em>, desempe\u00f1a un papel fundamental en nuestra salud f\u00edsica y mental. El cuerpo la produce cuando la piel recibe luz solar, pero durante el oto\u00f1o y el invierno \u2014cuando los d\u00edas son m\u00e1s cortos y pasamos m\u00e1s tiempo en interiores\u2014 su producci\u00f3n disminuye de forma significativa.<\/p><p data-start=\"568\" data-end=\"800\">Este d\u00e9ficit puede tener un impacto directo en el estado de \u00e1nimo, especialmente en quienes experimentan <strong data-start=\"673\" data-end=\"694\">ansiedad en oto\u00f1o<\/strong> o s\u00edntomas del <strong data-start=\"710\" data-end=\"743\">trastorno afectivo estacional<\/strong>. La vitamina D interviene en procesos esenciales como:<\/p><ul><li data-start=\"802\" data-end=\"908\"><p data-start=\"804\" data-end=\"908\">La <strong data-start=\"807\" data-end=\"835\">producci\u00f3n de serotonina<\/strong>, el neurotransmisor asociado a la felicidad y al equilibrio emocional.<\/p><\/li><li data-start=\"909\" data-end=\"1020\"><p data-start=\"911\" data-end=\"1020\">El <strong data-start=\"914\" data-end=\"956\">funcionamiento del sistema inmunitario<\/strong>, que ayuda a prevenir infecciones t\u00edpicas de los meses fr\u00edos.<\/p><\/li><li data-start=\"1021\" data-end=\"1141\"><p data-start=\"1023\" data-end=\"1141\">El <strong data-start=\"1026\" data-end=\"1051\">rendimiento cognitivo<\/strong> y la <strong data-start=\"1057\" data-end=\"1075\">energ\u00eda f\u00edsica<\/strong>, indispensables para mantener la concentraci\u00f3n y la motivaci\u00f3n.<\/p><\/li><\/ul><div>\u00a0<\/div><p data-start=\"6081\" data-end=\"6367\">Diversos estudios cient\u00edficos confirman que niveles bajos de vitamina D pueden relacionarse con un mayor riesgo de <strong data-start=\"1258\" data-end=\"1281\">s\u00edntomas depresivos<\/strong>, <strong data-start=\"1283\" data-end=\"1293\">fatiga<\/strong> y <strong data-start=\"1296\" data-end=\"1328\">ansiedad en oto\u00f1o e invierno<\/strong>. Por ello, cuidar los niveles de esta vitamina a trav\u00e9s de la exposici\u00f3n diaria a la luz natural, la alimentaci\u00f3n o la suplementaci\u00f3n adecuada puede marcar una gran diferencia en el bienestar emocional durante esta \u00e9poca del a\u00f1o.<\/p>\t\t\t\t\t\t\t\t<\/div>\n\t\t\t\t<\/div>\n\t\t<div class=\"elementor-element elementor-element-8747601 e-con-full obcs none e-flex e-con e-child\" data-id=\"8747601\" data-element_type=\"container\">\n\t\t\t\t<div class=\"elementor-element elementor-element-7edb458 elementor-widget elementor-widget-button\" data-id=\"7edb458\" data-element_type=\"widget\" data-widget_type=\"button.default\">\n\t\t\t\t<div class=\"elementor-widget-container\">\n\t\t\t\t\t\t\t\t\t<div class=\"elementor-button-wrapper\">\n\t\t\t\t\t<a class=\"elementor-button elementor-button-link elementor-size-sm\" href=\"#\">\n\t\t\t\t\t\t<span class=\"elementor-button-content-wrapper\">\n\t\t\t\t\t\t\t\t\t<span class=\"elementor-button-text\">Lee m\u00e1s en nuestro art\u00edculo: Vitamina D en oto\u00f1o e invierno<\/span>\n\t\t\t\t\t<\/span>\n\t\t\t\t\t<\/a>\n\t\t\t\t<\/div>\n\t\t\t\t\t\t\t\t<\/div>\n\t\t\t\t<\/div>\n\t\t\t\t<\/div>\n\t\t\t\t\t<\/div>\n\t\t\t\t<\/div>\n\t\t<div class=\"elementor-element elementor-element-527abef obcs none e-flex e-con-boxed e-con e-parent\" data-id=\"527abef\" data-element_type=\"container\">\n\t\t\t\t\t<div class=\"e-con-inner\">\n\t\t\t\t<div class=\"elementor-element elementor-element-ef893c8 elementor-widget elementor-widget-heading\" data-id=\"ef893c8\" data-element_type=\"widget\" data-widget_type=\"heading.default\">\n\t\t\t\t<div class=\"elementor-widget-container\">\n\t\t\t\t\t<h2 class=\"elementor-heading-title elementor-size-default\">La microbiota intestinal y el estado de \u00e1nimo<\/h2>\t\t\t\t<\/div>\n\t\t\t\t<\/div>\n\t\t\t\t<div class=\"elementor-element elementor-element-3df581f elementor-widget elementor-widget-text-editor\" data-id=\"3df581f\" data-element_type=\"widget\" data-widget_type=\"text-editor.default\">\n\t\t\t\t<div class=\"elementor-widget-container\">\n\t\t\t\t\t\t\t\t\t<p data-start=\"401\" data-end=\"905\">El <strong data-start=\"404\" data-end=\"424\"><a href=\"https:\/\/www.omni-biotic.com\/es-es\/salud-intestinal\/areas-de-influencia-del-intestino\/estres\/\">estr\u00e9s <\/a>sostenido<\/strong>&nbsp;y la ansiedad en oto\u00f1o afecta de forma directa a nuestro bienestar digestivo y emocional. Cuando la tensi\u00f3n se prolonga, el sistema inmunitario se resiente, aumenta la susceptibilidad a infecciones y la motivaci\u00f3n cae. El <strong data-start=\"624\" data-end=\"663\">intestino es especialmente sensible<\/strong>: mueren bacterias beneficiosas, la mucosa se debilita y se facilita el paso de toxinas y al\u00e9rgenos. Este <strong data-start=\"769\" data-end=\"794\">\u201c<a href=\"https:\/\/www.omni-biotic.com\/es-es\/trastornos-intestinales\/sindrome-del-intestino-permeable\/\">intestino permeable<\/a>\u201d<\/strong> favorece la inflamaci\u00f3n de bajo grado que puede extenderse por todo el organismo, incluida la esfera cerebral.<\/p>\n<h4 data-start=\"907\" data-end=\"952\"><span style=\"color: #b6175c\"><a href=\"https:\/\/www.omni-biotic.com\/es-es\/salud-intestinal\/el-intestino-como-centro-de-la-salud\/eje-intestino-cerebro\/\">Eje intestino-cerebro<\/a>: tu \u201cdoble cerebro\u201d<\/span><\/h4>\n<p data-start=\"953\" data-end=\"1473\">El intestino alberga un <strong data-start=\"977\" data-end=\"1004\">sistema nervioso propio<\/strong> con millones de neuronas que se comunican con el cerebro a trav\u00e9s de v\u00edas nerviosas, hormonales e inmunol\u00f3gicas. En el tubo digestivo se producen m\u00e1s de <strong data-start=\"1158\" data-end=\"1184\">20 mensajeros qu\u00edmicos<\/strong>, entre ellos la <strong data-start=\"1201\" data-end=\"1215\">serotonina<\/strong> \u2014clave para el \u00e1nimo\u2014 y su precursor hacia la <strong data-start=\"1262\" data-end=\"1276\">melatonina<\/strong>, esencial para un <strong data-start=\"1295\" data-end=\"1314\">sue\u00f1o reparador<\/strong>.&nbsp;<\/p>\n<p data-start=\"953\" data-end=\"1473\"><span style=\"background-color: inherit\">Cuando el estr\u00e9s o los cambios estacionales alteran la microbiota, disminuye la producci\u00f3n de estos mensajeros, lo que puede afectar al descanso nocturno y favorecer la irritabilidad y la <\/span><span style=\"background-color: inherit\" data-start=\"777\" data-end=\"798\">ansiedad en oto\u00f1o<\/span><span style=\"background-color: inherit\">, una \u00e9poca en la que muchas personas notan un descenso en la energ\u00eda y el \u00e1nimo. Mantener un intestino equilibrado es, por tanto, fundamental para cuidar tambi\u00e9n la salud mental.<\/span><\/p>\n<h4 data-start=\"1475\" data-end=\"1502\"><span style=\"color: #b6175c\">Estr\u00e9s, sue\u00f1o y energ\u00eda<\/span><\/h4>\n<p data-start=\"1503\" data-end=\"1864\">En situaciones de <a href=\"https:\/\/www.omni-biotic.com\/es-es\/blog\/estres-descanso-intestino-bienestar\/+\">estr\u00e9s<\/a>, el cerebro libera <strong data-start=\"1547\" data-end=\"1579\">hormonas y neurotransmisores<\/strong> que elevan la frecuencia cardiaca y la glucosa, y ponen al cuerpo \u201cen alerta\u201d. Si este estado se mantiene, aparecen <strong data-start=\"1696\" data-end=\"1708\">insomnio<\/strong>, <strong data-start=\"1710\" data-end=\"1720\">fatiga<\/strong> y <strong data-start=\"1723\" data-end=\"1755\">dificultad para concentrarse<\/strong>. Dormir mal perpet\u00faa el c\u00edrculo vicioso: m\u00e1s cortisol, peor control emocional y <span data-start=\"1836\" data-end=\"1863\"><b>di<\/b><\/span><strong data-start=\"1836\" data-end=\"1863\">gestiones m\u00e1s pesadas<\/strong>.&nbsp;<\/p><p data-start=\"1503\" data-end=\"1864\"><span style=\"background-color: inherit\">Cuidar el eje intestino-cerebro y la microbiota intestinal puede ser una estrategia eficaz para romper este ciclo y reducir los efectos del estr\u00e9s y la <\/span><span data-start=\"1581\" data-end=\"1602\" style=\"background-color: inherit\">ansiedad en oto\u00f1o<\/span><span style=\"background-color: inherit\">, favoreciendo un equilibrio f\u00edsico y emocional m\u00e1s estable.<\/span><br><\/p>\n<h4 data-start=\"1866\" data-end=\"1911\"><span style=\"color: #b6175c\">Intestino permeable y s\u00edntomas digestivos<\/span><\/h4>\n<p data-start=\"1912\" data-end=\"2382\">La p\u00e9rdida de bacterias beneficiosas reduce la producci\u00f3n de <span data-start=\"1973\" data-end=\"2006\"><b>\u00e1cidos grasos <\/b>de cadena corta<\/span> que nutren la mucosa. Con menos \u201ccombustible\u201d, las uniones estrechas entre c\u00e9lulas se debilitan, el intestino se vuelve <span data-start=\"2127\" data-end=\"2144\">m\u00e1s permeable<\/span> y aumentan la <span data-start=\"2159\" data-end=\"2172\"><b>hinchaz\u00f3n<\/b><\/span>, el <b><span data-start=\"2177\" data-end=\"2194\">estre\u00f1imiento<\/span> <\/b>o la <span data-start=\"2200\" data-end=\"2211\"><b>diarrea<\/b><\/span>. Adem\u00e1s, en \u00e9pocas de estr\u00e9s solemos recurrir a <span data-start=\"2260\" data-end=\"2290\">snacks grasos y azucarados<\/span> y a <span data-start=\"2295\" data-end=\"2320\">m\u00e1s cafe\u00edna o alcohol<\/span>, lo que empobrece la dieta en <span data-start=\"2351\" data-end=\"2360\">fibra<\/span> y agrava el problema.<\/p>\n<h4 data-start=\"2384\" data-end=\"2424\"><span style=\"color: #b6175c\">C\u00f3mo apoyar el eje intestino-cerebro<\/span><\/h4>\n<ul data-start=\"2425\" data-end=\"2998\">\n<li data-start=\"2425\" data-end=\"2699\">\n<p data-start=\"2427\" data-end=\"2699\"><strong data-start=\"2427\" data-end=\"2458\"><a href=\"https:\/\/www.omni-biotic.com\/es-es\/salud-intestinal\/el-intestino-como-centro-de-la-salud\/probioticos\/\">Probi\u00f3ticos <\/a>de alta calidad para toda la familia<\/strong>: hablamos de ansiedad en oto\u00f1o, en estas fases de alta demanda, los probi\u00f3ticos, ayudan a <span data-start=\"2494\" data-end=\"2534\">restablecer el equilibrio microbiano<\/span>, a <span data-start=\"2538\" data-end=\"2564\">modular la inflamaci\u00f3n<\/span> y a <span data-start=\"2569\" data-end=\"2596\">favorecer la producci\u00f3n<\/span> de serotonina y melatonina en el intestino, con efectos positivos sobre el <span data-start=\"2672\" data-end=\"2681\">\u00e1nimo<\/span> y el <span data-start=\"2687\" data-end=\"2696\">sue\u00f1o<\/span>.<\/p>\n<\/li>\n<li data-start=\"2700\" data-end=\"2837\">\n<p data-start=\"2702\" data-end=\"2837\"><strong data-start=\"2702\" data-end=\"2725\"><a href=\"https:\/\/www.omni-biotic.com\/es-es\/salud-intestinal\/el-intestino-como-centro-de-la-salud\/prebioticos\/\">Prebi\u00f3ticos <\/a>y fibra<\/strong>: alimentan a las bacterias beneficiosas y contribuyen a recuperar la <span data-start=\"2795\" data-end=\"2834\">integridad de la barrera intestinal<\/span>.<\/p>\n<\/li>\n<li data-start=\"2838\" data-end=\"2998\">\n<p data-start=\"2840\" data-end=\"2998\"><strong data-start=\"2840\" data-end=\"2862\">Rutinas antiestr\u00e9s<\/strong>: respiraci\u00f3n, paseos con luz natural y horarios de sue\u00f1o regulares para bajar el \u201cruido\u201d del sistema nervioso y proteger la microbiota.<\/p>\n<\/li>\n<\/ul>\n<p data-start=\"6355\" data-end=\"6693\">\n<\/p>\t\t\t\t\t\t\t\t<\/div>\n\t\t\t\t<\/div>\n\t\t\t\t<div class=\"elementor-element elementor-element-62c8e30 elementor-widget elementor-widget-image\" data-id=\"62c8e30\" data-element_type=\"widget\" data-widget_type=\"image.default\">\n\t\t\t\t<div class=\"elementor-widget-container\">\n\t\t\t\t\t\t\t\t\t\t\t\t\t\t\t<img decoding=\"async\" width=\"800\" height=\"633\" src=\"https:\/\/www.omni-biotic.com\/es-es\/wp-content\/uploads\/sites\/6\/2025\/11\/el-estres-en-nuestra-salud.png\" class=\"attachment-large size-large wp-image-26027\" alt=\"ansiedad, estres y microbiota\" srcset=\"https:\/\/www.omni-biotic.com\/es-es\/wp-content\/uploads\/sites\/6\/2025\/11\/el-estres-en-nuestra-salud.png 897w, https:\/\/www.omni-biotic.com\/es-es\/wp-content\/uploads\/sites\/6\/2025\/11\/el-estres-en-nuestra-salud-300x237.png 300w, https:\/\/www.omni-biotic.com\/es-es\/wp-content\/uploads\/sites\/6\/2025\/11\/el-estres-en-nuestra-salud-768x608.png 768w\" sizes=\"(max-width: 800px) 100vw, 800px\" title=\"\">\t\t\t\t\t\t\t\t\t\t\t\t\t\t\t<\/div>\n\t\t\t\t<\/div>\n\t\t\t\t<div class=\"elementor-element elementor-element-7d56c3b elementor-widget elementor-widget-infobox\" data-id=\"7d56c3b\" data-element_type=\"widget\" data-widget_type=\"infobox.default\">\n\t\t\t\t<div class=\"elementor-widget-container\">\n\t\t\t\t\t\n<div class=\"li-widgets--infobox blue highlights-always-magenta\">\n\n    <div class=\"li-widgets--infobox__icon\">\n        <i aria-hidden=\"true\" class=\"fas fa-exclamation-circle\"><\/i>    <\/div>\n    <div class=\"li-widgets--infobox__text\">\n        Cuidar la microbiota no solo mejora la digesti\u00f3n, tambi\u00e9n es una palanca real para regular la ansiedad oto\u00f1o y descansar mejor.    <\/div>\n    <div class=\"li-widgets--infobox__text-body\">\n            <\/div>\n\n    \n<\/div>\n\t\t\t\t<\/div>\n\t\t\t\t<\/div>\n\t\t\t\t\t<\/div>\n\t\t\t\t<\/div>\n\t\t<div class=\"elementor-element elementor-element-8cebcdc obcs none e-flex e-con-boxed e-con e-parent\" data-id=\"8cebcdc\" data-element_type=\"container\">\n\t\t\t\t\t<div class=\"e-con-inner\">\n\t\t\t\t<div class=\"elementor-element elementor-element-7df431d elementor-widget elementor-widget-heading\" data-id=\"7df431d\" data-element_type=\"widget\" data-widget_type=\"heading.default\">\n\t\t\t\t<div class=\"elementor-widget-container\">\n\t\t\t\t\t<h2 class=\"elementor-heading-title elementor-size-default\">H\u00e1bitos que ayudan a reducir la ansiedad en oto\u00f1o<\/h2>\t\t\t\t<\/div>\n\t\t\t\t<\/div>\n\t\t\t\t<div class=\"elementor-element elementor-element-225cbcb elementor-widget elementor-widget-text-editor\" data-id=\"225cbcb\" data-element_type=\"widget\" data-widget_type=\"text-editor.default\">\n\t\t\t\t<div class=\"elementor-widget-container\">\n\t\t\t\t\t\t\t\t\t<p data-start=\"10764\" data-end=\"10865\">El oto\u00f1o puede ser una estaci\u00f3n maravillosa, pero tambi\u00e9n un momento en el que muchas personas notan una mayor sensaci\u00f3n de cansancio, des\u00e1nimo o nerviosismo. Los d\u00edas m\u00e1s cortos, la disminuci\u00f3n de luz solar y los cambios de rutina pueden influir en nuestro bienestar emocional. Para mantener el equilibrio, adem\u00e1s del cuidado intestinal y una adecuada ingesta de <strong data-start=\"609\" data-end=\"623\">vitamina D<\/strong>, es importante adoptar h\u00e1bitos que ayuden a reducir la ansiedad en oto\u00f1o y fortalecer el \u00e1nimo de forma natural.<\/p><p data-start=\"10867\" data-end=\"10900\"><span style=\"color: #b6175c\">1. Aprovecha la luz natural:<\/span>salir a caminar 20 o 30 minutos al d\u00eda, especialmente por la ma\u00f1ana, ayuda a regular el ritmo circadiano y mejora el estado de \u00e1nimo. La luz solar estimula la producci\u00f3n de serotonina, una hormona clave para el bienestar emocional.<\/p><p data-start=\"10971\" data-end=\"10997\"><span style=\"color: #b6175c\">2. Cuida tu descanso: <\/span>mantener horarios regulares y evitar pantallas antes de dormir favorece un sue\u00f1o reparador. Dormir bien es fundamental para controlar la ansiedad y mejorar la concentraci\u00f3n durante el d\u00eda.<\/p><p data-start=\"11062\" data-end=\"11095\"><span style=\"color: #b6175c\">3. Alimentaci\u00f3n equilibrada: <\/span>aumenta el consumo de frutas, verduras, legumbres y alimentos ricos en magnesio, tript\u00f3fano y omega-3. Estos nutrientes ayudan al sistema nervioso y contribuyen a estabilizar el estado de \u00e1nimo, algo esencial cuando se trata de combatir la ansiedad estacional.umenta frutas, verduras, legumbres y alimentos ricos en magnesio y omega-3.<\/p><p data-start=\"11176\" data-end=\"11207\"><span style=\"color: #b6175c\">4. Mant\u00e9n una vida activa: <\/span>el ejercicio moderado libera endorfinas, mejora la circulaci\u00f3n y ayuda a reducir tensiones acumuladas. No es necesario un entrenamiento intenso: caminar, practicar yoga o montar en bici pueden ser suficientes para sentirte mejor.<\/p><p data-start=\"11270\" data-end=\"11294\"><span style=\"color: #b6175c\">5. Conexi\u00f3n social: <\/span>hablar, re\u00edr y compartir tiempo con personas positivas tiene un potente efecto antiestr\u00e9s. Mantener el contacto social, incluso en los meses m\u00e1s fr\u00edos, ayuda a reducir la sensaci\u00f3n de aislamiento que a veces acompa\u00f1a al oto\u00f1o.<\/p><p data-start=\"11270\" data-end=\"11294\">En resumen, cuidar tu microbiota intestinal, moverte con regularidad y aprovechar la luz natural son claves para mantener el equilibrio emocional y reducir la ansiedad en oto\u00f1o de forma duradera.<\/p>\t\t\t\t\t\t\t\t<\/div>\n\t\t\t\t<\/div>\n\t\t\t\t\t<\/div>\n\t\t\t\t<\/div>\n\t\t\t\t<\/div>\n\t\t","protected":false},"excerpt":{"rendered":"<p>La ansiedad en oto\u00f1o es m\u00e1s com\u00fan de lo que parece. Menos luz solar, cambios de rutina y desequilibrios intestinales pueden influir en tu estado de \u00e1nimo. Aprende c\u00f3mo reducir sus efectos con h\u00e1bitos saludables.<\/p>\n","protected":false},"author":42,"featured_media":26034,"comment_status":"closed","ping_status":"closed","sticky":false,"template":"","format":"standard","meta":{"_acf_changed":false,"inline_featured_image":false,"footnotes":""},"categories":[1,110],"tags":[],"class_list":["post-26007","post","type-post","status-publish","format-standard","has-post-thumbnail","hentry","category-allgemein","category-problemas-y-asesoramiento"],"acf":[],"rank_math":{"og:title":"Ansiedad en oto\u00f1o: causas y c\u00f3mo reducirla de forma natural","og:desc":"Descubre las causas de la ansiedad en oto\u00f1o y factores como la luz solar, la vitamina D y la microbiota intestinal influyen en tu estado de \u00e1nimo.","og:url":"https:\/\/www.omni-biotic.com\/es-es\/blog\/ansiedad-en-otono-causas-y-sintomas\/","og:locale":"es_ES","og:image":"https:\/\/www.omni-biotic.com\/es-es\/wp-content\/uploads\/sites\/6\/2025\/11\/Ansiedad-en-otono.png","og:image:width":"1536","og:image:height":"1024"},"additional_data":{"thumbnail":"https:\/\/www.omni-biotic.com\/es-es\/wp-content\/uploads\/sites\/6\/2025\/11\/Ansiedad-en-otono.png"},"blog_info":{"country":"es-es"},"_links":{"self":[{"href":"https:\/\/www.omni-biotic.com\/es-es\/wp-json\/wp\/v2\/posts\/26007","targetHints":{"allow":["GET"]}}],"collection":[{"href":"https:\/\/www.omni-biotic.com\/es-es\/wp-json\/wp\/v2\/posts"}],"about":[{"href":"https:\/\/www.omni-biotic.com\/es-es\/wp-json\/wp\/v2\/types\/post"}],"author":[{"embeddable":true,"href":"https:\/\/www.omni-biotic.com\/es-es\/wp-json\/wp\/v2\/users\/42"}],"replies":[{"embeddable":true,"href":"https:\/\/www.omni-biotic.com\/es-es\/wp-json\/wp\/v2\/comments?post=26007"}],"version-history":[{"count":7,"href":"https:\/\/www.omni-biotic.com\/es-es\/wp-json\/wp\/v2\/posts\/26007\/revisions"}],"predecessor-version":[{"id":26069,"href":"https:\/\/www.omni-biotic.com\/es-es\/wp-json\/wp\/v2\/posts\/26007\/revisions\/26069"}],"wp:featuredmedia":[{"embeddable":true,"href":"https:\/\/www.omni-biotic.com\/es-es\/wp-json\/wp\/v2\/media\/26034"}],"wp:attachment":[{"href":"https:\/\/www.omni-biotic.com\/es-es\/wp-json\/wp\/v2\/media?parent=26007"}],"wp:term":[{"taxonomy":"category","embeddable":true,"href":"https:\/\/www.omni-biotic.com\/es-es\/wp-json\/wp\/v2\/categories?post=26007"},{"taxonomy":"post_tag","embeddable":true,"href":"https:\/\/www.omni-biotic.com\/es-es\/wp-json\/wp\/v2\/tags?post=26007"}],"curies":[{"name":"wp","href":"https:\/\/api.w.org\/{rel}","templated":true}]}}