{"id":26116,"date":"2025-11-25T11:25:30Z","date_gmt":"2025-11-25T10:25:30Z","guid":{"rendered":"https:\/\/www.omni-biotic.com\/es-es\/?p=26116"},"modified":"2025-11-25T11:26:13Z","modified_gmt":"2025-11-25T10:26:13Z","slug":"avena-para-navidad-receta-saludable","status":"publish","type":"post","link":"https:\/\/www.omni-biotic.com\/es-es\/blog\/avena-para-navidad-receta-saludable\/","title":{"rendered":"Avena Navide\u00f1a: el desayuno f\u00e1cil que sabe a Navidad"},"content":{"rendered":"\t\t<div data-elementor-type=\"wp-post\" data-elementor-id=\"26116\" class=\"elementor elementor-26116\" data-elementor-post-type=\"post\">\n\t\t\t\t<div class=\"elementor-element elementor-element-b7217b1 obcs none e-flex e-con-boxed e-con e-parent\" data-id=\"b7217b1\" data-element_type=\"container\">\n\t\t\t\t\t<div class=\"e-con-inner\">\n\t\t\t\t<div class=\"elementor-element elementor-element-b9b389e elementor-widget elementor-widget-text-editor\" data-id=\"b9b389e\" data-element_type=\"widget\" data-widget_type=\"text-editor.default\">\n\t\t\t\t<div class=\"elementor-widget-container\">\n\t\t\t\t\t\t\t\t\t<p data-start=\"321\" data-end=\"545\">La Navidad es una \u00e9poca de ilusi\u00f3n y disfrute, pero tambi\u00e9n de comidas m\u00e1s copiosas, celebraciones y d\u00edas con menos descanso. Por eso, empezar la ma\u00f1ana con un desayuno saludable y reconfortante puede marcar la diferencia.<\/p><p data-start=\"547\" data-end=\"853\">Esta receta de <strong data-start=\"562\" data-end=\"617\">Avena Navide\u00f1a con manzana, nueces y OMNi-BiOTiC\u00ae 6<\/strong> re\u00fane ingredientes de temporada, sabor c\u00e1lido y beneficios para tu bienestar digestivo. Es perfecta para preparar la noche anterior y tenerla lista en la nevera, especialmente en diciembre, cuando las ma\u00f1anas suelen ser m\u00e1s ajetreadas.<\/p><p data-start=\"855\" data-end=\"1030\">Las recetas fr\u00edas como estos <em data-start=\"884\" data-end=\"900\">overnight oats<\/em> permiten adem\u00e1s incorporar <strong data-start=\"928\" data-end=\"957\">1 sobre de OMNi-BiOTiC\u00ae 6<\/strong> justo antes de consumir, sin alterar su sabor ni su consistencia.<\/p>\t\t\t\t\t\t\t\t<\/div>\n\t\t\t\t<\/div>\n\t\t\t\t<div class=\"elementor-element elementor-element-8091fb1 elementor-widget elementor-widget-image\" data-id=\"8091fb1\" data-element_type=\"widget\" data-widget_type=\"image.default\">\n\t\t\t\t<div class=\"elementor-widget-container\">\n\t\t\t\t\t\t\t\t\t\t\t\t\t\t\t<img fetchpriority=\"high\" decoding=\"async\" width=\"768\" height=\"512\" src=\"https:\/\/www.omni-biotic.com\/es-es\/wp-content\/uploads\/sites\/6\/2025\/03\/apfel-walnuss-oats-3-768x512.jpg\" class=\"attachment-medium_large size-medium_large wp-image-24618\" alt=\"Postre de Navidad de avena y manzana\" srcset=\"https:\/\/www.omni-biotic.com\/es-es\/wp-content\/uploads\/sites\/6\/2025\/03\/apfel-walnuss-oats-3-768x512.jpg 768w, https:\/\/www.omni-biotic.com\/es-es\/wp-content\/uploads\/sites\/6\/2025\/03\/apfel-walnuss-oats-3-300x200.jpg 300w, https:\/\/www.omni-biotic.com\/es-es\/wp-content\/uploads\/sites\/6\/2025\/03\/apfel-walnuss-oats-3.jpg 1000w\" sizes=\"(max-width: 768px) 100vw, 768px\" title=\"\">\t\t\t\t\t\t\t\t\t\t\t\t\t\t\t<\/div>\n\t\t\t\t<\/div>\n\t\t\t\t<div class=\"elementor-element elementor-element-6cb8332 elementor-widget elementor-widget-heading\" data-id=\"6cb8332\" data-element_type=\"widget\" data-widget_type=\"heading.default\">\n\t\t\t\t<div class=\"elementor-widget-container\">\n\t\t\t\t\t<h2 class=\"elementor-heading-title elementor-size-default\">Ingredientes<\/h2>\t\t\t\t<\/div>\n\t\t\t\t<\/div>\n\t\t\t\t<div class=\"elementor-element elementor-element-211d1e6 elementor-widget elementor-widget-text-editor\" data-id=\"211d1e6\" data-element_type=\"widget\" data-widget_type=\"text-editor.default\">\n\t\t\t\t<div class=\"elementor-widget-container\">\n\t\t\t\t\t\t\t\t\t<ul><li data-start=\"1061\" data-end=\"1104\"><p data-start=\"1063\" data-end=\"1104\">5 cucharadas de copos de avena integral<\/p><\/li><li data-start=\"1105\" data-end=\"1142\"><p data-start=\"1107\" data-end=\"1142\">120 ml de zumo de manzana natural<\/p><\/li><li data-start=\"1143\" data-end=\"1193\"><p data-start=\"1145\" data-end=\"1193\">60 g de queso fresco batido o yogur tipo quark<\/p><\/li><li data-start=\"1194\" data-end=\"1227\"><p data-start=\"1196\" data-end=\"1227\">\u00bd manzana, cortada en daditos<\/p><\/li><li data-start=\"1228\" data-end=\"1262\"><p data-start=\"1230\" data-end=\"1262\">2 cucharadas de nueces picadas<\/p><\/li><li>1 sobre de <a href=\"https:\/\/hub.allergosan.com\/produkte\/omni-biotic-6\/\" rel=\"noopener\">OMNi-BiOTiC\u00ae 6<\/a><\/li><li data-start=\"1297\" data-end=\"1316\"><p data-start=\"1299\" data-end=\"1316\">Canela al gusto<\/p><\/li><li data-start=\"1317\" data-end=\"1393\"><p data-start=\"1319\" data-end=\"1393\">Opcional: vainilla, an\u00eds estrellado, ralladura de naranja o nuez moscada<\/p><\/li><\/ul>\t\t\t\t\t\t\t\t<\/div>\n\t\t\t\t<\/div>\n\t\t\t\t\t<\/div>\n\t\t\t\t<\/div>\n\t\t<div class=\"elementor-element elementor-element-0cfab05 obcs none e-flex e-con-boxed e-con e-parent\" data-id=\"0cfab05\" data-element_type=\"container\">\n\t\t\t\t\t<div class=\"e-con-inner\">\n\t\t\t\t<div class=\"elementor-element elementor-element-eac35d4 elementor-widget elementor-widget-heading\" data-id=\"eac35d4\" data-element_type=\"widget\" data-widget_type=\"heading.default\">\n\t\t\t\t<div class=\"elementor-widget-container\">\n\t\t\t\t\t<h2 class=\"elementor-heading-title elementor-size-default\">Preparaci\u00f3n<\/h2>\t\t\t\t<\/div>\n\t\t\t\t<\/div>\n\t\t\t\t<div class=\"elementor-element elementor-element-6b43535 elementor-widget elementor-widget-text-editor\" data-id=\"6b43535\" data-element_type=\"widget\" data-widget_type=\"text-editor.default\">\n\t\t\t\t<div class=\"elementor-widget-container\">\n\t\t\t\t\t\t\t\t\t<p data-start=\"1795\" data-end=\"2027\">Pon la avena en un tarro con tapa y a\u00f1ade parte del zumo de manzana. Mezcla con el yogur o quark hasta obtener una textura cremosa e incorpora la manzana troceada. Cierra el tarro y d\u00e9jalo reposar en la nevera durante toda la noche.<\/p><p data-start=\"2029\" data-end=\"2314\">A la ma\u00f1ana siguiente, a\u00f1ade las nueces justo antes de comer para que mantengan su textura crujiente. Activa <strong data-start=\"2138\" data-end=\"2167\">1 sobre de OMNi-BiOTiC\u00ae 6<\/strong> en una cucharada de agua, espera un minuto y m\u00e9zclalo con la avena antes de disfrutarla. Ajusta la canela o las especias navide\u00f1as seg\u00fan tu gusto.<\/p>\t\t\t\t\t\t\t\t<\/div>\n\t\t\t\t<\/div>\n\t\t\t\t\t<\/div>\n\t\t\t\t<\/div>\n\t\t<div class=\"elementor-element elementor-element-5efc267 obcs none e-flex e-con-boxed e-con e-parent\" data-id=\"5efc267\" data-element_type=\"container\">\n\t\t\t\t\t<div class=\"e-con-inner\">\n\t\t\t\t<div class=\"elementor-element elementor-element-df5eeea elementor-widget elementor-widget-heading\" data-id=\"df5eeea\" data-element_type=\"widget\" data-widget_type=\"heading.default\">\n\t\t\t\t<div class=\"elementor-widget-container\">\n\t\t\t\t\t<h2 class=\"elementor-heading-title elementor-size-default\">Un toque navide\u00f1o<\/h2>\t\t\t\t<\/div>\n\t\t\t\t<\/div>\n\t\t\t\t<div class=\"elementor-element elementor-element-61bebf4 elementor-widget elementor-widget-text-editor\" data-id=\"61bebf4\" data-element_type=\"widget\" data-widget_type=\"text-editor.default\">\n\t\t\t\t<div class=\"elementor-widget-container\">\n\t\t\t\t\t\t\t\t\t<div class=\"wpb_wrapper\"><p data-start=\"2350\" data-end=\"2758\">La magia de esta receta est\u00e1 en los <b>peque\u00f1os detalles<\/b>. Puedes a\u00f1adir un <b>chorrito de miel <\/b>o <b>sirope de d\u00e1til<\/b> si prefieres un resultado m\u00e1s dulce, o incluir <b>pasas<\/b>, <b>ar\u00e1ndanos rojos <\/b>o <b>chips de manzana <\/b>para darle un aire m\u00e1s festivo. La <b>ralladura de naranja<\/b> aporta frescura y combina a la perfecci\u00f3n con la <b>canela<\/b>, mientras que la <b>vainilla <\/b>y la <b>nuez moscada<\/b> intensifican ese aroma c\u00e1lido tan t\u00edpico de diciembre.<\/p><p data-start=\"2760\" data-end=\"2941\">Si te gusta experimentar, puedes dejar un <b>an\u00eds estrellado <\/b>o un poco de <b>cardamomo <\/b>dentro del tarro durante la noche y retirarlo por la ma\u00f1ana. Dejar\u00e1 un perfume sutil y muy navide\u00f1o.<\/p><\/div>\t\t\t\t\t\t\t\t<\/div>\n\t\t\t\t<\/div>\n\t\t\t\t\t<\/div>\n\t\t\t\t<\/div>\n\t\t<div class=\"elementor-element elementor-element-b60548e obcs none e-flex e-con-boxed e-con e-parent\" data-id=\"b60548e\" data-element_type=\"container\">\n\t\t\t\t\t<div class=\"e-con-inner\">\n\t\t\t\t<div class=\"elementor-element elementor-element-bec7306 elementor-widget elementor-widget-heading\" data-id=\"bec7306\" data-element_type=\"widget\" data-widget_type=\"heading.default\">\n\t\t\t\t<div class=\"elementor-widget-container\">\n\t\t\t\t\t<h2 class=\"elementor-heading-title elementor-size-default\">Avena + Manzana: una combinaci\u00f3n que siempre funciona<\/h2>\t\t\t\t<\/div>\n\t\t\t\t<\/div>\n\t\t\t\t<div class=\"elementor-element elementor-element-4e29fee elementor-widget elementor-widget-text-editor\" data-id=\"4e29fee\" data-element_type=\"widget\" data-widget_type=\"text-editor.default\">\n\t\t\t\t<div class=\"elementor-widget-container\">\n\t\t\t\t\t\t\t\t\t<div class=\"wpb_wrapper\"><p data-start=\"3013\" data-end=\"3336\">La avena se ha convertido en uno de los desayunos m\u00e1s buscados en Espa\u00f1a por su aporte de fibra soluble y su capacidad para mantener la energ\u00eda estable. La manzana, por su parte, aporta dulzor natural, frescor y un equilibrio perfecto para el est\u00f3mago, especialmente en un mes donde solemos excedernos m\u00e1s de lo habitual.<\/p><p data-start=\"3338\" data-end=\"3583\">Juntas crean un desayuno reconfortante, suave y nutritivo, ideal para quienes quieren cuidarse sin renunciar al sabor. Y, al tratarse de una preparaci\u00f3n fr\u00eda, incorporar <strong data-start=\"3508\" data-end=\"3526\">OMNi-BiOTiC\u00ae 6<\/strong> justo antes de tomarlo es r\u00e1pido, c\u00f3modo y muy efectivo.<\/p><\/div>\t\t\t\t\t\t\t\t<\/div>\n\t\t\t\t<\/div>\n\t\t\t\t\t<\/div>\n\t\t\t\t<\/div>\n\t\t<div class=\"elementor-element elementor-element-45aef86 obcs none e-flex e-con-boxed e-con e-parent\" data-id=\"45aef86\" data-element_type=\"container\">\n\t\t\t\t\t<div class=\"e-con-inner\">\n\t\t\t\t<div class=\"elementor-element elementor-element-368f0ad elementor-widget elementor-widget-heading\" data-id=\"368f0ad\" data-element_type=\"widget\" data-widget_type=\"heading.default\">\n\t\t\t\t<div class=\"elementor-widget-container\">\n\t\t\t\t\t<h2 class=\"elementor-heading-title elementor-size-default\">La avena, el supercereal que siempre funciona<\/h2>\t\t\t\t<\/div>\n\t\t\t\t<\/div>\n\t\t<div class=\"elementor-element elementor-element-54e13e3 e-con-full obcs none e-flex e-con e-child\" data-id=\"54e13e3\" data-element_type=\"container\">\n\t\t\t\t<div class=\"elementor-element elementor-element-fb83608 elementor-widget elementor-widget-image\" data-id=\"fb83608\" data-element_type=\"widget\" data-widget_type=\"image.default\">\n\t\t\t\t<div class=\"elementor-widget-container\">\n\t\t\t\t\t\t\t\t\t\t\t\t\t\t\t<img decoding=\"async\" width=\"800\" height=\"534\" src=\"https:\/\/www.omni-biotic.com\/es-es\/wp-content\/uploads\/sites\/6\/2025\/11\/Avena-Manzana-y-Canela-1024x683.png\" class=\"attachment-large size-large wp-image-26118\" alt=\"Postre de navidad de avena, manzana y canela\" srcset=\"https:\/\/www.omni-biotic.com\/es-es\/wp-content\/uploads\/sites\/6\/2025\/11\/Avena-Manzana-y-Canela-1024x683.png 1024w, https:\/\/www.omni-biotic.com\/es-es\/wp-content\/uploads\/sites\/6\/2025\/11\/Avena-Manzana-y-Canela-300x200.png 300w, https:\/\/www.omni-biotic.com\/es-es\/wp-content\/uploads\/sites\/6\/2025\/11\/Avena-Manzana-y-Canela-768x512.png 768w, https:\/\/www.omni-biotic.com\/es-es\/wp-content\/uploads\/sites\/6\/2025\/11\/Avena-Manzana-y-Canela.png 1536w\" sizes=\"(max-width: 800px) 100vw, 800px\" title=\"\">\t\t\t\t\t\t\t\t\t\t\t\t\t\t\t<\/div>\n\t\t\t\t<\/div>\n\t\t\t\t<\/div>\n\t\t\t\t<div class=\"elementor-element elementor-element-9cbc4dd elementor-widget elementor-widget-text-editor\" data-id=\"9cbc4dd\" data-element_type=\"widget\" data-widget_type=\"text-editor.default\">\n\t\t\t\t<div class=\"elementor-widget-container\">\n\t\t\t\t\t\t\t\t\t<div class=\"wpb_wrapper\"><p data-start=\"3650\" data-end=\"3972\">La <b>avena<\/b> genera muchas preguntas, especialmente cuando buscamos alternativas m\u00e1s equilibradas durante las fiestas. Una de las m\u00e1s habituales es <b>c\u00f3mo preparar la avena<\/b>\u00a0para desayunar sin complicaciones, y la respuesta es muy sencilla: dejarla reposar en la nevera toda la noche hace que quede cremosa sin necesidad de cocinarla.<\/p><p data-start=\"3974\" data-end=\"4180\">Otra duda com\u00fan es si es mejor prepararla <b>con leche o con zumo<\/b>. Las dos opciones funcionan bien: la leche aporta m\u00e1s cremosidad y el zumo de manzana da un toque dulce e invernal, perfecto para esta \u00e9poca.<\/p><p data-start=\"4182\" data-end=\"4550\">Quienes no disfrutan de las gachas calientes suelen preferir los <em data-start=\"4247\" data-end=\"4263\">overnight oats<\/em>, ya que se toman en fr\u00edo, son f\u00e1ciles de llevar y permiten a\u00f1adir el probi\u00f3tico justo antes de consumir. Tambi\u00e9n es habitual preguntarse para qu\u00e9 es buena la avena, y lo cierto es que su<b> fibra<\/b> soluble ayuda a la <b>saciedad y al bienestar digestivo<\/b>, algo especialmente \u00fatil en diciembre.<\/p><p data-start=\"4552\" data-end=\"4874\">Si te interesa usar la avena de otras formas, puedes aprovecharla para hacer <b>tortitas <\/b>o <b>galletas de avena\u00a0<\/b>mezcl\u00e1ndola con huevo o bebida vegetal y a\u00f1adiendo canela y ralladura de naranja. Y si te preocupa su aporte cal\u00f3rico, una raci\u00f3n est\u00e1ndar de <b>30 g aporta unas 110\u2013120 kcal<\/b>, lo que la convierte en una opci\u00f3n <b>ligera <\/b>y <b>completa<\/b>.<\/p><\/div>\t\t\t\t\t\t\t\t<\/div>\n\t\t\t\t<\/div>\n\t\t\t\t\t<\/div>\n\t\t\t\t<\/div>\n\t\t<div class=\"elementor-element elementor-element-4bd790d obcs none e-flex e-con-boxed e-con e-parent\" data-id=\"4bd790d\" data-element_type=\"container\">\n\t\t\t\t\t<div class=\"e-con-inner\">\n\t\t\t\t<div class=\"elementor-element elementor-element-727e37e elementor-widget elementor-widget-heading\" data-id=\"727e37e\" data-element_type=\"widget\" data-widget_type=\"heading.default\">\n\t\t\t\t<div class=\"elementor-widget-container\">\n\t\t\t\t\t<h2 class=\"elementor-heading-title elementor-size-default\">Para qui\u00e9n es ideal esta receta<\/h2>\t\t\t\t<\/div>\n\t\t\t\t<\/div>\n\t\t\t\t<div class=\"elementor-element elementor-element-504e36d elementor-widget elementor-widget-text-editor\" data-id=\"504e36d\" data-element_type=\"widget\" data-widget_type=\"text-editor.default\">\n\t\t\t\t<div class=\"elementor-widget-container\">\n\t\t\t\t\t\t\t\t\t<div class=\"wpb_wrapper\"><p data-start=\"4591\" data-end=\"4876\">Aunque est\u00e1 pensada como desayuno, su versatilidad permite disfrutarla en otros momentos del d\u00eda. Su textura suave, su dulzor natural y su equilibrio la convierten tambi\u00e9n en una <strong data-start=\"4770\" data-end=\"4785\">cena ligera<\/strong>, perfecta en d\u00edas donde no apetece cocinar pero se desea algo digestivo y reconfortante.<\/p><p data-start=\"4878\" data-end=\"5089\">Para quienes disfrutan del dulce de manera equilibrada, esta avena navide\u00f1a tambi\u00e9n puede ser un <strong data-start=\"4975\" data-end=\"4995\">postre saludable<\/strong>, con el toque c\u00e1lido de la manzana y la canela y el crujido de las nueces como contrapunto.<\/p><p data-start=\"5091\" data-end=\"5456\">Es una opci\u00f3n ideal para quienes necesitan energ\u00eda estable por la ma\u00f1ana, para quienes buscan alternativas ligeras tras una comida copiosa o para familias que quieren recetas nutritivas y r\u00e1pidas para todos. Tambi\u00e9n es especialmente pr\u00e1ctica para quienes hacen <em data-start=\"5352\" data-end=\"5367\">batch cooking<\/em>, ya que se prepara la noche antes, se conserva muy bien y est\u00e1 lista cuando se necesita.<\/p><\/div>\t\t\t\t\t\t\t\t<\/div>\n\t\t\t\t<\/div>\n\t\t\t\t\t<\/div>\n\t\t\t\t<\/div>\n\t\t<div class=\"elementor-element elementor-element-8dfb408 obcs none e-flex e-con-boxed e-con e-parent\" data-id=\"8dfb408\" data-element_type=\"container\">\n\t\t\t\t\t<div class=\"e-con-inner\">\n\t\t\t\t<div class=\"elementor-element elementor-element-2ab09d5 elementor-widget elementor-widget-heading\" data-id=\"2ab09d5\" data-element_type=\"widget\" data-widget_type=\"heading.default\">\n\t\t\t\t<div class=\"elementor-widget-container\">\n\t\t\t\t\t<h2 class=\"elementor-heading-title elementor-size-default\">Conclusi\u00f3n: un desayuno navide\u00f1o saludable, r\u00e1pido y lleno de sabor<\/h2>\t\t\t\t<\/div>\n\t\t\t\t<\/div>\n\t\t\t\t<div class=\"elementor-element elementor-element-07ae354 elementor-widget elementor-widget-text-editor\" data-id=\"07ae354\" data-element_type=\"widget\" data-widget_type=\"text-editor.default\">\n\t\t\t\t<div class=\"elementor-widget-container\">\n\t\t\t\t\t\t\t\t\t<div class=\"wpb_wrapper\">\n<p data-start=\"3650\" data-end=\"3972\">Esta avena navide\u00f1a demuestra que, incluso en los d\u00edas m\u00e1s ajetreados de diciembre, podemos disfrutar de recetas reconfortantes y equilibradas. Es f\u00e1cil, cremosa, arom\u00e1tica y se adapta a cualquier gusto con peque\u00f1as variaciones.<\/p>\n<\/div>\t\t\t\t\t\t\t\t<\/div>\n\t\t\t\t<\/div>\n\t\t\t\t\t<\/div>\n\t\t\t\t<\/div>\n\t\t\t\t<\/div>\n\t\t","protected":false},"excerpt":{"rendered":"<p>Una receta de avena para Navidad: cremosa, ligera y con el toque c\u00e1lido de la manzana y la canela. Ideal como desayuno, cena ligera o incluso postre saludable en estas fiestas.<\/p>\n","protected":false},"author":42,"featured_media":24618,"comment_status":"closed","ping_status":"closed","sticky":false,"template":"","format":"standard","meta":{"_acf_changed":false,"inline_featured_image":false,"footnotes":""},"categories":[109],"tags":[],"class_list":["post-26116","post","type-post","status-publish","format-standard","has-post-thumbnail","hentry","category-nutricion-y-recetas"],"acf":[],"rank_math":{"og:title":"Avena para Navidad: receta f\u00e1cil, saludable y llena de sabor","og:desc":"Disfruta esta receta de avena para Navidad con manzana. Ligera, cremosa y lista en fr\u00edo: ideal como desayuno, cena ligera o postre saludable.","og:url":"https:\/\/www.omni-biotic.com\/es-es\/blog\/avena-para-navidad-receta-saludable\/","og:locale":"es_ES","og:image":"https:\/\/www.omni-biotic.com\/es-es\/wp-content\/uploads\/sites\/6\/2025\/03\/apfel-walnuss-oats-3.jpg","og:image:width":"1000","og:image:height":"667"},"additional_data":{"thumbnail":"https:\/\/www.omni-biotic.com\/es-es\/wp-content\/uploads\/sites\/6\/2025\/03\/apfel-walnuss-oats-3.jpg"},"blog_info":{"country":"es-es"},"_links":{"self":[{"href":"https:\/\/www.omni-biotic.com\/es-es\/wp-json\/wp\/v2\/posts\/26116","targetHints":{"allow":["GET"]}}],"collection":[{"href":"https:\/\/www.omni-biotic.com\/es-es\/wp-json\/wp\/v2\/posts"}],"about":[{"href":"https:\/\/www.omni-biotic.com\/es-es\/wp-json\/wp\/v2\/types\/post"}],"author":[{"embeddable":true,"href":"https:\/\/www.omni-biotic.com\/es-es\/wp-json\/wp\/v2\/users\/42"}],"replies":[{"embeddable":true,"href":"https:\/\/www.omni-biotic.com\/es-es\/wp-json\/wp\/v2\/comments?post=26116"}],"version-history":[{"count":7,"href":"https:\/\/www.omni-biotic.com\/es-es\/wp-json\/wp\/v2\/posts\/26116\/revisions"}],"predecessor-version":[{"id":26127,"href":"https:\/\/www.omni-biotic.com\/es-es\/wp-json\/wp\/v2\/posts\/26116\/revisions\/26127"}],"wp:featuredmedia":[{"embeddable":true,"href":"https:\/\/www.omni-biotic.com\/es-es\/wp-json\/wp\/v2\/media\/24618"}],"wp:attachment":[{"href":"https:\/\/www.omni-biotic.com\/es-es\/wp-json\/wp\/v2\/media?parent=26116"}],"wp:term":[{"taxonomy":"category","embeddable":true,"href":"https:\/\/www.omni-biotic.com\/es-es\/wp-json\/wp\/v2\/categories?post=26116"},{"taxonomy":"post_tag","embeddable":true,"href":"https:\/\/www.omni-biotic.com\/es-es\/wp-json\/wp\/v2\/tags?post=26116"}],"curies":[{"name":"wp","href":"https:\/\/api.w.org\/{rel}","templated":true}]}}