{"id":26132,"date":"2025-12-01T12:17:34Z","date_gmt":"2025-12-01T11:17:34Z","guid":{"rendered":"https:\/\/www.omni-biotic.com\/es-es\/?p=26132"},"modified":"2025-12-17T10:20:59Z","modified_gmt":"2025-12-17T09:20:59Z","slug":"omni-biotic-pro-vi-5","status":"publish","type":"post","link":"https:\/\/www.omni-biotic.com\/es-es\/blog\/omni-biotic-pro-vi-5\/","title":{"rendered":"Microbiota y defensas: c\u00f3mo act\u00faan las 5 bacterias de OMNi-BiOTiC\u00ae Pro-Vi 5"},"content":{"rendered":"\t\t<div data-elementor-type=\"wp-post\" data-elementor-id=\"26132\" class=\"elementor elementor-26132\" data-elementor-post-type=\"post\">\n\t\t\t\t<div class=\"elementor-element elementor-element-6cdc951 obcs none e-flex e-con-boxed e-con e-parent\" data-id=\"6cdc951\" data-element_type=\"container\">\n\t\t\t\t\t<div class=\"e-con-inner\">\n\t\t\t\t<div class=\"elementor-element elementor-element-df08357 elementor-widget elementor-widget-heading\" data-id=\"df08357\" data-element_type=\"widget\" data-widget_type=\"heading.default\">\n\t\t\t\t<div class=\"elementor-widget-container\">\n\t\t\t\t\t<h2 class=\"elementor-heading-title elementor-size-default\">Microbiota e inmunidad: un equipo inseparable<\/h2>\t\t\t\t<\/div>\n\t\t\t\t<\/div>\n\t\t<div class=\"elementor-element elementor-element-5d305fc e-con-full obcs none e-flex e-con e-child\" data-id=\"5d305fc\" data-element_type=\"container\">\n\t\t\t\t<div class=\"elementor-element elementor-element-6f21378 elementor-widget elementor-widget-text-editor\" data-id=\"6f21378\" data-element_type=\"widget\" data-widget_type=\"text-editor.default\">\n\t\t\t\t<div class=\"elementor-widget-container\">\n\t\t\t\t\t\t\t\t\t<p data-start=\"396\" data-end=\"813\">El intestino y el sistema inmunitario est\u00e1n estrechamente vinculados. Por un lado, las bacterias intestinales act\u00faan como una barrera protectora fundamental que impide que pat\u00f3genos y toxinas lleguen al torrente sangu\u00edneo. Por otro, alrededor del <strong data-start=\"643\" data-end=\"684\">80 % de nuestras c\u00e9lulas inmunitarias<\/strong> reside en el intestino, donde desempe\u00f1an un papel decisivo tanto en la salud como en el desarrollo de determinadas enfermedades.<\/p><p data-start=\"815\" data-end=\"1087\">El sistema inmunitario, y su \u201ccentro de control\u201d, el intestino, se enfrenta a <strong data-start=\"893\" data-end=\"923\">retos importantes cada d\u00eda<\/strong>. La exposici\u00f3n constante a virus y a otros microorganismos pat\u00f3genos supone una carga elevada para nuestras defensas. A esto se suman factores muy habituales como:<\/p><ul data-start=\"1089\" data-end=\"1264\"><li data-start=\"1089\" data-end=\"1110\"><p data-start=\"1091\" data-end=\"1110\">el <strong data-start=\"1094\" data-end=\"1107\">aire seco<\/strong>,<\/p><\/li><li data-start=\"1111\" data-end=\"1154\"><p data-start=\"1113\" data-end=\"1154\">los <strong data-start=\"1117\" data-end=\"1151\">cambios bruscos de temperatura<\/strong>,<\/p><\/li><li data-start=\"1155\" data-end=\"1183\"><p data-start=\"1157\" data-end=\"1183\">el <strong data-start=\"1160\" data-end=\"1180\">estr\u00e9s cotidiano<\/strong>,<\/p><\/li><li data-start=\"1184\" data-end=\"1225\"><p data-start=\"1186\" data-end=\"1225\">un <strong data-start=\"1189\" data-end=\"1222\">estilo de vida poco saludable<\/strong>,<\/p><\/li><li data-start=\"1226\" data-end=\"1264\"><p data-start=\"1228\" data-end=\"1264\">una <strong data-start=\"1232\" data-end=\"1263\">alimentaci\u00f3n desequilibrada<\/strong>.<\/p><\/li><\/ul><p data-start=\"1266\" data-end=\"1569\">Todo ello contribuye a alterar la microbiota intestinal, favoreciendo que pierda diversidad y estabilidad. Cuando esta flora intestinal se desequilibra, puede aparecer una <strong data-start=\"1438\" data-end=\"1478\">deficiencia de nutrientes esenciales<\/strong>, como la <strong data-start=\"1488\" data-end=\"1502\"><a href=\"https:\/\/www.omni-biotic.com\/es-es\/blog\/vitamina-d\/\">vitamina D<\/a><\/strong>, que el sistema inmunitario necesita para funcionar correctamente.<\/p><p data-start=\"1571\" data-end=\"2013\">En este contexto, <strong data-start=\"1589\" data-end=\"1614\">OMNi-BiOTiC\u00ae Pro-Vi 5<\/strong> destaca por su combinaci\u00f3n innovadora y \u00fanica a nivel mundial de <strong data-start=\"1680\" data-end=\"1707\">cinco cepas bacterianas<\/strong> cuya eficacia ha sido demostrada en numerosos estudios. Cada raci\u00f3n aporta <strong data-start=\"1783\" data-end=\"1822\">5.000 millones de bacterias activas<\/strong>, que ayudan a repoblar y equilibrar la microbiota. La f\u00f3rmula se completa con <strong data-start=\"1901\" data-end=\"1915\">vitamina D<\/strong>, que desempe\u00f1a un papel crucial en el mantenimiento de la funci\u00f3n normal del sistema inmunitario.<\/p>\t\t\t\t\t\t\t\t<\/div>\n\t\t\t\t<\/div>\n\t\t\t\t<\/div>\n\t\t\t\t\t<\/div>\n\t\t\t\t<\/div>\n\t\t<div class=\"elementor-element elementor-element-bf5e1c7 obcs none e-flex e-con-boxed e-con e-parent\" data-id=\"bf5e1c7\" data-element_type=\"container\">\n\t\t\t\t\t<div class=\"e-con-inner\">\n\t\t\t\t<div class=\"elementor-element elementor-element-3ff1819 elementor-widget elementor-widget-heading\" data-id=\"3ff1819\" data-element_type=\"widget\" data-widget_type=\"heading.default\">\n\t\t\t\t<div class=\"elementor-widget-container\">\n\t\t\t\t\t<h2 class=\"elementor-heading-title elementor-size-default\">\u00bfQu\u00e9 hace que OMNi-BiOTiC\u00ae Pro-Vi 5 sea tan especial?<\/h2>\t\t\t\t<\/div>\n\t\t\t\t<\/div>\n\t\t<div class=\"elementor-element elementor-element-4b437d5 e-con-full obcs none e-flex e-con e-child\" data-id=\"4b437d5\" data-element_type=\"container\">\n\t\t\t\t<div class=\"elementor-element elementor-element-942b1ee elementor-widget elementor-widget-image\" data-id=\"942b1ee\" data-element_type=\"widget\" data-widget_type=\"image.default\">\n\t\t\t\t<div class=\"elementor-widget-container\">\n\t\t\t\t\t\t\t\t\t\t\t\t\t\t\t<img decoding=\"async\" src=\"https:\/\/www.omni-biotic.com\/es-es\/wp-content\/uploads\/sites\/6\/2025\/11\/omni-Biotic_Pro-Vi-5.png\" title=\"omni Biotic_Pro-Vi 5\" alt=\"Probiotico para los virus\" loading=\"lazy\" \/>\t\t\t\t\t\t\t\t\t\t\t\t\t\t\t<\/div>\n\t\t\t\t<\/div>\n\t\t\t\t<\/div>\n\t\t<div class=\"elementor-element elementor-element-950ad82 e-con-full obcs none e-flex e-con e-child\" data-id=\"950ad82\" data-element_type=\"container\">\n\t\t\t\t<div class=\"elementor-element elementor-element-7ccce9a elementor-widget elementor-widget-text-editor\" data-id=\"7ccce9a\" data-element_type=\"widget\" data-widget_type=\"text-editor.default\">\n\t\t\t\t<div class=\"elementor-widget-container\">\n\t\t\t\t\t\t\t\t\t<h4 data-start=\"282\" data-end=\"379\"><span style=\"color: #b6185c\">OMNi-BiOTiC\u00ae Pro-Vi 5: 5 bacterias profesionales + vitamina D para el sistema inmunitario<\/span><\/h4><p data-start=\"381\" data-end=\"890\">Lo que convierte a OMNi-BiOTiC\u00ae Pro-Vi 5 en un producto realmente especial es su <strong data-start=\"462\" data-end=\"526\">combinaci\u00f3n \u00fanica a nivel mundial de cinco cepas bacterianas<\/strong>, seleccionadas espec\u00edficamente por sus propiedades para interactuar con virus y apoyar al sistema inmunitario. Cada sobre contiene <strong data-start=\"658\" data-end=\"697\">5.000 millones de <a href=\"https:\/\/www.omni-biotic.com\/es-es\/salud-intestinal\/el-intestino-como-centro-de-la-salud\/bacterias-intestinales\/\">bacterias activas<\/a><\/strong>, todas ellas <strong data-start=\"711\" data-end=\"747\">cepas cient\u00edficamente estudiadas<\/strong>, acompa\u00f1adas de <strong data-start=\"764\" data-end=\"778\">vitamina D<\/strong>, un micronutriente esencial que contribuye al funcionamiento normal del sistema inmunitario en adultos y ni\u00f1os.<\/p><p data-start=\"892\" data-end=\"1233\">Esta formulaci\u00f3n ha sido dise\u00f1ada para <strong data-start=\"931\" data-end=\"968\">reforzar la <a href=\"https:\/\/www.omni-biotic.com\/es-es\/salud-intestinal\/el-intestino-como-centro-de-la-salud\/el-microbioma-humano\/\">microbiota intestinal<\/a><\/strong><a href=\"https:\/\/www.omni-biotic.com\/es-es\/salud-intestinal\/el-intestino-como-centro-de-la-salud\/el-microbioma-humano\/\">,<\/a> apoyando al organismo cuando las defensas necesitan un impulso adicional. La sinergia entre las cinco bacterias y la vitamina D convierte esta combinaci\u00f3n en una herramienta eficaz para favorecer una barrera intestinal equilibrada y un sistema inmunitario fuerte.<\/p><h4 data-start=\"1235\" data-end=\"1301\"><span style=\"color: #b6185c\" data-start=\"1239\" data-end=\"1301\">Las 5 cepas bacterianas presentes en OMNi-BiOTiC\u00ae Pro-Vi 5<\/span><\/h4><ul data-start=\"1303\" data-end=\"1559\"><li data-start=\"1303\" data-end=\"1370\"><p data-start=\"1305\" data-end=\"1370\"><b><em data-start=\"1305\" data-end=\"1332\">Lactobacillus delbrueckii<\/em> ssp. <em data-start=\"1338\" data-end=\"1350\">bulgaricus<\/em> LB2 (LMG P-21905)<\/b><\/p><\/li><li data-start=\"1371\" data-end=\"1416\"><p data-start=\"1373\" data-end=\"1416\"><b><em data-start=\"1373\" data-end=\"1398\">Lactobacillus rhamnosus<\/em> SP1 (DSM 21690)<\/b><\/p><\/li><li data-start=\"1417\" data-end=\"1454\"><p data-start=\"1419\" data-end=\"1454\"><b><em data-start=\"1419\" data-end=\"1442\">Lactobacillus reuteri<\/em> DSM 12246<\/b><\/p><\/li><li data-start=\"1455\" data-end=\"1504\"><p data-start=\"1457\" data-end=\"1504\"><b><em data-start=\"1457\" data-end=\"1482\">Lactobacillus rhamnosus<\/em> CRL1505 (DSM 29673)<\/b><\/p><\/li><li data-start=\"1505\" data-end=\"1559\"><p data-start=\"1507\" data-end=\"1559\"><b><em data-start=\"1507\" data-end=\"1533\">Bifidobacterium animalis<\/em> ssp. <em data-start=\"1539\" data-end=\"1547\">lactis<\/em> DSM 15954<\/b><\/p><\/li><\/ul><p data-start=\"1561\" data-end=\"1791\">Cada una de estas cepas aporta propiedades espec\u00edficas y complementarias. En conjunto, act\u00faan como un <strong data-start=\"1663\" data-end=\"1684\">equipo coordinado<\/strong> que contribuye a equilibrar la microbiota intestinal y a mantener la respuesta inmunitaria en buen estado.<\/p>\t\t\t\t\t\t\t\t<\/div>\n\t\t\t\t<\/div>\n\t\t\t\t<\/div>\n\t\t\t\t\t<\/div>\n\t\t\t\t<\/div>\n\t\t<div class=\"elementor-element elementor-element-0a97c17 obcs none e-flex e-con-boxed e-con e-parent\" data-id=\"0a97c17\" data-element_type=\"container\">\n\t\t\t\t\t<div class=\"e-con-inner\">\n\t\t\t\t<div class=\"elementor-element elementor-element-a72420e elementor-widget elementor-widget-image\" data-id=\"a72420e\" data-element_type=\"widget\" data-widget_type=\"image.default\">\n\t\t\t\t<div class=\"elementor-widget-container\">\n\t\t\t\t\t\t\t\t\t\t\t\t\t\t\t<img fetchpriority=\"high\" decoding=\"async\" width=\"800\" height=\"534\" src=\"https:\/\/www.omni-biotic.com\/es-es\/wp-content\/uploads\/sites\/6\/2025\/11\/Invierno_Omni-Biotic_Pro-Vi-5-1024x683.png\" class=\"attachment-large size-large wp-image-26135\" alt=\"Probioticos para el invierno\" srcset=\"https:\/\/www.omni-biotic.com\/es-es\/wp-content\/uploads\/sites\/6\/2025\/11\/Invierno_Omni-Biotic_Pro-Vi-5-1024x683.png 1024w, https:\/\/www.omni-biotic.com\/es-es\/wp-content\/uploads\/sites\/6\/2025\/11\/Invierno_Omni-Biotic_Pro-Vi-5-300x200.png 300w, https:\/\/www.omni-biotic.com\/es-es\/wp-content\/uploads\/sites\/6\/2025\/11\/Invierno_Omni-Biotic_Pro-Vi-5-768x512.png 768w, https:\/\/www.omni-biotic.com\/es-es\/wp-content\/uploads\/sites\/6\/2025\/11\/Invierno_Omni-Biotic_Pro-Vi-5.png 1536w\" sizes=\"(max-width: 800px) 100vw, 800px\" title=\"\">\t\t\t\t\t\t\t\t\t\t\t\t\t\t\t<\/div>\n\t\t\t\t<\/div>\n\t\t\t\t\t<\/div>\n\t\t\t\t<\/div>\n\t\t<div class=\"elementor-element elementor-element-db169a7 obcs none e-flex e-con-boxed e-con e-parent\" data-id=\"db169a7\" data-element_type=\"container\">\n\t\t\t\t\t<div class=\"e-con-inner\">\n\t\t<div class=\"elementor-element elementor-element-3cc9328 e-con-full obcs none e-flex e-con e-child\" data-id=\"3cc9328\" data-element_type=\"container\">\n\t\t\t\t<div class=\"elementor-element elementor-element-3515d1d elementor-widget elementor-widget-heading\" data-id=\"3515d1d\" data-element_type=\"widget\" data-widget_type=\"heading.default\">\n\t\t\t\t<div class=\"elementor-widget-container\">\n\t\t\t\t\t<h2 class=\"elementor-heading-title elementor-size-default\">\u00bfC\u00f3mo act\u00faa OMNi-BiOTiC\u00ae Pro-Vi 5?<\/h2>\t\t\t\t<\/div>\n\t\t\t\t<\/div>\n\t\t\t\t<div class=\"elementor-element elementor-element-4c058d4 elementor-widget elementor-widget-text-editor\" data-id=\"4c058d4\" data-element_type=\"widget\" data-widget_type=\"text-editor.default\">\n\t\t\t\t<div class=\"elementor-widget-container\">\n\t\t\t\t\t\t\t\t\t<p data-start=\"3857\" data-end=\"4102\"><b>OMNi-BiOTiC\u00ae Pro-Vi 5<\/b> aporta una mezcla equilibrada de cinco cepas bacterianas beneficiosas que complementan la microbiota natural. Estas bacterias contribuyen a reforzar la barrera intestinal y, en consecuencia, a apoyar la funci\u00f3n inmunitaria.<\/p><p data-start=\"4104\" data-end=\"4442\">Adem\u00e1s, la inclusi\u00f3n de <strong data-start=\"4128\" data-end=\"4142\">vitamina D<\/strong> a\u00f1ade un refuerzo metab\u00f3lico clave: este micronutriente participa directamente en la activaci\u00f3n de c\u00e9lulas defensivas y favorece el <b>equilibrio general del organismo<\/b>. La combinaci\u00f3n de bacterias activas y vitamina D ofrece un apoyo integral para mantener el sistema inmunitario en buenas condiciones.<\/p>\t\t\t\t\t\t\t\t<\/div>\n\t\t\t\t<\/div>\n\t\t\t\t<\/div>\n\t\t\t\t\t<\/div>\n\t\t\t\t<\/div>\n\t\t<div class=\"elementor-element elementor-element-8ba27fc obcs none e-flex e-con-boxed e-con e-parent\" data-id=\"8ba27fc\" data-element_type=\"container\">\n\t\t\t\t\t<div class=\"e-con-inner\">\n\t\t\t\t<div class=\"elementor-element elementor-element-719faf4 elementor-widget elementor-widget-infobox\" data-id=\"719faf4\" data-element_type=\"widget\" data-widget_type=\"infobox.default\">\n\t\t\t\t<div class=\"elementor-widget-container\">\n\t\t\t\t\t\n<div class=\"li-widgets--infobox blue highlights-always-magenta\">\n\n    <div class=\"li-widgets--infobox__icon\">\n        <i aria-hidden=\"true\" class=\"fas fa-quote-right\"><\/i>    <\/div>\n    <div class=\"li-widgets--infobox__text\">\n        ESabemos desde hace tiempo que lavarse las manos es m\u00e1s importante de lo que pensamos, y que el sistema inmunitario es esencial para nuestro bienestar. Por eso lo apoyo tambi\u00e9n desde dentro: con OMNi-BiOTiC\u00ae Pro-Vi 5.\u201d\n\u2014 Alina Johnston    <\/div>\n    <div class=\"li-widgets--infobox__text-body\">\n            <\/div>\n\n    \n<\/div>\n\t\t\t\t<\/div>\n\t\t\t\t<\/div>\n\t\t\t\t<div class=\"elementor-element elementor-element-e036d39 elementor-widget elementor-widget-heading\" data-id=\"e036d39\" data-element_type=\"widget\" data-widget_type=\"heading.default\">\n\t\t\t\t<div class=\"elementor-widget-container\">\n\t\t\t\t\t<h2 class=\"elementor-heading-title elementor-size-default\">\u00bfCu\u00e1ndo es mejor utilizar OMNi-BiOTiC\u00ae Pro-Vi 5?<\/h2>\t\t\t\t<\/div>\n\t\t\t\t<\/div>\n\t\t<div class=\"elementor-element elementor-element-bea0fbf e-con-full obcs none e-flex e-con e-child\" data-id=\"bea0fbf\" data-element_type=\"container\">\n\t\t\t\t<div class=\"elementor-element elementor-element-a9f769f elementor-widget elementor-widget-text-editor\" data-id=\"a9f769f\" data-element_type=\"widget\" data-widget_type=\"text-editor.default\">\n\t\t\t\t<div class=\"elementor-widget-container\">\n\t\t\t\t\t\t\t\t\t<p data-start=\"391\" data-end=\"902\">La alta exposici\u00f3n a distintos virus y g\u00e9rmenes, junto con las fluctuaciones de temperatura, puede sobrecargar el sistema inmunitario m\u00e1s de lo que imaginamos. Si adem\u00e1s la alimentaci\u00f3n es poco equilibrada, la microbiota intestinal tiende a desequilibrarse y pierde parte de sus funciones protectoras. A esto se suman las largas jornadas en la oficina o los <strong data-start=\"749\" data-end=\"776\">cortos d\u00edas de invierno<\/strong>, que suelen dejar al organismo con niveles insuficientes de <strong data-start=\"837\" data-end=\"851\">vitamina D<\/strong>, un nutriente esencial para unas defensas fuertes.<\/p><p data-start=\"391\" data-end=\"902\">Por este motivo, se recomienda recurrir a <strong data-start=\"946\" data-end=\"971\">OMNi-BiOTiC\u00ae Pro-Vi 5<\/strong> cuando las defensas se encuentran <strong data-start=\"1006\" data-end=\"1035\">bajo una presi\u00f3n especial<\/strong> o cuando queremos apoyar al organismo en etapas de mayor exigencia. Al contener exclusivamente <strong data-start=\"1131\" data-end=\"1179\">cepas bacterianas cient\u00edficamente estudiadas<\/strong>, todas ellas presentes de forma natural en el <strong data-start=\"1226\" data-end=\"1246\">intestino humano<\/strong>, su uso es adecuado para toda la familia, incluidos <strong data-start=\"1299\" data-end=\"1325\">beb\u00e9s y ni\u00f1os peque\u00f1os<\/strong>, as\u00ed como en <strong data-start=\"1339\" data-end=\"1363\">embarazo y lactancia<\/strong>, siempre siguiendo las recomendaciones de los profesionales sanitarios.<\/p>\t\t\t\t\t\t\t\t<\/div>\n\t\t\t\t<\/div>\n\t\t\t\t<\/div>\n\t\t\t\t\t<\/div>\n\t\t\t\t<\/div>\n\t\t<div class=\"elementor-element elementor-element-79bcf7c obcs none e-flex e-con-boxed e-con e-parent\" data-id=\"79bcf7c\" data-element_type=\"container\">\n\t\t\t\t\t<div class=\"e-con-inner\">\n\t\t\t\t<div class=\"elementor-element elementor-element-bb74b94 elementor-widget elementor-widget-heading\" data-id=\"bb74b94\" data-element_type=\"widget\" data-widget_type=\"heading.default\">\n\t\t\t\t<div class=\"elementor-widget-container\">\n\t\t\t\t\t<h2 class=\"elementor-heading-title elementor-size-default\">\u00bfC\u00f3mo se utiliza OMNi-BiOTiC\u00ae Pro-Vi 5?<\/h2>\t\t\t\t<\/div>\n\t\t\t\t<\/div>\n\t\t<div class=\"elementor-element elementor-element-cc2c715 e-con-full obcs none e-flex e-con e-child\" data-id=\"cc2c715\" data-element_type=\"container\">\n\t\t\t\t<div class=\"elementor-element elementor-element-045e32f elementor-widget elementor-widget-gallery\" data-id=\"045e32f\" data-element_type=\"widget\" data-settings=\"{&quot;gallery_layout&quot;:&quot;justified&quot;,&quot;gap&quot;:{&quot;unit&quot;:&quot;px&quot;,&quot;size&quot;:&quot;0&quot;,&quot;sizes&quot;:[]},&quot;lazyload&quot;:&quot;yes&quot;,&quot;ideal_row_height&quot;:{&quot;unit&quot;:&quot;px&quot;,&quot;size&quot;:200,&quot;sizes&quot;:[]},&quot;ideal_row_height_tablet&quot;:{&quot;unit&quot;:&quot;px&quot;,&quot;size&quot;:150,&quot;sizes&quot;:[]},&quot;ideal_row_height_mobile&quot;:{&quot;unit&quot;:&quot;px&quot;,&quot;size&quot;:150,&quot;sizes&quot;:[]},&quot;gap_tablet&quot;:{&quot;unit&quot;:&quot;px&quot;,&quot;size&quot;:10,&quot;sizes&quot;:[]},&quot;gap_mobile&quot;:{&quot;unit&quot;:&quot;px&quot;,&quot;size&quot;:10,&quot;sizes&quot;:[]},&quot;link_to&quot;:&quot;file&quot;,&quot;overlay_background&quot;:&quot;yes&quot;,&quot;content_hover_animation&quot;:&quot;fade-in&quot;}\" data-widget_type=\"gallery.default\">\n\t\t\t\t<div class=\"elementor-widget-container\">\n\t\t\t\t\t\t\t<div class=\"elementor-gallery__container\">\n\t\t\t\t\t\t\t<a class=\"e-gallery-item elementor-gallery-item elementor-animated-content\" href=\"https:\/\/www.omni-biotic.com\/es-es\/wp-content\/uploads\/sites\/6\/2022\/08\/anwendung1-1-1.png\" data-elementor-open-lightbox=\"yes\" data-elementor-lightbox-slideshow=\"045e32f\" data-elementor-lightbox-title=\"Sobre paso1\" data-elementor-lightbox-description=\"Sobre paso1\" data-e-action-hash=\"#elementor-action%3Aaction%3Dlightbox%26settings%3DeyJpZCI6OTQwMywidXJsIjoiaHR0cHM6XC9cL3d3dy5vbW5pLWJpb3RpYy5jb21cL2VzLWVzXC93cC1jb250ZW50XC91cGxvYWRzXC9zaXRlc1wvNlwvMjAyMlwvMDhcL2Fud2VuZHVuZzEtMS0xLnBuZyIsInNsaWRlc2hvdyI6IjA0NWUzMmYifQ%3D%3D\">\n\t\t\t\t\t<div class=\"e-gallery-image elementor-gallery-item__image\" data-thumbnail=\"https:\/\/www.omni-biotic.com\/es-es\/wp-content\/uploads\/sites\/6\/2022\/08\/anwendung1-1-1-300x295.png\" data-width=\"300\" data-height=\"295\" aria-label=\"Sobre paso1\" role=\"img\" ><\/div>\n\t\t\t\t\t\t\t\t\t\t\t<div class=\"elementor-gallery-item__overlay\"><\/div>\n\t\t\t\t\t\t\t\t\t\t\t\t\t\t<\/a>\n\t\t\t\t\t\t\t<a class=\"e-gallery-item elementor-gallery-item elementor-animated-content\" href=\"https:\/\/www.omni-biotic.com\/es-es\/wp-content\/uploads\/sites\/6\/2022\/08\/anwendung2-1-1.png\" data-elementor-open-lightbox=\"yes\" data-elementor-lightbox-slideshow=\"045e32f\" data-elementor-lightbox-title=\"anwendung2-1-1\" data-e-action-hash=\"#elementor-action%3Aaction%3Dlightbox%26settings%3DeyJpZCI6OTQwMiwidXJsIjoiaHR0cHM6XC9cL3d3dy5vbW5pLWJpb3RpYy5jb21cL2VzLWVzXC93cC1jb250ZW50XC91cGxvYWRzXC9zaXRlc1wvNlwvMjAyMlwvMDhcL2Fud2VuZHVuZzItMS0xLnBuZyIsInNsaWRlc2hvdyI6IjA0NWUzMmYifQ%3D%3D\">\n\t\t\t\t\t<div class=\"e-gallery-image elementor-gallery-item__image\" data-thumbnail=\"https:\/\/www.omni-biotic.com\/es-es\/wp-content\/uploads\/sites\/6\/2022\/08\/anwendung2-1-1-300x295.png\" data-width=\"300\" data-height=\"295\" aria-label=\"\" role=\"img\" ><\/div>\n\t\t\t\t\t\t\t\t\t\t\t<div class=\"elementor-gallery-item__overlay\"><\/div>\n\t\t\t\t\t\t\t\t\t\t\t\t\t\t<\/a>\n\t\t\t\t\t\t\t<a class=\"e-gallery-item elementor-gallery-item elementor-animated-content\" href=\"https:\/\/www.omni-biotic.com\/es-es\/wp-content\/uploads\/sites\/6\/2022\/08\/anwendung3-2.png\" data-elementor-open-lightbox=\"yes\" data-elementor-lightbox-slideshow=\"045e32f\" data-elementor-lightbox-title=\"anwendung3-2\" data-e-action-hash=\"#elementor-action%3Aaction%3Dlightbox%26settings%3DeyJpZCI6OTQwMSwidXJsIjoiaHR0cHM6XC9cL3d3dy5vbW5pLWJpb3RpYy5jb21cL2VzLWVzXC93cC1jb250ZW50XC91cGxvYWRzXC9zaXRlc1wvNlwvMjAyMlwvMDhcL2Fud2VuZHVuZzMtMi5wbmciLCJzbGlkZXNob3ciOiIwNDVlMzJmIn0%3D\">\n\t\t\t\t\t<div class=\"e-gallery-image elementor-gallery-item__image\" data-thumbnail=\"https:\/\/www.omni-biotic.com\/es-es\/wp-content\/uploads\/sites\/6\/2022\/08\/anwendung3-2-300x295.png\" data-width=\"300\" data-height=\"295\" aria-label=\"\" role=\"img\" ><\/div>\n\t\t\t\t\t\t\t\t\t\t\t<div class=\"elementor-gallery-item__overlay\"><\/div>\n\t\t\t\t\t\t\t\t\t\t\t\t\t\t<\/a>\n\t\t\t\t\t<\/div>\n\t\t\t\t\t<\/div>\n\t\t\t\t<\/div>\n\t\t\t\t<\/div>\n\t\t<div class=\"elementor-element elementor-element-3777b67 e-con-full obcs none e-flex e-con e-child\" data-id=\"3777b67\" data-element_type=\"container\">\n\t\t\t\t<div class=\"elementor-element elementor-element-244124c elementor-widget elementor-widget-text-editor\" data-id=\"244124c\" data-element_type=\"widget\" data-widget_type=\"text-editor.default\">\n\t\t\t\t<div class=\"elementor-widget-container\">\n\t\t\t\t\t\t\t\t\t<p data-start=\"306\" data-end=\"398\">La dosis recomendada es <strong data-start=\"330\" data-end=\"347\">1 sobre (2 g)<\/strong>, <strong data-start=\"349\" data-end=\"375\">una o dos veces al d\u00eda<\/strong> seg\u00fan tus necesidades.<\/p><ol data-start=\"400\" data-end=\"654\"><li data-start=\"400\" data-end=\"481\"><p data-start=\"403\" data-end=\"481\"><strong data-start=\"403\" data-end=\"438\">Vierte el contenido de un sobre<\/strong> en unos <strong data-start=\"447\" data-end=\"465\">125 ml de agua<\/strong> (medio vaso).<\/p><\/li><li data-start=\"482\" data-end=\"541\"><p data-start=\"485\" data-end=\"541\"><strong data-start=\"485\" data-end=\"504\">Espera 1 minuto<\/strong> para que las bacterias se activen.<\/p><\/li><li data-start=\"542\" data-end=\"576\"><p data-start=\"545\" data-end=\"576\"><strong data-start=\"545\" data-end=\"564\">Mezcla de nuevo<\/strong> y b\u00e9belo.<\/p><\/li><li data-start=\"577\" data-end=\"654\"><p data-start=\"580\" data-end=\"654\">T\u00f3malo <strong data-start=\"587\" data-end=\"612\">con el est\u00f3mago vac\u00edo<\/strong> siempre que sea posible (funciona mejor).<\/p><\/li><\/ol><p data-start=\"656\" data-end=\"754\">Si tomas <strong data-start=\"665\" data-end=\"686\">dos sobres al d\u00eda<\/strong>, lo ideal es hacerlo <strong data-start=\"708\" data-end=\"730\">antes del desayuno<\/strong> y <strong data-start=\"733\" data-end=\"753\">antes de la cena<\/strong>.<\/p><p data-start=\"756\" data-end=\"814\">En el caso de los ni\u00f1os, <strong data-start=\"781\" data-end=\"799\">1 sobre al d\u00eda<\/strong> es suficiente.<\/p>\t\t\t\t\t\t\t\t<\/div>\n\t\t\t\t<\/div>\n\t\t\t\t<\/div>\n\t\t\t\t\t<\/div>\n\t\t\t\t<\/div>\n\t\t<div class=\"elementor-element elementor-element-608b682 obcs none e-flex e-con-boxed e-con e-parent\" data-id=\"608b682\" data-element_type=\"container\">\n\t\t\t\t\t<div class=\"e-con-inner\">\n\t\t\t\t<div class=\"elementor-element elementor-element-15c6c6c elementor-widget elementor-widget-heading\" data-id=\"15c6c6c\" data-element_type=\"widget\" data-widget_type=\"heading.default\">\n\t\t\t\t<div class=\"elementor-widget-container\">\n\t\t\t\t\t<h2 class=\"elementor-heading-title elementor-size-default\">Conclusi\u00f3n: defensas que empiezan en el intestino<\/h2>\t\t\t\t<\/div>\n\t\t\t\t<\/div>\n\t\t\t\t<div class=\"elementor-element elementor-element-4c3c03c elementor-widget elementor-widget-text-editor\" data-id=\"4c3c03c\" data-element_type=\"widget\" data-widget_type=\"text-editor.default\">\n\t\t\t\t<div class=\"elementor-widget-container\">\n\t\t\t\t\t\t\t\t\t<p><b>OMNi-BiOTiC\u00ae Pro-Vi 5<\/b> re\u00fane cinco cepas bacterianas cient\u00edficamente estudiadas y vitamina D en una combinaci\u00f3n dise\u00f1ada para apoyar la microbiota y contribuir al funcionamiento \u00f3ptimo del sistema inmunitario. Un soporte inteligente desde el interior, ideal para etapas en las que el organismo necesita un cuidado adicional.<\/p>\t\t\t\t\t\t\t\t<\/div>\n\t\t\t\t<\/div>\n\t\t\t\t\t<\/div>\n\t\t\t\t<\/div>\n\t\t\t\t<\/div>\n\t\t","protected":false},"excerpt":{"rendered":"<p>Descubre c\u00f3mo cinco cepas bacterianas seleccionadas y vitamina D trabajan junto a tu microbiota para reforzar tus defensas desde dentro, gracias a una combinaci\u00f3n \u00fanica avalada cient\u00edficamente.<\/p>\n","protected":false},"author":42,"featured_media":9398,"comment_status":"closed","ping_status":"closed","sticky":false,"template":"","format":"standard","meta":{"_acf_changed":false,"inline_featured_image":false,"footnotes":""},"categories":[111,1],"tags":[],"class_list":["post-26132","post","type-post","status-publish","format-standard","has-post-thumbnail","hentry","category-institut-allergosan","category-allgemein"],"acf":[],"rank_math":{"og:title":"Microbiota y defensas: OMNi-BiOTiC\u00ae Pro-Vi 5 y sus bacterias","og:desc":"Descubre c\u00f3mo OMNi-BiOTiC\u00ae Pro-Vi 5 refuerza la microbiota y apoya tus defensas con 5 cepas bacterianas. Una f\u00f3rmula eficaz x segura.","og:url":"https:\/\/www.omni-biotic.com\/es-es\/blog\/omni-biotic-pro-vi-5\/","og:locale":"es_ES","og:image":"https:\/\/www.omni-biotic.com\/es-es\/wp-content\/uploads\/sites\/6\/2022\/08\/ob-pro-vi5-instagram-17-scaled-2-1024x1024.jpg","og:image:width":"800","og:image:height":"800"},"additional_data":{"thumbnail":"https:\/\/www.omni-biotic.com\/es-es\/wp-content\/uploads\/sites\/6\/2022\/08\/ob-pro-vi5-instagram-17-scaled-2.jpg"},"blog_info":{"country":"es-es"},"_links":{"self":[{"href":"https:\/\/www.omni-biotic.com\/es-es\/wp-json\/wp\/v2\/posts\/26132","targetHints":{"allow":["GET"]}}],"collection":[{"href":"https:\/\/www.omni-biotic.com\/es-es\/wp-json\/wp\/v2\/posts"}],"about":[{"href":"https:\/\/www.omni-biotic.com\/es-es\/wp-json\/wp\/v2\/types\/post"}],"author":[{"embeddable":true,"href":"https:\/\/www.omni-biotic.com\/es-es\/wp-json\/wp\/v2\/users\/42"}],"replies":[{"embeddable":true,"href":"https:\/\/www.omni-biotic.com\/es-es\/wp-json\/wp\/v2\/comments?post=26132"}],"version-history":[{"count":7,"href":"https:\/\/www.omni-biotic.com\/es-es\/wp-json\/wp\/v2\/posts\/26132\/revisions"}],"predecessor-version":[{"id":26203,"href":"https:\/\/www.omni-biotic.com\/es-es\/wp-json\/wp\/v2\/posts\/26132\/revisions\/26203"}],"wp:featuredmedia":[{"embeddable":true,"href":"https:\/\/www.omni-biotic.com\/es-es\/wp-json\/wp\/v2\/media\/9398"}],"wp:attachment":[{"href":"https:\/\/www.omni-biotic.com\/es-es\/wp-json\/wp\/v2\/media?parent=26132"}],"wp:term":[{"taxonomy":"category","embeddable":true,"href":"https:\/\/www.omni-biotic.com\/es-es\/wp-json\/wp\/v2\/categories?post=26132"},{"taxonomy":"post_tag","embeddable":true,"href":"https:\/\/www.omni-biotic.com\/es-es\/wp-json\/wp\/v2\/tags?post=26132"}],"curies":[{"name":"wp","href":"https:\/\/api.w.org\/{rel}","templated":true}]}}