{"id":26163,"date":"2025-12-09T13:08:14Z","date_gmt":"2025-12-09T12:08:14Z","guid":{"rendered":"https:\/\/www.omni-biotic.com\/es-es\/?p=26163"},"modified":"2026-03-10T09:42:13Z","modified_gmt":"2026-03-10T08:42:13Z","slug":"enfermedad-de-crohn","status":"publish","type":"post","link":"https:\/\/www.omni-biotic.com\/es-es\/blog\/enfermedad-de-crohn\/","title":{"rendered":"Enfermedad de Crohn"},"content":{"rendered":"\t\t<div data-elementor-type=\"wp-post\" data-elementor-id=\"26163\" class=\"elementor elementor-26163\" data-elementor-post-type=\"post\">\n\t\t\t\t<div class=\"elementor-element elementor-element-d06670d obcs none e-flex e-con-boxed e-con e-parent\" data-id=\"d06670d\" data-element_type=\"container\">\n\t\t\t\t\t<div class=\"e-con-inner\">\n\t\t<div class=\"elementor-element elementor-element-b3debb9 e-con-full obcs none e-flex e-con e-child\" data-id=\"b3debb9\" data-element_type=\"container\">\n\t\t\t\t<div class=\"elementor-element elementor-element-9af42ff elementor-widget elementor-widget-button\" data-id=\"9af42ff\" data-element_type=\"widget\" data-widget_type=\"button.default\">\n\t\t\t\t<div class=\"elementor-widget-container\">\n\t\t\t\t\t\t\t\t\t<div class=\"elementor-button-wrapper\">\n\t\t\t\t\t<a class=\"elementor-button elementor-button-link elementor-size-sm\" href=\"#preguntas-frecuentes\" preguntas-frecuentes=\"\" id=\"#preguntas-frecuentes\">\n\t\t\t\t\t\t<span class=\"elementor-button-content-wrapper\">\n\t\t\t\t\t\t\t\t\t<span class=\"elementor-button-text\">Ir directamente a las preguntas frecuentes <\/span>\n\t\t\t\t\t<\/span>\n\t\t\t\t\t<\/a>\n\t\t\t\t<\/div>\n\t\t\t\t\t\t\t\t<\/div>\n\t\t\t\t<\/div>\n\t\t\t\t<\/div>\n\t\t\t\t<div class=\"elementor-element elementor-element-0969f7e elementor-widget elementor-widget-text-editor\" data-id=\"0969f7e\" data-element_type=\"widget\" data-widget_type=\"text-editor.default\">\n\t\t\t\t<div class=\"elementor-widget-container\">\n\t\t\t\t\t\t\t\t\t<p data-start=\"452\" data-end=\"876\">Diarrea que no se va, dolor y calambres abdominales, cansancio extremo, p\u00e9rdida de peso, falta de apetito\u2026 La enfermedad de Crohn puede cambiar el d\u00eda a d\u00eda por completo. Se trata de una <a href=\"https:\/\/www.omni-biotic.com\/es-es\/trastornos-intestinales\/enfermedad-inflamatoria-intestinal\/\"><strong data-start=\"639\" data-end=\"685\">enfermedad inflamatoria intestinal cr\u00f3nica<\/strong> <\/a>que puede afectar a cualquier parte del tubo digestivo, desde la boca hasta el ano, aunque con m\u00e1s frecuencia al final del intestino delgado (\u00edleon) y al inicio del intestino grueso (colon).<\/p><p data-start=\"878\" data-end=\"1096\">La enfermedad de Crohn <strong data-start=\"901\" data-end=\"929\">no tiene cura definitiva<\/strong>, pero hoy en d\u00eda existen tratamientos y cambios de estilo de vida que pueden ayudarte a controlar los s\u00edntomas, reducir los brotes y mejorar mucho la calidad de vida.<\/p>\t\t\t\t\t\t\t\t<\/div>\n\t\t\t\t<\/div>\n\t\t\t\t\t<\/div>\n\t\t\t\t<\/div>\n\t\t<div class=\"elementor-element elementor-element-f155802 obcs none e-flex e-con-boxed e-con e-parent\" data-id=\"f155802\" data-element_type=\"container\">\n\t\t\t\t\t<div class=\"e-con-inner\">\n\t\t\t\t<div class=\"elementor-element elementor-element-ef7cf98 elementor-widget elementor-widget-image\" data-id=\"ef7cf98\" data-element_type=\"widget\" data-widget_type=\"image.default\">\n\t\t\t\t<div class=\"elementor-widget-container\">\n\t\t\t\t\t\t\t\t\t\t\t\t\t\t\t<img fetchpriority=\"high\" decoding=\"async\" width=\"800\" height=\"534\" src=\"https:\/\/www.omni-biotic.com\/es-es\/wp-content\/uploads\/sites\/6\/2025\/12\/enfermedad-de-crohn_intestino-1024x683.png\" class=\"attachment-large size-large wp-image-26172\" alt=\"Inflamaci\u00f3n t\u00edpica de la enfermedad de Crohn\" srcset=\"https:\/\/www.omni-biotic.com\/es-es\/wp-content\/uploads\/sites\/6\/2025\/12\/enfermedad-de-crohn_intestino-1024x683.png 1024w, https:\/\/www.omni-biotic.com\/es-es\/wp-content\/uploads\/sites\/6\/2025\/12\/enfermedad-de-crohn_intestino-300x200.png 300w, https:\/\/www.omni-biotic.com\/es-es\/wp-content\/uploads\/sites\/6\/2025\/12\/enfermedad-de-crohn_intestino-768x512.png 768w, https:\/\/www.omni-biotic.com\/es-es\/wp-content\/uploads\/sites\/6\/2025\/12\/enfermedad-de-crohn_intestino.png 1536w\" sizes=\"(max-width: 800px) 100vw, 800px\" title=\"\">\t\t\t\t\t\t\t\t\t\t\t\t\t\t\t<\/div>\n\t\t\t\t<\/div>\n\t\t\t\t<div class=\"elementor-element elementor-element-52b85f7 elementor-widget elementor-widget-heading\" data-id=\"52b85f7\" data-element_type=\"widget\" data-widget_type=\"heading.default\">\n\t\t\t\t<div class=\"elementor-widget-container\">\n\t\t\t\t\t<h2 class=\"elementor-heading-title elementor-size-default\">\u00bfQu\u00e9 es la enfermedad de Crohn?<\/h2>\t\t\t\t<\/div>\n\t\t\t\t<\/div>\n\t\t\t\t<div class=\"elementor-element elementor-element-8ba2d3f elementor-widget elementor-widget-text-editor\" data-id=\"8ba2d3f\" data-element_type=\"widget\" data-widget_type=\"text-editor.default\">\n\t\t\t\t<div class=\"elementor-widget-container\">\n\t\t\t\t\t\t\t\t\t<p data-start=\"388\" data-end=\"829\">La enfermedad de Crohn es una <strong data-start=\"418\" data-end=\"464\">enfermedad inflamatoria intestinal cr\u00f3nica<\/strong> que puede afectar a cualquier tramo del tubo digestivo, desde la boca hasta el ano. A diferencia de otras EII, la inflamaci\u00f3n puede alcanzar <strong data-start=\"606\" data-end=\"648\">todas las capas de la pared intestinal<\/strong>, no solo la superficie, y aparece en forma de <strong data-start=\"695\" data-end=\"705\">brotes<\/strong>, alternando periodos de s\u00edntomas intensos con fases de remisi\u00f3n en las que la persona puede encontrarse casi sin molestias.<\/p><p data-start=\"831\" data-end=\"1202\">Suele diagnosticarse entre los <strong data-start=\"862\" data-end=\"882\">15 y los 35 a\u00f1os<\/strong>, aunque puede aparecer a cualquier edad. Su origen no est\u00e1 completamente definido, pero influyen factores gen\u00e9ticos, ambientales, inmunol\u00f3gicos y, cada vez con m\u00e1s evidencia, el <strong data-start=\"1061\" data-end=\"1099\">estado de la <a href=\"https:\/\/www.omni-biotic.com\/es-es\/salud-intestinal\/el-intestino-como-centro-de-la-salud\/el-microbioma-humano\/\">microbiota <\/a>intestinal<\/strong>, que desempe\u00f1a un papel clave en la barrera intestinal y en el funcionamiento del sistema inmunitario.<\/p>\t\t\t\t\t\t\t\t<\/div>\n\t\t\t\t<\/div>\n\t\t\t\t\t<\/div>\n\t\t\t\t<\/div>\n\t\t<div class=\"elementor-element elementor-element-6e615fc obcs none e-flex e-con-boxed e-con e-parent\" data-id=\"6e615fc\" data-element_type=\"container\">\n\t\t\t\t\t<div class=\"e-con-inner\">\n\t\t\t\t<div class=\"elementor-element elementor-element-7287838 elementor-widget elementor-widget-heading\" data-id=\"7287838\" data-element_type=\"widget\" data-widget_type=\"heading.default\">\n\t\t\t\t<div class=\"elementor-widget-container\">\n\t\t\t\t\t<h2 class=\"elementor-heading-title elementor-size-default\">S\u00edntomas de la enfermedad de Crohn<\/h2>\t\t\t\t<\/div>\n\t\t\t\t<\/div>\n\t\t<div class=\"elementor-element elementor-element-c860ce3 e-con-full obcs none e-flex e-con e-child\" data-id=\"c860ce3\" data-element_type=\"container\">\n\t\t\t\t<div class=\"elementor-element elementor-element-a617c1f elementor-widget elementor-widget-text-editor\" data-id=\"a617c1f\" data-element_type=\"widget\" data-widget_type=\"text-editor.default\">\n\t\t\t\t<div class=\"elementor-widget-container\">\n\t\t\t\t\t\t\t\t\t<p data-start=\"1545\" data-end=\"1683\">Los s\u00edntomas pueden variar mucho entre personas y dependen de qu\u00e9 zona del intestino est\u00e9 inflamada. Lo m\u00e1s habitual es que comiencen de forma <strong data-start=\"1395\" data-end=\"1417\">lenta y progresiva<\/strong>, con episodios que empeoran en los brotes.<\/p><h4><span style=\"color: #b6175c\">S\u00edntomas digestivos m\u00e1s frecuentes<\/span><\/h4><ul><li data-start=\"1729\" data-end=\"1789\"><p data-start=\"1731\" data-end=\"1789\"><strong data-start=\"1731\" data-end=\"1754\"><a href=\"https:\/\/www.omni-biotic.com\/es-es\/trastornos-intestinales\/diarrea\/\">Diarrea <\/a>persistente<\/strong> (a veces con sangre o mucosidad)<\/p><\/li><li data-start=\"1790\" data-end=\"1856\"><p data-start=\"1792\" data-end=\"1856\"><strong data-start=\"1792\" data-end=\"1825\">Dolor y calambres abdominales<\/strong>, sobre todo despu\u00e9s de comer<\/p><\/li><li data-start=\"1857\" data-end=\"1882\"><p data-start=\"1859\" data-end=\"1882\"><strong data-start=\"1859\" data-end=\"1870\">N\u00e1useas<\/strong> o v\u00f3mitos<\/p><\/li><li data-start=\"1883\" data-end=\"1919\"><p data-start=\"1885\" data-end=\"1919\"><strong data-start=\"1885\" data-end=\"1917\">P\u00e9rdida de apetito y de peso<\/strong><\/p><\/li><li data-start=\"1920\" data-end=\"1942\"><p data-start=\"1922\" data-end=\"1942\"><strong data-start=\"1922\" data-end=\"1940\">Fatiga extrema<\/strong><\/p><\/li><li data-start=\"1943\" data-end=\"1966\"><p data-start=\"1945\" data-end=\"1966\"><strong data-start=\"1945\" data-end=\"1964\">Sangrado rectal<\/strong><\/p><\/li><li data-start=\"1967\" data-end=\"2031\"><p data-start=\"1969\" data-end=\"2031\">Dolor o supuraci\u00f3n cerca del ano debido a <strong>f\u00edstulas, abscesos o fisuras<\/strong>.<\/p><\/li><\/ul><h4 data-start=\"2033\" data-end=\"2077\"><span style=\"color: #b6175c\">S\u00edntomas fuera del aparato digestivo<\/span><\/h4><p data-start=\"2079\" data-end=\"2150\">La enfermedad de Crohn tambi\u00e9n puede afectar a otras partes del cuerpo:<\/p><ul><li data-start=\"1989\" data-end=\"2034\"><p data-start=\"1991\" data-end=\"2034\">Inflamaci\u00f3n o dolor en las articulaciones<\/p><\/li><li data-start=\"2035\" data-end=\"2061\"><p data-start=\"2037\" data-end=\"2061\">Ojos rojos o irritados<\/p><\/li><li data-start=\"2062\" data-end=\"2085\"><p data-start=\"2064\" data-end=\"2085\">Lesiones en la piel<\/p><\/li><li data-start=\"2086\" data-end=\"2108\"><p data-start=\"2088\" data-end=\"2108\">\u00dalceras en la boca<\/p><\/li><li data-start=\"2109\" data-end=\"2158\"><p data-start=\"2111\" data-end=\"2158\">Deficiencia de hierro o vitamina B12 (anemia)<\/p><\/li><li data-start=\"2159\" data-end=\"2226\"><p data-start=\"2161\" data-end=\"2226\">En ni\u00f1os y adolescentes: retraso del crecimiento o de la pubertad<\/p><\/li><\/ul>\t\t\t\t\t\t\t\t<\/div>\n\t\t\t\t<\/div>\n\t\t\t\t<\/div>\n\t\t\t\t\t<\/div>\n\t\t\t\t<\/div>\n\t\t<div class=\"elementor-element elementor-element-0dee187 obcs none e-flex e-con-boxed e-con e-parent\" data-id=\"0dee187\" data-element_type=\"container\">\n\t\t\t\t\t<div class=\"e-con-inner\">\n\t\t\t\t<div class=\"elementor-element elementor-element-78ce69c elementor-widget elementor-widget-heading\" data-id=\"78ce69c\" data-element_type=\"widget\" data-widget_type=\"heading.default\">\n\t\t\t\t<div class=\"elementor-widget-container\">\n\t\t\t\t\t<h2 class=\"elementor-heading-title elementor-size-default\">Complicaciones de la enfermedad de Crohn<\/h2>\t\t\t\t<\/div>\n\t\t\t\t<\/div>\n\t\t<div class=\"elementor-element elementor-element-63573fb e-con-full obcs none e-flex e-con e-child\" data-id=\"63573fb\" data-element_type=\"container\">\n\t\t\t\t<div class=\"elementor-element elementor-element-876335b elementor-widget elementor-widget-text-editor\" data-id=\"876335b\" data-element_type=\"widget\" data-widget_type=\"text-editor.default\">\n\t\t\t\t<div class=\"elementor-widget-container\">\n\t\t\t\t\t\t\t\t\t<p data-start=\"218\" data-end=\"883\">Si la inflamaci\u00f3n propia de la enfermedad de Crohn se mantiene durante mucho tiempo sin control, pueden aparecer distintas complicaciones. Una de las m\u00e1s habituales es el <strong data-start=\"389\" data-end=\"421\">estrechamiento del intestino<\/strong> debido al tejido cicatricial, lo que puede dificultar el paso del contenido intestinal y provocar dolor, hinchaz\u00f3n o incluso una obstrucci\u00f3n que requiera atenci\u00f3n urgente. Tambi\u00e9n es frecuente el desarrollo de <strong data-start=\"632\" data-end=\"653\">\u00falceras profundas<\/strong> en distintas partes del tubo digestivo, que pueden derivar en <strong data-start=\"716\" data-end=\"728\">f\u00edstulas<\/strong>, es decir, conexiones an\u00f3malas entre el intestino y otros \u00f3rganos o la piel, especialmente en la zona perianal, generando dolor, supuraci\u00f3n e infecciones.<\/p><p data-start=\"885\" data-end=\"1567\">Adem\u00e1s, la inflamaci\u00f3n puede favorecer la aparici\u00f3n de <strong data-start=\"940\" data-end=\"952\">abscesos<\/strong>, que son ac\u00famulos de pus dolorosos que a menudo necesitan tratamiento antibi\u00f3tico o drenaje. Las <strong data-start=\"1050\" data-end=\"1068\">fisuras anales<\/strong>, muy molestas y dolorosas durante la defecaci\u00f3n, tambi\u00e9n son relativamente comunes. A largo plazo, muchas personas pueden desarrollar <strong data-start=\"1203\" data-end=\"1229\">d\u00e9ficits nutricionales<\/strong> por diarrea persistente, mala absorci\u00f3n o bajo aporte alimentario durante los brotes, lo que puede llevar a anemia o p\u00e9rdida notable de peso. Finalmente, cuando el colon lleva a\u00f1os inflamado, aumenta el riesgo de <strong data-start=\"1443\" data-end=\"1465\"><a href=\"https:\/\/www.omni-biotic.com\/es-es\/blog\/cancer-quimioterapia-y-microbioma\/\">c\u00e1ncer <\/a>colorrectal<\/strong>, por lo que se recomiendan revisiones peri\u00f3dicas mediante colonoscopia seg\u00fan indique el especialista.<\/p>\t\t\t\t\t\t\t\t<\/div>\n\t\t\t\t<\/div>\n\t\t\t\t<\/div>\n\t\t\t\t\t<\/div>\n\t\t\t\t<\/div>\n\t\t<div class=\"elementor-element elementor-element-4791e14 obcs none e-flex e-con-boxed e-con e-parent\" data-id=\"4791e14\" data-element_type=\"container\">\n\t\t\t\t\t<div class=\"e-con-inner\">\n\t\t\t\t<div class=\"elementor-element elementor-element-7e3385d elementor-widget elementor-widget-heading\" data-id=\"7e3385d\" data-element_type=\"widget\" data-widget_type=\"heading.default\">\n\t\t\t\t<div class=\"elementor-widget-container\">\n\t\t\t\t\t<h2 class=\"elementor-heading-title elementor-size-default\">Causas de la enfermedad de Crohn<\/h2>\t\t\t\t<\/div>\n\t\t\t\t<\/div>\n\t\t<div class=\"elementor-element elementor-element-c01d640 e-con-full obcs none e-flex e-con e-child\" data-id=\"c01d640\" data-element_type=\"container\">\n\t\t\t\t<div class=\"elementor-element elementor-element-e54302e elementor-widget elementor-widget-text-editor\" data-id=\"e54302e\" data-element_type=\"widget\" data-widget_type=\"text-editor.default\">\n\t\t\t\t<div class=\"elementor-widget-container\">\n\t\t\t\t\t\t\t\t\t<p data-start=\"2952\" data-end=\"3012\">La enfermedad de Crohn no tiene una causa \u00fanica definida. Los estudios actuales indican que se desarrolla por la combinaci\u00f3n de varios factores que interact\u00faan entre s\u00ed.<\/p><h4 data-start=\"3014\" data-end=\"3035\"><span style=\"color: #00754a\">1. Gen\u00e9tica<\/span><\/h4><p data-start=\"3036\" data-end=\"3101\">Se han identificado m\u00e1s de <strong data-start=\"579\" data-end=\"621\">200 genes vinculados a un mayor riesgo<\/strong> de desarrollar enfermedad de Crohn. Tener un familiar de primer grado afectado aumenta la probabilidad, aunque la gen\u00e9tica por s\u00ed sola no explica el inicio de la enfermedad.<\/p><h4 data-start=\"3103\" data-end=\"3144\"><span style=\"color: #00754a\">2. Sistema inmunitario alterado<\/span><\/h4><p data-start=\"3145\" data-end=\"3267\">El sistema inmunitario, en lugar de reaccionar solo frente a agentes externos, puede responder de forma <strong data-start=\"944\" data-end=\"1004\">exagerada ante bacterias habituales del propio intestino<\/strong>, generando inflamaci\u00f3n cr\u00f3nica en la mucosa intestinal.<\/p><h4><span style=\"color: #00754a\">3. Microbiota intestinal desequilibrada (disbiosis)<\/span><\/h4><p data-start=\"1123\" data-end=\"1231\">Cada vez hay m\u00e1s evidencia de que la microbiota juega un papel central. Muchas personas con Crohn presentan:<\/p><ul data-start=\"1233\" data-end=\"1557\"><li data-start=\"1233\" data-end=\"1295\"><p data-start=\"1235\" data-end=\"1295\">Una menor presencia de bacterias consideradas beneficiosas<\/p><\/li><li data-start=\"1296\" data-end=\"1433\"><p data-start=\"1298\" data-end=\"1433\">Reducci\u00f3n en la producci\u00f3n de <strong data-start=\"1328\" data-end=\"1361\">\u00e1cidos grasos de cadena corta<\/strong> (como el butirato), esenciales para la salud de la barrera intestinal<\/p><\/li><li data-start=\"1434\" data-end=\"1557\"><p data-start=\"1436\" data-end=\"1557\">Aumento de la <strong data-start=\"1450\" data-end=\"1478\"><a href=\"https:\/\/www.omni-biotic.com\/es-es\/trastornos-intestinales\/sindrome-del-intestino-permeable\/\">permeabilidad intestinal<\/a><\/strong>, lo que facilita la entrada de sustancias que activan el sistema inmunitario<\/p><\/li><\/ul><p data-start=\"1559\" data-end=\"1656\">Este desequilibrio favorece un entorno inflamatorio que puede desencadenar o empeorar los brotes.<\/p><h4 data-start=\"3559\" data-end=\"3607\"><span style=\"color: #00754a\">4. Estilo de vida y factores ambientales<\/span><\/h4><p data-start=\"1708\" data-end=\"1813\">Algunos h\u00e1bitos o factores externos pueden aumentar el riesgo o influir en la evoluci\u00f3n de la enfermedad:<\/p><ul data-start=\"1815\" data-end=\"2248\"><li data-start=\"1815\" data-end=\"1935\"><p data-start=\"1817\" data-end=\"1935\"><a href=\"https:\/\/www.omni-biotic.com\/es-es\/blog\/el-fumar-genera-procesos-inflamatorios-en-el-intestino\/\"><strong data-start=\"1817\" data-end=\"1826\">Fumar<\/strong> <\/a>es el factor modificable m\u00e1s importante: incrementa el riesgo de desarrollar Crohn y empeora su evoluci\u00f3n.<\/p><\/li><li data-start=\"1936\" data-end=\"2045\"><p data-start=\"1938\" data-end=\"2045\">Una alimentaci\u00f3n rica en <strong data-start=\"1963\" data-end=\"2011\">ultraprocesados, grasas saturadas y az\u00facares<\/strong> puede favorecer la inflamaci\u00f3n.<\/p><\/li><li data-start=\"2046\" data-end=\"2127\"><p data-start=\"2048\" data-end=\"2127\"><strong data-start=\"2048\" data-end=\"2086\"><a href=\"https:\/\/www.omni-biotic.com\/es-es\/blog\/sindrome-fatiga-cronica-o-cansancio\/\">Estr\u00e9s cr\u00f3nico <\/a>y falta de descanso<\/strong>, que alteran el eje intestino-cerebro.<\/p><\/li><li data-start=\"2128\" data-end=\"2248\"><p data-start=\"2130\" data-end=\"2248\">El uso frecuente de <strong data-start=\"2150\" data-end=\"2159\">AINEs<\/strong> (como ibuprofeno o naproxeno) puede irritar la mucosa intestinal y agravar los s\u00edntomas.<\/p><\/li><\/ul>\t\t\t\t\t\t\t\t<\/div>\n\t\t\t\t<\/div>\n\t\t\t\t<\/div>\n\t\t\t\t\t<\/div>\n\t\t\t\t<\/div>\n\t\t<div class=\"elementor-element elementor-element-e19faf8 obcs none e-flex e-con-boxed e-con e-parent\" data-id=\"e19faf8\" data-element_type=\"container\">\n\t\t\t\t\t<div class=\"e-con-inner\">\n\t\t\t\t<div class=\"elementor-element elementor-element-f9c245c elementor-widget elementor-widget-heading\" data-id=\"f9c245c\" data-element_type=\"widget\" data-widget_type=\"heading.default\">\n\t\t\t\t<div class=\"elementor-widget-container\">\n\t\t\t\t\t<h2 class=\"elementor-heading-title elementor-size-default\">Diagn\u00f3stico de la enfermedad de Crohn<\/h2>\t\t\t\t<\/div>\n\t\t\t\t<\/div>\n\t\t\t\t<div class=\"elementor-element elementor-element-df70aaa elementor-widget elementor-widget-image\" data-id=\"df70aaa\" data-element_type=\"widget\" data-widget_type=\"image.default\">\n\t\t\t\t<div class=\"elementor-widget-container\">\n\t\t\t\t\t\t\t\t\t\t\t\t\t\t\t<img decoding=\"async\" width=\"800\" height=\"600\" src=\"https:\/\/www.omni-biotic.com\/es-es\/wp-content\/uploads\/sites\/6\/2022\/08\/shutterstock-602686010.jpg\" class=\"attachment-large size-large wp-image-9872\" alt=\"Colonoscopia - enfermedad de crohn\" srcset=\"https:\/\/www.omni-biotic.com\/es-es\/wp-content\/uploads\/sites\/6\/2022\/08\/shutterstock-602686010.jpg 1000w, https:\/\/www.omni-biotic.com\/es-es\/wp-content\/uploads\/sites\/6\/2022\/08\/shutterstock-602686010-300x225.jpg 300w, https:\/\/www.omni-biotic.com\/es-es\/wp-content\/uploads\/sites\/6\/2022\/08\/shutterstock-602686010-768x576.jpg 768w\" sizes=\"(max-width: 800px) 100vw, 800px\" title=\"\">\t\t\t\t\t\t\t\t\t\t\t\t\t\t\t<\/div>\n\t\t\t\t<\/div>\n\t\t\t\t<div class=\"elementor-element elementor-element-8db8344 elementor-widget elementor-widget-text-editor\" data-id=\"8db8344\" data-element_type=\"widget\" data-widget_type=\"text-editor.default\">\n\t\t\t\t<div class=\"elementor-widget-container\">\n\t\t\t\t\t\t\t\t\t<p data-start=\"160\" data-end=\"591\">Cuando aparecen s\u00edntomas persistentes como diarrea, dolor abdominal, p\u00e9rdida de peso o sangre en las heces, el m\u00e9dico inicia una evaluaci\u00f3n para determinar si se trata de enfermedad de Crohn. El primer paso suele ser realizar <strong data-start=\"386\" data-end=\"408\">an\u00e1lisis de sangre<\/strong>, que permiten detectar inflamaci\u00f3n, anemia o d\u00e9ficits nutricionales, y un <strong data-start=\"483\" data-end=\"504\">an\u00e1lisis de heces<\/strong> con calprotectina fecal, un marcador muy \u00fatil para identificar inflamaci\u00f3n intestinal.<\/p><p data-start=\"593\" data-end=\"861\">La prueba clave es la <strong data-start=\"615\" data-end=\"631\"><a href=\"https:\/\/www.omni-biotic.com\/es-es\/blog\/recuperacion-tras-una-colonoscopia\/\">colonoscopia<\/a><\/strong>, ya que permite observar directamente el interior del intestino y tomar <strong data-start=\"704\" data-end=\"716\">biopsias<\/strong> que confirman el diagn\u00f3stico. Seg\u00fan los s\u00edntomas, tambi\u00e9n pueden realizarse otras endoscopias para estudiar diferentes zonas del tubo digestivo.<\/p><p data-start=\"863\" data-end=\"1108\">Adem\u00e1s, suele completarse el estudio con <strong data-start=\"904\" data-end=\"925\">pruebas de imagen<\/strong> como ecograf\u00eda abdominal, TAC, resonancia o enterorresonancia, que ayudan a valorar la extensi\u00f3n de la enfermedad y detectar complicaciones que no siempre se ven con la colonoscopia.<\/p><p data-start=\"1110\" data-end=\"1263\">Con la informaci\u00f3n combinada de estas pruebas, el especialista puede confirmar el diagn\u00f3stico y planificar el tratamiento m\u00e1s adecuado para cada persona.<\/p>\t\t\t\t\t\t\t\t<\/div>\n\t\t\t\t<\/div>\n\t\t\t\t\t<\/div>\n\t\t\t\t<\/div>\n\t\t<div class=\"elementor-element elementor-element-22c45ae obcs none e-flex e-con-boxed e-con e-parent\" data-id=\"22c45ae\" data-element_type=\"container\">\n\t\t\t\t\t<div class=\"e-con-inner\">\n\t\t\t\t<div class=\"elementor-element elementor-element-a69a6a1 elementor-widget elementor-widget-heading\" data-id=\"a69a6a1\" data-element_type=\"widget\" data-widget_type=\"heading.default\">\n\t\t\t\t<div class=\"elementor-widget-container\">\n\t\t\t\t\t<h2 class=\"elementor-heading-title elementor-size-default\">Tratamiento de la enfermedad de Crohn<\/h2>\t\t\t\t<\/div>\n\t\t\t\t<\/div>\n\t\t\t\t<div class=\"elementor-element elementor-element-758315e elementor-widget elementor-widget-text-editor\" data-id=\"758315e\" data-element_type=\"widget\" data-widget_type=\"text-editor.default\">\n\t\t\t\t<div class=\"elementor-widget-container\">\n\t\t\t\t\t\t\t\t\t<p data-start=\"369\" data-end=\"727\">Aunque la enfermedad de Crohn no tiene cura definitiva, hoy disponemos de m\u00faltiples estrategias terap\u00e9uticas que permiten controlar los brotes, reducir la inflamaci\u00f3n y mejorar significativamente la calidad de vida. El tratamiento siempre se adapta a cada persona seg\u00fan la localizaci\u00f3n de la enfermedad, su intensidad y las posibles complicaciones asociadas.<\/p><p data-start=\"729\" data-end=\"1431\">El abordaje suele incluir <strong data-start=\"755\" data-end=\"769\">medicaci\u00f3n<\/strong> para frenar la inflamaci\u00f3n y modular la respuesta inmunitaria. En los brotes agudos se utilizan <strong data-start=\"866\" data-end=\"881\">corticoides<\/strong>, muy eficaces para reducir la inflamaci\u00f3n en poco tiempo, aunque no se recomiendan de forma prolongada. En algunos casos se prescriben <strong data-start=\"1017\" data-end=\"1037\">aminosalicilatos<\/strong>, especialmente cuando el colon est\u00e1 afectado. Para mantener la enfermedad bajo control a largo plazo, el especialista puede indicar <strong data-start=\"1170\" data-end=\"1191\">inmunomoduladores<\/strong> como la azatioprina o la mercaptopurina, o bien tratamientos <strong data-start=\"1253\" data-end=\"1267\">biol\u00f3gicos<\/strong>, que act\u00faan directamente sobre mol\u00e9culas clave del proceso inflamatorio. En situaciones concretas, como infecciones o f\u00edstulas, pueden utilizarse <strong data-start=\"1414\" data-end=\"1430\">antibi\u00f3ticos<\/strong>.<\/p><p data-start=\"1433\" data-end=\"1793\">La <strong data-start=\"1436\" data-end=\"1447\">cirug\u00eda<\/strong> puede ser necesaria cuando la inflamaci\u00f3n mantenida ha provocado estenosis, obstrucciones, f\u00edstulas complejas o segmentos intestinales gravemente da\u00f1ados. Aunque la cirug\u00eda suele mejorar los s\u00edntomas, no elimina la posibilidad de que la enfermedad reaparezca en otra zona del intestino, por lo que el seguimiento posterior sigue siendo esencial.<\/p>\t\t\t\t\t\t\t\t<\/div>\n\t\t\t\t<\/div>\n\t\t\t\t\t<\/div>\n\t\t\t\t<\/div>\n\t\t<div class=\"elementor-element elementor-element-93c1f91 obcs none e-flex e-con-boxed e-con e-parent\" data-id=\"93c1f91\" data-element_type=\"container\">\n\t\t\t\t\t<div class=\"e-con-inner\">\n\t\t\t\t<div class=\"elementor-element elementor-element-72edf41 elementor-widget elementor-widget-heading\" data-id=\"72edf41\" data-element_type=\"widget\" data-widget_type=\"heading.default\">\n\t\t\t\t<div class=\"elementor-widget-container\">\n\t\t\t\t\t<h2 class=\"elementor-heading-title elementor-size-default\">Alimentaci\u00f3n en la enfermedad de Crohn<\/h2>\t\t\t\t<\/div>\n\t\t\t\t<\/div>\n\t\t\t\t<div class=\"elementor-element elementor-element-6770e62 elementor-widget elementor-widget-image\" data-id=\"6770e62\" data-element_type=\"widget\" data-widget_type=\"image.default\">\n\t\t\t\t<div class=\"elementor-widget-container\">\n\t\t\t\t\t\t\t\t\t\t\t\t\t\t\t<img decoding=\"async\" width=\"800\" height=\"534\" src=\"https:\/\/www.omni-biotic.com\/es-es\/wp-content\/uploads\/sites\/6\/2025\/12\/dieta-mediterranea-1024x683.png\" class=\"attachment-large size-large wp-image-26173\" alt=\"Alimentaci\u00f3n sana y variada mediterranea\" srcset=\"https:\/\/www.omni-biotic.com\/es-es\/wp-content\/uploads\/sites\/6\/2025\/12\/dieta-mediterranea-1024x683.png 1024w, https:\/\/www.omni-biotic.com\/es-es\/wp-content\/uploads\/sites\/6\/2025\/12\/dieta-mediterranea-300x200.png 300w, https:\/\/www.omni-biotic.com\/es-es\/wp-content\/uploads\/sites\/6\/2025\/12\/dieta-mediterranea-768x512.png 768w, https:\/\/www.omni-biotic.com\/es-es\/wp-content\/uploads\/sites\/6\/2025\/12\/dieta-mediterranea.png 1536w\" sizes=\"(max-width: 800px) 100vw, 800px\" title=\"\">\t\t\t\t\t\t\t\t\t\t\t\t\t\t\t<\/div>\n\t\t\t\t<\/div>\n\t\t\t\t<div class=\"elementor-element elementor-element-d2fab06 elementor-widget elementor-widget-text-editor\" data-id=\"d2fab06\" data-element_type=\"widget\" data-widget_type=\"text-editor.default\">\n\t\t\t\t<div class=\"elementor-widget-container\">\n\t\t\t\t\t\t\t\t\t<p data-start=\"268\" data-end=\"480\">La alimentaci\u00f3n influye mucho en el bienestar intestinal, aunque no existe una dieta \u00fanica para todas las personas con Crohn. Las recomendaciones cambian seg\u00fan la fase de la enfermedad y la tolerancia individual.<\/p><h5 data-start=\"482\" data-end=\"506\"><strong><span style=\"color: #b6175c\">Durante un brote<\/span><\/strong><\/h5><p data-start=\"508\" data-end=\"885\">Cuando el intestino est\u00e1 inflamado, conviene reducir el esfuerzo digestivo y evitar alimentos que puedan irritar o aumentar los s\u00edntomas. Suelen recomendarse comidas m\u00e1s suaves, bien cocinadas y en peque\u00f1as cantidades, adem\u00e1s de una buena hidrataci\u00f3n. En brotes intensos, el equipo m\u00e9dico puede pautar f\u00f3rmulas nutricionales espec\u00edficas para permitir que el intestino descanse.<\/p><p data-start=\"887\" data-end=\"931\">Recomendaciones habituales durante un brote:<\/p><ul data-start=\"933\" data-end=\"1187\"><li data-start=\"933\" data-end=\"989\"><p data-start=\"935\" data-end=\"989\"><strong data-start=\"935\" data-end=\"961\">Dieta baja en residuos<\/strong>, con poca fibra insoluble<\/p><\/li><li data-start=\"990\" data-end=\"1047\"><p data-start=\"992\" data-end=\"1047\">Evitar alimentos que produzcan <strong data-start=\"1023\" data-end=\"1045\">gases o irritaci\u00f3n<\/strong><\/p><\/li><li data-start=\"1048\" data-end=\"1086\"><p data-start=\"1050\" data-end=\"1086\"><strong data-start=\"1050\" data-end=\"1084\">Raciones peque\u00f1as y frecuentes<\/strong><\/p><\/li><li data-start=\"1087\" data-end=\"1116\"><p data-start=\"1089\" data-end=\"1116\"><strong data-start=\"1089\" data-end=\"1114\">Hidrataci\u00f3n constante<\/strong><\/p><\/li><li data-start=\"1117\" data-end=\"1187\"><p data-start=\"1119\" data-end=\"1187\">En algunos casos, <strong data-start=\"1137\" data-end=\"1158\">nutrici\u00f3n enteral<\/strong> bajo supervisi\u00f3n profesional<\/p><\/li><\/ul><h5 data-start=\"1189\" data-end=\"1208\"><strong><span style=\"color: #b6175c\">En remisi\u00f3n<\/span><\/strong><\/h5><p data-start=\"1210\" data-end=\"1405\">Cuando los s\u00edntomas est\u00e1n controlados, la alimentaci\u00f3n puede ser m\u00e1s variada, siempre adaptada a la tolerancia individual. El objetivo es nutrir bien al organismo y mantener un intestino estable.<\/p><p data-start=\"1407\" data-end=\"1446\">Recomendaciones habituales en remisi\u00f3n:<\/p><ul data-start=\"1448\" data-end=\"1805\"><li data-start=\"1448\" data-end=\"1511\"><p data-start=\"1450\" data-end=\"1511\"><strong data-start=\"1450\" data-end=\"1471\">Dieta equilibrada<\/strong>, con frutas y verduras bien toleradas<\/p><\/li><li data-start=\"1512\" data-end=\"1593\"><p data-start=\"1514\" data-end=\"1593\"><strong data-start=\"1514\" data-end=\"1538\">Prote\u00ednas de calidad<\/strong> (pescado, huevo, carnes magras, legumbres adaptadas)<\/p><\/li><li data-start=\"1594\" data-end=\"1655\"><p data-start=\"1596\" data-end=\"1655\"><strong data-start=\"1596\" data-end=\"1617\">Grasas saludables<\/strong> como aceite de oliva o frutos secos<\/p><\/li><li data-start=\"1656\" data-end=\"1708\"><p data-start=\"1658\" data-end=\"1708\">Reducir <strong data-start=\"1666\" data-end=\"1685\">ultraprocesados<\/strong> y exceso de az\u00facares<\/p><\/li><li data-start=\"1709\" data-end=\"1805\"><p data-start=\"1711\" data-end=\"1805\">Revisar niveles de <strong data-start=\"1730\" data-end=\"1784\">hierro, vitamina D, calcio, folatos y vitamina B12<\/strong> para evitar d\u00e9ficits<\/p><\/li><\/ul>\t\t\t\t\t\t\t\t<\/div>\n\t\t\t\t<\/div>\n\t\t\t\t\t<\/div>\n\t\t\t\t<\/div>\n\t\t<div class=\"elementor-element elementor-element-a07be3f obcs none e-flex e-con-boxed e-con e-parent\" data-id=\"a07be3f\" data-element_type=\"container\">\n\t\t\t\t\t<div class=\"e-con-inner\">\n\t\t\t\t<div class=\"elementor-element elementor-element-1327627 elementor-widget elementor-widget-heading\" data-id=\"1327627\" data-element_type=\"widget\" data-widget_type=\"heading.default\">\n\t\t\t\t<div class=\"elementor-widget-container\">\n\t\t\t\t\t<h2 class=\"elementor-heading-title elementor-size-default\">Enfermedad de Crohn y microbiota intestinal<\/h2>\t\t\t\t<\/div>\n\t\t\t\t<\/div>\n\t\t\t\t<div class=\"elementor-element elementor-element-99c74a8 elementor-widget elementor-widget-text-editor\" data-id=\"99c74a8\" data-element_type=\"widget\" data-widget_type=\"text-editor.default\">\n\t\t\t\t<div class=\"elementor-widget-container\">\n\t\t\t\t\t\t\t\t\t<p data-start=\"446\" data-end=\"710\">En los \u00faltimos a\u00f1os, numerosos estudios han demostrado que las personas con enfermedad de Crohn suelen presentar cambios importantes en la <strong data-start=\"585\" data-end=\"610\">microbiota intestinal<\/strong>. Este desequilibrio, conocido como disbiosis, puede influir en varios procesos clave del organismo:<\/p><ul data-start=\"712\" data-end=\"1021\"><li data-start=\"712\" data-end=\"767\"><p data-start=\"714\" data-end=\"767\">La <strong data-start=\"717\" data-end=\"749\">intensidad de la inflamaci\u00f3n<\/strong> en el intestino<\/p><\/li><li data-start=\"768\" data-end=\"846\"><p data-start=\"770\" data-end=\"846\">La <strong data-start=\"773\" data-end=\"811\">fortaleza de la barrera intestinal<\/strong>, que act\u00faa como filtro protector<\/p><\/li><li data-start=\"847\" data-end=\"896\"><p data-start=\"849\" data-end=\"896\">El <strong data-start=\"852\" data-end=\"894\">funcionamiento del <a href=\"https:\/\/www.omni-biotic.com\/es-es\/salud-intestinal\/areas-de-influencia-del-intestino\/sistema-inmunitario\/\">sistema inmunitario<\/a><\/strong><\/p><\/li><li data-start=\"897\" data-end=\"1021\"><p data-start=\"899\" data-end=\"1021\">La comunicaci\u00f3n bidireccional del <strong data-start=\"933\" data-end=\"958\"><a href=\"https:\/\/www.omni-biotic.com\/es-es\/salud-intestinal\/el-intestino-como-centro-de-la-salud\/eje-intestino-cerebro\/\">eje intestino-cerebro<\/a><\/strong>, relacionada con el estr\u00e9s, el estado de \u00e1nimo y la ansiedad<\/p><\/li><\/ul><p data-start=\"1023\" data-end=\"1298\">Una microbiota menos diversa y con menor presencia de bacterias beneficiosas se asocia a una barrera intestinal debilitada y a un mayor riesgo de que el sistema inmunitario reaccione de forma exagerada, contribuyendo a la inflamaci\u00f3n caracter\u00edstica de la enfermedad de Crohn.<\/p>\t\t\t\t\t\t\t\t<\/div>\n\t\t\t\t<\/div>\n\t\t<div class=\"elementor-element elementor-element-8bd7acb e-con-full obcs none e-flex e-con e-child\" data-id=\"8bd7acb\" data-element_type=\"container\">\n\t\t\t\t<div class=\"elementor-element elementor-element-e0625f2 elementor-widget elementor-widget-heading\" data-id=\"e0625f2\" data-element_type=\"widget\" data-widget_type=\"heading.default\">\n\t\t\t\t<div class=\"elementor-widget-container\">\n\t\t\t\t\t<h3 class=\"elementor-heading-title elementor-size-default\">\u00bfPueden ayudar los probi\u00f3ticos de alta calidad en la enfermedad de Crohn?<\/h3>\t\t\t\t<\/div>\n\t\t\t\t<\/div>\n\t\t\t\t<div class=\"elementor-element elementor-element-073595c elementor-widget elementor-widget-text-editor\" data-id=\"073595c\" data-element_type=\"widget\" data-widget_type=\"text-editor.default\">\n\t\t\t\t<div class=\"elementor-widget-container\">\n\t\t\t\t\t\t\t\t\t<p data-start=\"1387\" data-end=\"1693\">La investigaci\u00f3n cient\u00edfica se\u00f1ala que, en el contexto de la enfermedad de Crohn, la disbiosis desempe\u00f1a un papel determinante: disminuyen las <a href=\"https:\/\/www.omni-biotic.com\/es-es\/salud-intestinal\/el-intestino-como-centro-de-la-salud\/bacterias-intestinales\/\"><b>bacterias <\/b><\/a>beneficiosas, se reduce la producci\u00f3n de \u00e1cidos grasos de cadena corta (como el butirato) y la mucosa intestinal pierde parte de su capacidad protectora.<\/p>\n<p data-start=\"1695\" data-end=\"1890\">Por este motivo, adem\u00e1s del tratamiento m\u00e9dico, cada vez m\u00e1s profesionales consideran \u00fatil valorar el uso de <strong data-start=\"1804\" data-end=\"1835\"><a href=\"https:\/\/www.omni-biotic.com\/es-es\/salud-intestinal\/el-intestino-como-centro-de-la-salud\/probioticos\/\">probi\u00f3ticos <\/a>de alta calidad<\/strong> como complemento para apoyar el equilibrio intestinal.<\/p>\n<p data-start=\"1892\" data-end=\"1931\">Los probi\u00f3ticos bien formulados pueden:<\/p>\n<ul data-start=\"1933\" data-end=\"2173\">\n<li data-start=\"1933\" data-end=\"1993\">\n<p data-start=\"1935\" data-end=\"1993\">Contribuir al <strong data-start=\"1949\" data-end=\"1991\">equilibrio de la microbiota intestinal<\/strong><\/p>\n<\/li>\n<li data-start=\"1994\" data-end=\"2061\">\n<p data-start=\"1996\" data-end=\"2061\">Favorecer el <strong data-start=\"2009\" data-end=\"2059\">funcionamiento normal de la barrera intestinal<\/strong><\/p>\n<\/li>\n<li data-start=\"2062\" data-end=\"2099\">\n<p data-start=\"2064\" data-end=\"2099\">Ayudar al <strong data-start=\"2074\" data-end=\"2097\">sistema inmunitario<\/strong><\/p>\n<\/li>\n<li data-start=\"2100\" data-end=\"2173\">\n<p data-start=\"2102\" data-end=\"2173\">Mejorar el <strong data-start=\"2113\" data-end=\"2136\">bienestar digestivo<\/strong> y apoyar la regularidad intestinal<\/p>\n<\/li>\n<\/ul>\n<p data-start=\"2175\" data-end=\"2432\">Es importante recordar que los probi\u00f3ticos no sustituyen el tratamiento prescrito por el especialista, pero s\u00ed pueden ser un <strong data-start=\"2300\" data-end=\"2354\">apoyo relevante en el cuidado diario del intestino<\/strong>, especialmente en fases de remisi\u00f3n y siempre bajo recomendaci\u00f3n profesional.<\/p>\t\t\t\t\t\t\t\t<\/div>\n\t\t\t\t<\/div>\n\t\t\t\t<\/div>\n\t\t\t\t\t<\/div>\n\t\t\t\t<\/div>\n\t\t<div class=\"elementor-element elementor-element-6cf3e3d obcs none e-flex e-con-boxed e-con e-parent\" data-id=\"6cf3e3d\" data-element_type=\"container\">\n\t\t\t\t\t<div class=\"e-con-inner\">\n\t\t\t\t<div class=\"elementor-element elementor-element-b738719 elementor-widget elementor-widget-heading\" data-id=\"b738719\" data-element_type=\"widget\" data-widget_type=\"heading.default\">\n\t\t\t\t<div class=\"elementor-widget-container\">\n\t\t\t\t\t<h2 class=\"elementor-heading-title elementor-size-default\">Crohn, estr\u00e9s y el eje intestino-cerebro<\/h2>\t\t\t\t<\/div>\n\t\t\t\t<\/div>\n\t\t\t\t<div class=\"elementor-element elementor-element-260ae01 elementor-widget elementor-widget-image\" data-id=\"260ae01\" data-element_type=\"widget\" data-widget_type=\"image.default\">\n\t\t\t\t<div class=\"elementor-widget-container\">\n\t\t\t\t\t\t\t\t\t\t\t\t\t\t\t<img decoding=\"async\" src=\"https:\/\/www.omni-biotic.com\/es-es\/wp-content\/uploads\/sites\/6\/2025\/12\/buenas-rutinas.png\" title=\"buenas rutinas\" alt=\"Good habits - Good life\" loading=\"lazy\" \/>\t\t\t\t\t\t\t\t\t\t\t\t\t\t\t<\/div>\n\t\t\t\t<\/div>\n\t\t\t\t<div class=\"elementor-element elementor-element-a95a888 elementor-widget elementor-widget-text-editor\" data-id=\"a95a888\" data-element_type=\"widget\" data-widget_type=\"text-editor.default\">\n\t\t\t\t<div class=\"elementor-widget-container\">\n\t\t\t\t\t\t\t\t\t<p data-start=\"408\" data-end=\"896\">La conexi\u00f3n entre intestino y cerebro es continua y bidireccional: se comunican a trav\u00e9s de millones de neuronas, hormonas y se\u00f1ales qu\u00edmicas. Por eso, los niveles de estr\u00e9s, la calidad del sue\u00f1o o el estado emocional pueden influir directamente en el curso de la enfermedad de Crohn. Muchos brotes se asocian a momentos de tensi\u00f3n, ansiedad o falta de descanso, no porque el estr\u00e9s sea la causa de la enfermedad, sino porque <strong data-start=\"834\" data-end=\"895\">puede intensificar la inflamaci\u00f3n y empeorar los s\u00edntomas<\/strong>.<\/p><p data-start=\"898\" data-end=\"1054\">Para cuidar esta conexi\u00f3n y favorecer el equilibrio intestinal, resulta especialmente \u00fatil incorporar h\u00e1bitos que reduzcan la carga emocional del d\u00eda a d\u00eda:<\/p><ul data-start=\"1056\" data-end=\"1421\"><li data-start=\"1056\" data-end=\"1131\"><p data-start=\"1058\" data-end=\"1131\"><strong data-start=\"1058\" data-end=\"1090\">Ejercicio regular y moderado<\/strong>, como caminar, nadar o bicicleta suave<\/p><\/li><li data-start=\"1132\" data-end=\"1242\"><p data-start=\"1134\" data-end=\"1242\"><strong data-start=\"1134\" data-end=\"1160\">T\u00e9cnicas de relajaci\u00f3n<\/strong> (respiraci\u00f3n profunda, mindfulness, yoga suave) para calmar el sistema nervioso<\/p><\/li><li data-start=\"1243\" data-end=\"1321\"><p data-start=\"1245\" data-end=\"1321\"><strong data-start=\"1245\" data-end=\"1274\">Rutinas de sue\u00f1o estables<\/strong>, con horarios regulares y descanso reparador<\/p><\/li><li data-start=\"1322\" data-end=\"1421\"><p data-start=\"1324\" data-end=\"1421\"><strong data-start=\"1324\" data-end=\"1351\">Mayor gesti\u00f3n emocional<\/strong>, poniendo l\u00edmites cuando sea posible y evitando acumulaci\u00f3n de estr\u00e9s<\/p><\/li><\/ul><p data-start=\"1423\" data-end=\"1606\">Cuidar el bienestar emocional no es un \u201cextra\u201d: es una parte esencial del tratamiento, ya que un sistema nervioso m\u00e1s calmado ayuda al intestino a funcionar de manera m\u00e1s equilibrada.<\/p>\t\t\t\t\t\t\t\t<\/div>\n\t\t\t\t<\/div>\n\t\t\t\t\t<\/div>\n\t\t\t\t<\/div>\n\t\t<div class=\"elementor-element elementor-element-47193c8 obcs none e-flex e-con-boxed e-con e-parent\" data-id=\"47193c8\" data-element_type=\"container\">\n\t\t\t\t\t<div class=\"e-con-inner\">\n\t\t<div class=\"elementor-element elementor-element-ac2d3eb e-con-full obcs none e-flex e-con e-child\" data-id=\"ac2d3eb\" data-element_type=\"container\">\n\t\t\t\t<div class=\"elementor-element elementor-element-b481976 elementor-widget elementor-widget-heading\" data-id=\"b481976\" data-element_type=\"widget\" data-widget_type=\"heading.default\">\n\t\t\t\t<div class=\"elementor-widget-container\">\n\t\t\t\t\t<span class=\"elementor-heading-title elementor-size-default\"><a href=\"#preguntas-frecuentes\" preguntas-frecuentes=\"\">Preguntas frecuentes y resumen<\/a><\/span>\t\t\t\t<\/div>\n\t\t\t\t<\/div>\n\t\t\t\t<div class=\"elementor-element elementor-element-b105215 elementor-icon-list--layout-traditional elementor-list-item-link-full_width elementor-widget elementor-widget-icon-list\" data-id=\"b105215\" data-element_type=\"widget\" data-widget_type=\"icon-list.default\">\n\t\t\t\t<div class=\"elementor-widget-container\">\n\t\t\t\t\t\t\t<ul class=\"elementor-icon-list-items\">\n\t\t\t\t\t\t\t<li class=\"elementor-icon-list-item\">\n\t\t\t\t\t\t\t\t\t\t<span class=\"elementor-icon-list-text\">\u00bfQu\u00e9 es exactamente la enfermedad de Crohn?<\/span>\n\t\t\t\t\t\t\t\t\t<\/li>\n\t\t\t\t\t\t<\/ul>\n\t\t\t\t\t\t<\/div>\n\t\t\t\t<\/div>\n\t\t\t\t<div class=\"elementor-element elementor-element-34930e6 elementor-widget elementor-widget-text-editor\" data-id=\"34930e6\" data-element_type=\"widget\" data-widget_type=\"text-editor.default\">\n\t\t\t\t<div class=\"elementor-widget-container\">\n\t\t\t\t\t\t\t\t\t<p>Es una enfermedad inflamatoria intestinal cr\u00f3nica que cursa en brotes y puede afectar a cualquier parte del tubo digestivo, desde la boca hasta el ano.<\/p>\t\t\t\t\t\t\t\t<\/div>\n\t\t\t\t<\/div>\n\t\t\t\t<div class=\"elementor-element elementor-element-55614fa elementor-icon-list--layout-traditional elementor-list-item-link-full_width elementor-widget elementor-widget-icon-list\" data-id=\"55614fa\" data-element_type=\"widget\" data-widget_type=\"icon-list.default\">\n\t\t\t\t<div class=\"elementor-widget-container\">\n\t\t\t\t\t\t\t<ul class=\"elementor-icon-list-items\">\n\t\t\t\t\t\t\t<li class=\"elementor-icon-list-item\">\n\t\t\t\t\t\t\t\t\t\t<span class=\"elementor-icon-list-text\">\u00bfCu\u00e1les son los primeros s\u00edntomas?<\/span>\n\t\t\t\t\t\t\t\t\t<\/li>\n\t\t\t\t\t\t<\/ul>\n\t\t\t\t\t\t<\/div>\n\t\t\t\t<\/div>\n\t\t\t\t<div class=\"elementor-element elementor-element-8a0a0bd elementor-widget elementor-widget-text-editor\" data-id=\"8a0a0bd\" data-element_type=\"widget\" data-widget_type=\"text-editor.default\">\n\t\t\t\t<div class=\"elementor-widget-container\">\n\t\t\t\t\t\t\t\t\t<p>Diarrea persistente, dolor abdominal, p\u00e9rdida de peso, fatiga extrema y, en algunos casos, sangre en las heces o fiebre.<\/p>\t\t\t\t\t\t\t\t<\/div>\n\t\t\t\t<\/div>\n\t\t\t\t<div class=\"elementor-element elementor-element-e4c00a7 elementor-icon-list--layout-traditional elementor-list-item-link-full_width elementor-widget elementor-widget-icon-list\" data-id=\"e4c00a7\" data-element_type=\"widget\" data-widget_type=\"icon-list.default\">\n\t\t\t\t<div class=\"elementor-widget-container\">\n\t\t\t\t\t\t\t<ul class=\"elementor-icon-list-items\">\n\t\t\t\t\t\t\t<li class=\"elementor-icon-list-item\">\n\t\t\t\t\t\t\t\t\t\t<span class=\"elementor-icon-list-text\">\u00bfC\u00f3mo se detecta la enfermedad de Crohn?<\/span>\n\t\t\t\t\t\t\t\t\t<\/li>\n\t\t\t\t\t\t<\/ul>\n\t\t\t\t\t\t<\/div>\n\t\t\t\t<\/div>\n\t\t\t\t<div class=\"elementor-element elementor-element-914793f elementor-widget elementor-widget-text-editor\" data-id=\"914793f\" data-element_type=\"widget\" data-widget_type=\"text-editor.default\">\n\t\t\t\t<div class=\"elementor-widget-container\">\n\t\t\t\t\t\t\t\t\t<p>Mediante an\u00e1lisis de sangre, an\u00e1lisis de heces (incluida calprotectina), endoscopia con biopsias y pruebas de imagen como resonancia o TAC.<\/p>\t\t\t\t\t\t\t\t<\/div>\n\t\t\t\t<\/div>\n\t\t\t\t<div class=\"elementor-element elementor-element-4edf4e7 elementor-icon-list--layout-traditional elementor-list-item-link-full_width elementor-widget elementor-widget-icon-list\" data-id=\"4edf4e7\" data-element_type=\"widget\" data-widget_type=\"icon-list.default\">\n\t\t\t\t<div class=\"elementor-widget-container\">\n\t\t\t\t\t\t\t<ul class=\"elementor-icon-list-items\">\n\t\t\t\t\t\t\t<li class=\"elementor-icon-list-item\">\n\t\t\t\t\t\t\t\t\t\t<span class=\"elementor-icon-list-text\">\u00bfLa enfermedad de Crohn tiene cura?<\/span>\n\t\t\t\t\t\t\t\t\t<\/li>\n\t\t\t\t\t\t<\/ul>\n\t\t\t\t\t\t<\/div>\n\t\t\t\t<\/div>\n\t\t\t\t<div class=\"elementor-element elementor-element-d629861 elementor-widget elementor-widget-text-editor\" data-id=\"d629861\" data-element_type=\"widget\" data-widget_type=\"text-editor.default\">\n\t\t\t\t<div class=\"elementor-widget-container\">\n\t\t\t\t\t\t\t\t\t<p data-start=\"196\" data-end=\"481\">No existe una cura definitiva, pero s\u00ed tratamientos eficaces que pueden lograr remisiones prolongadas y permitir una vida normal.<\/p>\t\t\t\t\t\t\t\t<\/div>\n\t\t\t\t<\/div>\n\t\t\t\t<div class=\"elementor-element elementor-element-2118e77 elementor-icon-list--layout-traditional elementor-list-item-link-full_width elementor-widget elementor-widget-icon-list\" data-id=\"2118e77\" data-element_type=\"widget\" data-widget_type=\"icon-list.default\">\n\t\t\t\t<div class=\"elementor-widget-container\">\n\t\t\t\t\t\t\t<ul class=\"elementor-icon-list-items\">\n\t\t\t\t\t\t\t<li class=\"elementor-icon-list-item\">\n\t\t\t\t\t\t\t\t\t\t<span class=\"elementor-icon-list-text\">\u00bfQu\u00e9 alimentos conviene evitar durante un brote?<\/span>\n\t\t\t\t\t\t\t\t\t<\/li>\n\t\t\t\t\t\t<\/ul>\n\t\t\t\t\t\t<\/div>\n\t\t\t\t<\/div>\n\t\t\t\t<div class=\"elementor-element elementor-element-787b6d1 elementor-widget elementor-widget-text-editor\" data-id=\"787b6d1\" data-element_type=\"widget\" data-widget_type=\"text-editor.default\">\n\t\t\t\t<div class=\"elementor-widget-container\">\n\t\t\t\t\t\t\t\t\t<p>Alimentos ricos en fibra insoluble, fritos, picantes, ultraprocesados, alcohol y comidas muy grasas o flatulentas. La dieta debe adaptarse individualmente.<\/p>\t\t\t\t\t\t\t\t<\/div>\n\t\t\t\t<\/div>\n\t\t\t\t<div class=\"elementor-element elementor-element-e2696f7 elementor-icon-list--layout-traditional elementor-list-item-link-full_width elementor-widget elementor-widget-icon-list\" data-id=\"e2696f7\" data-element_type=\"widget\" data-widget_type=\"icon-list.default\">\n\t\t\t\t<div class=\"elementor-widget-container\">\n\t\t\t\t\t\t\t<ul class=\"elementor-icon-list-items\">\n\t\t\t\t\t\t\t<li class=\"elementor-icon-list-item\">\n\t\t\t\t\t\t\t\t\t\t<span class=\"elementor-icon-list-text\">\u00bfQu\u00e9 papel tienen los probi\u00f3ticos de alta calidad en la enfermedad de Crohn?<\/span>\n\t\t\t\t\t\t\t\t\t<\/li>\n\t\t\t\t\t\t<\/ul>\n\t\t\t\t\t\t<\/div>\n\t\t\t\t<\/div>\n\t\t\t\t<div class=\"elementor-element elementor-element-cb448aa elementor-widget elementor-widget-text-editor\" data-id=\"cb448aa\" data-element_type=\"widget\" data-widget_type=\"text-editor.default\">\n\t\t\t\t<div class=\"elementor-widget-container\">\n\t\t\t\t\t\t\t\t\t<p>Pueden contribuir al equilibrio de la microbiota intestinal, apoyar el funcionamiento normal de la barrera intestinal y ayudar al sistema inmunitario. Son un <strong data-start=\"1535\" data-end=\"1550\">complemento<\/strong>, no un sustituto del tratamiento m\u00e9dico.<\/p>\t\t\t\t\t\t\t\t<\/div>\n\t\t\t\t<\/div>\n\t\t\t\t<div class=\"elementor-element elementor-element-0eff304 elementor-icon-list--layout-traditional elementor-list-item-link-full_width elementor-widget elementor-widget-icon-list\" data-id=\"0eff304\" data-element_type=\"widget\" data-widget_type=\"icon-list.default\">\n\t\t\t\t<div class=\"elementor-widget-container\">\n\t\t\t\t\t\t\t<ul class=\"elementor-icon-list-items\">\n\t\t\t\t\t\t\t<li class=\"elementor-icon-list-item\">\n\t\t\t\t\t\t\t\t\t\t<span class=\"elementor-icon-list-text\">\u00bfSe puede vivir bien con enfermedad de Crohn?<\/span>\n\t\t\t\t\t\t\t\t\t<\/li>\n\t\t\t\t\t\t<\/ul>\n\t\t\t\t\t\t<\/div>\n\t\t\t\t<\/div>\n\t\t\t\t<div class=\"elementor-element elementor-element-d1c5762 elementor-widget elementor-widget-text-editor\" data-id=\"d1c5762\" data-element_type=\"widget\" data-widget_type=\"text-editor.default\">\n\t\t\t\t<div class=\"elementor-widget-container\">\n\t\t\t\t\t\t\t\t\t<p>S\u00ed. Muchas personas llevan una vida activa y normal con la enfermedad. La clave est\u00e1 en el seguimiento m\u00e9dico, el tratamiento adecuado, una alimentaci\u00f3n adaptada, evitar el tabaco, gestionar el estr\u00e9s y cuidar el descanso.<\/p>\t\t\t\t\t\t\t\t<\/div>\n\t\t\t\t<\/div>\n\t\t\t\t<div class=\"elementor-element elementor-element-0f4e9ba elementor-icon-list--layout-traditional elementor-list-item-link-full_width elementor-widget elementor-widget-icon-list\" data-id=\"0f4e9ba\" data-element_type=\"widget\" data-widget_type=\"icon-list.default\">\n\t\t\t\t<div class=\"elementor-widget-container\">\n\t\t\t\t\t\t\t<ul class=\"elementor-icon-list-items\">\n\t\t\t\t\t\t\t<li class=\"elementor-icon-list-item\">\n\t\t\t\t\t\t\t\t\t\t<span class=\"elementor-icon-list-text\">\u00bfLa enfermedad de Crohn reduce la esperanza de vida?<\/span>\n\t\t\t\t\t\t\t\t\t<\/li>\n\t\t\t\t\t\t<\/ul>\n\t\t\t\t\t\t<\/div>\n\t\t\t\t<\/div>\n\t\t\t\t<div class=\"elementor-element elementor-element-f9e03e4 elementor-widget elementor-widget-text-editor\" data-id=\"f9e03e4\" data-element_type=\"widget\" data-widget_type=\"text-editor.default\">\n\t\t\t\t<div class=\"elementor-widget-container\">\n\t\t\t\t\t\t\t\t\t<p>En la mayor\u00eda de los casos, la esperanza de vida es similar a la de la poblaci\u00f3n general, especialmente cuando existe un buen control m\u00e9dico y prevenci\u00f3n de complicaciones.<\/p>\t\t\t\t\t\t\t\t<\/div>\n\t\t\t\t<\/div>\n\t\t\t\t<div class=\"elementor-element elementor-element-c3fff66 elementor-icon-list--layout-traditional elementor-list-item-link-full_width elementor-widget elementor-widget-icon-list\" data-id=\"c3fff66\" data-element_type=\"widget\" data-widget_type=\"icon-list.default\">\n\t\t\t\t<div class=\"elementor-widget-container\">\n\t\t\t\t\t\t\t<ul class=\"elementor-icon-list-items\">\n\t\t\t\t\t\t\t<li class=\"elementor-icon-list-item\">\n\t\t\t\t\t\t\t\t\t\t<span class=\"elementor-icon-list-text\">\u00bfEs hereditaria la enfermedad de Crohn?<\/span>\n\t\t\t\t\t\t\t\t\t<\/li>\n\t\t\t\t\t\t<\/ul>\n\t\t\t\t\t\t<\/div>\n\t\t\t\t<\/div>\n\t\t\t\t<div class=\"elementor-element elementor-element-8ba3b96 elementor-widget elementor-widget-text-editor\" data-id=\"8ba3b96\" data-element_type=\"widget\" data-widget_type=\"text-editor.default\">\n\t\t\t\t<div class=\"elementor-widget-container\">\n\t\t\t\t\t\t\t\t\t<p>Existe predisposici\u00f3n gen\u00e9tica: tener un familiar de primer grado con la enfermedad aumenta el riesgo, pero no es determinante.<\/p>\t\t\t\t\t\t\t\t<\/div>\n\t\t\t\t<\/div>\n\t\t\t\t<\/div>\n\t\t\t\t\t<\/div>\n\t\t\t\t<\/div>\n\t\t\t\t<\/div>\n\t\t","protected":false},"excerpt":{"rendered":"<p>La enfermedad de Crohn es una inflamaci\u00f3n cr\u00f3nica del intestino que puede causar diarrea persistente, dolor abdominal, fatiga y p\u00e9rdida de peso. En esta gu\u00eda explicamos sus s\u00edntomas, causas, complicaciones, opciones de tratamiento y c\u00f3mo la microbiota intestinal y los probi\u00f3ticos de alta calidad pueden ayudar a cuidar el equilibrio del sistema digestivo.<\/p>\n","protected":false},"author":42,"featured_media":26172,"comment_status":"closed","ping_status":"closed","sticky":false,"template":"","format":"standard","meta":{"_acf_changed":false,"inline_featured_image":false,"footnotes":""},"categories":[110],"tags":[],"class_list":["post-26163","post","type-post","status-publish","format-standard","has-post-thumbnail","hentry","category-problemas-y-asesoramiento"],"acf":[],"rank_math":{"og:title":"Enfermedad de Crohn: s\u00edntomas, causas, tratamiento","og:desc":"\u00bfQu\u00e9 es la enfermedad de Crohn? S\u00edntomas, causas, diagn\u00f3stico, dieta, tratamiento y c\u00f3mo influye la microbiota intestinal.","og:url":"https:\/\/www.omni-biotic.com\/es-es\/blog\/enfermedad-de-crohn\/","og:locale":"es_ES","og:image":"https:\/\/www.omni-biotic.com\/es-es\/wp-content\/uploads\/sites\/6\/2025\/12\/enfermedad-de-crohn_intestino.png","og:image:width":"1536","og:image:height":"1024"},"additional_data":{"thumbnail":"https:\/\/www.omni-biotic.com\/es-es\/wp-content\/uploads\/sites\/6\/2025\/12\/enfermedad-de-crohn_intestino.png"},"blog_info":{"country":"es-es"},"_links":{"self":[{"href":"https:\/\/www.omni-biotic.com\/es-es\/wp-json\/wp\/v2\/posts\/26163","targetHints":{"allow":["GET"]}}],"collection":[{"href":"https:\/\/www.omni-biotic.com\/es-es\/wp-json\/wp\/v2\/posts"}],"about":[{"href":"https:\/\/www.omni-biotic.com\/es-es\/wp-json\/wp\/v2\/types\/post"}],"author":[{"embeddable":true,"href":"https:\/\/www.omni-biotic.com\/es-es\/wp-json\/wp\/v2\/users\/42"}],"replies":[{"embeddable":true,"href":"https:\/\/www.omni-biotic.com\/es-es\/wp-json\/wp\/v2\/comments?post=26163"}],"version-history":[{"count":8,"href":"https:\/\/www.omni-biotic.com\/es-es\/wp-json\/wp\/v2\/posts\/26163\/revisions"}],"predecessor-version":[{"id":26523,"href":"https:\/\/www.omni-biotic.com\/es-es\/wp-json\/wp\/v2\/posts\/26163\/revisions\/26523"}],"wp:featuredmedia":[{"embeddable":true,"href":"https:\/\/www.omni-biotic.com\/es-es\/wp-json\/wp\/v2\/media\/26172"}],"wp:attachment":[{"href":"https:\/\/www.omni-biotic.com\/es-es\/wp-json\/wp\/v2\/media?parent=26163"}],"wp:term":[{"taxonomy":"category","embeddable":true,"href":"https:\/\/www.omni-biotic.com\/es-es\/wp-json\/wp\/v2\/categories?post=26163"},{"taxonomy":"post_tag","embeddable":true,"href":"https:\/\/www.omni-biotic.com\/es-es\/wp-json\/wp\/v2\/tags?post=26163"}],"curies":[{"name":"wp","href":"https:\/\/api.w.org\/{rel}","templated":true}]}}