{"id":26184,"date":"2025-12-10T13:23:29Z","date_gmt":"2025-12-10T12:23:29Z","guid":{"rendered":"https:\/\/www.omni-biotic.com\/es-es\/?p=26184"},"modified":"2025-12-10T13:23:42Z","modified_gmt":"2025-12-10T12:23:42Z","slug":"tu-sistema-inmunitario-fuerte","status":"publish","type":"post","link":"https:\/\/www.omni-biotic.com\/es-es\/blog\/tu-sistema-inmunitario-fuerte\/","title":{"rendered":"\u00a1Refuerza tu sistema inmunitario con 5 factores clave!"},"content":{"rendered":"\t\t<div data-elementor-type=\"wp-post\" data-elementor-id=\"26184\" class=\"elementor elementor-26184\" data-elementor-post-type=\"post\">\n\t\t\t\t<div class=\"elementor-element elementor-element-054e8df obcs none e-flex e-con-boxed e-con e-parent\" data-id=\"054e8df\" data-element_type=\"container\">\n\t\t\t\t\t<div class=\"e-con-inner\">\n\t\t\t\t<div class=\"elementor-element elementor-element-659fddd elementor-widget elementor-widget-text-editor\" data-id=\"659fddd\" data-element_type=\"widget\" data-widget_type=\"text-editor.default\">\n\t\t\t\t<div class=\"elementor-widget-container\">\n\t\t\t\t\t\t\t\t\t<p>Cada vez somos m\u00e1s conscientes de la importancia de mantener un sistema inmunitario fuerte, especialmente en momentos de estr\u00e9s, cambios de temperatura o mayor carga mental. Aunque solemos asociar las defensas con \u201cevitar resfriarnos\u201d, en realidad este sistema trabaja sin descanso para protegernos, reparar tejidos, regular la inflamaci\u00f3n y ayudarnos a mantenernos activos.<br data-start=\"1250\" data-end=\"1253\" \/>Comprender qu\u00e9 factores influyen en su funcionamiento, como el intestino, la vitamina D, el sue\u00f1o o el h\u00edgado, permite cuidarlo de forma m\u00e1s eficaz. Estos cinco factores esenciales te ayudar\u00e1n a entender c\u00f3mo funciona tu sistema inmunitario y qu\u00e9 puedes hacer para reforzarlo de manera natural.<\/p>\t\t\t\t\t\t\t\t<\/div>\n\t\t\t\t<\/div>\n\t\t\t\t<div class=\"elementor-element elementor-element-f9c1bd2 elementor-widget elementor-widget-image\" data-id=\"f9c1bd2\" data-element_type=\"widget\" data-widget_type=\"image.default\">\n\t\t\t\t<div class=\"elementor-widget-container\">\n\t\t\t\t\t\t\t\t\t\t\t\t\t\t\t<img fetchpriority=\"high\" decoding=\"async\" width=\"700\" height=\"500\" src=\"https:\/\/www.omni-biotic.com\/es-es\/wp-content\/uploads\/sites\/6\/2025\/12\/darm-immunsystem-zusammenspiel.jpg\" class=\"attachment-large size-large wp-image-26186\" alt=\"\" srcset=\"https:\/\/www.omni-biotic.com\/es-es\/wp-content\/uploads\/sites\/6\/2025\/12\/darm-immunsystem-zusammenspiel.jpg 700w, https:\/\/www.omni-biotic.com\/es-es\/wp-content\/uploads\/sites\/6\/2025\/12\/darm-immunsystem-zusammenspiel-300x214.jpg 300w\" sizes=\"(max-width: 700px) 100vw, 700px\" title=\"\">\t\t\t\t\t\t\t\t\t\t\t\t\t\t\t<\/div>\n\t\t\t\t<\/div>\n\t\t\t\t<div class=\"elementor-element elementor-element-79a2850 elementor-widget elementor-widget-heading\" data-id=\"79a2850\" data-element_type=\"widget\" data-widget_type=\"heading.default\">\n\t\t\t\t<div class=\"elementor-widget-container\">\n\t\t\t\t\t<p class=\"elementor-heading-title elementor-size-default\">Factor 1:<\/p>\t\t\t\t<\/div>\n\t\t\t\t<\/div>\n\t\t\t\t<div class=\"elementor-element elementor-element-1532b92 elementor-widget elementor-widget-heading\" data-id=\"1532b92\" data-element_type=\"widget\" data-widget_type=\"heading.default\">\n\t\t\t\t<div class=\"elementor-widget-container\">\n\t\t\t\t\t<h2 class=\"elementor-heading-title elementor-size-default\">Intestino fuerte, sistema inmunitario fuerte<\/h2>\t\t\t\t<\/div>\n\t\t\t\t<\/div>\n\t\t\t\t<div class=\"elementor-element elementor-element-38970ca elementor-widget elementor-widget-text-editor\" data-id=\"38970ca\" data-element_type=\"widget\" data-widget_type=\"text-editor.default\">\n\t\t\t\t<div class=\"elementor-widget-container\">\n\t\t\t\t\t\t\t\t\t<p data-start=\"1644\" data-end=\"2078\">Se estima que <strong data-start=\"1658\" data-end=\"1751\">el 70 % de las c\u00e9lulas inmunitarias que producen anticuerpos se encuentra en el intestino<\/strong>, lo que convierte a este \u00f3rgano en una pieza fundamental de nuestras defensas.<br data-start=\"1830\" data-end=\"1833\" \/>Un intestino sano ofrece una protecci\u00f3n m\u00e1s eficaz frente a distintas enfermedades. La flora intestinal, que est\u00e1 formada por miles de millones de microorganismos, crea un entorno equilibrado que mantiene al sistema defensivo activo y funcional.<\/p><p data-start=\"2080\" data-end=\"2328\">Las <b>bacterias beneficiosas<\/b> aseguran que todo funcione correctamente. Cuando la flora intestinal se altera, las defensas pierden eficacia y el organismo queda m\u00e1s expuesto a agresiones externas, por lo que mantener un equilibrio intestinal es clave.<\/p><p data-start=\"2330\" data-end=\"2598\">En este proceso, <strong data-start=\"2347\" data-end=\"2414\">los probi\u00f3ticos de alta calidad desempe\u00f1an un papel fundamental<\/strong>, ya que ayudan a restaurar y mantener una flora intestinal saludable. Su uso es especialmente recomendable en situaciones de estr\u00e9s, desequilibrio intestinal o alimentaci\u00f3n irregular.<\/p><p data-start=\"2600\" data-end=\"2797\">Una dieta equilibrada, acompa\u00f1ada de ejercicio regular y una buena gesti\u00f3n del estr\u00e9s, contribuye de forma notable a la salud intestinal y, con ello, al buen funcionamiento del sistema inmunitario.<\/p>\t\t\t\t\t\t\t\t<\/div>\n\t\t\t\t<\/div>\n\t\t\t\t<div class=\"elementor-element elementor-element-712392b elementor-widget elementor-widget-heading\" data-id=\"712392b\" data-element_type=\"widget\" data-widget_type=\"heading.default\">\n\t\t\t\t<div class=\"elementor-widget-container\">\n\t\t\t\t\t<p class=\"elementor-heading-title elementor-size-default\">Factor 2:<\/p>\t\t\t\t<\/div>\n\t\t\t\t<\/div>\n\t\t\t\t<div class=\"elementor-element elementor-element-7a268a6 elementor-widget elementor-widget-heading\" data-id=\"7a268a6\" data-element_type=\"widget\" data-widget_type=\"heading.default\">\n\t\t\t\t<div class=\"elementor-widget-container\">\n\t\t\t\t\t<h2 class=\"elementor-heading-title elementor-size-default\">Vitamina D: esencial para tus defensas<\/h2>\t\t\t\t<\/div>\n\t\t\t\t<\/div>\n\t\t\t\t<div class=\"elementor-element elementor-element-e233ddd elementor-widget elementor-widget-text-editor\" data-id=\"e233ddd\" data-element_type=\"widget\" data-widget_type=\"text-editor.default\">\n\t\t\t\t<div class=\"elementor-widget-container\">\n\t\t\t\t\t\t\t\t\t<p data-start=\"225\" data-end=\"431\">La <strong data-start=\"228\" data-end=\"242\">vitamina D<\/strong> es esencial para activar y equilibrar el <strong data-start=\"284\" data-end=\"307\">sistema inmunitario<\/strong>. Participa en la maduraci\u00f3n de c\u00e9lulas defensivas y ayuda al organismo a reaccionar de forma eficaz frente a los pat\u00f3genos.<\/p><p data-start=\"433\" data-end=\"597\">El problema es que dependemos casi por completo de la <strong data-start=\"487\" data-end=\"500\">luz solar<\/strong> para producirla. Por eso es tan habitual tener niveles bajos, especialmente en oto\u00f1o e invierno.<\/p><p data-start=\"599\" data-end=\"640\">Las causas m\u00e1s frecuentes de d\u00e9ficit son:<\/p><ul data-start=\"642\" data-end=\"795\"><li data-start=\"642\" data-end=\"669\"><p data-start=\"644\" data-end=\"669\">Poca exposici\u00f3n al sol.<\/p><\/li><li data-start=\"670\" data-end=\"707\"><p data-start=\"672\" data-end=\"707\">Pasar muchas horas en interiores.<\/p><\/li><li data-start=\"708\" data-end=\"744\"><p data-start=\"710\" data-end=\"744\">Uso habitual de protector solar.<\/p><\/li><li data-start=\"745\" data-end=\"795\"><p data-start=\"747\" data-end=\"795\">Edad, ya que la piel produce menos vitamina D.<\/p><\/li><\/ul><p data-start=\"797\" data-end=\"986\">La alimentaci\u00f3n aporta muy poca cantidad, incluso con una dieta equilibrada. Por ese motivo, muchas personas recurren a <strong data-start=\"917\" data-end=\"946\">complementos alimenticios<\/strong> cuando necesitan reforzar sus defensas.<\/p><p data-start=\"988\" data-end=\"1039\">Mantener buenos niveles de vitamina D contribuye a:<\/p><ul data-start=\"1041\" data-end=\"1165\"><li data-start=\"1041\" data-end=\"1080\"><p data-start=\"1043\" data-end=\"1080\">Un sistema inmunitario m\u00e1s estable.<\/p><\/li><li data-start=\"1081\" data-end=\"1127\"><p data-start=\"1083\" data-end=\"1127\">Menor riesgo de infecciones respiratorias.<\/p><\/li><li data-start=\"1128\" data-end=\"1165\"><p data-start=\"1130\" data-end=\"1165\">Mejor regulaci\u00f3n de la inflamaci\u00f3n.<\/p><\/li><\/ul><p data-start=\"1167\" data-end=\"1262\">Cuidar la vitamina D es una forma sencilla y eficaz de apoyar tus defensas durante todo el a\u00f1o.<\/p>\t\t\t\t\t\t\t\t<\/div>\n\t\t\t\t<\/div>\n\t\t\t\t<div class=\"elementor-element elementor-element-7fb5b1c elementor-widget elementor-widget-heading\" data-id=\"7fb5b1c\" data-element_type=\"widget\" data-widget_type=\"heading.default\">\n\t\t\t\t<div class=\"elementor-widget-container\">\n\t\t\t\t\t<p class=\"elementor-heading-title elementor-size-default\">Factor 3:<\/p>\t\t\t\t<\/div>\n\t\t\t\t<\/div>\n\t\t\t\t<div class=\"elementor-element elementor-element-b7a4ce5 elementor-widget elementor-widget-heading\" data-id=\"b7a4ce5\" data-element_type=\"widget\" data-widget_type=\"heading.default\">\n\t\t\t\t<div class=\"elementor-widget-container\">\n\t\t\t\t\t<h2 class=\"elementor-heading-title elementor-size-default\">El h\u00edgado, el mejor amigo y aliado del sistema inmunitario<\/h2>\t\t\t\t<\/div>\n\t\t\t\t<\/div>\n\t\t\t\t<div class=\"elementor-element elementor-element-50a72b3 elementor-widget elementor-widget-image\" data-id=\"50a72b3\" data-element_type=\"widget\" data-widget_type=\"image.default\">\n\t\t\t\t<div class=\"elementor-widget-container\">\n\t\t\t\t\t\t\t\t\t\t\t\t\t\t\t<img decoding=\"async\" width=\"700\" height=\"500\" src=\"https:\/\/www.omni-biotic.com\/es-es\/wp-content\/uploads\/sites\/6\/2025\/12\/leber-immunsystem-darm.png\" class=\"attachment-large size-large wp-image-26187\" alt=\"\" srcset=\"https:\/\/www.omni-biotic.com\/es-es\/wp-content\/uploads\/sites\/6\/2025\/12\/leber-immunsystem-darm.png 700w, https:\/\/www.omni-biotic.com\/es-es\/wp-content\/uploads\/sites\/6\/2025\/12\/leber-immunsystem-darm-300x214.png 300w\" sizes=\"(max-width: 700px) 100vw, 700px\" title=\"\">\t\t\t\t\t\t\t\t\t\t\t\t\t\t\t<\/div>\n\t\t\t\t<\/div>\n\t\t\t\t<div class=\"elementor-element elementor-element-385d13b elementor-widget elementor-widget-text-editor\" data-id=\"385d13b\" data-element_type=\"widget\" data-widget_type=\"text-editor.default\">\n\t\t\t\t<div class=\"elementor-widget-container\">\n\t\t\t\t\t\t\t\t\t<p data-start=\"3626\" data-end=\"4093\">El <a href=\"https:\/\/www.omni-biotic.com\/es-es\/blog\/higado\/\"><b>h\u00edgado <\/b><\/a>es un \u00f3rgano esencial y, aun as\u00ed, suele estar poco valorado. Adem\u00e1s de su funci\u00f3n en el metabolismo, interviene de forma decisiva en la inmunidad.<br data-start=\"3782\" data-end=\"3785\" \/>El aumento del sobrepeso ha incrementado la prevalencia del <strong data-start=\"3845\" data-end=\"3861\"><a href=\"https:\/\/www.omni-biotic.com\/es-es\/blog\/higado-graso-sin-alcohol\/\">h\u00edgado graso<\/a><\/strong>, una alteraci\u00f3n que suele desarrollarse como consecuencia de un estilo de vida poco saludable, determinados medicamentos o enfermedades previas. Aunque al principio no presente s\u00edntomas, puede tener efectos importantes en la salud.<\/p><p data-start=\"4095\" data-end=\"4362\">El h\u00edgado colabora con el sistema inmunitario al <strong data-start=\"4144\" data-end=\"4193\">eliminar bacterias, toxinas y c\u00e9lulas da\u00f1adas<\/strong> presentes en la sangre. Este trabajo es realizado por las <strong data-start=\"4252\" data-end=\"4286\">c\u00e9lulas inmunitarias hep\u00e1ticas<\/strong>, tambi\u00e9n llamadas macr\u00f3fagos del h\u00edgado, que act\u00faan como filtros naturales.<\/p><p data-start=\"4364\" data-end=\"4511\">Cuando el h\u00edgado funciona correctamente, proporciona energ\u00eda y apoyo al sistema inmunitario, especialmente cuando este necesita actuar con rapidez.<\/p>\t\t\t\t\t\t\t\t<\/div>\n\t\t\t\t<\/div>\n\t\t\t\t<div class=\"elementor-element elementor-element-55c6e47 elementor-widget elementor-widget-heading\" data-id=\"55c6e47\" data-element_type=\"widget\" data-widget_type=\"heading.default\">\n\t\t\t\t<div class=\"elementor-widget-container\">\n\t\t\t\t\t<p class=\"elementor-heading-title elementor-size-default\">Factor 4:<\/p>\t\t\t\t<\/div>\n\t\t\t\t<\/div>\n\t\t\t\t<div class=\"elementor-element elementor-element-caccf74 elementor-widget elementor-widget-heading\" data-id=\"caccf74\" data-element_type=\"widget\" data-widget_type=\"heading.default\">\n\t\t\t\t<div class=\"elementor-widget-container\">\n\t\t\t\t\t<h2 class=\"elementor-heading-title elementor-size-default\">El sue\u00f1o es esencial para un sistema inmunitario eficiente<\/h2>\t\t\t\t<\/div>\n\t\t\t\t<\/div>\n\t\t\t\t<div class=\"elementor-element elementor-element-a93cfc6 elementor-widget elementor-widget-text-editor\" data-id=\"a93cfc6\" data-element_type=\"widget\" data-widget_type=\"text-editor.default\">\n\t\t\t\t<div class=\"elementor-widget-container\">\n\t\t\t\t\t\t\t\t\t<p data-start=\"4595\" data-end=\"4882\">Dormir bien es imprescindible para que las defensas funcionen correctamente.<br data-start=\"4671\" data-end=\"4674\" \/>La <strong data-start=\"4677\" data-end=\"4695\">falta de sue\u00f1o<\/strong> reduce la capacidad de las <strong data-start=\"4723\" data-end=\"4736\">c\u00e9lulas T<\/strong>, responsables de localizar y eliminar c\u00e9lulas infectadas. Incluso con solo tres horas menos de descanso, su actividad disminuye de forma notable.<\/p><p data-start=\"4884\" data-end=\"5061\">El descanso adecuado es uno de los pilares del sistema inmunitario y diversos estudios demuestran que <strong data-start=\"4986\" data-end=\"5060\">las personas que duermen menos presentan un mayor riesgo de resfriarse<\/strong>.<\/p><p data-start=\"5063\" data-end=\"5256\">Cuidar la higiene del sue\u00f1o, manteniendo horarios estables, evitando las pantallas antes de dormir y creando un ambiente relajado, es una de las medidas m\u00e1s eficaces para reforzar las defensas.<\/p>\t\t\t\t\t\t\t\t<\/div>\n\t\t\t\t<\/div>\n\t\t\t\t<div class=\"elementor-element elementor-element-91bd0fe elementor-widget elementor-widget-image\" data-id=\"91bd0fe\" data-element_type=\"widget\" data-widget_type=\"image.default\">\n\t\t\t\t<div class=\"elementor-widget-container\">\n\t\t\t\t\t\t\t\t\t\t\t\t\t\t\t<img decoding=\"async\" width=\"700\" height=\"500\" src=\"https:\/\/www.omni-biotic.com\/es-es\/wp-content\/uploads\/sites\/6\/2025\/12\/schlaf-immunsystem-nachtaktiv.jpg\" class=\"attachment-large size-large wp-image-26188\" alt=\"\" srcset=\"https:\/\/www.omni-biotic.com\/es-es\/wp-content\/uploads\/sites\/6\/2025\/12\/schlaf-immunsystem-nachtaktiv.jpg 700w, https:\/\/www.omni-biotic.com\/es-es\/wp-content\/uploads\/sites\/6\/2025\/12\/schlaf-immunsystem-nachtaktiv-300x214.jpg 300w\" sizes=\"(max-width: 700px) 100vw, 700px\" title=\"\">\t\t\t\t\t\t\t\t\t\t\t\t\t\t\t<\/div>\n\t\t\t\t<\/div>\n\t\t\t\t<div class=\"elementor-element elementor-element-409a20f elementor-widget elementor-widget-heading\" data-id=\"409a20f\" data-element_type=\"widget\" data-widget_type=\"heading.default\">\n\t\t\t\t<div class=\"elementor-widget-container\">\n\t\t\t\t\t<p class=\"elementor-heading-title elementor-size-default\">Factor 5:<\/p>\t\t\t\t<\/div>\n\t\t\t\t<\/div>\n\t\t\t\t<div class=\"elementor-element elementor-element-f48f1c4 elementor-widget elementor-widget-heading\" data-id=\"f48f1c4\" data-element_type=\"widget\" data-widget_type=\"heading.default\">\n\t\t\t\t<div class=\"elementor-widget-container\">\n\t\t\t\t\t<h2 class=\"elementor-heading-title elementor-size-default\">La noche es el superpoder de tu sistema inmunitario<\/h2>\t\t\t\t<\/div>\n\t\t\t\t<\/div>\n\t\t\t\t<div class=\"elementor-element elementor-element-c83eb2f elementor-widget elementor-widget-text-editor\" data-id=\"c83eb2f\" data-element_type=\"widget\" data-widget_type=\"text-editor.default\">\n\t\t\t\t<div class=\"elementor-widget-container\">\n\t\t\t\t\t\t\t\t\t<p data-start=\"5349\" data-end=\"5746\">El sistema inmunitario tambi\u00e9n depende de la energ\u00eda que utiliza el cuerpo.<br data-start=\"5424\" data-end=\"5427\" \/>Durante el d\u00eda, la mayor parte de esa energ\u00eda se destina al cerebro, los m\u00fasculos y el aparato digestivo. Cuando las <strong data-start=\"5544\" data-end=\"5566\">barreras naturales<\/strong> del organismo, como la piel o las mucosas, no est\u00e1n completamente fortalecidas, los pat\u00f3genos pueden penetrar con m\u00e1s facilidad y el sistema inmunitario debe permanecer en alerta.<\/p><p data-start=\"5748\" data-end=\"6033\">Por la noche, la energ\u00eda se redistribuye y las defensas <strong data-start=\"5804\" data-end=\"5867\">reciben el apoyo necesario para trabajar de forma intensiva<\/strong>. Es en ese momento cuando se llevan a cabo procesos esenciales, como la reparaci\u00f3n de tejidos, la identificaci\u00f3n de pat\u00f3genos y la neutralizaci\u00f3n de microorganismos.<\/p><p data-start=\"6035\" data-end=\"6308\">Cuando las defensas est\u00e1n sobrecargadas, pueden aparecer s\u00edntomas como <strong data-start=\"6106\" data-end=\"6154\">fatiga, pesadez de cabeza o falta de energ\u00eda<\/strong>. Mantener h\u00e1bitos saludables ayuda a reforzar las barreras naturales y permite que el sistema inmunitario concentre sus recursos en su funci\u00f3n principal.<\/p>\t\t\t\t\t\t\t\t<\/div>\n\t\t\t\t<\/div>\n\t\t\t\t\t<\/div>\n\t\t\t\t<\/div>\n\t\t\t\t<\/div>\n\t\t","protected":false},"excerpt":{"rendered":"<p>Nuestro sistema inmunitario es una red extremadamente compleja y sensible que se extiende por todo el organismo. Est\u00e1 formado por distintas c\u00e9lulas, se\u00f1ales qu\u00edmicas y tejidos, y sus primeros pasos de defensa comienzan incluso en la boca, gracias a la saliva y a las mucosas. D\u00eda y noche, los pat\u00f3genos intentan entrar en nuestro cuerpo, casi siempre sin \u00e9xito. Cuando alguno consigue llegar m\u00e1s lejos de lo debido, intervienen mecanismos altamente especializados que lo identifican y lo eliminan.<\/p>\n","protected":false},"author":42,"featured_media":26194,"comment_status":"closed","ping_status":"closed","sticky":false,"template":"","format":"standard","meta":{"_acf_changed":false,"inline_featured_image":false,"footnotes":""},"categories":[1,110],"tags":[],"class_list":["post-26184","post","type-post","status-publish","format-standard","has-post-thumbnail","hentry","category-allgemein","category-problemas-y-asesoramiento"],"acf":[],"rank_math":{"og:title":"\u00a1Refuerza tu sistema inmunitario con 5 factores clave!","og:desc":"Un sistema inmunitario fuerte empieza con 5 factores esenciales. Descubre cu\u00e1les son y c\u00f3mo activarlos en tu d\u00eda a d\u00eda.","og:url":"https:\/\/www.omni-biotic.com\/es-es\/blog\/tu-sistema-inmunitario-fuerte\/","og:locale":"es_ES","og:image":"https:\/\/www.omni-biotic.com\/es-es\/wp-content\/uploads\/sites\/6\/2025\/12\/Sistema-Inmunitario_invierno_mujer-con-abrigo.png","og:image:width":"600","og:image:height":"429"},"additional_data":{"thumbnail":"https:\/\/www.omni-biotic.com\/es-es\/wp-content\/uploads\/sites\/6\/2025\/12\/Sistema-Inmunitario_invierno_mujer-con-abrigo.png"},"blog_info":{"country":"es-es"},"_links":{"self":[{"href":"https:\/\/www.omni-biotic.com\/es-es\/wp-json\/wp\/v2\/posts\/26184","targetHints":{"allow":["GET"]}}],"collection":[{"href":"https:\/\/www.omni-biotic.com\/es-es\/wp-json\/wp\/v2\/posts"}],"about":[{"href":"https:\/\/www.omni-biotic.com\/es-es\/wp-json\/wp\/v2\/types\/post"}],"author":[{"embeddable":true,"href":"https:\/\/www.omni-biotic.com\/es-es\/wp-json\/wp\/v2\/users\/42"}],"replies":[{"embeddable":true,"href":"https:\/\/www.omni-biotic.com\/es-es\/wp-json\/wp\/v2\/comments?post=26184"}],"version-history":[{"count":7,"href":"https:\/\/www.omni-biotic.com\/es-es\/wp-json\/wp\/v2\/posts\/26184\/revisions"}],"predecessor-version":[{"id":26197,"href":"https:\/\/www.omni-biotic.com\/es-es\/wp-json\/wp\/v2\/posts\/26184\/revisions\/26197"}],"wp:featuredmedia":[{"embeddable":true,"href":"https:\/\/www.omni-biotic.com\/es-es\/wp-json\/wp\/v2\/media\/26194"}],"wp:attachment":[{"href":"https:\/\/www.omni-biotic.com\/es-es\/wp-json\/wp\/v2\/media?parent=26184"}],"wp:term":[{"taxonomy":"category","embeddable":true,"href":"https:\/\/www.omni-biotic.com\/es-es\/wp-json\/wp\/v2\/categories?post=26184"},{"taxonomy":"post_tag","embeddable":true,"href":"https:\/\/www.omni-biotic.com\/es-es\/wp-json\/wp\/v2\/tags?post=26184"}],"curies":[{"name":"wp","href":"https:\/\/api.w.org\/{rel}","templated":true}]}}