{"id":26422,"date":"2026-01-19T12:51:23Z","date_gmt":"2026-01-19T11:51:23Z","guid":{"rendered":"https:\/\/www.omni-biotic.com\/es-es\/?p=26422"},"modified":"2026-01-19T12:51:48Z","modified_gmt":"2026-01-19T11:51:48Z","slug":"probioticos-y-antibioticos","status":"publish","type":"post","link":"https:\/\/www.omni-biotic.com\/es-es\/blog\/probioticos-y-antibioticos\/","title":{"rendered":"Probi\u00f3ticos y antibi\u00f3ticos: la era de la microbiota ya ha llegado"},"content":{"rendered":"\t\t<div data-elementor-type=\"wp-post\" data-elementor-id=\"26422\" class=\"elementor elementor-26422\" data-elementor-post-type=\"post\">\n\t\t\t\t<div class=\"elementor-element elementor-element-62a6454 obcs none e-flex e-con-boxed e-con e-parent\" data-id=\"62a6454\" data-element_type=\"container\">\n\t\t\t\t\t<div class=\"e-con-inner\">\n\t\t\t\t<div class=\"elementor-element elementor-element-751e672 elementor-widget elementor-widget-image\" data-id=\"751e672\" data-element_type=\"widget\" data-widget_type=\"image.default\">\n\t\t\t\t<div class=\"elementor-widget-container\">\n\t\t\t\t\t\t\t\t\t\t\t\t\t\t\t<img fetchpriority=\"high\" decoding=\"async\" width=\"700\" height=\"500\" src=\"https:\/\/www.omni-biotic.com\/es-es\/wp-content\/uploads\/sites\/6\/2025\/02\/entdeckung-penicillin-petrischale.jpg\" class=\"attachment-large size-large wp-image-24559\" alt=\"\" srcset=\"https:\/\/www.omni-biotic.com\/es-es\/wp-content\/uploads\/sites\/6\/2025\/02\/entdeckung-penicillin-petrischale.jpg 700w, https:\/\/www.omni-biotic.com\/es-es\/wp-content\/uploads\/sites\/6\/2025\/02\/entdeckung-penicillin-petrischale-300x214.jpg 300w\" sizes=\"(max-width: 700px) 100vw, 700px\" title=\"\">\t\t\t\t\t\t\t\t\t\t\t\t\t\t\t<\/div>\n\t\t\t\t<\/div>\n\t\t\t\t<div class=\"elementor-element elementor-element-7437ff9 elementor-widget elementor-widget-heading\" data-id=\"7437ff9\" data-element_type=\"widget\" data-widget_type=\"heading.default\">\n\t\t\t\t<div class=\"elementor-widget-container\">\n\t\t\t\t\t<h2 class=\"elementor-heading-title elementor-size-default\">Alexander Fleming y el descubrimiento de la penicilina<\/h2>\t\t\t\t<\/div>\n\t\t\t\t<\/div>\n\t\t\t\t<div class=\"elementor-element elementor-element-652de0e elementor-widget elementor-widget-text-editor\" data-id=\"652de0e\" data-element_type=\"widget\" data-widget_type=\"text-editor.default\">\n\t\t\t\t<div class=\"elementor-widget-container\">\n\t\t\t\t\t\t\t\t\t<p data-start=\"1665\" data-end=\"1728\">Un moho en una placa de Petri cambi\u00f3 la historia de la medicina<\/p><p data-start=\"1730\" data-end=\"2000\">En realidad, todo comenz\u00f3 por casualidad. En 1928, <strong data-start=\"1781\" data-end=\"1802\">Alexander Fleming<\/strong> se march\u00f3 de vacaciones y olvid\u00f3 en su laboratorio una placa de cultivo con bacterias pat\u00f3genas. Al regresar, observ\u00f3 que hab\u00eda crecido un moho alrededor del cual las bacterias no se multiplicaban.<\/p><p data-start=\"2002\" data-end=\"2343\">Aunque Fleming no pens\u00f3 inicialmente en utilizar aquella sustancia, a la que llam\u00f3 <strong data-start=\"2085\" data-end=\"2099\">penicilina<\/strong>, como medicamento, una d\u00e9cada m\u00e1s tarde los investigadores <strong data-start=\"2159\" data-end=\"2177\">Ernst B. Chain<\/strong>, <strong data-start=\"2179\" data-end=\"2196\">Howard Florey<\/strong> y <strong data-start=\"2199\" data-end=\"2217\">Norman Heatley<\/strong> retomaron sus apuntes. Lograron aislar el principio activo del moho y demostrar su eficacia frente a bacterias grampositivas.<\/p><p data-start=\"2345\" data-end=\"2842\">Sin embargo, el camino hasta convertir la penicilina en un antibi\u00f3tico eficaz no fue sencillo. En 1941, al administrarla por primera vez a un paciente con septicemia, su estado mejor\u00f3 r\u00e1pidamente. Pero debido a la escasez del principio activo, el tratamiento se interrumpi\u00f3 demasiado pronto y el paciente falleci\u00f3 poco despu\u00e9s. Este hecho llev\u00f3 a una conclusi\u00f3n clave que sigue siendo v\u00e1lida hoy: <strong data-start=\"2742\" data-end=\"2841\">los antibi\u00f3ticos deben tomarse durante el tiempo prescrito, incluso cuando los s\u00edntomas mejoran<\/strong>.<\/p><p data-start=\"2844\" data-end=\"3150\">A partir de 1942 comenz\u00f3 la producci\u00f3n industrial de penicilina. Primero benefici\u00f3 a los soldados en zonas de guerra y, desde 1944, tambi\u00e9n a la poblaci\u00f3n civil. En 1945, Fleming, Chain y Florey recibieron el <strong data-start=\"3053\" data-end=\"3081\">Premio Nobel de Medicina<\/strong> por un descubrimiento que a\u00fan hoy es la base de muchos antibi\u00f3ticos.<\/p>\t\t\t\t\t\t\t\t<\/div>\n\t\t\t\t<\/div>\n\t\t\t\t\t<\/div>\n\t\t\t\t<\/div>\n\t\t<div class=\"elementor-element elementor-element-810a7ca obcs none e-flex e-con-boxed e-con e-parent\" data-id=\"810a7ca\" data-element_type=\"container\">\n\t\t\t\t\t<div class=\"e-con-inner\">\n\t\t\t\t<div class=\"elementor-element elementor-element-f296258 elementor-widget elementor-widget-heading\" data-id=\"f296258\" data-element_type=\"widget\" data-widget_type=\"heading.default\">\n\t\t\t\t<div class=\"elementor-widget-container\">\n\t\t\t\t\t<h2 class=\"elementor-heading-title elementor-size-default\">Antibi\u00f3ticos: cuando el remedio se convierte en problema<\/h2>\t\t\t\t<\/div>\n\t\t\t\t<\/div>\n\t\t\t\t<div class=\"elementor-element elementor-element-4385646 elementor-widget elementor-widget-text-editor\" data-id=\"4385646\" data-element_type=\"widget\" data-widget_type=\"text-editor.default\">\n\t\t\t\t<div class=\"elementor-widget-container\">\n\t\t\t\t\t\t\t\t\t<p data-start=\"229\" data-end=\"439\">En su discurso de agradecimiento, <strong data-start=\"263\" data-end=\"274\">Fleming<\/strong> advirti\u00f3 ya entonces sobre los riesgos de una <strong data-start=\"321\" data-end=\"349\">duraci\u00f3n demasiado corta<\/strong>, un <strong data-start=\"354\" data-end=\"381\">uso demasiado frecuente<\/strong> o una <strong data-start=\"388\" data-end=\"417\">dosificaci\u00f3n insuficiente<\/strong> del principio activo:<\/p>\n<blockquote data-start=\"441\" data-end=\"613\">\n<p data-start=\"443\" data-end=\"613\">\u201cExiste el peligro de que los microbios aprendan a volverse resistentes a la penicilina. Y cuando un microbio se vuelve resistente, lo sigue siendo durante mucho tiempo.\u201d<\/p>\n<\/blockquote>\n<p data-start=\"615\" data-end=\"848\">Lamentablemente, el cient\u00edfico ten\u00eda raz\u00f3n. <span data-start=\"659\" data-end=\"677\">Solo en <b>Europa<\/b><\/span>, cada a\u00f1o alrededor de <strong data-start=\"701\" data-end=\"721\">670.000 personas<\/strong> contraen infecciones causadas por <strong data-start=\"756\" data-end=\"787\">bacterias multirresistentes<\/strong>, y cerca de <strong data-start=\"800\" data-end=\"829\">33.000 pacientes fallecen<\/strong> como consecuencia.<\/p>\n<p data-start=\"850\" data-end=\"1401\">Las <span data-start=\"854\" data-end=\"895\">causas del desarrollo de resistencias<\/span> son hoy bien conocidas:<br data-start=\"919\" data-end=\"922\">los antibi\u00f3ticos, especialmente los <span data-start=\"958\" data-end=\"993\">antibi\u00f3ticos de amplio espectro<\/span> que act\u00faan contra varios pat\u00f3genos a la vez, se <span data-start=\"1042\" data-end=\"1081\">prescriben con demasiada frecuencia<\/span>, o bien los pacientes <span data-start=\"1104\" data-end=\"1150\">interrumpen el tratamiento antes de tiempo<\/span> al notar una mejor\u00eda de los s\u00edntomas. Adem\u00e1s, estos medicamentos siguen utiliz\u00e1ndose en muchos casos para <span data-start=\"1257\" data-end=\"1280\">infecciones v\u00edricas<\/span>, frente a las cuales son ineficaces.<br data-start=\"1317\" data-end=\"1320\">El uso de antibi\u00f3ticos <span data-start=\"1343\" data-end=\"1400\">solo es adecuado en enfermedades de origen bacteriano<\/span>.<\/p>\t\t\t\t\t\t\t\t<\/div>\n\t\t\t\t<\/div>\n\t\t\t\t<div class=\"elementor-element elementor-element-bf16881 elementor-widget elementor-widget-infobox\" data-id=\"bf16881\" data-element_type=\"widget\" data-widget_type=\"infobox.default\">\n\t\t\t\t<div class=\"elementor-widget-container\">\n\t\t\t\t\t\n<div class=\"li-widgets--infobox magenta highlights-always-magenta\">\n\n    <div class=\"li-widgets--infobox__icon\">\n            <\/div>\n    <div class=\"li-widgets--infobox__text\">\n        Existe el peligro de que los microbios aprendan a volverse resistentes a la penicilina.\nY cuando un microbio se vuelve resistente, lo sigue siendo durante mucho tiempo.    <\/div>\n    <div class=\"li-widgets--infobox__text-body\">\n            <\/div>\n\n    \n<\/div>\n\t\t\t\t<\/div>\n\t\t\t\t<\/div>\n\t\t\t\t<div class=\"elementor-element elementor-element-dd3e904 elementor-widget elementor-widget-text-editor\" data-id=\"dd3e904\" data-element_type=\"widget\" data-widget_type=\"text-editor.default\">\n\t\t\t\t<div class=\"elementor-widget-container\">\n\t\t\t\t\t\t\t\t\t<p data-start=\"1627\" data-end=\"1977\">Todo ello favorece que los <strong data-start=\"1654\" data-end=\"1722\">pat\u00f3genos bacterianos \u201caprendan\u201d a sobrevivir a los antibi\u00f3ticos<\/strong>. Las bacterias que resisten el contacto con el medicamento desarrollan mecanismos de defensa y <span data-start=\"1818\" data-end=\"1890\">transmiten esa resistencia a las siguientes generaciones bacterianas<\/span>, de modo que el mismo principio activo deja de ser eficaz en tratamientos posteriores.<\/p><p data-start=\"1979\" data-end=\"2221\">Especialmente problem\u00e1tica es la <span data-start=\"2012\" data-end=\"2084\">toma repetida de distintos antibi\u00f3ticos en periodos cortos de tiempo<\/span>, ya que puede dar lugar al desarrollo de <span data-start=\"2126\" data-end=\"2147\">cepas resistentes<\/span> que proliferan en el organismo y pueden provocar <strong data-start=\"2197\" data-end=\"2220\">enfermedades graves<\/strong>.<\/p><p data-start=\"2223\" data-end=\"2277\">Estas bacterias multirresistentes pueden transmitirse:<\/p><ul data-start=\"2278\" data-end=\"2407\"><li data-start=\"2278\" data-end=\"2334\"><p data-start=\"2280\" data-end=\"2334\">por <strong data-start=\"2284\" data-end=\"2331\">contacto directo o indirecto entre personas<\/strong>,<\/p><\/li><li data-start=\"2335\" data-end=\"2369\"><p data-start=\"2337\" data-end=\"2369\">entre <strong data-start=\"2343\" data-end=\"2366\">personas y animales<\/strong>,<\/p><\/li><li data-start=\"2370\" data-end=\"2407\"><p data-start=\"2372\" data-end=\"2407\">y tambi\u00e9n a trav\u00e9s del <strong data-start=\"2395\" data-end=\"2406\">entorno<\/strong>.<\/p><\/li><\/ul><p data-start=\"2409\" data-end=\"2599\">El riesgo de infecci\u00f3n es especialmente elevado en lugares donde se atiende a personas <span data-start=\"2496\" data-end=\"2548\">enfermas o con el sistema inmunitario debilitado<\/span>, como <span data-start=\"2555\" data-end=\"2581\">residencias de mayores<\/span> u <span data-start=\"2584\" data-end=\"2598\">hospitales<\/span>.<\/p><p data-start=\"2601\" data-end=\"2937\">A pesar de todo, los antibi\u00f3ticos siguen siendo <strong data-start=\"2649\" data-end=\"2691\">imprescindibles en la medicina moderna<\/strong>. Gracias a este descubrimiento de hace m\u00e1s de 90 a\u00f1os, hoy pueden curarse infecciones que antes eran mortales. Sin embargo, durante mucho tiempo se <strong data-start=\"2840\" data-end=\"2917\">subestimaron tanto el riesgo de resistencias como los efectos secundarios<\/strong> asociados a su uso.<\/p>\t\t\t\t\t\t\t\t<\/div>\n\t\t\t\t<\/div>\n\t\t\t\t\t<\/div>\n\t\t\t\t<\/div>\n\t\t<div class=\"elementor-element elementor-element-f4e969d obcs none e-flex e-con-boxed e-con e-parent\" data-id=\"f4e969d\" data-element_type=\"container\">\n\t\t\t\t\t<div class=\"e-con-inner\">\n\t\t\t\t<div class=\"elementor-element elementor-element-5fc2d8d elementor-widget elementor-widget-heading\" data-id=\"5fc2d8d\" data-element_type=\"widget\" data-widget_type=\"heading.default\">\n\t\t\t\t<div class=\"elementor-widget-container\">\n\t\t\t\t\t<h2 class=\"elementor-heading-title elementor-size-default\">Efectos secundarios de los antibi\u00f3ticos: diarrea y \u201carrasamiento\u201d de la flora intestinal<\/h2>\t\t\t\t<\/div>\n\t\t\t\t<\/div>\n\t\t\t\t<div class=\"elementor-element elementor-element-a3dd821 elementor-widget elementor-widget-text-editor\" data-id=\"a3dd821\" data-element_type=\"widget\" data-widget_type=\"text-editor.default\">\n\t\t\t\t<div class=\"elementor-widget-container\">\n\t\t\t\t\t\t\t\t\t<p data-start=\"335\" data-end=\"577\">Es muy probable que alguna vez hayas tenido que tomar un <strong data-start=\"392\" data-end=\"407\">antibi\u00f3tico<\/strong> y que durante el tratamiento hayas notado que tu <span data-start=\"457\" data-end=\"491\">digesti\u00f3n ya no funciona igual<\/span>. Uno de los <span data-start=\"504\" data-end=\"576\"><b>efectos <\/b>secundarios m\u00e1s frecuentes <b>de los antibi\u00f3ticos es la <\/b><a style=\"font-weight: bold\" href=\"https:\/\/www.omni-biotic.com\/es-es\/trastornos-intestinales\/diarrea\/\">diarrea<\/a><\/span>.<\/p><p data-start=\"579\" data-end=\"864\">Esto ocurre porque estos medicamentos <strong data-start=\"617\" data-end=\"669\">no distinguen entre bacterias \u201cbuenas\u201d y \u201cmalas\u201d<\/strong> y eliminan tambi\u00e9n la <strong data-start=\"692\" data-end=\"724\"><a href=\"https:\/\/www.omni-biotic.com\/es-es\/salud-intestinal\/el-intestino-como-centro-de-la-salud\/nuestra-flora-intestinal\/\">flora intestinal <\/a>beneficiosa<\/strong>, con consecuencias claramente perceptibles. La llamada <strong data-start=\"780\" data-end=\"821\">diarrea asociada a antibi\u00f3ticos (DAA)<\/strong> afecta hasta al <strong data-start=\"838\" data-end=\"863\">25 % de los pacientes<\/strong>.<\/p><p data-start=\"866\" data-end=\"1180\">Se habla de DAA cuando aparece diarrea <strong data-start=\"905\" data-end=\"973\">durante el tratamiento antibi\u00f3tico o poco antes de que se inicie<\/strong>, siempre que puedan descartarse otras causas. Adem\u00e1s, esta diarrea puede manifestarse <strong data-start=\"1060\" data-end=\"1111\">incluso semanas despu\u00e9s de finalizar la terapia<\/strong>, por lo que no siempre se relaciona directamente con el antibi\u00f3tico.<\/p><p data-start=\"1182\" data-end=\"1409\">Con especial frecuencia, los episodios de diarrea est\u00e1n provocados por una bacteria llamada <em data-start=\"1274\" data-end=\"1300\">Clostridioides difficile<\/em>, responsable de aproximadamente <strong data-start=\"1333\" data-end=\"1408\">una cuarta parte de todas las diarreas asociadas al uso de antibi\u00f3ticos<\/strong>.<\/p>\t\t\t\t\t\t\t\t<\/div>\n\t\t\t\t<\/div>\n\t\t\t\t<div class=\"elementor-element elementor-element-f9a1160 elementor-widget elementor-widget-image\" data-id=\"f9a1160\" data-element_type=\"widget\" data-widget_type=\"image.default\">\n\t\t\t\t<div class=\"elementor-widget-container\">\n\t\t\t\t\t\t\t\t\t\t\t\t\t\t\t<img decoding=\"async\" width=\"700\" height=\"500\" src=\"https:\/\/www.omni-biotic.com\/es-es\/wp-content\/uploads\/sites\/6\/2025\/02\/darmflora-aufbau-nach-antibiotika-therapie.jpg\" class=\"attachment-large size-large wp-image-24560\" alt=\"\" srcset=\"https:\/\/www.omni-biotic.com\/es-es\/wp-content\/uploads\/sites\/6\/2025\/02\/darmflora-aufbau-nach-antibiotika-therapie.jpg 700w, https:\/\/www.omni-biotic.com\/es-es\/wp-content\/uploads\/sites\/6\/2025\/02\/darmflora-aufbau-nach-antibiotika-therapie-300x214.jpg 300w\" sizes=\"(max-width: 700px) 100vw, 700px\" title=\"\">\t\t\t\t\t\t\t\t\t\t\t\t\t\t\t<\/div>\n\t\t\t\t<\/div>\n\t\t\t\t\t<\/div>\n\t\t\t\t<\/div>\n\t\t<div class=\"elementor-element elementor-element-b269572 obcs none e-flex e-con-boxed e-con e-parent\" data-id=\"b269572\" data-element_type=\"container\">\n\t\t\t\t\t<div class=\"e-con-inner\">\n\t\t\t\t<div class=\"elementor-element elementor-element-053f06d elementor-widget elementor-widget-heading\" data-id=\"053f06d\" data-element_type=\"widget\" data-widget_type=\"heading.default\">\n\t\t\t\t<div class=\"elementor-widget-container\">\n\t\t\t\t\t<h2 class=\"elementor-heading-title elementor-size-default\">\u00bfPuede haber un da\u00f1o duradero en el intestino?<\/h2>\t\t\t\t<\/div>\n\t\t\t\t<\/div>\n\t\t\t\t<div class=\"elementor-element elementor-element-0d638b7 elementor-widget elementor-widget-text-editor\" data-id=\"0d638b7\" data-element_type=\"widget\" data-widget_type=\"text-editor.default\">\n\t\t\t\t<div class=\"elementor-widget-container\">\n\t\t\t\t\t\t\t\t\t<p data-start=\"212\" data-end=\"564\">La <strong data-start=\"215\" data-end=\"251\">reducci\u00f3n de la flora intestinal<\/strong> causada por los antibi\u00f3ticos no suele ser solo temporal. Desde hace tiempo se sabe que estos medicamentos suponen un <strong data-start=\"369\" data-end=\"421\">impacto profundo en la diversidad del <a href=\"https:\/\/www.omni-biotic.com\/es-es\/salud-intestinal\/el-intestino-como-centro-de-la-salud\/el-microbioma-humano\/\">microbioma<\/a><\/strong>, y que la <strong data-start=\"432\" data-end=\"465\">microbiota intestinal natural<\/strong> puede tener grandes dificultades para <strong data-start=\"504\" data-end=\"531\">regenerarse por s\u00ed sola<\/strong> tras un tratamiento antibi\u00f3tico.<\/p><p data-start=\"566\" data-end=\"1077\">Dado que <span data-start=\"575\" data-end=\"645\">cada cepa bacteriana cumple una funci\u00f3n espec\u00edfica en el intestino<\/span>, su p\u00e9rdida puede favorecer la proliferaci\u00f3n de <span data-start=\"694\" data-end=\"723\">microorganismos pat\u00f3genos<\/span>. Como consecuencia, <span data-start=\"744\" data-end=\"789\">determinados nutrientes y micronutrientes<\/span> solo pueden absorberse de forma limitada, lo que puede dar lugar a <span data-start=\"857\" data-end=\"884\">carencias nutricionales<\/span>. Adem\u00e1s, <span data-start=\"894\" data-end=\"925\">hormonas como la serotonina<\/span> pueden dejar de producirse en cantidad suficiente, desencadenando una serie de <span data-start=\"1005\" data-end=\"1029\">reacciones en cadena<\/span> en el organismo tras una pauta de antibi\u00f3ticos.<\/p><p data-start=\"1079\" data-end=\"1274\">Con una <strong data-start=\"1087\" data-end=\"1112\">alimentaci\u00f3n adecuada<\/strong> y un <strong data-start=\"1118\" data-end=\"1146\">estilo de vida saludable<\/strong>, la flora intestinal puede recuperarse parcialmente. Sin embargo, en muchos casos <strong data-start=\"1229\" data-end=\"1273\">persisten desequilibrios en el intestino<\/strong>.<\/p>\t\t\t\t\t\t\t\t<\/div>\n\t\t\t\t<\/div>\n\t\t\t\t\t<\/div>\n\t\t\t\t<\/div>\n\t\t<div class=\"elementor-element elementor-element-b0529eb obcs none e-flex e-con-boxed e-con e-parent\" data-id=\"b0529eb\" data-element_type=\"container\">\n\t\t\t\t\t<div class=\"e-con-inner\">\n\t\t\t\t<div class=\"elementor-element elementor-element-a4cf3fe elementor-widget elementor-widget-heading\" data-id=\"a4cf3fe\" data-element_type=\"widget\" data-widget_type=\"heading.default\">\n\t\t\t\t<div class=\"elementor-widget-container\">\n\t\t\t\t\t<h2 class=\"elementor-heading-title elementor-size-default\">Probi\u00f3ticos: una nueva era para la salud<\/h2>\t\t\t\t<\/div>\n\t\t\t\t<\/div>\n\t\t\t\t<div class=\"elementor-element elementor-element-e9a2abf elementor-widget elementor-widget-text-editor\" data-id=\"e9a2abf\" data-element_type=\"widget\" data-widget_type=\"text-editor.default\">\n\t\t\t\t<div class=\"elementor-widget-container\">\n\t\t\t\t\t\t\t\t\t<p data-start=\"235\" data-end=\"539\">Cuando <strong data-start=\"242\" data-end=\"259\">Louis Pasteur<\/strong> y, m\u00e1s tarde, <strong data-start=\"274\" data-end=\"289\">Robert Koch<\/strong> presentaron sus trabajos sobre microbiolog\u00eda, no pas\u00f3 mucho tiempo hasta que, a mediados del siglo XIX, adem\u00e1s de los microorganismos causantes de enfermedades, las <strong data-start=\"455\" data-end=\"496\"><a href=\"https:\/\/www.omni-biotic.com\/es-es\/salud-intestinal\/el-intestino-como-centro-de-la-salud\/bacterias-intestinales\/\">bacterias <\/a>del tracto digestivo humano<\/strong> comenzaron a despertar inter\u00e9s cient\u00edfico.<\/p><p data-start=\"541\" data-end=\"1088\">Louis Pasteur demostr\u00f3, por ejemplo, en varias series de experimentos, que las bacterias intestinales pod\u00edan <strong data-start=\"650\" data-end=\"698\">inhibir el crecimiento del bacilo del \u00e1ntrax<\/strong>. El debate p\u00fablico sobre el uso <strong data-start=\"731\" data-end=\"776\">dirigido y preventivo de los lactobacilos<\/strong> (bacterias \u00e1cido-l\u00e1cticas) se inici\u00f3 en 1907 gracias a <strong data-start=\"832\" data-end=\"852\">Ilia Metchnikoff<\/strong>. El sucesor directo de Pasteur en el Instituto Pasteur de Par\u00eds observ\u00f3 que las bacterias l\u00e1cticas presentes en el yogur pod\u00edan <strong data-start=\"981\" data-end=\"1038\">desplazar a los microorganismos da\u00f1inos del intestino<\/strong> y, con ello, <strong data-start=\"1052\" data-end=\"1087\">reforzar el <a href=\"https:\/\/www.omni-biotic.com\/es-es\/salud-intestinal\/areas-de-influencia-del-intestino\/sistema-inmunitario\/\">sistema inmunitario<\/a><\/strong>.<\/p><p data-start=\"1090\" data-end=\"1238\">En sus inicios, los <strong data-start=\"1110\" data-end=\"1125\">probi\u00f3ticos<\/strong> no se utilizaban tanto para apoyar la flora intestinal como para la llamada <strong data-start=\"1202\" data-end=\"1237\">\u201cdesintoxicaci\u00f3n\u201d del intestino<\/strong>.<\/p><p data-start=\"1090\" data-end=\"1238\">El papel de la <strong data-start=\"1260\" data-end=\"1285\">microbiota intestinal<\/strong> en el sistema inmunitario, la absorci\u00f3n de nutrientes y otros procesos clave se fue comprendiendo poco a poco. Durante un largo periodo, la ciencia incluso perdi\u00f3 el inter\u00e9s por las <strong data-start=\"1468\" data-end=\"1493\">bacterias probi\u00f3ticas<\/strong>, ya que el descubrimiento de los antibi\u00f3ticos abri\u00f3 caminos completamente nuevos en el tratamiento de las infecciones bacterianas.<\/p><p data-start=\"1626\" data-end=\"2032\">Aunque el <strong data-start=\"1636\" data-end=\"1665\">primer aislado <a href=\"https:\/\/www.omni-biotic.com\/es-es\/salud-intestinal\/el-intestino-como-centro-de-la-salud\/probioticos\/\">probi\u00f3tico<\/a><\/strong> para el tratamiento de infecciones intestinales graves se identific\u00f3 y registr\u00f3 ya en <strong data-start=\"1752\" data-end=\"1760\">1917<\/strong>, en la pr\u00e1ctica los antibi\u00f3ticos se convirtieron en la medicaci\u00f3n predominante. No fue hasta la <strong data-start=\"1857\" data-end=\"1875\">d\u00e9cada de 1960<\/strong> cuando los probi\u00f3ticos despertaron de nuevo el inter\u00e9s cient\u00edfico, una vez que la mayor\u00eda de los antibi\u00f3ticos hab\u00edan sido ampliamente estudiados y probados.<\/p><p data-start=\"2034\" data-end=\"2339\">Desde entonces y, de forma a\u00fan m\u00e1s intensa, desde el inicio del <strong data-start=\"2098\" data-end=\"2111\">siglo XXI<\/strong>, los <strong data-start=\"2117\" data-end=\"2132\">probi\u00f3ticos<\/strong> han pasado a ocupar un lugar central en la investigaci\u00f3n cient\u00edfica. <strong data-start=\"2202\" data-end=\"2240\">Cada d\u00eda, nuevos estudios cl\u00ednicos<\/strong> ponen de manifiesto el enorme potencial de los probi\u00f3ticos para la <strong data-start=\"2308\" data-end=\"2338\">salud de todo el organismo<\/strong>.<\/p>\t\t\t\t\t\t\t\t<\/div>\n\t\t\t\t<\/div>\n\t\t\t\t\t<\/div>\n\t\t\t\t<\/div>\n\t\t<div class=\"elementor-element elementor-element-6d169bc obcs none e-flex e-con-boxed e-con e-parent\" data-id=\"6d169bc\" data-element_type=\"container\">\n\t\t\t\t\t<div class=\"e-con-inner\">\n\t\t\t\t<div class=\"elementor-element elementor-element-e48c07d elementor-widget elementor-widget-image\" data-id=\"e48c07d\" data-element_type=\"widget\" data-widget_type=\"image.default\">\n\t\t\t\t<div class=\"elementor-widget-container\">\n\t\t\t\t\t\t\t\t\t\t\t\t\t\t\t<img decoding=\"async\" width=\"700\" height=\"500\" src=\"https:\/\/www.omni-biotic.com\/es-es\/wp-content\/uploads\/sites\/6\/2025\/02\/probiotika-antibotika-therapie.jpg\" class=\"attachment-large size-large wp-image-24561\" alt=\"\" srcset=\"https:\/\/www.omni-biotic.com\/es-es\/wp-content\/uploads\/sites\/6\/2025\/02\/probiotika-antibotika-therapie.jpg 700w, https:\/\/www.omni-biotic.com\/es-es\/wp-content\/uploads\/sites\/6\/2025\/02\/probiotika-antibotika-therapie-300x214.jpg 300w\" sizes=\"(max-width: 700px) 100vw, 700px\" title=\"\">\t\t\t\t\t\t\t\t\t\t\t\t\t\t\t<\/div>\n\t\t\t\t<\/div>\n\t\t\t\t<div class=\"elementor-element elementor-element-7e770de elementor-widget elementor-widget-heading\" data-id=\"7e770de\" data-element_type=\"widget\" data-widget_type=\"heading.default\">\n\t\t\t\t<div class=\"elementor-widget-container\">\n\t\t\t\t\t<h2 class=\"elementor-heading-title elementor-size-default\">Los probi\u00f3ticos como acompa\u00f1amiento esencial del tratamiento con antibi\u00f3ticos<\/h2>\t\t\t\t<\/div>\n\t\t\t\t<\/div>\n\t\t\t\t<div class=\"elementor-element elementor-element-d9d2428 elementor-widget elementor-widget-text-editor\" data-id=\"d9d2428\" data-element_type=\"widget\" data-widget_type=\"text-editor.default\">\n\t\t\t\t<div class=\"elementor-widget-container\">\n\t\t\t\t\t\t\t\t\t<p>Uno de los <strong data-start=\"366\" data-end=\"435\">primeros \u00e1mbitos de aplicaci\u00f3n e investigaci\u00f3n de los probi\u00f3ticos<\/strong> fue la <strong data-start=\"443\" data-end=\"481\">diarrea provocada por antibi\u00f3ticos<\/strong>. Los estudios demuestran no solo que los probi\u00f3ticos pueden <span data-start=\"542\" data-end=\"583\">reducir o incluso prevenir la diarrea<\/span> si se utilizan a tiempo, sino tambi\u00e9n que <span data-start=\"626\" data-end=\"676\">combinaciones espec\u00edficas de cepas bacterianas<\/span> pueden <strong data-start=\"684\" data-end=\"732\">complementar y regenerar la <a href=\"https:\/\/www.omni-biotic.com\/es-es\/salud-intestinal\/el-intestino-como-centro-de-la-salud\/el-microbioma-humano\/\">flora intestinal<\/a><\/strong>.<\/p><p data-start=\"740\" data-end=\"1145\">En <strong data-start=\"743\" data-end=\"779\">grupos especialmente vulnerables<\/strong>, como las personas que viven en <span data-start=\"812\" data-end=\"838\">residencias de mayores<\/span>, el uso de antibi\u00f3ticos conlleva un mayor riesgo, por lo que la <span data-start=\"903\" data-end=\"958\">terapia de acompa\u00f1amiento con probi\u00f3ticos adecuados<\/span> resulta especialmente \u00fatil. La diarrea asociada a antibi\u00f3ticos puede dar lugar a complicaciones graves, como una <span data-start=\"1072\" data-end=\"1097\">deshidrataci\u00f3n severa<\/span> y, en consecuencia, <span data-start=\"1118\" data-end=\"1144\">ingresos hospitalarios<\/span>.<\/p><p data-start=\"1147\" data-end=\"1556\">De media, alrededor del <strong data-start=\"1171\" data-end=\"1232\">10 % de las personas que viven en residencias geri\u00e1tricas<\/strong> reciben antibi\u00f3ticos de forma regular, principalmente para el tratamiento de <strong data-start=\"1310\" data-end=\"1345\">infecciones del tracto urinario<\/strong>, <span data-start=\"1347\" data-end=\"1399\">infecciones de las v\u00edas respiratorias inferiores<\/span> y <span data-start=\"1402\" data-end=\"1426\">infecciones cut\u00e1neas<\/span>. La incidencia de la <strong data-start=\"1448\" data-end=\"1483\">diarrea asociada a antibi\u00f3ticos<\/strong> puede alcanzar hasta el <strong data-start=\"1508\" data-end=\"1516\">25 %<\/strong>, dependiendo del antibi\u00f3tico utilizado.<\/p>\t\t\t\t\t\t\t\t<\/div>\n\t\t\t\t<\/div>\n\t\t\t\t<div class=\"elementor-element elementor-element-0c2be75 elementor-widget elementor-widget-infobox\" data-id=\"0c2be75\" data-element_type=\"widget\" data-widget_type=\"infobox.default\">\n\t\t\t\t<div class=\"elementor-widget-container\">\n\t\t\t\t\t\n<div class=\"li-widgets--infobox blue highlights-always-magenta\">\n\n    <div class=\"li-widgets--infobox__icon\">\n        <i aria-hidden=\"true\" class=\"fas fa-info-circle\"><\/i>    <\/div>\n    <div class=\"li-widgets--infobox__text\">\n        Los estudios demuestran no solo que los probi\u00f3ticos pueden reducir o incluso prevenir la diarrea cuando se administran a tiempo, sino tambi\u00e9n que combinaciones espec\u00edficas de cepas bacterianas pueden complementar y regenerar la flora intestinal.    <\/div>\n    <div class=\"li-widgets--infobox__text-body\">\n            <\/div>\n\n    \n<\/div>\n\t\t\t\t<\/div>\n\t\t\t\t<\/div>\n\t\t\t\t<div class=\"elementor-element elementor-element-e564466 elementor-widget elementor-widget-text-editor\" data-id=\"e564466\" data-element_type=\"widget\" data-widget_type=\"text-editor.default\">\n\t\t\t\t<div class=\"elementor-widget-container\">\n\t\t\t\t\t\t\t\t\t<p data-start=\"1848\" data-end=\"2188\">Un estudio reciente [1] analiz\u00f3 los <strong data-start=\"1884\" data-end=\"1922\">efectos positivos de un probi\u00f3tico<\/strong> cuyos <strong data-start=\"1929\" data-end=\"1955\">diez cepas bacterianas<\/strong> fueron combinadas espec\u00edficamente para su uso como acompa\u00f1amiento del tratamiento antibi\u00f3tico, evaluando la <span data-start=\"2064\" data-end=\"2141\">frecuencia de aparici\u00f3n de diarrea tras la administraci\u00f3n de antibi\u00f3ticos<\/span> en personas residentes en centros geri\u00e1tricos.<\/p><p data-start=\"2190\" data-end=\"2554\">La toma del probi\u00f3tico (<strong data-start=\"2214\" data-end=\"2232\">2 veces al d\u00eda<\/strong>) se realiz\u00f3 de forma simult\u00e1nea al tratamiento antibi\u00f3tico y se mantuvo durante <strong data-start=\"2313\" data-end=\"2362\">una semana tras la finalizaci\u00f3n de la terapia<\/strong>. En el estudio participaron <strong data-start=\"2391\" data-end=\"2407\">93 pacientes<\/strong>, en los que se documentaron <strong data-start=\"2436\" data-end=\"2469\">167 tratamientos antibi\u00f3ticos<\/strong>. En <strong data-start=\"2474\" data-end=\"2486\">84 casos<\/strong>, adem\u00e1s del antibi\u00f3tico, se administr\u00f3 el <strong data-start=\"2529\" data-end=\"2553\">probi\u00f3tico multicepa<\/strong>.<\/p><p data-start=\"2556\" data-end=\"2812\">La <span data-start=\"2559\" data-end=\"2612\">administraci\u00f3n de este probi\u00f3tico de alta calidad<\/span> se asoci\u00f3 con una <strong data-start=\"2631\" data-end=\"2696\">reducci\u00f3n significativa de la diarrea asociada a antibi\u00f3ticos<\/strong>, en torno al <strong data-start=\"2710\" data-end=\"2718\">50 %<\/strong>, independientemente del antibi\u00f3tico utilizado y de las enfermedades previas de los pacientes.<\/p>\t\t\t\t\t\t\t\t<\/div>\n\t\t\t\t<\/div>\n\t\t\t\t\t<\/div>\n\t\t\t\t<\/div>\n\t\t<div class=\"elementor-element elementor-element-18c529f obcs none e-flex e-con-boxed e-con e-parent\" data-id=\"18c529f\" data-element_type=\"container\">\n\t\t\t\t\t<div class=\"e-con-inner\">\n\t\t\t\t<div class=\"elementor-element elementor-element-36f37bd elementor-widget elementor-widget-heading\" data-id=\"36f37bd\" data-element_type=\"widget\" data-widget_type=\"heading.default\">\n\t\t\t\t<div class=\"elementor-widget-container\">\n\t\t\t\t\t<h2 class=\"elementor-heading-title elementor-size-default\">\u00bfPueden los probi\u00f3ticos ayudar frente a bacterias multirresistentes?<\/h2>\t\t\t\t<\/div>\n\t\t\t\t<\/div>\n\t\t\t\t<div class=\"elementor-element elementor-element-2390138 elementor-widget elementor-widget-infobox\" data-id=\"2390138\" data-element_type=\"widget\" data-widget_type=\"infobox.default\">\n\t\t\t\t<div class=\"elementor-widget-container\">\n\t\t\t\t\t\n<div class=\"li-widgets--infobox yellow highlights-always-magenta\">\n\n    <div class=\"li-widgets--infobox__icon\">\n            <\/div>\n    <div class=\"li-widgets--infobox__text\">\n        Paso a paso, la ciencia demuestra que estos peque\u00f1os aliados del intestino pueden llegar a ser aut\u00e9nticos salvavidas.    <\/div>\n    <div class=\"li-widgets--infobox__text-body\">\n            <\/div>\n\n    \n<\/div>\n\t\t\t\t<\/div>\n\t\t\t\t<\/div>\n\t\t\t\t<div class=\"elementor-element elementor-element-d1e80c7 elementor-widget elementor-widget-text-editor\" data-id=\"d1e80c7\" data-element_type=\"widget\" data-widget_type=\"text-editor.default\">\n\t\t\t\t<div class=\"elementor-widget-container\">\n\t\t\t\t\t\t\t\t\t<p data-start=\"292\" data-end=\"532\">El aumento de las infecciones causadas por <strong data-start=\"335\" data-end=\"366\">bacterias multirresistentes<\/strong> y el enorme potencial de los <strong data-start=\"396\" data-end=\"411\">probi\u00f3ticos<\/strong> plantean una cuesti\u00f3n l\u00f3gica: \u00bfpueden <strong data-start=\"450\" data-end=\"489\">combinaciones bacterianas adecuadas<\/strong> convertirse en una <span data-start=\"509\" data-end=\"531\">opci\u00f3n terap\u00e9utica<\/span>?<\/p><p data-start=\"534\" data-end=\"856\">Est\u00e1 claramente demostrado que determinadas <strong data-start=\"578\" data-end=\"599\">cepas probi\u00f3ticas<\/strong> son capaces de <span data-start=\"615\" data-end=\"686\">impedir la colonizaci\u00f3n del organismo por microorganismos pat\u00f3genos<\/span>. Un estudio reciente [2] analiz\u00f3 el efecto de un <span data-start=\"736\" data-end=\"760\">probi\u00f3tico multicepa<\/span> sobre la <span data-start=\"770\" data-end=\"830\">reducci\u00f3n de infecciones por bacterias multirresistentes<\/span> en pacientes geri\u00e1tricos.<\/p><p data-start=\"863\" data-end=\"1116\">En este estudio se demostr\u00f3 que la <strong data-start=\"898\" data-end=\"950\">toma del probi\u00f3tico multicepa durante 12 semanas<\/strong> redujo de forma <strong data-start=\"967\" data-end=\"984\">significativa<\/strong> la aparici\u00f3n de infecciones por bacterias multirresistentes tanto <strong data-start=\"1051\" data-end=\"1086\">a nivel intestinal como <a href=\"https:\/\/www.omni-biotic.com\/es-es\/blog\/piel-y-flora-intestinal\/\">cut\u00e1neo<\/a><\/strong> en personas de edad avanzada.<\/p><p data-start=\"1118\" data-end=\"1468\">Al inicio del estudio, el an\u00e1lisis del<a href=\"https:\/\/www.omni-biotic.com\/es-es\/salud-intestinal\/el-intestino-como-centro-de-la-salud\/el-microbioma-humano\/\"> <strong data-start=\"1157\" data-end=\"1182\">microbioma intestinal<\/strong> <\/a>mostr\u00f3 que todos los pacientes presentaban colonizaci\u00f3n por bacterias multirresistentes (<em data-start=\"1272\" data-end=\"1322\">E. coli, Klebsiella spp., Pseudomonas aeruginosa<\/em>). Sin embargo, tras doce semanas de tratamiento probi\u00f3tico espec\u00edfico, se observ\u00f3 una <strong data-start=\"1409\" data-end=\"1447\">reducci\u00f3n clara de la colonizaci\u00f3n<\/strong> por estos pat\u00f3genos.<\/p><p data-start=\"1470\" data-end=\"1770\">Adem\u00e1s, se constat\u00f3 una <span data-start=\"1494\" data-end=\"1575\">mejora estad\u00edsticamente significativa de la diversidad de la flora intestinal<\/span>. Tras finalizar la toma del probi\u00f3tico multicepa, durante el periodo de seguimiento de doce semanas se registr\u00f3 incluso una <strong data-start=\"1700\" data-end=\"1769\">reducci\u00f3n del 58 % en la aparici\u00f3n de bacterias multirresistentes<\/strong>.<\/p><p data-start=\"1772\" data-end=\"1943\">A\u00fan m\u00e1s llamativos fueron los resultados del an\u00e1lisis del <strong data-start=\"1830\" data-end=\"1852\">microbioma cut\u00e1neo<\/strong>, que mostr\u00f3 una <strong data-start=\"1869\" data-end=\"1942\">reducci\u00f3n del 71 % de las infecciones por bacterias multirresistentes<\/strong>.<\/p>\t\t\t\t\t\t\t\t<\/div>\n\t\t\t\t<\/div>\n\t\t\t\t\t<\/div>\n\t\t\t\t<\/div>\n\t\t<div class=\"elementor-element elementor-element-2124562 obcs none e-flex e-con-boxed e-con e-parent\" data-id=\"2124562\" data-element_type=\"container\">\n\t\t\t\t\t<div class=\"e-con-inner\">\n\t\t\t\t<div class=\"elementor-element elementor-element-b3f8fd0 elementor-widget elementor-widget-heading\" data-id=\"b3f8fd0\" data-element_type=\"widget\" data-widget_type=\"heading.default\">\n\t\t\t\t<div class=\"elementor-widget-container\">\n\t\t\t\t\t<p class=\"elementor-heading-title elementor-size-default\">La era de los probi\u00f3ticos ya ha comenzado<\/p>\t\t\t\t<\/div>\n\t\t\t\t<\/div>\n\t\t\t\t<div class=\"elementor-element elementor-element-d0074a8 elementor-widget elementor-widget-text-editor\" data-id=\"d0074a8\" data-element_type=\"widget\" data-widget_type=\"text-editor.default\">\n\t\t\t\t<div class=\"elementor-widget-container\">\n\t\t\t\t\t\t\t\t\t<p data-start=\"222\" data-end=\"484\">No solo por resultados de estudios como estos, cada vez <strong data-start=\"278\" data-end=\"311\">m\u00e1s profesionales de la salud<\/strong> hablan ya de la <strong data-start=\"328\" data-end=\"354\">era de los probi\u00f3ticos<\/strong>. Si hace apenas 20 a\u00f1os exist\u00edan muy pocos estudios sobre su uso y efectos, hoy en d\u00eda se publican <span data-start=\"454\" data-end=\"483\">decenas de miles cada a\u00f1o<\/span>.<\/p><p data-start=\"486\" data-end=\"702\">Adem\u00e1s de su aplicaci\u00f3n con \u00e9xito como <span data-start=\"525\" data-end=\"576\">acompa\u00f1amiento del<\/span><strong data-start=\"525\" data-end=\"576\"> tratamiento con antibi\u00f3ticos<\/strong>, un n\u00famero creciente de estudios demuestra el <span data-start=\"623\" data-end=\"701\">potencial saludable y preventivo de los probi\u00f3ticos para todo el organismo<\/span>.<\/p><p data-start=\"704\" data-end=\"1097\">Los <span data-start=\"708\" data-end=\"752\">\u00e1mbitos de aplicaci\u00f3n de los<\/span><strong data-start=\"708\" data-end=\"752\"> probi\u00f3ticos<\/strong> son cada vez m\u00e1s amplios. Desde <strong data-start=\"785\" data-end=\"810\">trastornos digestivos<\/strong> como la diarrea o el <strong data-start=\"832\" data-end=\"868\"><a href=\"https:\/\/www.omni-biotic.com\/es-es\/trastornos-intestinales\/sindrome-del-intestino-irritable\/\">s\u00edndrome del intestino irritable<\/a><\/strong>, pasando por el<a href=\"https:\/\/www.omni-biotic.com\/es-es\/blog\/sindrome-fatiga-cronica-o-cansancio\/\"> <strong data-start=\"885\" data-end=\"907\">s\u00edndrome de fatiga<\/strong><\/a>, las <strong data-start=\"913\" data-end=\"928\">depresiones<\/strong>, las <strong data-start=\"934\" data-end=\"964\">enfermedades inflamatorias<\/strong> como el reumatismo o la demencia, hasta <span data-start=\"1005\" data-end=\"1037\">enfermedades muy prevalentes<\/span> como los <strong data-start=\"1047\" data-end=\"1071\">trastornos hep\u00e1ticos<\/strong> o la <strong data-start=\"1077\" data-end=\"1096\">diabetes tipo 2<\/strong>.<\/p><p data-start=\"1099\" data-end=\"1223\">Paso a paso, la ciencia confirma que estos <span data-start=\"1142\" data-end=\"1176\">peque\u00f1os aliados del intestino<\/span> pueden llegar a ser <span data-start=\"1197\" data-end=\"1222\">aut\u00e9nticos salvavidas<\/span>.<\/p>\t\t\t\t\t\t\t\t<\/div>\n\t\t\t\t<\/div>\n\t\t\t\t\t<\/div>\n\t\t\t\t<\/div>\n\t\t<div class=\"elementor-element elementor-element-e7595bd obcs none e-flex e-con-boxed e-con e-parent\" data-id=\"e7595bd\" data-element_type=\"container\">\n\t\t\t\t\t<div class=\"e-con-inner\">\n\t\t\t\t<div class=\"elementor-element elementor-element-986bcb4 elementor-widget elementor-widget-image\" data-id=\"986bcb4\" data-element_type=\"widget\" data-widget_type=\"image.default\">\n\t\t\t\t<div class=\"elementor-widget-container\">\n\t\t\t\t\t\t\t\t\t\t\t\t\t\t\t<img loading=\"lazy\" decoding=\"async\" width=\"700\" height=\"500\" src=\"https:\/\/www.omni-biotic.com\/es-es\/wp-content\/uploads\/sites\/6\/2025\/02\/durchfall-antibiotika-wann-arzt.jpg\" class=\"attachment-large size-large wp-image-24562\" alt=\"\" srcset=\"https:\/\/www.omni-biotic.com\/es-es\/wp-content\/uploads\/sites\/6\/2025\/02\/durchfall-antibiotika-wann-arzt.jpg 700w, https:\/\/www.omni-biotic.com\/es-es\/wp-content\/uploads\/sites\/6\/2025\/02\/durchfall-antibiotika-wann-arzt-300x214.jpg 300w\" sizes=\"(max-width: 700px) 100vw, 700px\" title=\"\">\t\t\t\t\t\t\t\t\t\t\t\t\t\t\t<\/div>\n\t\t\t\t<\/div>\n\t\t\t\t<div class=\"elementor-element elementor-element-981d07c elementor-widget elementor-widget-heading\" data-id=\"981d07c\" data-element_type=\"widget\" data-widget_type=\"heading.default\">\n\t\t\t\t<div class=\"elementor-widget-container\">\n\t\t\t\t\t<h2 class=\"elementor-heading-title elementor-size-default\">Diarrea tras tomar antibi\u00f3ticos: \u00bfcu\u00e1ndo acudir al m\u00e9dico?<\/h2>\t\t\t\t<\/div>\n\t\t\t\t<\/div>\n\t\t\t\t<div class=\"elementor-element elementor-element-d09a75a elementor-widget elementor-widget-text-editor\" data-id=\"d09a75a\" data-element_type=\"widget\" data-widget_type=\"text-editor.default\">\n\t\t\t\t<div class=\"elementor-widget-container\">\n\t\t\t\t\t\t\t\t\t<p data-start=\"243\" data-end=\"324\">Es importante <strong data-start=\"257\" data-end=\"299\">consultar con un profesional sanitario<\/strong> en los siguientes casos:<\/p><ul data-start=\"326\" data-end=\"943\"><li data-start=\"326\" data-end=\"432\"><p data-start=\"328\" data-end=\"432\">Cuando durante el tratamiento con antibi\u00f3ticos aparece diarrea que <strong data-start=\"395\" data-end=\"429\">se prolonga m\u00e1s de dos semanas<\/strong>.<\/p><\/li><li data-start=\"433\" data-end=\"530\"><p data-start=\"435\" data-end=\"530\">Cuando <strong data-start=\"442\" data-end=\"486\">beb\u00e9s, ni\u00f1os peque\u00f1os o personas mayores<\/strong> se ven afectados por <strong data-start=\"508\" data-end=\"527\">diarrea intensa<\/strong>.<\/p><\/li><li data-start=\"531\" data-end=\"680\"><p data-start=\"533\" data-end=\"680\">Cuando la diarrea va acompa\u00f1ada de <strong data-start=\"568\" data-end=\"583\">fiebre alta<\/strong>, <strong data-start=\"585\" data-end=\"598\">confusi\u00f3n<\/strong>, <strong data-start=\"600\" data-end=\"610\">mareos<\/strong>, <strong data-start=\"612\" data-end=\"633\">debilidad extrema<\/strong> o <strong data-start=\"636\" data-end=\"677\">dolor abdominal intenso y persistente<\/strong>.<\/p><\/li><li data-start=\"681\" data-end=\"849\"><p data-start=\"683\" data-end=\"849\">Cuando existe riesgo de <strong data-start=\"707\" data-end=\"725\">deshidrataci\u00f3n<\/strong>: no se consigue ingerir suficiente l\u00edquido, la <strong data-start=\"773\" data-end=\"796\">orina es muy oscura<\/strong> o la cantidad de orina <strong data-start=\"820\" data-end=\"846\">disminuye notablemente<\/strong>.<\/p><\/li><li data-start=\"850\" data-end=\"943\"><p data-start=\"852\" data-end=\"943\">Cuando las heces son <strong data-start=\"873\" data-end=\"888\">muy oscuras<\/strong> (tipo \u201calquitr\u00e1n\u201d) o contienen <strong data-start=\"920\" data-end=\"942\">sangre, moco o pus<\/strong>.<\/p><\/li><\/ul>\t\t\t\t\t\t\t\t<\/div>\n\t\t\t\t<\/div>\n\t\t\t\t\t<\/div>\n\t\t\t\t<\/div>\n\t\t<div class=\"elementor-element elementor-element-ca91fbd obcs none e-flex e-con-boxed e-con e-parent\" data-id=\"ca91fbd\" data-element_type=\"container\">\n\t\t\t\t\t<div class=\"e-con-inner\">\n\t\t\t\t<div class=\"elementor-element elementor-element-c73e21f elementor-widget elementor-widget-heading\" data-id=\"c73e21f\" data-element_type=\"widget\" data-widget_type=\"heading.default\">\n\t\t\t\t<div class=\"elementor-widget-container\">\n\t\t\t\t\t<p class=\"elementor-heading-title elementor-size-default\">Fuentes<\/p>\t\t\t\t<\/div>\n\t\t\t\t<\/div>\n\t\t\t\t\t<\/div>\n\t\t\t\t<\/div>\n\t\t<div class=\"elementor-element elementor-element-3e306e1 obcs none e-flex e-con-boxed e-con e-parent\" data-id=\"3e306e1\" data-element_type=\"container\">\n\t\t\t\t\t<div class=\"e-con-inner\">\n\t\t\t\t<div class=\"elementor-element elementor-element-cdec260 elementor-widget elementor-widget-text-editor\" data-id=\"cdec260\" data-element_type=\"widget\" data-widget_type=\"text-editor.default\">\n\t\t\t\t<div class=\"elementor-widget-container\">\n\t\t\t\t\t\t\t\t\t<h6 data-start=\"967\" data-end=\"1157\">[1] H. A. Van Wietmarschen et al. \u201cProbiotics use for antibiotic-associated diarrhea: A pragmatic participatory evaluation in nursing homes\u201d, <em data-start=\"1109\" data-end=\"1131\">BMC Gastroenterology<\/em>, vol. 20, p. 151, 2020.<\/h6><h6 data-start=\"1159\" data-end=\"1401\">[2] I. Zollner-Schwetz et al. \u201cEffect of a multispecies probiotic on intestinal and skin colonization by multidrug-resistant gram-negative bacteria in patients in a long-term care facility: A pilot study\u201d, <em data-start=\"1365\" data-end=\"1376\">Nutrients<\/em>, vol. 12, p. 1586, 2020.<\/h6>\t\t\t\t\t\t\t\t<\/div>\n\t\t\t\t<\/div>\n\t\t\t\t\t<\/div>\n\t\t\t\t<\/div>\n\t\t\t\t<\/div>\n\t\t","protected":false},"excerpt":{"rendered":"<p>Los antibi\u00f3ticos han revolucionado la medicina, pero tambi\u00e9n pueden alterar profundamente la microbiota intestinal y provocar efectos secundarios como la diarrea. Hoy, la ciencia habla cada vez m\u00e1s de una nueva etapa: la era de los probi\u00f3ticos. \u00bfQu\u00e9 papel juegan antes, durante y despu\u00e9s de un tratamiento con antibi\u00f3ticos?<\/p>\n","protected":false},"author":42,"featured_media":26437,"comment_status":"closed","ping_status":"closed","sticky":false,"template":"","format":"standard","meta":{"_acf_changed":false,"inline_featured_image":false,"footnotes":""},"categories":[1,107,110],"tags":[],"class_list":["post-26422","post","type-post","status-publish","format-standard","has-post-thumbnail","hentry","category-allgemein","category-noticias-de-investigacion","category-problemas-y-asesoramiento"],"acf":[],"rank_math":{"og:title":"Probi\u00f3ticos y antibi\u00f3ticos: la era de la microbiota lleg\u00f3","og:desc":"Antibi\u00f3ticos, diarrea y microbiota intestinal: por qu\u00e9 la ciencia habla hoy de la era de los probi\u00f3ticos y su papel antes y despu\u00e9s del tratamiento.","og:url":"https:\/\/www.omni-biotic.com\/es-es\/blog\/probioticos-y-antibioticos\/","og:locale":"es_ES","og:image":"https:\/\/www.omni-biotic.com\/es-es\/wp-content\/uploads\/sites\/6\/2026\/01\/Terapia-de-antibioticos-y-probioticos.jpg","og:image:width":"600","og:image:height":"400"},"additional_data":{"thumbnail":"https:\/\/www.omni-biotic.com\/es-es\/wp-content\/uploads\/sites\/6\/2026\/01\/Terapia-de-antibioticos-y-probioticos.jpg"},"blog_info":{"country":"es-es"},"_links":{"self":[{"href":"https:\/\/www.omni-biotic.com\/es-es\/wp-json\/wp\/v2\/posts\/26422","targetHints":{"allow":["GET"]}}],"collection":[{"href":"https:\/\/www.omni-biotic.com\/es-es\/wp-json\/wp\/v2\/posts"}],"about":[{"href":"https:\/\/www.omni-biotic.com\/es-es\/wp-json\/wp\/v2\/types\/post"}],"author":[{"embeddable":true,"href":"https:\/\/www.omni-biotic.com\/es-es\/wp-json\/wp\/v2\/users\/42"}],"replies":[{"embeddable":true,"href":"https:\/\/www.omni-biotic.com\/es-es\/wp-json\/wp\/v2\/comments?post=26422"}],"version-history":[{"count":7,"href":"https:\/\/www.omni-biotic.com\/es-es\/wp-json\/wp\/v2\/posts\/26422\/revisions"}],"predecessor-version":[{"id":26441,"href":"https:\/\/www.omni-biotic.com\/es-es\/wp-json\/wp\/v2\/posts\/26422\/revisions\/26441"}],"wp:featuredmedia":[{"embeddable":true,"href":"https:\/\/www.omni-biotic.com\/es-es\/wp-json\/wp\/v2\/media\/26437"}],"wp:attachment":[{"href":"https:\/\/www.omni-biotic.com\/es-es\/wp-json\/wp\/v2\/media?parent=26422"}],"wp:term":[{"taxonomy":"category","embeddable":true,"href":"https:\/\/www.omni-biotic.com\/es-es\/wp-json\/wp\/v2\/categories?post=26422"},{"taxonomy":"post_tag","embeddable":true,"href":"https:\/\/www.omni-biotic.com\/es-es\/wp-json\/wp\/v2\/tags?post=26422"}],"curies":[{"name":"wp","href":"https:\/\/api.w.org\/{rel}","templated":true}]}}