{"id":26529,"date":"2026-03-10T13:41:57Z","date_gmt":"2026-03-10T12:41:57Z","guid":{"rendered":"https:\/\/www.omni-biotic.com\/es-es\/?p=26529"},"modified":"2026-03-10T13:41:57Z","modified_gmt":"2026-03-10T12:41:57Z","slug":"alergia-y-el-sistema-inmunitario","status":"publish","type":"post","link":"https:\/\/www.omni-biotic.com\/es-es\/blog\/alergia-y-el-sistema-inmunitario\/","title":{"rendered":"Alergia: por qu\u00e9 el sistema inmunitario reacciona de forma exagerada"},"content":{"rendered":"\t\t<div data-elementor-type=\"wp-post\" data-elementor-id=\"26529\" class=\"elementor elementor-26529\" data-elementor-post-type=\"post\">\n\t\t\t\t<div class=\"elementor-element elementor-element-3c6b0ba e-con-full obcs none e-flex e-con e-parent\" data-id=\"3c6b0ba\" data-element_type=\"container\">\n\t\t\t\t<div class=\"elementor-element elementor-element-99e7ce1 elementor-widget elementor-widget-image\" data-id=\"99e7ce1\" data-element_type=\"widget\" data-widget_type=\"image.default\">\n\t\t\t\t<div class=\"elementor-widget-container\">\n\t\t\t\t\t\t\t\t\t\t\t\t\t\t\t<img fetchpriority=\"high\" decoding=\"async\" width=\"800\" height=\"534\" src=\"https:\/\/www.omni-biotic.com\/es-es\/wp-content\/uploads\/sites\/6\/2026\/03\/prueba-medica-alergia-test-cutaneo.jpg-1024x683.jpg\" class=\"attachment-large size-large wp-image-26549\" alt=\"prueba m\u00e9dica para diagnosticar alergia mediante test cut\u00e1neo\" srcset=\"https:\/\/www.omni-biotic.com\/es-es\/wp-content\/uploads\/sites\/6\/2026\/03\/prueba-medica-alergia-test-cutaneo.jpg-1024x683.jpg 1024w, https:\/\/www.omni-biotic.com\/es-es\/wp-content\/uploads\/sites\/6\/2026\/03\/prueba-medica-alergia-test-cutaneo.jpg-300x200.jpg 300w, https:\/\/www.omni-biotic.com\/es-es\/wp-content\/uploads\/sites\/6\/2026\/03\/prueba-medica-alergia-test-cutaneo.jpg-768x512.jpg 768w, https:\/\/www.omni-biotic.com\/es-es\/wp-content\/uploads\/sites\/6\/2026\/03\/prueba-medica-alergia-test-cutaneo.jpg.jpg 1536w\" sizes=\"(max-width: 800px) 100vw, 800px\" title=\"\">\t\t\t\t\t\t\t\t\t\t\t\t\t\t\t<\/div>\n\t\t\t\t<\/div>\n\t\t\t\t<div class=\"elementor-element elementor-element-100b311 elementor-widget elementor-widget-heading\" data-id=\"100b311\" data-element_type=\"widget\" data-widget_type=\"heading.default\">\n\t\t\t\t<div class=\"elementor-widget-container\">\n\t\t\t\t\t<h2 class=\"elementor-heading-title elementor-size-default\">La alergia es cada vez m\u00e1s frecuente<\/h2>\t\t\t\t<\/div>\n\t\t\t\t<\/div>\n\t\t\t\t<div class=\"elementor-element elementor-element-4064cc2 elementor-widget elementor-widget-text-editor\" data-id=\"4064cc2\" data-element_type=\"widget\" data-widget_type=\"text-editor.default\">\n\t\t\t\t<div class=\"elementor-widget-container\">\n\t\t\t\t\t\t\t\t\t<p data-start=\"1204\" data-end=\"1549\">Muchas personas descubren que tienen <a href=\"https:\/\/www.omni-biotic.com\/es-es\/trastornos-intestinales\/alergia\/\"><strong data-start=\"1241\" data-end=\"1252\">alergia<\/strong> <\/a>en el momento menos esperado: con el primer estornudo, los ojos que empiezan a picar o una nariz que no deja de gotear. Lo que para algunos es simplemente la llegada del buen tiempo, para otros marca el inicio de los <strong data-start=\"1470\" data-end=\"1493\">s\u00edntomas de alergia<\/strong>, especialmente cuando el polen vuelve a llenar el aire.<\/p><p data-start=\"1551\" data-end=\"1893\">La <strong data-start=\"1554\" data-end=\"1574\">alergia al polen<\/strong>, tambi\u00e9n conocida como fiebre del heno, es actualmente una de las alergias m\u00e1s frecuentes en Europa. En nuestras latitudes afecta aproximadamente al <strong data-start=\"1724\" data-end=\"1748\">15 % de la poblaci\u00f3n<\/strong>. Adem\u00e1s, el cambio clim\u00e1tico y los inviernos m\u00e1s suaves han provocado que la temporada de polen empiece antes y se prolongue durante m\u00e1s tiempo.<\/p><p data-start=\"1895\" data-end=\"2126\">A nivel mundial, el n\u00famero de personas que desarrollan <span data-start=\"1950\" data-end=\"1961\">alergia<\/span> lleva a\u00f1os aumentando. Seg\u00fan estimaciones del Instituto Robert Koch, <strong data-start=\"2031\" data-end=\"2125\">una de cada cuatro personas recibir\u00e1 un diagn\u00f3stico de alergia al menos una vez en su vida<\/strong>.<\/p><p data-start=\"2128\" data-end=\"2323\">Las alergias pueden desencadenarse por m\u00faltiples factores. El polen, los \u00e1caros del polvo dom\u00e9stico, el pelo de animales o determinados alimentos son algunos de los desencadenantes m\u00e1s conocidos.<\/p><p data-start=\"2325\" data-end=\"2572\">Muchas personas recurren a antihistam\u00ednicos, colirios o sprays nasales para aliviar los <strong data-start=\"2413\" data-end=\"2436\">s\u00edntomas de alergia<\/strong>. Estos tratamientos pueden reducir las molestias, pero no act\u00faan sobre la causa del problema: el desequilibrio del <a href=\"https:\/\/www.omni-biotic.com\/es-es\/salud-intestinal\/areas-de-influencia-del-intestino\/sistema-inmunitario\/\"><b>sistema inmunitario<\/b><\/a>.<\/p><p data-start=\"2574\" data-end=\"2919\">Cuando una alergia no se trata adecuadamente, existe adem\u00e1s el riesgo de que se produzca lo que los especialistas llaman un <strong data-start=\"2698\" data-end=\"2718\">\u201ccambio de piso\u201d<\/strong>. Esto significa que la reacci\u00f3n al\u00e9rgica puede desplazarse hacia las v\u00edas respiratorias inferiores y provocar <strong data-start=\"2829\" data-end=\"2846\">asma al\u00e9rgica<\/strong>. Este fen\u00f3meno aparece hasta en el <strong data-start=\"2882\" data-end=\"2918\">40 % de las alergias no tratadas<\/strong>.<\/p>\t\t\t\t\t\t\t\t<\/div>\n\t\t\t\t<\/div>\n\t\t\t\t<div class=\"elementor-element elementor-element-71257c7 elementor-widget elementor-widget-image\" data-id=\"71257c7\" data-element_type=\"widget\" data-widget_type=\"image.default\">\n\t\t\t\t<div class=\"elementor-widget-container\">\n\t\t\t\t\t\t\t\t\t\t\t\t\t\t\t<img decoding=\"async\" width=\"800\" height=\"534\" src=\"https:\/\/www.omni-biotic.com\/es-es\/wp-content\/uploads\/sites\/6\/2026\/03\/alergia-polen-sintomas-nina-primavera.jpg-1024x683.jpg\" class=\"attachment-large size-large wp-image-26550\" alt=\"ni\u00f1a con s\u00edntomas de alergia al polen en primavera\" srcset=\"https:\/\/www.omni-biotic.com\/es-es\/wp-content\/uploads\/sites\/6\/2026\/03\/alergia-polen-sintomas-nina-primavera.jpg-1024x683.jpg 1024w, https:\/\/www.omni-biotic.com\/es-es\/wp-content\/uploads\/sites\/6\/2026\/03\/alergia-polen-sintomas-nina-primavera.jpg-300x200.jpg 300w, https:\/\/www.omni-biotic.com\/es-es\/wp-content\/uploads\/sites\/6\/2026\/03\/alergia-polen-sintomas-nina-primavera.jpg-768x512.jpg 768w, https:\/\/www.omni-biotic.com\/es-es\/wp-content\/uploads\/sites\/6\/2026\/03\/alergia-polen-sintomas-nina-primavera.jpg.jpg 1536w\" sizes=\"(max-width: 800px) 100vw, 800px\" title=\"\">\t\t\t\t\t\t\t\t\t\t\t\t\t\t\t<\/div>\n\t\t\t\t<\/div>\n\t\t\t\t<div class=\"elementor-element elementor-element-b02c5cf elementor-widget elementor-widget-heading\" data-id=\"b02c5cf\" data-element_type=\"widget\" data-widget_type=\"heading.default\">\n\t\t\t\t<div class=\"elementor-widget-container\">\n\t\t\t\t\t<h2 class=\"elementor-heading-title elementor-size-default\">Cada vez m\u00e1s ni\u00f1os desarrollan alergia<\/h2>\t\t\t\t<\/div>\n\t\t\t\t<\/div>\n\t\t\t\t<div class=\"elementor-element elementor-element-247b3bf elementor-widget elementor-widget-text-editor\" data-id=\"247b3bf\" data-element_type=\"widget\" data-widget_type=\"text-editor.default\">\n\t\t\t\t<div class=\"elementor-widget-container\">\n\t\t\t\t\t\t\t\t\t<p data-start=\"2971\" data-end=\"3092\">En los \u00faltimos a\u00f1os se ha observado un aumento notable de <strong data-start=\"3029\" data-end=\"3049\">alergia en ni\u00f1os<\/strong>, incluso desde los primeros meses de vida.<\/p><p data-start=\"3094\" data-end=\"3330\">El bi\u00f3logo y asesor cient\u00edfico Dr. Adolf Heschl, especialista en <a href=\"https:\/\/www.omni-biotic.com\/es-es\/salud-intestinal\/el-intestino-como-centro-de-la-salud\/el-microbioma-humano\/\"><b>microbioma<\/b><\/a>, explica que cada vez m\u00e1s consultas m\u00e9dicas est\u00e1n relacionadas con <strong data-start=\"3237\" data-end=\"3264\">alergia o intolerancias<\/strong>. Adem\u00e1s, se observa que muchos casos comienzan ya en la infancia.<\/p><p data-start=\"3332\" data-end=\"3561\">En beb\u00e9s y ni\u00f1os peque\u00f1os, la alergia suele manifestarse inicialmente en forma de <strong data-start=\"3414\" data-end=\"3436\">dermatitis at\u00f3pica<\/strong>, tambi\u00e9n conocida como neurodermatitis. Actualmente afecta aproximadamente al <strong data-start=\"3515\" data-end=\"3560\">15 % o 20 % de los ni\u00f1os en todo el mundo<\/strong>.<\/p><p data-start=\"3563\" data-end=\"3729\">Esta enfermedad inflamatoria provoca enrojecimiento de la piel, sequedad intensa y picor. En muchos casos, el picor es tan fuerte que puede afectar al sue\u00f1o del ni\u00f1o.<\/p><p data-start=\"3731\" data-end=\"4034\">Cuando esta alergia no se trata correctamente, algunos ni\u00f1os desarrollan lo que los especialistas llaman <strong data-start=\"3836\" data-end=\"3858\">la marcha al\u00e9rgica<\/strong>. Con el paso del tiempo pueden aparecer nuevas alergias, como alergia alimentaria, alergia al polen o alergia a los \u00e1caros, que en algunos casos pueden evolucionar hacia asma.<\/p>\t\t\t\t\t\t\t\t<\/div>\n\t\t\t\t<\/div>\n\t\t\t\t<div class=\"elementor-element elementor-element-3d03038 elementor-widget elementor-widget-heading\" data-id=\"3d03038\" data-element_type=\"widget\" data-widget_type=\"heading.default\">\n\t\t\t\t<div class=\"elementor-widget-container\">\n\t\t\t\t\t<h2 class=\"elementor-heading-title elementor-size-default\">\u00bfPor qu\u00e9 cada vez hay m\u00e1s alergias?<\/h2>\t\t\t\t<\/div>\n\t\t\t\t<\/div>\n\t\t\t\t<div class=\"elementor-element elementor-element-fa03844 elementor-widget elementor-widget-text-editor\" data-id=\"fa03844\" data-element_type=\"widget\" data-widget_type=\"text-editor.default\">\n\t\t\t\t<div class=\"elementor-widget-container\">\n\t\t\t\t\t\t\t\t\t<p data-start=\"4082\" data-end=\"4305\">Todav\u00eda no se conocen todas las causas que explican el aumento de la <span data-start=\"4151\" data-end=\"4162\">alergia<\/span> en las \u00faltimas d\u00e9cadas. Sin embargo, muchos expertos coinciden en que los <b>cambios en el estilo de vida<\/b> moderno desempe\u00f1an un papel importante.<\/p><p data-start=\"4307\" data-end=\"4477\">Factores como la <b>contaminaci\u00f3n <\/b>ambiental, el <b>cambio clim\u00e1tico<\/b> o las modificaciones en la vegetaci\u00f3n influyen directamente en el aumento de las <strong data-start=\"4450\" data-end=\"4476\">alergias respiratorias<\/strong>.<\/p><p data-start=\"4479\" data-end=\"4707\">En las <b>ciudades<\/b>, por ejemplo, la <strong data-start=\"4512\" data-end=\"4532\">alergia al polen<\/strong> suele ser m\u00e1s frecuente. Contaminantes como el ozono, el di\u00f3xido de nitr\u00f3geno o las part\u00edculas finas pueden irritar las v\u00edas respiratorias y favorecer procesos inflamatorios.<\/p><p data-start=\"4709\" data-end=\"4882\">Adem\u00e1s, estos contaminantes tambi\u00e9n modifican la estructura qu\u00edmica del polen, haciendo que los al\u00e9rgenos sean m\u00e1s agresivos y aumente la intensidad de la reacci\u00f3n al\u00e9rgica.<\/p><p data-start=\"4884\" data-end=\"5056\">Tambi\u00e9n se ha observado que las plantas producen mayores cantidades de al\u00e9rgenos cuando est\u00e1n sometidas a estr\u00e9s ambiental, como altas temperaturas, sequ\u00eda o contaminaci\u00f3n.<\/p>\t\t\t\t\t\t\t\t<\/div>\n\t\t\t\t<\/div>\n\t\t\t\t<div class=\"elementor-element elementor-element-cf625c2 elementor-widget elementor-widget-heading\" data-id=\"cf625c2\" data-element_type=\"widget\" data-widget_type=\"heading.default\">\n\t\t\t\t<div class=\"elementor-widget-container\">\n\t\t\t\t\t<h2 class=\"elementor-heading-title elementor-size-default\">Predisposici\u00f3n gen\u00e9tica y alergia<\/h2>\t\t\t\t<\/div>\n\t\t\t\t<\/div>\n\t\t\t\t<div class=\"elementor-element elementor-element-068368a elementor-widget elementor-widget-image\" data-id=\"068368a\" data-element_type=\"widget\" data-widget_type=\"image.default\">\n\t\t\t\t<div class=\"elementor-widget-container\">\n\t\t\t\t\t\t\t\t\t\t\t\t\t\t\t<img decoding=\"async\" width=\"700\" height=\"500\" src=\"https:\/\/www.omni-biotic.com\/es-es\/wp-content\/uploads\/sites\/6\/2026\/03\/erbliche-vorbelastung-allergien.jpg\" class=\"attachment-large size-large wp-image-26533\" alt=\"\" srcset=\"https:\/\/www.omni-biotic.com\/es-es\/wp-content\/uploads\/sites\/6\/2026\/03\/erbliche-vorbelastung-allergien.jpg 700w, https:\/\/www.omni-biotic.com\/es-es\/wp-content\/uploads\/sites\/6\/2026\/03\/erbliche-vorbelastung-allergien-300x214.jpg 300w\" sizes=\"(max-width: 700px) 100vw, 700px\" title=\"\">\t\t\t\t\t\t\t\t\t\t\t\t\t\t\t<\/div>\n\t\t\t\t<\/div>\n\t\t\t\t<div class=\"elementor-element elementor-element-c827d6e elementor-widget elementor-widget-text-editor\" data-id=\"c827d6e\" data-element_type=\"widget\" data-widget_type=\"text-editor.default\">\n\t\t\t\t<div class=\"elementor-widget-container\">\n\t\t\t\t\t\t\t\t\t<p data-start=\"5103\" data-end=\"5163\">La gen\u00e9tica tambi\u00e9n influye en el desarrollo de <strong data-start=\"5151\" data-end=\"5162\">alergia<\/strong>.<\/p><p data-start=\"5165\" data-end=\"5365\">Si uno de los padres tiene alergia, el riesgo de que el hijo tambi\u00e9n la desarrolle aumenta entre <strong data-start=\"5262\" data-end=\"5283\">un 20 % y un 40 %<\/strong>. Cuando ambos padres padecen alergia, el riesgo puede alcanzar hasta <strong data-start=\"5353\" data-end=\"5364\">el 80 %<\/strong>.<\/p><p data-start=\"5367\" data-end=\"5496\">Sin embargo, uno de los factores m\u00e1s importantes que influyen en la tendencia a desarrollar alergia se encuentra en el intestino.<\/p><p data-start=\"5498\" data-end=\"5811\">El intestino se considera el <strong data-start=\"5527\" data-end=\"5561\">centro del <a href=\"https:\/\/www.omni-biotic.com\/es-es\/blog\/tu-sistema-inmunitario-fuerte\/\">sistema inmunitario<\/a><\/strong>, ya que aproximadamente el <strong data-start=\"5589\" data-end=\"5658\">70 % de las c\u00e9lulas inmunitarias del organismo se encuentran all\u00ed<\/strong>. Esto significa que el equilibrio de la microbiota intestinal influye directamente en c\u00f3mo responde el sistema inmunitario frente a sustancias externas.<\/p><p data-start=\"5813\" data-end=\"5940\">Una alergia es, en realidad, <strong data-start=\"5842\" data-end=\"5939\">una reacci\u00f3n exagerada del sistema inmunitario frente a algo que normalmente ser\u00eda inofensivo<\/strong>.<\/p><p data-start=\"5942\" data-end=\"6299\">Diversos estudios han demostrado que la composici\u00f3n de la microbiota intestinal puede influir en el riesgo de desarrollar alergia. Un ejemplo interesante es el llamado <strong data-start=\"6110\" data-end=\"6127\">efecto granja<\/strong>. Los ni\u00f1os que crecen en entornos rurales desarrollan menos alergia, probablemente porque est\u00e1n expuestos a una mayor diversidad de microorganismos desde edades tempranas.<\/p>\t\t\t\t\t\t\t\t<\/div>\n\t\t\t\t<\/div>\n\t\t\t\t<div class=\"elementor-element elementor-element-5d3d7ea elementor-widget elementor-widget-infobox\" data-id=\"5d3d7ea\" data-element_type=\"widget\" data-widget_type=\"infobox.default\">\n\t\t\t\t<div class=\"elementor-widget-container\">\n\t\t\t\t\t\n<div class=\"li-widgets--infobox blue highlights-always-magenta\">\n\n    <div class=\"li-widgets--infobox__icon\">\n        <i aria-hidden=\"true\" class=\"fas fa-bacteria\"><\/i>    <\/div>\n    <div class=\"li-widgets--infobox__text\">\n        Los estudios demuestran que los beb\u00e9s con baja diversidad microbiana tienen un mayor riesgo de desarrollar alergia.\n    <\/div>\n    <div class=\"li-widgets--infobox__text-body\">\n            <\/div>\n\n    \n<\/div>\n\t\t\t\t<\/div>\n\t\t\t\t<\/div>\n\t\t\t\t<div class=\"elementor-element elementor-element-4926411 elementor-widget elementor-widget-heading\" data-id=\"4926411\" data-element_type=\"widget\" data-widget_type=\"heading.default\">\n\t\t\t\t<div class=\"elementor-widget-container\">\n\t\t\t\t\t<h2 class=\"elementor-heading-title elementor-size-default\">La hip\u00f3tesis de la higiene<\/h2>\t\t\t\t<\/div>\n\t\t\t\t<\/div>\n\t\t\t\t<div class=\"elementor-element elementor-element-02c88fa elementor-widget elementor-widget-text-editor\" data-id=\"02c88fa\" data-element_type=\"widget\" data-widget_type=\"text-editor.default\">\n\t\t\t\t<div class=\"elementor-widget-container\">\n\t\t\t\t\t\t\t\t\t<p data-start=\"6339\" data-end=\"6487\">El fen\u00f3meno contrario se conoce como <strong data-start=\"6376\" data-end=\"6403\">hip\u00f3tesis de la higiene<\/strong>. Seg\u00fan esta teor\u00eda, un exceso de higiene podr\u00eda favorecer el desarrollo de alergia.<\/p><p data-start=\"6489\" data-end=\"6701\">Cuando el sistema inmunitario tiene muy poco contacto con microorganismos durante la infancia, puede volverse m\u00e1s sensible y reaccionar de forma exagerada frente a sustancias que normalmente no ser\u00edan peligrosas.<\/p><p data-start=\"6703\" data-end=\"6850\">Esto tambi\u00e9n se observa en la piel y en el intestino. El uso excesivo de productos de higiene puede alterar la flora bacteriana natural de la piel.<\/p><p data-start=\"6852\" data-end=\"7021\">Algo similar ocurre en el intestino. Para que el sistema inmunitario funcione correctamente, es fundamental mantener una <strong data-start=\"6973\" data-end=\"7020\"><a href=\"https:\/\/www.omni-biotic.com\/es-es\/blog\/microbiota-intestinal-y-el-peso\/\">microbiota intestinal diversa y equilibrada<\/a><\/strong>.<\/p><p data-start=\"7023\" data-end=\"7270\">Adem\u00e1s, cada vez hay m\u00e1s evidencia cient\u00edfica de la conexi\u00f3n entre la salud intestinal y la salud de la piel. Los expertos hablan del <strong data-start=\"7157\" data-end=\"7179\">eje intestino-piel<\/strong>, ya que muchas enfermedades cut\u00e1neas se relacionan con alteraciones del sistema digestivo.<\/p>\t\t\t\t\t\t\t\t<\/div>\n\t\t\t\t<\/div>\n\t\t\t\t<div class=\"elementor-element elementor-element-3191831 elementor-widget elementor-widget-heading\" data-id=\"3191831\" data-element_type=\"widget\" data-widget_type=\"heading.default\">\n\t\t\t\t<div class=\"elementor-widget-container\">\n\t\t\t\t\t<h2 class=\"elementor-heading-title elementor-size-default\">Sistema inmunitario innato y adquirido\n<\/h2>\t\t\t\t<\/div>\n\t\t\t\t<\/div>\n\t\t\t\t<div class=\"elementor-element elementor-element-54c988b elementor-widget elementor-widget-text-editor\" data-id=\"54c988b\" data-element_type=\"widget\" data-widget_type=\"text-editor.default\">\n\t\t\t\t<div class=\"elementor-widget-container\">\n\t\t\t\t\t\t\t\t\t<p data-start=\"501\" data-end=\"725\">A lo largo de la evoluci\u00f3n, el ser humano ha desarrollado un <strong data-start=\"562\" data-end=\"597\">sistema de defensa muy complejo<\/strong> para protegerse frente a microorganismos potencialmente da\u00f1inos. Este sistema es lo que conocemos como <strong data-start=\"701\" data-end=\"724\">sistema inmunitario<\/strong>.<\/p><p data-start=\"727\" data-end=\"903\">La funci\u00f3n inmunitaria se compone de dos grandes mecanismos de defensa: una parte <strong data-start=\"809\" data-end=\"819\">innata<\/strong>, con la que nacemos, y otra <strong data-start=\"848\" data-end=\"861\">adquirida<\/strong>, que se desarrolla a lo largo de la vida.<\/p><p data-start=\"905\" data-end=\"1218\">Aunque a veces pueda parecer lo contrario debido a los frecuentes resfriados o infecciones en la infancia, los ni\u00f1os tienen en realidad <strong data-start=\"1041\" data-end=\"1082\">un sistema inmunitario muy competente<\/strong>. Esto se debe a que su sistema defensivo est\u00e1 en constante contacto con microorganismos del entorno, lo que contribuye a su desarrollo.<\/p><p data-start=\"1220\" data-end=\"1635\">Durante el embarazo, el beb\u00e9 se encuentra protegido dentro del \u00fatero materno. Sin embargo, en el momento del nacimiento se produce un cambio radical. El sistema inmunitario del reci\u00e9n nacido entra en contacto por primera vez con un entorno completamente nuevo, lleno de microorganismos. En ese momento se activa el <strong data-start=\"1535\" data-end=\"1565\">sistema inmunitario innato<\/strong>, que act\u00faa como primera l\u00ednea de defensa frente a posibles pat\u00f3genos.<\/p><p data-start=\"1637\" data-end=\"1961\">Si este sistema inicial no consigue eliminar los microorganismos, entra en acci\u00f3n el <strong data-start=\"1722\" data-end=\"1755\">sistema inmunitario adquirido<\/strong>. Este mecanismo defensivo se desarrolla progresivamente a lo largo de la vida y tiene una gran ventaja: es mucho m\u00e1s preciso y puede <strong data-start=\"1889\" data-end=\"1960\">recordar los agentes que ya han provocado una respuesta inmunitaria<\/strong>.<\/p><p data-start=\"1963\" data-end=\"2023\">En resumen, ambos sistemas trabajan de forma complementaria:<\/p><ol data-start=\"2025\" data-end=\"2414\"><li data-section-id=\"1xp7x5i\" data-start=\"2025\" data-end=\"2191\"><p data-start=\"2028\" data-end=\"2191\"><strong data-start=\"2028\" data-end=\"2058\">Sistema inmunitario innato<\/strong><br data-start=\"2058\" data-end=\"2061\" \/>Act\u00faa como la primera barrera defensiva del organismo. Responde r\u00e1pidamente frente a microorganismos potencialmente peligrosos.<\/p><\/li><li data-section-id=\"1d229rt\" data-start=\"2193\" data-end=\"2414\"><p data-start=\"2196\" data-end=\"2414\"><strong data-start=\"2196\" data-end=\"2229\">Sistema inmunitario adquirido<\/strong><br data-start=\"2229\" data-end=\"2232\" \/>Se desarrolla a lo largo de la vida y tiene una respuesta mucho m\u00e1s espec\u00edfica. Adem\u00e1s, es capaz de \u201crecordar\u201d los pat\u00f3genos y reaccionar con mayor eficacia si vuelven a aparecer.<\/p><\/li><\/ol><p data-start=\"2416\" data-end=\"2595\">Las reacciones del sistema inmunitario est\u00e1n reguladas por un complejo equilibrio entre diferentes tipos de c\u00e9lulas inmunitarias, especialmente las llamadas <strong data-start=\"2573\" data-end=\"2594\">c\u00e9lulas TH1 y TH2<\/strong>.<\/p><p data-start=\"2597\" data-end=\"2858\">Durante los primeros meses de vida existe de forma natural una <strong data-start=\"2660\" data-end=\"2693\">dominancia de las c\u00e9lulas TH2<\/strong>. Para que el sistema inmunitario se desarrolle de forma equilibrada, es necesario que determinadas bacterias intestinales estimulen la actividad de las c\u00e9lulas TH1.<\/p><p data-start=\"2860\" data-end=\"3156\">En este proceso desempe\u00f1an un papel fundamental algunas bacterias beneficiosas presentes en la microbiota intestinal, especialmente <strong data-start=\"2992\" data-end=\"3026\">bifidobacterias y lactobacilos<\/strong>. Estas bacterias ayudan a que el sistema inmunitario madure correctamente y a equilibrar la relaci\u00f3n entre las c\u00e9lulas TH1 y TH2.<\/p><p data-start=\"3158\" data-end=\"3379\">Si este equilibrio no se alcanza y la dominancia de TH2 se mantiene m\u00e1s all\u00e1 del nacimiento, aumenta la probabilidad de que el beb\u00e9 desarrolle <strong data-start=\"3301\" data-end=\"3325\">reacciones al\u00e9rgicas<\/strong>, por ejemplo en forma de eczema o dermatitis at\u00f3pica.<\/p><p data-start=\"3381\" data-end=\"3541\">Diversos estudios han demostrado que los beb\u00e9s con <strong data-start=\"3432\" data-end=\"3491\">menor diversidad bacteriana en la microbiota intestinal<\/strong> presentan un mayor riesgo de desarrollar alergia.<\/p><p data-start=\"3543\" data-end=\"3596\">Esto ocurre con mayor frecuencia en situaciones como:<\/p><p data-start=\"3598\" data-end=\"3727\">\u2022 <a href=\"https:\/\/www.omni-biotic.com\/es-es\/blog\/la-leche-materna-un-superalimento\/\"><b>nacimiento <\/b><\/a>por ces\u00e1rea<br data-start=\"3622\" data-end=\"3625\" \/>\u2022 tratamientos repetidos con <a href=\"https:\/\/www.omni-biotic.com\/es-es\/blog\/sistema-inmunologico-infantil\/\"><b>antibi\u00f3ticos<\/b><\/a><br data-start=\"3666\" data-end=\"3669\" \/>\u2022 alimentaci\u00f3n con f\u00f3rmula en lugar de <a href=\"https:\/\/www.omni-biotic.com\/es-es\/blog\/la-leche-materna-un-superalimento\/\"><b>lactancia materna<\/b><\/a><\/p><p data-start=\"3729\" data-end=\"3879\">En estos casos se ha observado que los ni\u00f1os presentan <strong data-start=\"3784\" data-end=\"3834\">una menor diversidad de <a href=\"https:\/\/www.omni-biotic.com\/es-es\/salud-intestinal\/el-intestino-como-centro-de-la-salud\/bacterias-intestinales\/\">bacterias intestinales<\/a><\/strong> y una mayor tendencia a desarrollar alergia.<\/p><p data-start=\"3881\" data-end=\"4179\">Adem\u00e1s, el <strong data-start=\"3892\" data-end=\"3918\">microbioma de la madre<\/strong> tambi\u00e9n influye en el del beb\u00e9. Durante el parto natural se produce una transferencia de bacterias beneficiosas desde la microbiota materna hacia el reci\u00e9n nacido, lo que contribuye a establecer una microbiota intestinal equilibrada desde el inicio de la vida.<\/p>\t\t\t\t\t\t\t\t<\/div>\n\t\t\t\t<\/div>\n\t\t\t\t<div class=\"elementor-element elementor-element-fc72dea elementor-widget elementor-widget-heading\" data-id=\"fc72dea\" data-element_type=\"widget\" data-widget_type=\"heading.default\">\n\t\t\t\t<div class=\"elementor-widget-container\">\n\t\t\t\t\t<h2 class=\"elementor-heading-title elementor-size-default\">Probi\u00f3ticos y prevenci\u00f3n de la alergia<\/h2>\t\t\t\t<\/div>\n\t\t\t\t<\/div>\n\t\t\t\t<div class=\"elementor-element elementor-element-f2d7896 elementor-widget elementor-widget-image\" data-id=\"f2d7896\" data-element_type=\"widget\" data-widget_type=\"image.default\">\n\t\t\t\t<div class=\"elementor-widget-container\">\n\t\t\t\t\t\t\t\t\t\t\t\t\t\t\t<img loading=\"lazy\" decoding=\"async\" width=\"700\" height=\"500\" src=\"https:\/\/www.omni-biotic.com\/es-es\/wp-content\/uploads\/sites\/6\/2026\/03\/probiotika-behandlungsalternative-allergien.jpg\" class=\"attachment-large size-large wp-image-26534\" alt=\"\" srcset=\"https:\/\/www.omni-biotic.com\/es-es\/wp-content\/uploads\/sites\/6\/2026\/03\/probiotika-behandlungsalternative-allergien.jpg 700w, https:\/\/www.omni-biotic.com\/es-es\/wp-content\/uploads\/sites\/6\/2026\/03\/probiotika-behandlungsalternative-allergien-300x214.jpg 300w\" sizes=\"(max-width: 700px) 100vw, 700px\" title=\"\">\t\t\t\t\t\t\t\t\t\t\t\t\t\t\t<\/div>\n\t\t\t\t<\/div>\n\t\t\t\t<div class=\"elementor-element elementor-element-260f8c5 elementor-widget elementor-widget-text-editor\" data-id=\"260f8c5\" data-element_type=\"widget\" data-widget_type=\"text-editor.default\">\n\t\t\t\t<div class=\"elementor-widget-container\">\n\t\t\t\t\t\t\t\t\t<p data-start=\"8811\" data-end=\"9086\">En este contexto, los <a href=\"https:\/\/www.omni-biotic.com\/es-es\/salud-intestinal\/el-intestino-como-centro-de-la-salud\/probioticos\/\"><strong data-start=\"8833\" data-end=\"8848\">probi\u00f3ticos<\/strong> <\/a>han despertado un gran inter\u00e9s cient\u00edfico. Determinadas bacterias beneficiosas pueden ayudar a regular la respuesta del sistema inmunitario y contribuir a restablecer el equilibrio entre las c\u00e9lulas inmunitarias implicadas en la alergia.<\/p><p data-start=\"9088\" data-end=\"9316\">Algunos estudios han demostrado que la administraci\u00f3n de combinaciones espec\u00edficas de <a href=\"https:\/\/www.omni-biotic.com\/es-es\/blog\/probioticos-embarazo-y-lactancia\/\"><b>bacterias probi\u00f3ticas<\/b><\/a> durante el embarazo y en los primeros meses de vida puede reducir significativamente la aparici\u00f3n de dermatitis at\u00f3pica.<\/p><p data-start=\"9318\" data-end=\"9466\">En algunos casos se ha observado una reducci\u00f3n de m\u00e1s del <strong data-start=\"9376\" data-end=\"9410\">70 % en la aparici\u00f3n de eczema<\/strong>, incluso tiempo despu\u00e9s de finalizar la suplementaci\u00f3n.<\/p>\t\t\t\t\t\t\t\t<\/div>\n\t\t\t\t<\/div>\n\t\t\t\t<div class=\"elementor-element elementor-element-662e262 elementor-widget elementor-widget-heading\" data-id=\"662e262\" data-element_type=\"widget\" data-widget_type=\"heading.default\">\n\t\t\t\t<div class=\"elementor-widget-container\">\n\t\t\t\t\t<h2 class=\"elementor-heading-title elementor-size-default\">La alergia puede aparecer en diferentes etapas de la vida<\/h2>\t\t\t\t<\/div>\n\t\t\t\t<\/div>\n\t\t\t\t<div class=\"elementor-element elementor-element-1ca7115 elementor-widget elementor-widget-text-editor\" data-id=\"1ca7115\" data-element_type=\"widget\" data-widget_type=\"text-editor.default\">\n\t\t\t\t<div class=\"elementor-widget-container\">\n\t\t\t\t\t\t\t\t\t<p data-start=\"271\" data-end=\"498\">Todav\u00eda existe la creencia de que la <strong data-start=\"308\" data-end=\"319\">alergia<\/strong> suele desarrollarse principalmente durante la infancia. Sin embargo, los expertos se\u00f1alan que existen <strong data-start=\"422\" data-end=\"497\">diferentes etapas de la vida en las que pueden aparecer nuevas alergias<\/strong>.<\/p><p data-start=\"500\" data-end=\"860\">El especialista en microbioma Dr. Adolf Heschl explica que hay momentos especialmente sensibles en los que el sistema inmunitario debe adaptarse a un nuevo entorno microbiano. Entre estas fases se encuentran, por ejemplo, <strong data-start=\"722\" data-end=\"765\">el inicio de la guarder\u00eda o del colegio<\/strong>, as\u00ed como <strong data-start=\"776\" data-end=\"791\">la pubertad<\/strong>, una etapa en la que aumenta el contacto cercano con otras personas.<\/p><p data-start=\"862\" data-end=\"1020\">Si en estas fases la llamada <strong data-start=\"891\" data-end=\"930\">\u201ccentral inmunitaria\u201d, el intestino<\/strong>, no se encuentra en equilibrio, pueden desarrollarse con mayor facilidad nuevas alergias.<\/p><p data-start=\"1022\" data-end=\"1449\">Pero la alergia no solo aparece en la infancia o la adolescencia. <strong data-start=\"1088\" data-end=\"1169\">Tambi\u00e9n en la edad adulta pueden surgir s\u00edntomas al\u00e9rgicos de forma repentina<\/strong>. Seg\u00fan explica el experto, esto podr\u00eda estar relacionado con cambios en las mucosas del organismo: con el paso de los a\u00f1os disminuye la producci\u00f3n de moco protector, lo que facilita que <strong data-start=\"1356\" data-end=\"1448\">al\u00e9rgenos y sustancias potencialmente irritantes entren con mayor facilidad en el cuerpo<\/strong>.<\/p><p data-start=\"1451\" data-end=\"1599\">Por este motivo, mantener un <strong data-start=\"1480\" data-end=\"1553\">sistema inmunitario equilibrado y una microbiota intestinal saludable<\/strong> es importante en todas las etapas de la vida.<\/p>\t\t\t\t\t\t\t\t<\/div>\n\t\t\t\t<\/div>\n\t\t\t\t<div class=\"elementor-element elementor-element-1d96f0c elementor-widget elementor-widget-heading\" data-id=\"1d96f0c\" data-element_type=\"widget\" data-widget_type=\"heading.default\">\n\t\t\t\t<div class=\"elementor-widget-container\">\n\t\t\t\t\t<h2 class=\"elementor-heading-title elementor-size-default\">Fortalecer la barrera intestinal<\/h2>\t\t\t\t<\/div>\n\t\t\t\t<\/div>\n\t\t\t\t<div class=\"elementor-element elementor-element-2072a23 elementor-widget elementor-widget-image\" data-id=\"2072a23\" data-element_type=\"widget\" data-widget_type=\"image.default\">\n\t\t\t\t<div class=\"elementor-widget-container\">\n\t\t\t\t\t\t\t\t\t\t\t\t\t\t\t<img loading=\"lazy\" decoding=\"async\" width=\"700\" height=\"500\" src=\"https:\/\/www.omni-biotic.com\/es-es\/wp-content\/uploads\/sites\/6\/2026\/03\/darmbarriere-c-institut-allergosan-2.jpg\" class=\"attachment-large size-large wp-image-26535\" alt=\"\" srcset=\"https:\/\/www.omni-biotic.com\/es-es\/wp-content\/uploads\/sites\/6\/2026\/03\/darmbarriere-c-institut-allergosan-2.jpg 700w, https:\/\/www.omni-biotic.com\/es-es\/wp-content\/uploads\/sites\/6\/2026\/03\/darmbarriere-c-institut-allergosan-2-300x214.jpg 300w\" sizes=\"(max-width: 700px) 100vw, 700px\" title=\"\">\t\t\t\t\t\t\t\t\t\t\t\t\t\t\t<\/div>\n\t\t\t\t<\/div>\n\t\t\t\t<div class=\"elementor-element elementor-element-90b51d1 elementor-widget elementor-widget-text-editor\" data-id=\"90b51d1\" data-element_type=\"widget\" data-widget_type=\"text-editor.default\">\n\t\t\t\t<div class=\"elementor-widget-container\">\n\t\t\t\t\t\t\t\t\t<p data-start=\"307\" data-end=\"639\">Una <strong data-start=\"311\" data-end=\"340\">barrera intestinal fuerte<\/strong>, junto con un sistema inmunitario equilibrado, es fundamental para prevenir la <strong data-start=\"420\" data-end=\"431\">alergia<\/strong>. En un intestino sano, esta barrera act\u00faa como un aut\u00e9ntico escudo protector frente a sustancias potencialmente da\u00f1inas, evitando que al\u00e9rgenos, toxinas o componentes de los alimentos entren en el organismo.<\/p><p data-start=\"641\" data-end=\"1134\">Sin embargo, determinados factores del estilo de vida pueden debilitar progresivamente esta barrera. El estr\u00e9s cr\u00f3nico, el uso frecuente de <a href=\"https:\/\/www.omni-biotic.com\/es-es\/blog\/probioticos-y-antibioticos\/\"><b>antibi\u00f3ticos <\/b><\/a>u otros medicamentos, o una <a href=\"https:\/\/www.omni-biotic.com\/es-es\/blog\/problemas-gastrointestinales-debidos-al-estres\/\"><b>alimentaci\u00f3n pobre<\/b><\/a> en fibra pueden hacer que la barrera intestinal se vuelva m\u00e1s permeable. Como consecuencia, ciertas sustancias pueden atravesarla con mayor facilidad y activar el sistema inmunitario, lo que aumenta el riesgo de desarrollar <strong data-start=\"1065\" data-end=\"1106\">alergias o intolerancias alimentarias<\/strong>, incluso en la edad adulta.<\/p><p data-start=\"1136\" data-end=\"1558\">Por ello, el Dr. Adolf Heschl se\u00f1ala que <strong data-start=\"1177\" data-end=\"1377\">todas las medidas que ayudan a reforzar la <a href=\"https:\/\/www.omni-biotic.com\/es-es\/salud-intestinal\/el-intestino-como-centro-de-la-salud\/nuestra-flora-intestinal\/\">barrera intestinal<\/a> como escudo microbiano frente a influencias externas contribuyen a regular el sistema inmunitario y a reducir las reacciones al\u00e9rgicas<\/strong>. Cuando solo una peque\u00f1a cantidad de al\u00e9rgenos consigue atravesar la barrera intestinal, el organismo puede concentrarse mejor en defenderse frente a amenazas realmente peligrosas.<\/p><p data-start=\"1560\" data-end=\"2096\">Para que esta barrera funcione correctamente, es esencial contar con una <strong data-start=\"1633\" data-end=\"1709\">cantidad suficiente de bacterias intestinales con efecto inmunomodulador<\/strong>. Algunas bacterias beneficiosas pueden estimular la producci\u00f3n de importantes sustancias del sistema inmunitario, como el <strong data-start=\"1832\" data-end=\"1870\">inmunoglobulina A secretora (sIgA)<\/strong>, que impide que los pat\u00f3genos se adhieran a las mucosas y se multipliquen. Tambi\u00e9n favorecen la producci\u00f3n de <strong data-start=\"1981\" data-end=\"2000\">interleucina-10<\/strong>, una mol\u00e9cula con efecto antiinflamatorio que contribuye a equilibrar la respuesta inmunitaria.<\/p><p data-start=\"2098\" data-end=\"2427\">En este contexto, los <strong data-start=\"2120\" data-end=\"2165\">probi\u00f3ticos con bacterias bien estudiadas<\/strong> pueden ser de gran ayuda. En una investigaci\u00f3n realizada con deportistas de alto rendimiento, la toma durante cuatro semanas de un probi\u00f3tico multicepa con bacterias inmunomoduladoras consigui\u00f3 normalizar los niveles de sIgA en el <strong data-start=\"2397\" data-end=\"2426\">44 % de los participantes<\/strong>.<\/p><p data-start=\"2429\" data-end=\"2804\">En definitiva, la <strong data-start=\"2447\" data-end=\"2472\">microbiota intestinal<\/strong> desempe\u00f1a un papel decisivo tanto en el desarrollo como en la prevenci\u00f3n de la alergia. Una microbiota equilibrada contribuye a reforzar la barrera intestinal y a que el sistema inmunitario reaccione con mayor tolerancia frente a est\u00edmulos externos que, en realidad, son inofensivos, desde el pelo de gato hasta el polen de abedul.<\/p>\t\t\t\t\t\t\t\t<\/div>\n\t\t\t\t<\/div>\n\t\t\t\t<div class=\"elementor-element elementor-element-f409784 elementor-widget elementor-widget-li-widgets--author-quote\" data-id=\"f409784\" data-element_type=\"widget\" data-widget_type=\"li-widgets--author-quote.default\">\n\t\t\t\t<div class=\"elementor-widget-container\">\n\t\t\t\t\t<div class=\"li-widgets--author-quote blue\">\n            <div class=\"li-widgets--author-quote__image--wrapper\">\n            <div class=\"li-widgets--author-quote__image\">\n                <img loading=\"lazy\" decoding=\"async\" width=\"248\" height=\"300\" src=\"https:\/\/www.omni-biotic.com\/es-es\/wp-content\/uploads\/sites\/6\/2026\/03\/dr-Adolf_Heschl-248x300.jpg\" class=\"attachment-medium size-medium\" alt=\"\" srcset=\"https:\/\/www.omni-biotic.com\/es-es\/wp-content\/uploads\/sites\/6\/2026\/03\/dr-Adolf_Heschl-248x300.jpg 248w, https:\/\/www.omni-biotic.com\/es-es\/wp-content\/uploads\/sites\/6\/2026\/03\/dr-Adolf_Heschl-768x930.jpg 768w, https:\/\/www.omni-biotic.com\/es-es\/wp-content\/uploads\/sites\/6\/2026\/03\/dr-Adolf_Heschl.jpg 780w\" sizes=\"(max-width: 248px) 100vw, 248px\" title=\"\">            <\/div>\n        <\/div>\n        <div class=\"li-widgets--author-quote__content\">\n        <div class=\"li-widgets--author-quote__author\">\n            Dr. Adolf Heschl                            <span class=\"li-widgets--author-quote__author--position\">\n            El experto        <\/span>\n                    <\/div>\n        <div class=\"li-widgets--author-quote__text\">\n            El Dr. Adolf Heschl estudi\u00f3 Zoolog\u00eda y Bot\u00e1nica en la Universidad Karl-Franzens de Graz. El bi\u00f3logo y experto en evoluci\u00f3n lleva m\u00e1s de diez a\u00f1os dedicado a la investigaci\u00f3n del microbioma como asesor cient\u00edfico.        <\/div>\n            <\/div>\n    <\/div>\n\t\t\t\t<\/div>\n\t\t\t\t<\/div>\n\t\t\t\t<\/div>\n\t\t\t\t<\/div>\n\t\t","protected":false},"excerpt":{"rendered":"<p>Un estornudo, picor en los ojos o una nariz que no deja de gotear. Para muchas personas, estos son los primeros signos de alergia, especialmente cuando llega la temporada de polen. La alergia al polen, a los \u00e1caros o a determinados alimentos es cada vez m\u00e1s frecuente en los pa\u00edses industrializados. Pero lo que muchas personas desconocen es que el intestino y la microbiota intestinal desempe\u00f1an un papel clave en el sistema inmunitario y en el desarrollo de la alergia. Descubre por qu\u00e9 el organismo puede reaccionar de forma exagerada frente a sustancias aparentemente inofensivas y qu\u00e9 papel tiene la salud intestinal en la prevenci\u00f3n.<\/p>\n","protected":false},"author":42,"featured_media":26549,"comment_status":"closed","ping_status":"closed","sticky":false,"template":"","format":"standard","meta":{"_acf_changed":false,"inline_featured_image":false,"footnotes":""},"categories":[1,110],"tags":[],"class_list":["post-26529","post","type-post","status-publish","format-standard","has-post-thumbnail","hentry","category-allgemein","category-problemas-y-asesoramiento"],"acf":[],"rank_math":{"og:title":"Alergia: por qu\u00e9 el sistema inmunitario reacciona","og:desc":"Alergia: por qu\u00e9 el sistema inmunitario reacciona exageradamente frente al polen y otros al\u00e9rgenos y qu\u00e9 papel tiene la microbiota intestinal.","og:url":"https:\/\/www.omni-biotic.com\/es-es\/blog\/alergia-y-el-sistema-inmunitario\/","og:locale":"es_ES","og:image":"https:\/\/www.omni-biotic.com\/es-es\/wp-content\/uploads\/sites\/6\/2026\/03\/prueba-medica-alergia-test-cutaneo.jpg.jpg","og:image:width":"1536","og:image:height":"1024"},"additional_data":{"thumbnail":"https:\/\/www.omni-biotic.com\/es-es\/wp-content\/uploads\/sites\/6\/2026\/03\/prueba-medica-alergia-test-cutaneo.jpg.jpg"},"blog_info":{"country":"es-es"},"_links":{"self":[{"href":"https:\/\/www.omni-biotic.com\/es-es\/wp-json\/wp\/v2\/posts\/26529","targetHints":{"allow":["GET"]}}],"collection":[{"href":"https:\/\/www.omni-biotic.com\/es-es\/wp-json\/wp\/v2\/posts"}],"about":[{"href":"https:\/\/www.omni-biotic.com\/es-es\/wp-json\/wp\/v2\/types\/post"}],"author":[{"embeddable":true,"href":"https:\/\/www.omni-biotic.com\/es-es\/wp-json\/wp\/v2\/users\/42"}],"replies":[{"embeddable":true,"href":"https:\/\/www.omni-biotic.com\/es-es\/wp-json\/wp\/v2\/comments?post=26529"}],"version-history":[{"count":7,"href":"https:\/\/www.omni-biotic.com\/es-es\/wp-json\/wp\/v2\/posts\/26529\/revisions"}],"predecessor-version":[{"id":26554,"href":"https:\/\/www.omni-biotic.com\/es-es\/wp-json\/wp\/v2\/posts\/26529\/revisions\/26554"}],"wp:featuredmedia":[{"embeddable":true,"href":"https:\/\/www.omni-biotic.com\/es-es\/wp-json\/wp\/v2\/media\/26549"}],"wp:attachment":[{"href":"https:\/\/www.omni-biotic.com\/es-es\/wp-json\/wp\/v2\/media?parent=26529"}],"wp:term":[{"taxonomy":"category","embeddable":true,"href":"https:\/\/www.omni-biotic.com\/es-es\/wp-json\/wp\/v2\/categories?post=26529"},{"taxonomy":"post_tag","embeddable":true,"href":"https:\/\/www.omni-biotic.com\/es-es\/wp-json\/wp\/v2\/tags?post=26529"}],"curies":[{"name":"wp","href":"https:\/\/api.w.org\/{rel}","templated":true}]}}