{"id":16249,"date":"2022-10-31T10:28:55Z","date_gmt":"2022-10-31T09:28:55Z","guid":{"rendered":"https:\/\/www.omni-biotic.com\/fr-fr\/probiotiques-pour-enfants-et-antibiotiques\/"},"modified":"2026-04-02T14:26:51Z","modified_gmt":"2026-04-02T12:26:51Z","slug":"probiotiques-pour-enfants-et-antibiotiques","status":"publish","type":"post","link":"https:\/\/www.omni-biotic.com\/fr-fr\/blog\/probiotiques-pour-enfants-et-antibiotiques\/","title":{"rendered":"Probiotiques pour enfants et antibiotiques"},"content":{"rendered":"\t\t<div data-elementor-type=\"wp-post\" data-elementor-id=\"16249\" class=\"elementor elementor-16249\" data-elementor-post-type=\"post\">\n\t\t\t\t<div class=\"elementor-element elementor-element-c1e5660 obcs none e-flex e-con-boxed e-con e-parent\" data-id=\"c1e5660\" data-element_type=\"container\">\n\t\t\t\t\t<div class=\"e-con-inner\">\n\t\t\t\t<div class=\"elementor-element elementor-element-8c0a9ce elementor-widget elementor-widget-text-editor\" data-id=\"8c0a9ce\" data-element_type=\"widget\" data-widget_type=\"text-editor.default\">\n\t\t\t\t<div class=\"elementor-widget-container\">\n\t\t\t\t\t\t\t\t\t<p><em>De nombreux parents \u00e9prouvent des sentiments contradictoires lorsqu\u2019un p\u00e9diatre ou un m\u00e9decin prescrit des antibiotiques \u00e0 leur enfant quand celui-ci est malade. D\u2019un c\u00f4t\u00e9, les parents veulent toujours ce qu\u2019il y a de mieux pour leurs enfants donc qu\u2019ils retrouvent rapidement la sant\u00e9, mais de l\u2019autre, ils s\u2019inqui\u00e8tent, et \u00e0 juste titre, des effets secondaires de ces m\u00e9dicaments. Le plus souvent, ils ne sont pas suffisamment inform\u00e9s sur l\u2019utilisation et les effets des antibiotiques ainsi que sur les bienfaits des probiotiques dans de telles situations.\u00a0<\/em><\/p>\t\t\t\t\t\t\t\t<\/div>\n\t\t\t\t<\/div>\n\t\t\t\t\t<\/div>\n\t\t\t\t<\/div>\n\t\t<div class=\"elementor-element elementor-element-2bfda4b obcs none e-flex e-con-boxed e-con e-parent\" data-id=\"2bfda4b\" data-element_type=\"container\">\n\t\t\t\t\t<div class=\"e-con-inner\">\n\t\t\t\t<div class=\"elementor-element elementor-element-1355298 elementor-widget elementor-widget-heading\" data-id=\"1355298\" data-element_type=\"widget\" data-widget_type=\"heading.default\">\n\t\t\t\t<div class=\"elementor-widget-container\">\n\t\t\t\t\t<h2 class=\"elementor-heading-title elementor-size-default\">Antibiotiques &amp; enfants : \u00e0 quoi faut-il faire attention&nbsp;?  <\/h2>\t\t\t\t<\/div>\n\t\t\t\t<\/div>\n\t\t\t\t<div class=\"elementor-element elementor-element-8341897 elementor-widget__width-initial elementor-widget elementor-widget-text-editor\" data-id=\"8341897\" data-element_type=\"widget\" data-widget_type=\"text-editor.default\">\n\t\t\t\t<div class=\"elementor-widget-container\">\n\t\t\t\t\t\t\t\t\t<p>Lorsque les parents se rendent chez le m\u00e9decin avec leur enfant, ils veulent des m\u00e9dicaments qui agissent rapidement pour que leur enfant se r\u00e9tablisse et c\u2019est compl\u00e8tement compr\u00e9hensible. Des antibiotiques sont donc souvent prescrits aux enfants bien qu\u2019ils soient inefficaces dans de nombreux cas. En effet, <em>\u201cles antibiotiques, ce n\u2019est pas automatique\u201d<\/em> (refrain bien connu) puisqu\u2019un traitement antibiotique n\u2019est conseill\u00e9 que si la <strong>maladie est d\u2019origine bact\u00e9rienne<\/strong>. Or, la plupart des maladies que les enfants contractent \u00e0 la cr\u00e8che ou \u00e0 l\u2019\u00e9cole, comme le rhume ou la grippe, sont caus\u00e9es par des <strong>infections virales<\/strong>, contre lesquelles les <strong>antibiotiques<\/strong>, m\u00eame les plus puissants, sont <strong>inutiles<\/strong>.<\/p><p>Une \u00e9tude men\u00e9e conjointement par le CRESS et des chercheurs universitaires a r\u00e9v\u00e9l\u00e9 que : \u201c<em>les enfants de moins de six ans repr\u00e9sentaient la cat\u00e9gorie des enfants la plus expos\u00e9e aux m\u00e9dicaments avec plus de 97 enfants sur 100 concern\u00e9s sur une ann\u00e9e<\/em>\u201c. Le Dr Marion Taine, co-auteure de l\u2019\u00e9tude, ajoute qu\u2019: \u201c<em>une diminution de 12% de la fr\u00e9quence de prescriptions d\u2019antibiotiques sur les dix derni\u00e8res ann\u00e9es a \u00e9t\u00e9 relev\u00e9e dans notre \u00e9tude, mais cela reste insuffisant car plus d\u2019un enfant de moins de 6 ans sur deux a re\u00e7u une prescription d\u2019antibiotique dans l\u2019ann\u00e9e\u201d.<\/em>(*1)<\/p><p>Les infections des voies respiratoires sup\u00e9rieures, les infections urinaires et les amygdalites sont fr\u00e9quemment caus\u00e9es par des bact\u00e9ries. N\u00e9anmoins, l\u2019utilisation d\u2019antibiotiques dans ces cas n\u2019est pas toujours n\u00e9cessaire et doit \u00eatre soigneusement v\u00e9rifi\u00e9e par votre m\u00e9decin. Lorsque des a<strong>ntibiotiques sont prescrits<\/strong>, des \u00e9l\u00e9ments importants doivent \u00eatre pris en compte. Le <strong>dosage du m\u00e9dicament<\/strong> est \u00e9tabli en fonction du poids de l\u2019enfant, auquel chaque m\u00e9decin doit se conformer. Veillez aussi \u00e0 respecter le moment de la prise qui vous a \u00e9t\u00e9 indiqu\u00e9. Les antibiotiques peuvent avoir des <strong>impacts et des effets secondaires<\/strong> diff\u00e9rents s\u2019ils sont pris \u00e0 jeun, avant ou apr\u00e8s le repas ou au hasard pendant la journ\u00e9e. Votre m\u00e9decin, votre pharmacien ou la notice doivent vous donner des informations pr\u00e9cises sur ce point.<\/p>\t\t\t\t\t\t\t\t<\/div>\n\t\t\t\t<\/div>\n\t\t\t\t<div class=\"elementor-element elementor-element-d4917ec elementor-widget elementor-widget-text-editor\" data-id=\"d4917ec\" data-element_type=\"widget\" data-widget_type=\"text-editor.default\">\n\t\t\t\t<div class=\"elementor-widget-container\">\n\t\t\t\t\t\t\t\t\t<p><em>\u00ab Lors d\u2019un traitement antibiotique, les intestins des enfants peuvent \u00eatre soutenus gr\u00e2ce \u00e0 l&rsquo;apport de bact\u00e9ries probiotiques. \u00bb<\/em><\/p>\t\t\t\t\t\t\t\t<\/div>\n\t\t\t\t<\/div>\n\t\t\t\t\t<\/div>\n\t\t\t\t<\/div>\n\t\t<div class=\"elementor-element elementor-element-f20f634 obcs none e-flex e-con-boxed e-con e-parent\" data-id=\"f20f634\" data-element_type=\"container\">\n\t\t\t\t\t<div class=\"e-con-inner\">\n\t\t\t\t<div class=\"elementor-element elementor-element-536a22b elementor-widget elementor-widget-image\" data-id=\"536a22b\" data-element_type=\"widget\" data-widget_type=\"image.default\">\n\t\t\t\t<div class=\"elementor-widget-container\">\n\t\t\t\t\t\t\t\t\t\t\t\t\t\t\t<img fetchpriority=\"high\" decoding=\"async\" width=\"800\" height=\"534\" src=\"https:\/\/www.omni-biotic.com\/fr-fr\/wp-content\/uploads\/sites\/4\/2023\/06\/enfants-antibiotique-probiotique-1024x684.jpg\" class=\"attachment-large size-large wp-image-16250\" alt=\"Enfants sous antibiotiques, les bienfaits des probiotiques\" srcset=\"https:\/\/www.omni-biotic.com\/fr-fr\/wp-content\/uploads\/sites\/4\/2023\/06\/enfants-antibiotique-probiotique-1024x684.jpg 1024w, https:\/\/www.omni-biotic.com\/fr-fr\/wp-content\/uploads\/sites\/4\/2023\/06\/enfants-antibiotique-probiotique-300x200.jpg 300w, https:\/\/www.omni-biotic.com\/fr-fr\/wp-content\/uploads\/sites\/4\/2023\/06\/enfants-antibiotique-probiotique-768x513.jpg 768w, https:\/\/www.omni-biotic.com\/fr-fr\/wp-content\/uploads\/sites\/4\/2023\/06\/enfants-antibiotique-probiotique-1536x1026.jpg 1536w, https:\/\/www.omni-biotic.com\/fr-fr\/wp-content\/uploads\/sites\/4\/2023\/06\/enfants-antibiotique-probiotique-1920x1282.jpg 1920w, https:\/\/www.omni-biotic.com\/fr-fr\/wp-content\/uploads\/sites\/4\/2023\/06\/enfants-antibiotique-probiotique.jpg 1980w\" sizes=\"(max-width: 800px) 100vw, 800px\" title=\"\">\t\t\t\t\t\t\t\t\t\t\t\t\t\t\t<\/div>\n\t\t\t\t<\/div>\n\t\t\t\t<div class=\"elementor-element elementor-element-fa3588d elementor-widget elementor-widget-heading\" data-id=\"fa3588d\" data-element_type=\"widget\" data-widget_type=\"heading.default\">\n\t\t\t\t<div class=\"elementor-widget-container\">\n\t\t\t\t\t<h2 class=\"elementor-heading-title elementor-size-default\">Antibiotiques &amp; flore intestinale<\/h2>\t\t\t\t<\/div>\n\t\t\t\t<\/div>\n\t\t\t\t<div class=\"elementor-element elementor-element-f1b371f elementor-widget elementor-widget-text-editor\" data-id=\"f1b371f\" data-element_type=\"widget\" data-widget_type=\"text-editor.default\">\n\t\t\t\t<div class=\"elementor-widget-container\">\n\t\t\t\t\t\t\t\t\t<p>Les antibiotiques ne se contentent pas de d\u00e9truire les germes pathog\u00e8nes responsables de la maladie mais ils <strong>tuent aussi les <\/strong><strong><a href=\"https:\/\/www.omni-biotic.com\/fr-fr\/sante-intestin\/intestin-centre-bien-etre\/bacteries-intestinales\/\">\u201cbonnes\u201d bact\u00e9ries intestinales<\/a><\/strong> et endommagent ainsi <strong><a href=\"https:\/\/www.omni-biotic.com\/fr-fr\/sante-intestin\/intestin-centre-bien-etre\/microbiote-intestinal\/\">notre microbiote<\/a><\/strong> qui est vital pour le syst\u00e8me digestif et le bien-\u00eatre des petits comme des grands. C\u2019est particuli\u00e8rement dramatique pour les enfants car leur flore intestinale est toujours <strong>en d\u00e9veloppement<\/strong>. Elle se construit progressivement depuis la naissance. En donnant des antibiotiques aux enfants, on augmente le risque qu\u2019ils d\u00e9veloppent des maladies intestinales chroniques, des r\u00e9actions d\u2019hypersensibilit\u00e9 ainsi que des allergies (asthme) et des \u00e9ruptions cutan\u00e9es telles que l\u2019ecz\u00e9ma (ou dermatite atopique).<\/p>\t\t\t\t\t\t\t\t<\/div>\n\t\t\t\t<\/div>\n\t\t\t\t<div class=\"elementor-element elementor-element-1ed8f63 elementor-widget elementor-widget-heading\" data-id=\"1ed8f63\" data-element_type=\"widget\" data-widget_type=\"heading.default\">\n\t\t\t\t<div class=\"elementor-widget-container\">\n\t\t\t\t\t<h2 class=\"elementor-heading-title elementor-size-default\">Antibiotiques &amp; probiotiques<\/h2>\t\t\t\t<\/div>\n\t\t\t\t<\/div>\n\t\t\t\t<div class=\"elementor-element elementor-element-13f660e elementor-widget elementor-widget-text-editor\" data-id=\"13f660e\" data-element_type=\"widget\" data-widget_type=\"text-editor.default\">\n\t\t\t\t<div class=\"elementor-widget-container\">\n\t\t\t\t\t\t\t\t\t<p>Du repos, du sommeil et une alimentation riche en vitamines aident les plus jeunes \u00e0 retrouver la forme. Il est imp\u00e9ratif de ne pas arr\u00eater trop t\u00f4t la prise d\u2019antibiotiques, m\u00eame si l\u2019enfant commence \u00e0 se sentir mieux. En agissant ainsi, on augmente le risque de survie de bact\u00e9ries r\u00e9sistantes qui se multiplient ensuite et deviennent insensibles aux antibiotiques.<\/p><p>G\u00e9n\u00e9ralement, les enfants se r\u00e9tablissent rapidement apr\u00e8s la prise d\u2019antibiotiques, mais la <strong>flore intestinale peut rester endommag\u00e9e<\/strong>. Afin de soutenir l\u2019organisme d\u2019un enfant, chaque traitement antibiotique doit \u00eatre accompagn\u00e9 <strong><a href=\"https:\/\/www.omni-biotic.com\/fr-fr\/sante-intestin\/intestin-centre-bien-etre\/probiotiques\/\">de probiotiques<\/a><\/strong> pendant et apr\u00e8s la prise d\u2019antibiotiques. De cette fa\u00e7on, le microbiote intestinal, <strong>alli\u00e9 indispensable du bien-\u00eatre<\/strong>, peut se reconstruire et jouer son r\u00f4le de mani\u00e8re optimale !<\/p><p>\u00a0<\/p>\t\t\t\t\t\t\t\t<\/div>\n\t\t\t\t<\/div>\n\t\t\t\t\t<\/div>\n\t\t\t\t<\/div>\n\t\t<div class=\"elementor-element elementor-element-fc3b06a obcs none e-flex e-con-boxed e-con e-parent\" data-id=\"fc3b06a\" data-element_type=\"container\">\n\t\t\t\t\t<div class=\"e-con-inner\">\n\t\t\t\t<div class=\"elementor-element elementor-element-490950d elementor-widget__width-initial elementor-widget elementor-widget-text-editor\" data-id=\"490950d\" data-element_type=\"widget\" data-widget_type=\"text-editor.default\">\n\t\t\t\t<div class=\"elementor-widget-container\">\n\t\t\t\t\t\t\t\t\t<p>SOURCE :<\/p><p>*1. Article : \u201c<em>En France, les prescriptions m\u00e9dicamenteuses chez les enfants se maintiennent \u00e0 des niveaux \u00e9lev\u00e9s\u201d<\/em> : https:\/\/presse.inserm.fr\/en-france-les-prescriptions-medicamenteuses-chez-les-enfants-se-maintiennent-a-des-niveaux-eleves\/43431\/<\/p>\t\t\t\t\t\t\t\t<\/div>\n\t\t\t\t<\/div>\n\t\t\t\t\t<\/div>\n\t\t\t\t<\/div>\n\t\t\t\t<\/div>\n\t\t","protected":false},"excerpt":{"rendered":"<p>De nombreux parents \u00e9prouvent des sentiments contradictoires lorsqu\u2019un p\u00e9diatre ou un m\u00e9decin prescrit des antibiotiques \u00e0 leur enfant quand celui-ci est malade. D\u2019un c\u00f4t\u00e9, les parents veulent toujours ce qu\u2019il y a de mieux pour leurs enfants donc qu\u2019ils retrouvent rapidement la sant\u00e9, mais de l\u2019autre, ils s\u2019inqui\u00e8tent, et \u00e0 juste titre, des effets secondaires [&hellip;]<\/p>\n","protected":false},"author":2,"featured_media":16250,"comment_status":"closed","ping_status":"closed","sticky":false,"template":"","format":"standard","meta":{"_acf_changed":false,"inline_featured_image":false,"footnotes":""},"categories":[211],"tags":[],"class_list":["post-16249","post","type-post","status-publish","format-standard","has-post-thumbnail","hentry","category-la-sante-des-enfants"],"acf":[],"rank_math":{"og:title":"Probiotiques pour enfants et antibiotiques - OMNi-BiOTiC\u00ae","og:desc":"Les probiotiques peuvent soutenir les intestins des enfants et r\u00e9\u00e9quilibrer leur flore intestinale lors de la prise d'antibiotiques. Lire la suite...","og:url":"https:\/\/www.omni-biotic.com\/fr-fr\/blog\/probiotiques-pour-enfants-et-antibiotiques\/","og:locale":"fr_FR","og:image":"https:\/\/www.omni-biotic.com\/fr-fr\/wp-content\/uploads\/sites\/4\/2023\/06\/enfants-antibiotique-probiotique.jpg","og:image:width":"1980","og:image:height":"1322"},"additional_data":{"thumbnail":"https:\/\/www.omni-biotic.com\/fr-fr\/wp-content\/uploads\/sites\/4\/2023\/06\/enfants-antibiotique-probiotique.jpg"},"blog_info":{"country":"fr-fr"},"_links":{"self":[{"href":"https:\/\/www.omni-biotic.com\/fr-fr\/wp-json\/wp\/v2\/posts\/16249","targetHints":{"allow":["GET"]}}],"collection":[{"href":"https:\/\/www.omni-biotic.com\/fr-fr\/wp-json\/wp\/v2\/posts"}],"about":[{"href":"https:\/\/www.omni-biotic.com\/fr-fr\/wp-json\/wp\/v2\/types\/post"}],"author":[{"embeddable":true,"href":"https:\/\/www.omni-biotic.com\/fr-fr\/wp-json\/wp\/v2\/users\/2"}],"replies":[{"embeddable":true,"href":"https:\/\/www.omni-biotic.com\/fr-fr\/wp-json\/wp\/v2\/comments?post=16249"}],"version-history":[{"count":7,"href":"https:\/\/www.omni-biotic.com\/fr-fr\/wp-json\/wp\/v2\/posts\/16249\/revisions"}],"predecessor-version":[{"id":22500,"href":"https:\/\/www.omni-biotic.com\/fr-fr\/wp-json\/wp\/v2\/posts\/16249\/revisions\/22500"}],"wp:featuredmedia":[{"embeddable":true,"href":"https:\/\/www.omni-biotic.com\/fr-fr\/wp-json\/wp\/v2\/media\/16250"}],"wp:attachment":[{"href":"https:\/\/www.omni-biotic.com\/fr-fr\/wp-json\/wp\/v2\/media?parent=16249"}],"wp:term":[{"taxonomy":"category","embeddable":true,"href":"https:\/\/www.omni-biotic.com\/fr-fr\/wp-json\/wp\/v2\/categories?post=16249"},{"taxonomy":"post_tag","embeddable":true,"href":"https:\/\/www.omni-biotic.com\/fr-fr\/wp-json\/wp\/v2\/tags?post=16249"}],"curies":[{"name":"wp","href":"https:\/\/api.w.org\/{rel}","templated":true}]}}