{"id":16267,"date":"2024-06-06T08:00:20Z","date_gmt":"2024-06-06T06:00:20Z","guid":{"rendered":"https:\/\/www.omni-biotic.com\/fr-fr\/intestin-malade-peau-terne\/"},"modified":"2026-04-02T13:20:52Z","modified_gmt":"2026-04-02T11:20:52Z","slug":"intestin-malade-peau-terne","status":"publish","type":"post","link":"https:\/\/www.omni-biotic.com\/fr-fr\/blog\/intestin-malade-peau-terne\/","title":{"rendered":"Flore intestinale d\u00e9s\u00e9quilibr\u00e9e = peau terne"},"content":{"rendered":"\t\t<div data-elementor-type=\"wp-post\" data-elementor-id=\"16267\" class=\"elementor elementor-16267\" data-elementor-post-type=\"post\">\n\t\t\t\t<div class=\"elementor-element elementor-element-d2cf8cf obcs none e-flex e-con-boxed e-con e-parent\" data-id=\"d2cf8cf\" data-element_type=\"container\">\n\t\t\t\t\t<div class=\"e-con-inner\">\n\t\t\t\t<div class=\"elementor-element elementor-element-a0c3a8e elementor-widget elementor-widget-text-editor\" data-id=\"a0c3a8e\" data-element_type=\"widget\" data-widget_type=\"text-editor.default\">\n\t\t\t\t<div class=\"elementor-widget-container\">\n\t\t\t\t\t\t\t\t\t<p><em>L\u2019\u00e9tat de vos intestins se r\u00e9percute sur l\u2019aspect de votre peau. S\u2019ils sont malades, la peau est plus terne et devient propice au d\u00e9veloppement de maladies telles que l\u2019acn\u00e9 ou l\u2019ecz\u00e9ma. Dans cet article, un dermatologue vous informe sur ce qui nuit \u00e0 <\/em><strong><em>l\u2019intestin<\/em><\/strong><em> et sur la mani\u00e8re de veiller \u00e0 ce qu\u2019il <\/em><strong><em>soit et reste en bonne sant\u00e9<\/em><\/strong><em> afin que <\/em><strong><em>votre peau garde son \u00e9clat<\/em><\/strong><em> !\u00a0<\/em><\/p>\t\t\t\t\t\t\t\t<\/div>\n\t\t\t\t<\/div>\n\t\t\t\t\t<\/div>\n\t\t\t\t<\/div>\n\t\t<div class=\"elementor-element elementor-element-a6fb4c4 obcs none e-flex e-con-boxed e-con e-parent\" data-id=\"a6fb4c4\" data-element_type=\"container\">\n\t\t\t\t\t<div class=\"e-con-inner\">\n\t\t\t\t<div class=\"elementor-element elementor-element-3ad3615 elementor-widget elementor-widget-image\" data-id=\"3ad3615\" data-element_type=\"widget\" data-widget_type=\"image.default\">\n\t\t\t\t<div class=\"elementor-widget-container\">\n\t\t\t\t\t\t\t\t\t\t\t\t\t\t\t<img fetchpriority=\"high\" decoding=\"async\" width=\"800\" height=\"516\" src=\"https:\/\/www.omni-biotic.com\/fr-fr\/wp-content\/uploads\/sites\/4\/2022\/11\/peau_intestin-1024x661.png\" class=\"attachment-large size-large wp-image-26297\" alt=\"Microbiote \u00e9quilibr\u00e9 = peau \u00e9clatante\" srcset=\"https:\/\/www.omni-biotic.com\/fr-fr\/wp-content\/uploads\/sites\/4\/2022\/11\/peau_intestin-1024x661.png 1024w, https:\/\/www.omni-biotic.com\/fr-fr\/wp-content\/uploads\/sites\/4\/2022\/11\/peau_intestin-300x194.png 300w, https:\/\/www.omni-biotic.com\/fr-fr\/wp-content\/uploads\/sites\/4\/2022\/11\/peau_intestin-768x496.png 768w, https:\/\/www.omni-biotic.com\/fr-fr\/wp-content\/uploads\/sites\/4\/2022\/11\/peau_intestin.png 1200w\" sizes=\"(max-width: 800px) 100vw, 800px\" title=\"\">\t\t\t\t\t\t\t\t\t\t\t\t\t\t\t<\/div>\n\t\t\t\t<\/div>\n\t\t\t\t<div class=\"elementor-element elementor-element-01b2ca6 elementor-widget__width-initial elementor-widget elementor-widget-text-editor\" data-id=\"01b2ca6\" data-element_type=\"widget\" data-widget_type=\"text-editor.default\">\n\t\t\t\t<div class=\"elementor-widget-container\">\n\t\t\t\t\t\t\t\t\t<p><strong>\u00ab\u00a0<\/strong><em><strong>Notre peau est le miroir de nos intestins\u00a0\u00bb<\/strong><\/em>, d\u00e9clare pour commencer le Dr Hans-Georg Dauer, dermatologue \u00e0 Cologne et membre de l\u2019Association professionnelle des dermatologues allemands (BVDD). \u201c<em>Si la flore intestinale est endommag\u00e9e ou alt\u00e9r\u00e9e, l\u2019\u00e9tat de la peau est aussi touch\u00e9<\/em>\u201c.<\/p>\t\t\t\t\t\t\t\t<\/div>\n\t\t\t\t<\/div>\n\t\t\t\t\t<\/div>\n\t\t\t\t<\/div>\n\t\t<div class=\"elementor-element elementor-element-7bd7654 obcs none e-flex e-con-boxed e-con e-parent\" data-id=\"7bd7654\" data-element_type=\"container\">\n\t\t\t\t\t<div class=\"e-con-inner\">\n\t\t\t\t<div class=\"elementor-element elementor-element-c0d19cb elementor-widget elementor-widget-heading\" data-id=\"c0d19cb\" data-element_type=\"widget\" data-widget_type=\"heading.default\">\n\t\t\t\t<div class=\"elementor-widget-container\">\n\t\t\t\t\t<h3 class=\"elementor-heading-title elementor-size-default\">Les antibiotiques modifient le microbiote intestinal <\/h3>\t\t\t\t<\/div>\n\t\t\t\t<\/div>\n\t\t\t\t<div class=\"elementor-element elementor-element-18cfdb4 elementor-widget elementor-widget-text-editor\" data-id=\"18cfdb4\" data-element_type=\"widget\" data-widget_type=\"text-editor.default\">\n\t\t\t\t<div class=\"elementor-widget-container\">\n\t\t\t\t\t\t\t\t\t<p><a href=\"https:\/\/www.omni-biotic.com\/fr-fr\/blog\/probiotiques-et-antibiotiques-pourquoi-les-associer\/\"><strong>La prise d\u2019antibiotiques<\/strong><\/a> influent sur la composition du microbiote en tuant les mauvaises bact\u00e9ries mais \u00e9galement les micro-organismes qui nous font du bien. En outre, ces m\u00e9dicaments affaiblissent non seulement les d\u00e9fenses bact\u00e9riennes et perturbent la digestion, mais ils <strong>favorisent<\/strong> \u00e9galement <strong>le d\u00e9veloppement de champignons intestinaux<\/strong> ind\u00e9sirables (mycose digestive ou candidose intestinale par exemple), explique le dermatologue.<\/p>\t\t\t\t\t\t\t\t<\/div>\n\t\t\t\t<\/div>\n\t\t\t\t\t<\/div>\n\t\t\t\t<\/div>\n\t\t<div class=\"elementor-element elementor-element-87629b7 obcs none e-flex e-con-boxed e-con e-parent\" data-id=\"87629b7\" data-element_type=\"container\">\n\t\t\t\t\t<div class=\"e-con-inner\">\n\t\t\t\t<div class=\"elementor-element elementor-element-0dd4a2d elementor-widget elementor-widget-heading\" data-id=\"0dd4a2d\" data-element_type=\"widget\" data-widget_type=\"heading.default\">\n\t\t\t\t<div class=\"elementor-widget-container\">\n\t\t\t\t\t<h3 class=\"elementor-heading-title elementor-size-default\">Un intestin malade endommage la peau <\/h3>\t\t\t\t<\/div>\n\t\t\t\t<\/div>\n\t\t\t\t<div class=\"elementor-element elementor-element-1894f92 elementor-widget elementor-widget-text-editor\" data-id=\"1894f92\" data-element_type=\"widget\" data-widget_type=\"text-editor.default\">\n\t\t\t\t<div class=\"elementor-widget-container\">\n\t\t\t\t\t\t\t\t\t<p>Si l\u2019intestin n\u2019est plus capable d\u2019<strong>absorber les nutriments<\/strong> essentiels, ceux-ci ne peuvent pas atteindre le reste de l\u2019organisme. \u201c<em>C\u2019est tout le corps qui souffre et pas seulement la peau<\/em>\u201c, explique Dr Dauer. \u201c<em>Si certains nutriments ne sont pas absorb\u00e9s en quantit\u00e9 suffisante, de nombreuses affections peuvent appara\u00eetre comme des <\/em><strong><em>troubles cutan\u00e9s<\/em><\/strong><em> tels que la s\u00e9cheresse de la peau, l\u2019ecz\u00e9ma, une peau \u00e0 l\u2019aspect terne mais aussi des fissures aux commissures des l\u00e8vres, des modifications de l\u2019\u00e9tat des ongles et la perte de cheveux<\/em>\u201c.<\/p>\t\t\t\t\t\t\t\t<\/div>\n\t\t\t\t<\/div>\n\t\t\t\t<div class=\"elementor-element elementor-element-353ec2a elementor-widget elementor-widget-image\" data-id=\"353ec2a\" data-element_type=\"widget\" data-widget_type=\"image.default\">\n\t\t\t\t<div class=\"elementor-widget-container\">\n\t\t\t\t\t\t\t\t\t\t\t\t\t\t\t<img decoding=\"async\" width=\"800\" height=\"528\" src=\"https:\/\/www.omni-biotic.com\/fr-fr\/wp-content\/uploads\/sites\/4\/2022\/11\/peau_probleme_microbiote-1024x676.png\" class=\"attachment-large size-large wp-image-26302\" alt=\"Microbiote \u00e9quilibr\u00e9 = peau \u00e9clatante\" srcset=\"https:\/\/www.omni-biotic.com\/fr-fr\/wp-content\/uploads\/sites\/4\/2022\/11\/peau_probleme_microbiote-1024x676.png 1024w, https:\/\/www.omni-biotic.com\/fr-fr\/wp-content\/uploads\/sites\/4\/2022\/11\/peau_probleme_microbiote-300x198.png 300w, https:\/\/www.omni-biotic.com\/fr-fr\/wp-content\/uploads\/sites\/4\/2022\/11\/peau_probleme_microbiote-768x507.png 768w, https:\/\/www.omni-biotic.com\/fr-fr\/wp-content\/uploads\/sites\/4\/2022\/11\/peau_probleme_microbiote.png 1200w\" sizes=\"(max-width: 800px) 100vw, 800px\" title=\"\">\t\t\t\t\t\t\t\t\t\t\t\t\t\t\t<\/div>\n\t\t\t\t<\/div>\n\t\t\t\t<div class=\"elementor-element elementor-element-1a2ade1 elementor-widget elementor-widget-heading\" data-id=\"1a2ade1\" data-element_type=\"widget\" data-widget_type=\"heading.default\">\n\t\t\t\t<div class=\"elementor-widget-container\">\n\t\t\t\t\t<h3 class=\"elementor-heading-title elementor-size-default\">Le sucre attaque la flore intestinale<\/h3>\t\t\t\t<\/div>\n\t\t\t\t<\/div>\n\t\t\t\t<div class=\"elementor-element elementor-element-fc48eff elementor-widget elementor-widget-text-editor\" data-id=\"fc48eff\" data-element_type=\"widget\" data-widget_type=\"text-editor.default\">\n\t\t\t\t<div class=\"elementor-widget-container\">\n\t\t\t\t\t\t\t\t\t<p>Les antibiotiques ne sont pas les seuls \u00e0 repr\u00e9senter un fardeau pour l\u2019intestin. Selon le dermatologue, <strong>le sucre<\/strong> est \u00e9galement l\u2019un des ennemis de la flore intestinale car il constitue la base alimentaire des bact\u00e9ries et des champignons pathog\u00e8nes. \u201c<em>A l\u2019image des antibiotiques, l\u2019exc\u00e8s de sucre entra\u00eene une <\/em><em><a href=\"https:\/\/www.omni-biotic.com\/fr-fr\/sante-intestin\/intestin-centre-bien-etre\/microbiote-intestinal\/\"><strong>modification de la colonisation bact\u00e9rienne<\/strong><\/a><\/em><em> de l\u2019intestin et une alt\u00e9ration de la muqueuse intestinale. Par cons\u00e9quent, l\u2019intestin ne peut plus faire son travail correctement et ce d\u00e9r\u00e8glement se r\u00e9percute sur la peau<\/em>\u201c, indique Dr Dauer.<\/p><p>Cependant, l\u2019impact direct du sucre sur les fibres du tissu conjonctif de la peau est plus probl\u00e9matique. \u201c<em>Ce processus est appel\u00e9 <\/em><strong><em>glycation<\/em><\/strong><em> et fait r\u00e9f\u00e9rence \u00e0 la fixation des sucres sur les prot\u00e9ines pr\u00e9sentes au niveau de la peau. L\u2019exc\u00e8s de sucre que le corps ne peut pas m\u00e9taboliser se colle aux fibres de la peau et les lie ensemble<\/em>\u201c, note le dermatologue. Ce ph\u00e9nom\u00e8ne peut provoquer l\u2019apparition de rides, d\u2019acn\u00e9 et de taches de pigmentation.<\/p>\t\t\t\t\t\t\t\t<\/div>\n\t\t\t\t<\/div>\n\t\t\t\t<div class=\"elementor-element elementor-element-a1ee628 elementor-widget elementor-widget-heading\" data-id=\"a1ee628\" data-element_type=\"widget\" data-widget_type=\"heading.default\">\n\t\t\t\t<div class=\"elementor-widget-container\">\n\t\t\t\t\t<h3 class=\"elementor-heading-title elementor-size-default\">La peau est affect\u00e9e par les toxines pr\u00e9sentes dans l'intestin<\/h3>\t\t\t\t<\/div>\n\t\t\t\t<\/div>\n\t\t\t\t<div class=\"elementor-element elementor-element-7432e45 elementor-widget elementor-widget-text-editor\" data-id=\"7432e45\" data-element_type=\"widget\" data-widget_type=\"text-editor.default\">\n\t\t\t\t<div class=\"elementor-widget-container\">\n\t\t\t\t\t\t\t\t\t<p>Une flore intestinale alt\u00e9r\u00e9e occasionne des probl\u00e8mes li\u00e9s \u00e0 l\u2019absorption de nutriments essentiels et est \u00e0 l\u2019origine de la prolif\u00e9ration d\u2019agents pathog\u00e8nes intestinaux (bact\u00e9ries et champignons) qui produisent des toxines. La <strong>digestion<\/strong> est alors <strong>perturb\u00e9e<\/strong> et la peau subit les cons\u00e9quences de ces dysfonctionnements. Les maladies de la peau telles que l\u2019acn\u00e9, l\u2019ecz\u00e9ma et le psoriasis, ainsi que <a href=\"https:\/\/www.omni-biotic.com\/fr-fr\/troubles-digestifs\/allergies\/\"><strong>les allergies<\/strong><\/a>, sont souvent associ\u00e9es \u00e0 une flore intestinale alt\u00e9r\u00e9e.<\/p>\t\t\t\t\t\t\t\t<\/div>\n\t\t\t\t<\/div>\n\t\t\t\t<div class=\"elementor-element elementor-element-8f95d86 elementor-widget elementor-widget-image\" data-id=\"8f95d86\" data-element_type=\"widget\" data-widget_type=\"image.default\">\n\t\t\t\t<div class=\"elementor-widget-container\">\n\t\t\t\t\t\t\t\t\t\t\t\t\t\t\t<img decoding=\"async\" width=\"800\" height=\"166\" src=\"https:\/\/www.omni-biotic.com\/fr-fr\/wp-content\/uploads\/sites\/4\/2022\/11\/FR_blog_beitrag-1200-x-250-px-1024x213.gif\" class=\"attachment-large size-large wp-image-26306\" alt=\"\" srcset=\"https:\/\/www.omni-biotic.com\/fr-fr\/wp-content\/uploads\/sites\/4\/2022\/11\/FR_blog_beitrag-1200-x-250-px-1024x213.gif 1024w, https:\/\/www.omni-biotic.com\/fr-fr\/wp-content\/uploads\/sites\/4\/2022\/11\/FR_blog_beitrag-1200-x-250-px-300x63.gif 300w, https:\/\/www.omni-biotic.com\/fr-fr\/wp-content\/uploads\/sites\/4\/2022\/11\/FR_blog_beitrag-1200-x-250-px-768x160.gif 768w\" sizes=\"(max-width: 800px) 100vw, 800px\" title=\"\">\t\t\t\t\t\t\t\t\t\t\t\t\t\t\t<\/div>\n\t\t\t\t<\/div>\n\t\t\t\t<div class=\"elementor-element elementor-element-b2751cc elementor-widget elementor-widget-heading\" data-id=\"b2751cc\" data-element_type=\"widget\" data-widget_type=\"heading.default\">\n\t\t\t\t<div class=\"elementor-widget-container\">\n\t\t\t\t\t<h4 class=\"elementor-heading-title elementor-size-default\">Consultez un m\u00e9decin pour d\u00e9terminer la cause de probl\u00e8mes de peau<\/h4>\t\t\t\t<\/div>\n\t\t\t\t<\/div>\n\t\t\t\t<div class=\"elementor-element elementor-element-3b2c2bf elementor-widget elementor-widget-text-editor\" data-id=\"3b2c2bf\" data-element_type=\"widget\" data-widget_type=\"text-editor.default\">\n\t\t\t\t<div class=\"elementor-widget-container\">\n\t\t\t\t\t\t\t\t\t<p>Comment d\u00e9terminer si des probl\u00e8mes de peau sont <strong>caus\u00e9s par <\/strong><strong><a href=\"https:\/\/www.omni-biotic.com\/fr-fr\/troubles-digestifs\/\">des troubles intestinaux<\/a><\/strong> ? \u201c<em>En dermatologie, on examine certains enzymes et anticorps de l\u2019appareil digestif qui peuvent nous indiquer la pr\u00e9sence d\u2019intol\u00e9rances alimentaires<\/em>\u201c, explique Dr Dauer. Cela permet au m\u00e9decin de d\u00e9tecter par exemple,<strong> une intol\u00e9rance au gluten, \u00e0 l\u2019histamine ou une allergie \u00e0 certaines prot\u00e9ines alimentaires<\/strong>.<\/p><p>Si les probl\u00e8mes de peau persistent, il est conseill\u00e9 de consulter <strong>un gastro-ent\u00e9rologue<\/strong> en plus d\u2019<strong>un dermatologue<\/strong>. Lorsque la cause des troubles cutan\u00e9s est une maladie intestinale, il est important que les deux sp\u00e9cialistes \u00e9tudient le cas afin de d\u00e9terminer ensemble le traitement \u00e0 suivre.<\/p><p>\u00a0<\/p><p>\u00a0<\/p>\t\t\t\t\t\t\t\t<\/div>\n\t\t\t\t<\/div>\n\t\t\t\t<div class=\"elementor-element elementor-element-e577f5a elementor-widget elementor-widget-text-editor\" data-id=\"e577f5a\" data-element_type=\"widget\" data-widget_type=\"text-editor.default\">\n\t\t\t\t<div class=\"elementor-widget-container\">\n\t\t\t\t\t\t\t\t\t<p>SOURCE: <a href=\"http:\/\/www.t-online.de\/lifestyle\/gesundheit\/id_78469986\/gestoerte-darmflora-ursachen-symptome-und-tipps.html\" target=\"_blank\" rel=\"noopener\">http:\/\/www.t-online.de\/lifestyle\/gesundheit\/id_78469986\/gestoerte-darmflora-ursachen-symptome-und-tipps.html<\/a><\/p><p>\u00a0<\/p>\t\t\t\t\t\t\t\t<\/div>\n\t\t\t\t<\/div>\n\t\t\t\t\t<\/div>\n\t\t\t\t<\/div>\n\t\t<div class=\"elementor-element elementor-element-2922faa obcs none e-flex e-con-boxed e-con e-parent\" data-id=\"2922faa\" data-element_type=\"container\">\n\t\t\t\t\t<div class=\"e-con-inner\">\n\t\t\t\t<div class=\"elementor-element elementor-element-5b2b106 elementor-widget elementor-widget-button\" data-id=\"5b2b106\" data-element_type=\"widget\" data-widget_type=\"button.default\">\n\t\t\t\t<div class=\"elementor-widget-container\">\n\t\t\t\t\t\t\t\t\t<div class=\"elementor-button-wrapper\">\n\t\t\t\t\t<a class=\"elementor-button elementor-button-link elementor-size-lg\" href=\"https:\/\/www.omni-biotic.com\/fr-fr\/blog\/microbiote-cutane\/\">\n\t\t\t\t\t\t<span class=\"elementor-button-content-wrapper\">\n\t\t\t\t\t\t\t\t\t<span class=\"elementor-button-text\">Cliquez ici pour en savoir plus sur le microbiote cutan\u00e9<\/span>\n\t\t\t\t\t<\/span>\n\t\t\t\t\t<\/a>\n\t\t\t\t<\/div>\n\t\t\t\t\t\t\t\t<\/div>\n\t\t\t\t<\/div>\n\t\t\t\t\t<\/div>\n\t\t\t\t<\/div>\n\t\t\t\t<\/div>\n\t\t","protected":false},"excerpt":{"rendered":"<p>L\u2019\u00e9tat de vos intestins se r\u00e9percute sur l\u2019aspect de votre peau. S\u2019ils sont malades, la peau est plus terne et devient propice au d\u00e9veloppement de maladies telles que l\u2019acn\u00e9 ou l\u2019ecz\u00e9ma. Dans cet article, un dermatologue vous informe sur ce qui nuit \u00e0 l\u2019intestin et sur la mani\u00e8re de veiller \u00e0 ce qu\u2019il soit et [&hellip;]<\/p>\n","protected":false},"author":2,"featured_media":26297,"comment_status":"closed","ping_status":"closed","sticky":false,"template":"","format":"standard","meta":{"_acf_changed":false,"inline_featured_image":false,"footnotes":""},"categories":[226,216],"tags":[],"class_list":["post-16267","post","type-post","status-publish","format-standard","has-post-thumbnail","hentry","category-troubles-non-digestifs","category-microbiotes"],"acf":[],"rank_math":{"og:title":"Flore intestinale d\u00e9s\u00e9quilibr\u00e9e = peau terne - OMNi-BiOTiC\u00ae","og:desc":"L'\u00e9tat de vos intestins peut se r\u00e9percuter sur l\u2019aspect de votre peau. Si votre microbiote est alt\u00e9r\u00e9, votre peau perdra de son \u00e9clat ! Lire la suite...","og:url":"https:\/\/www.omni-biotic.com\/fr-fr\/blog\/intestin-malade-peau-terne\/","og:locale":"fr_FR","og:image":"https:\/\/www.omni-biotic.com\/fr-fr\/wp-content\/uploads\/sites\/4\/2022\/11\/peau_intestin.png","og:image:width":"1200","og:image:height":"775"},"additional_data":{"thumbnail":"https:\/\/www.omni-biotic.com\/fr-fr\/wp-content\/uploads\/sites\/4\/2022\/11\/peau_intestin.png"},"blog_info":{"country":"fr-fr"},"_links":{"self":[{"href":"https:\/\/www.omni-biotic.com\/fr-fr\/wp-json\/wp\/v2\/posts\/16267","targetHints":{"allow":["GET"]}}],"collection":[{"href":"https:\/\/www.omni-biotic.com\/fr-fr\/wp-json\/wp\/v2\/posts"}],"about":[{"href":"https:\/\/www.omni-biotic.com\/fr-fr\/wp-json\/wp\/v2\/types\/post"}],"author":[{"embeddable":true,"href":"https:\/\/www.omni-biotic.com\/fr-fr\/wp-json\/wp\/v2\/users\/2"}],"replies":[{"embeddable":true,"href":"https:\/\/www.omni-biotic.com\/fr-fr\/wp-json\/wp\/v2\/comments?post=16267"}],"version-history":[{"count":7,"href":"https:\/\/www.omni-biotic.com\/fr-fr\/wp-json\/wp\/v2\/posts\/16267\/revisions"}],"predecessor-version":[{"id":26311,"href":"https:\/\/www.omni-biotic.com\/fr-fr\/wp-json\/wp\/v2\/posts\/16267\/revisions\/26311"}],"wp:featuredmedia":[{"embeddable":true,"href":"https:\/\/www.omni-biotic.com\/fr-fr\/wp-json\/wp\/v2\/media\/26297"}],"wp:attachment":[{"href":"https:\/\/www.omni-biotic.com\/fr-fr\/wp-json\/wp\/v2\/media?parent=16267"}],"wp:term":[{"taxonomy":"category","embeddable":true,"href":"https:\/\/www.omni-biotic.com\/fr-fr\/wp-json\/wp\/v2\/categories?post=16267"},{"taxonomy":"post_tag","embeddable":true,"href":"https:\/\/www.omni-biotic.com\/fr-fr\/wp-json\/wp\/v2\/tags?post=16267"}],"curies":[{"name":"wp","href":"https:\/\/api.w.org\/{rel}","templated":true}]}}