{"id":16275,"date":"2022-11-17T13:38:41Z","date_gmt":"2022-11-17T12:38:41Z","guid":{"rendered":"https:\/\/www.omni-biotic.com\/fr-fr\/les-allergies-quel-est-le-role-des-intestins\/"},"modified":"2026-04-02T14:28:15Z","modified_gmt":"2026-04-02T12:28:15Z","slug":"les-allergies-quel-est-le-role-des-intestins","status":"publish","type":"post","link":"https:\/\/www.omni-biotic.com\/fr-fr\/blog\/les-allergies-quel-est-le-role-des-intestins\/","title":{"rendered":"R\u00e9action allergique : quel est le r\u00f4le des intestins ?"},"content":{"rendered":"\t\t<div data-elementor-type=\"wp-post\" data-elementor-id=\"16275\" class=\"elementor elementor-16275\" data-elementor-post-type=\"post\">\n\t\t\t\t<div class=\"elementor-element elementor-element-69d7fc6 obcs none e-flex e-con-boxed e-con e-parent\" data-id=\"69d7fc6\" data-element_type=\"container\">\n\t\t\t\t\t<div class=\"e-con-inner\">\n\t\t\t\t<div class=\"elementor-element elementor-element-fbad097 elementor-widget elementor-widget-text-editor\" data-id=\"fbad097\" data-element_type=\"widget\" data-widget_type=\"text-editor.default\">\n\t\t\t\t<div class=\"elementor-widget-container\">\n\t\t\t\t\t\t\t\t\t<p><em>L\u2019allergie au pollen, le rhume des foins, l\u2019allergie aux acariens et tant d\u2019autres r\u00e9actions allergiques d\u00e9rangent voire chamboulent la vie de celles et ceux qui en souffrent. Saviez-vous que les intestins participent \u00e0 ce ph\u00e9nom\u00e8ne ? Lisez cet article pour en savoir plus sur la r\u00e9action allergique et pour d\u00e9couvrir comment prot\u00e9ger vos muqueuses !<\/em><\/p>\t\t\t\t\t\t\t\t<\/div>\n\t\t\t\t<\/div>\n\t\t\t\t\t<\/div>\n\t\t\t\t<\/div>\n\t\t<div class=\"elementor-element elementor-element-6ceb9bb obcs none e-flex e-con-boxed e-con e-parent\" data-id=\"6ceb9bb\" data-element_type=\"container\">\n\t\t\t\t\t<div class=\"e-con-inner\">\n\t\t\t\t<div class=\"elementor-element elementor-element-847e2b4 elementor-widget elementor-widget-heading\" data-id=\"847e2b4\" data-element_type=\"widget\" data-widget_type=\"heading.default\">\n\t\t\t\t<div class=\"elementor-widget-container\">\n\t\t\t\t\t<h2 class=\"elementor-heading-title elementor-size-default\">Les m\u00e9canismes de la r\u00e9action allergique<\/h2>\t\t\t\t<\/div>\n\t\t\t\t<\/div>\n\t\t\t\t<div class=\"elementor-element elementor-element-5366cd7 elementor-widget__width-initial elementor-widget elementor-widget-text-editor\" data-id=\"5366cd7\" data-element_type=\"widget\" data-widget_type=\"text-editor.default\">\n\t\t\t\t<div class=\"elementor-widget-container\">\n\t\t\t\t\t\t\t\t\t<p><strong><a href=\"https:\/\/www.omni-biotic.com\/fr-fr\/troubles-digestifs\/allergies\/\">L\u2019allergie<\/a><\/strong> est une <strong>r\u00e9action du syst\u00e8me immunitaire<\/strong> qui a d\u00e9tect\u00e9 des substances \u00e9trang\u00e8res dans l\u2019organisme pouvant provenir de poils d\u2019animaux, du venin d\u2019insectes ou du pollen. Cette substance suppos\u00e9e inoffensive est class\u00e9e \u00e0 tort par notre corps comme \u00e9tant dangereuse ce qui provoque une <strong>augmentation de la production d\u2019anticorps<\/strong>. Cette production \u00e9lev\u00e9e d\u2019anticorps a pour cons\u00e9quence une sensibilisation de l\u2019organisme \u00e0 la substance en question. Au contact de l\u2019allerg\u00e8ne, les anticorps <strong>lib\u00e8rent de l\u2019histamine<\/strong>, qui est responsable des sympt\u00f4mes caract\u00e9ristiques de l\u2019allergie.<\/p><p>Lorsque une r\u00e9action allergique se produit accompagn\u00e9e de sympt\u00f4mes, c\u2019est que l\u2019allerg\u00e8ne a d\u00e9j\u00e0 travers\u00e9 la muqueuse intestinale. Ce ph\u00e9nom\u00e8ne peut se produire quand <strong>les muqueuses de notre corps sont alt\u00e9r\u00e9es<\/strong>. En raison d\u2019une <strong><a href=\"https:\/\/www.omni-biotic.com\/fr-fr\/troubles-digestifs\/hyperpermeabilite-intestinale\/\">hyperperm\u00e9abilit\u00e9 intestinale<\/a><\/strong> par exemple, les substances que nous absorbons via la nourriture passent directement dans le sang. La quantit\u00e9 de certaines substances est alors trop \u00e9lev\u00e9e provoquant une r\u00e9action excessive du syst\u00e8me immunitaire. La cons\u00e9quence de ce processus est une allergie ou une intol\u00e9rance alimentaire.<\/p>\t\t\t\t\t\t\t\t<\/div>\n\t\t\t\t<\/div>\n\t\t\t\t<div class=\"elementor-element elementor-element-7e014f5 elementor-widget elementor-widget-image\" data-id=\"7e014f5\" data-element_type=\"widget\" data-widget_type=\"image.default\">\n\t\t\t\t<div class=\"elementor-widget-container\">\n\t\t\t\t\t\t\t\t\t\t\t\t\t\t\t<img fetchpriority=\"high\" decoding=\"async\" width=\"800\" height=\"457\" src=\"https:\/\/www.omni-biotic.com\/fr-fr\/wp-content\/uploads\/sites\/4\/2022\/11\/allergie_fonctionnement-1024x585.png\" class=\"attachment-large size-large wp-image-20071\" alt=\"Le m\u00e9canisme d&#039;une r\u00e9action allergique\" srcset=\"https:\/\/www.omni-biotic.com\/fr-fr\/wp-content\/uploads\/sites\/4\/2022\/11\/allergie_fonctionnement-1024x585.png 1024w, https:\/\/www.omni-biotic.com\/fr-fr\/wp-content\/uploads\/sites\/4\/2022\/11\/allergie_fonctionnement-300x171.png 300w, https:\/\/www.omni-biotic.com\/fr-fr\/wp-content\/uploads\/sites\/4\/2022\/11\/allergie_fonctionnement-768x438.png 768w, https:\/\/www.omni-biotic.com\/fr-fr\/wp-content\/uploads\/sites\/4\/2022\/11\/allergie_fonctionnement.png 1200w\" sizes=\"(max-width: 800px) 100vw, 800px\" title=\"\">\t\t\t\t\t\t\t\t\t\t\t\t\t\t\t<\/div>\n\t\t\t\t<\/div>\n\t\t\t\t\t<\/div>\n\t\t\t\t<\/div>\n\t\t<div class=\"elementor-element elementor-element-4dcad22 obcs none e-flex e-con-boxed e-con e-parent\" data-id=\"4dcad22\" data-element_type=\"container\">\n\t\t\t\t\t<div class=\"e-con-inner\">\n\t\t\t\t<div class=\"elementor-element elementor-element-5a24c86 elementor-widget elementor-widget-heading\" data-id=\"5a24c86\" data-element_type=\"widget\" data-widget_type=\"heading.default\">\n\t\t\t\t<div class=\"elementor-widget-container\">\n\t\t\t\t\t<h2 class=\"elementor-heading-title elementor-size-default\">Les causes des allergies<\/h2>\t\t\t\t<\/div>\n\t\t\t\t<\/div>\n\t\t\t\t<div class=\"elementor-element elementor-element-18b47c1 elementor-widget elementor-widget-text-editor\" data-id=\"18b47c1\" data-element_type=\"widget\" data-widget_type=\"text-editor.default\">\n\t\t\t\t<div class=\"elementor-widget-container\">\n\t\t\t\t\t\t\t\t\t<p>La cause d\u2019une allergie peut \u00eatre multiple. Il existe plusieurs th\u00e9ories mais aucune n\u2019a encore \u00e9t\u00e9 compl\u00e8tement prouv\u00e9e. En principe, une r\u00e9action allergique ne se produit que lorsque le syst\u00e8me immunitaire a d\u00e9j\u00e0 \u00e9t\u00e9 en contact avec une substance \u00e9trang\u00e8re. Lors du <strong>premier contact<\/strong>, il n\u2019y a g\u00e9n\u00e9ralement <strong>pas de r\u00e9action<\/strong>, ce n\u2019est que lors d\u2019un nouveau contact que les sympt\u00f4mes apparaissent.<\/p><p>Les chercheurs s\u2019accordent toutefois sur un point : la g\u00e9n\u00e9tique joue un r\u00f4le majeur dans le d\u00e9veloppement d\u2019une allergie. Les enfants dont les parents sont d\u00e9j\u00e0 allergiques ont un risque plus \u00e9lev\u00e9 de d\u00e9velopper une allergie, c\u2019est ce qu\u2019on appelle <strong>la pr\u00e9disposition g\u00e9n\u00e9tique<\/strong>. D\u2019autre part, <strong>l\u2019exposition \u00e0 l\u2019allerg\u00e8ne<\/strong> est aussi n\u00e9cessaire. En effet, si une personne est expos\u00e9e longtemps \u00e0 un allerg\u00e8ne \u00e9ventuel, elle a plus de chances de d\u00e9velopper une allergie. Une <strong>hygi\u00e8ne excessive<\/strong> pendant l\u2019enfance peut avoir un effet n\u00e9gatif pour cet aspect et favoriser le risque d\u2019allergies. Des \u00e9tudes ont montr\u00e9 que <a href=\"https:\/\/www.omni-biotic.com\/fr-fr\/blog\/grandir-a-la-ferme-immunite\/\"><strong>les enfants qui avaient grandi dans une ferme<\/strong><\/a> \u00e9taient moins susceptibles de d\u00e9velopper des allergies et de l\u2019asthme que les enfants qui grandissaient en ville.<\/p><p>De plus, les habitats dans des milieux naturels sont de moins en moins nombreux. La majorit\u00e9 des personnes sont aujourd\u2019hui expos\u00e9es \u00e0 un stress constant qui surcharge le syst\u00e8me immunitaire et qui peut provoquer des allergies. Notre environnement et notre mode de vie ont \u00e9galement de l\u2019influence sur le d\u00e9veloppement des allergies, par exemple :<\/p><ul><li><strong>la pollution de l\u2019air<\/strong> (les gaz d\u2019\u00e9chappement des voitures et des industries),<\/li><li><strong>l\u2019alimentation<\/strong> (la transformation des aliments et les plats pr\u00e9par\u00e9s),<\/li><li><strong>la pollution des espaces de vie<\/strong> (la fum\u00e9e de tabac, les substances chimiques pr\u00e9sentent dans les produits m\u00e9nagers, les champignons et moisissures)<\/li><li><strong>certains types de travail<\/strong>.<\/li><\/ul><p>\u00a0<\/p><p>Les allergies qui se d\u00e9veloppent au travail font partie des <strong>maladies professionnelles les plus courantes<\/strong>. L\u2019organisme commence \u00e0 r\u00e9agir \u00e0 certaines substances pr\u00e9sentes dans l\u2019environnement de travail. De telles allergies peuvent th\u00e9oriquement se d\u00e9velopper chez n\u2019importe qui et de nombreux groupes professionnels sont concern\u00e9s, par exemple, une allergie \u00e0 la poussi\u00e8re de farine pour les boulangers ou une r\u00e9action \u00e0 certains colorants ou shampooings pour les coiffeurs.<\/p>\t\t\t\t\t\t\t\t<\/div>\n\t\t\t\t<\/div>\n\t\t\t\t\t<\/div>\n\t\t\t\t<\/div>\n\t\t<div class=\"elementor-element elementor-element-8ad59bc obcs none e-flex e-con-boxed e-con e-parent\" data-id=\"8ad59bc\" data-element_type=\"container\">\n\t\t\t\t\t<div class=\"e-con-inner\">\n\t\t\t\t<div class=\"elementor-element elementor-element-4ee7f56 elementor-widget elementor-widget-heading\" data-id=\"4ee7f56\" data-element_type=\"widget\" data-widget_type=\"heading.default\">\n\t\t\t\t<div class=\"elementor-widget-container\">\n\t\t\t\t\t<h2 class=\"elementor-heading-title elementor-size-default\">Que faire en cas d\u2019allergie ?<\/h2>\t\t\t\t<\/div>\n\t\t\t\t<\/div>\n\t\t\t\t<div class=\"elementor-element elementor-element-3a051bf elementor-widget elementor-widget-text-editor\" data-id=\"3a051bf\" data-element_type=\"widget\" data-widget_type=\"text-editor.default\">\n\t\t\t\t<div class=\"elementor-widget-container\">\n\t\t\t\t\t\t\t\t\t<p>L\u2019une des fa\u00e7ons de traiter les allergies est l\u2019approche th\u00e9rapeutique ax\u00e9e sur les sympt\u00f4mes, qui consiste \u00e0 traiter les effets de l\u2019allergie. Des gouttes, des sprays ou des comprim\u00e9s sont utilis\u00e9s pour r\u00e9duire le gonflement et la lib\u00e9ration d\u2019histamine. Toutefois, cette approche ne traite pas la cause de l\u2019allergie et elle ne sert qu\u2019\u00e0 <strong>traiter et soulager les sympt\u00f4mes \u00e0 court terme<\/strong>. Une autre approche est la <strong>d\u00e9sensibilisation<\/strong>. Il s\u2019agit d\u2019habituer progressivement l\u2019organisme \u00e0 une substance allerg\u00e8ne donn\u00e9e et, avec le temps, de cr\u00e9er une tol\u00e9rance. Cette m\u00e9thode est longue \u00e0 mettre en \u0153uvre, elle ne garantit pas la disparition de l\u2019allergie et elle n\u2019offre aucune protection contre de nouvelles allergies.<\/p><p>Une autre m\u00e9thode qui a \u00e9t\u00e9 test\u00e9e et prouv\u00e9e consiste \u00e0 renforcer les muqueuses. <strong>La protection et le renforcement des muqueuses<\/strong> gr\u00e2ce \u00e0 l\u2019apport de <a href=\"https:\/\/www.omni-biotic.com\/fr-fr\/sante-intestin\/intestin-centre-bien-etre\/probiotiques\/\"><strong>probiotiques<\/strong><\/a> sont une bonne mani\u00e8re de lutter contre les allergies car toute substance \u00e0 l\u2019origine d\u2019une allergie peut \u00eatre <strong>repouss\u00e9e par cette barri\u00e8re naturelle<\/strong>. En effet, les muqueuses chez les personnes allergiques sont impliqu\u00e9es dans le d\u00e9veloppement d\u2019une allergie car elles sont alt\u00e9r\u00e9es. Cette forme de th\u00e9rapie s\u2019attaque \u00e0 l\u2019origine de l\u2019allergie et elle est particuli\u00e8rement b\u00e9n\u00e9fique pour les personnes qui sont allergiques ou intol\u00e9rantes \u00e0 plusieurs substances. Les probiotiques contribuent au maintien d\u2019un microbiome intestinal sain, ce qui a un effet positif important <strong>sur le renforcement de la muqueuse intestinale<\/strong>.<\/p><p>Selon Anita Frauwallner, experte en sant\u00e9 intestinale, les recommandations suivantes sont tr\u00e8s utiles :<\/p><ul><li><strong>Pr\u00e9servez-vous du stress et renforcez votre muqueuse intestinale !<\/strong> Cette derni\u00e8re est enflamm\u00e9e et alt\u00e9r\u00e9e, notamment \u00e0 cause du stress. Pour la renforcer, il faut prendre des <strong>bact\u00e9ries intestinales anti-inflammatoires<\/strong> contenues dans des probiotiques.<\/li><\/ul><p>\u00a0<\/p><ul><li><strong>Renforcez vos d\u00e9fenses !<\/strong> Pendant la saison du pollen, tentez de r\u00e9duire les activit\u00e9s physiques intenses et concentrez-vous plut\u00f4t sur la formation d\u2019une muqueuse intestinale solide. Les bact\u00e9ries intestinales b\u00e9n\u00e9fiques peuvent \u00eatre prises sous la forme de probiotiques et contribuent \u00e0 la colonisation de l\u2019ensemble de l\u2019intestin gr\u00e2ce \u00e0 la combinaison de souches bact\u00e9riennes.<\/li><\/ul><p>\u00a0<\/p><ul><li><strong>Diminuez la formation d\u2019histamine dans l\u2019intestin !<\/strong> Le zinc est d\u2019une excellente aide \u00e0 cet \u00e9gard. En g\u00e9n\u00e9ral : les vitamines B, les acides amin\u00e9s et divers oligo\u00e9l\u00e9ments sont n\u00e9cessaires au maintien d\u2019une muqueuse intestinale saine.<\/li><\/ul>\t\t\t\t\t\t\t\t<\/div>\n\t\t\t\t<\/div>\n\t\t\t\t<div class=\"elementor-element elementor-element-d85bd0e elementor-widget elementor-widget-image\" data-id=\"d85bd0e\" data-element_type=\"widget\" data-widget_type=\"image.default\">\n\t\t\t\t<div class=\"elementor-widget-container\">\n\t\t\t\t\t\t\t\t\t\t\t\t\t\t\t<img decoding=\"async\" width=\"800\" height=\"370\" src=\"https:\/\/www.omni-biotic.com\/fr-fr\/wp-content\/uploads\/sites\/4\/2022\/11\/allergie_bebe_flore-1024x474.png\" class=\"attachment-large size-large wp-image-20073\" alt=\"L\u2019importance de la formation de la flore intestinale \u00e0 la naissance pour r\u00e9duire le risque de r\u00e9action allergique\" srcset=\"https:\/\/www.omni-biotic.com\/fr-fr\/wp-content\/uploads\/sites\/4\/2022\/11\/allergie_bebe_flore-1024x474.png 1024w, https:\/\/www.omni-biotic.com\/fr-fr\/wp-content\/uploads\/sites\/4\/2022\/11\/allergie_bebe_flore-300x139.png 300w, https:\/\/www.omni-biotic.com\/fr-fr\/wp-content\/uploads\/sites\/4\/2022\/11\/allergie_bebe_flore-768x355.png 768w, https:\/\/www.omni-biotic.com\/fr-fr\/wp-content\/uploads\/sites\/4\/2022\/11\/allergie_bebe_flore.png 1200w\" sizes=\"(max-width: 800px) 100vw, 800px\" title=\"\">\t\t\t\t\t\t\t\t\t\t\t\t\t\t\t<\/div>\n\t\t\t\t<\/div>\n\t\t\t\t<div class=\"elementor-element elementor-element-d346e6e elementor-widget elementor-widget-heading\" data-id=\"d346e6e\" data-element_type=\"widget\" data-widget_type=\"heading.default\">\n\t\t\t\t<div class=\"elementor-widget-container\">\n\t\t\t\t\t<h2 class=\"elementor-heading-title elementor-size-default\">L\u2019importance de la formation du microbiome pour r\u00e9duire le risque de r\u00e9action allergique<\/h2>\t\t\t\t<\/div>\n\t\t\t\t<\/div>\n\t\t\t\t<div class=\"elementor-element elementor-element-d7df047 elementor-widget elementor-widget-text-editor\" data-id=\"d7df047\" data-element_type=\"widget\" data-widget_type=\"text-editor.default\">\n\t\t\t\t<div class=\"elementor-widget-container\">\n\t\t\t\t\t\t\t\t\t<p>La colonisation des intestins par des bact\u00e9ries se d\u00e9veloppe d\u00e8s <strong><a href=\"https:\/\/www.omni-biotic.com\/fr-fr\/sante-intestin\/intestin-organe-influent\/grossesse-allaitement\/\">la naissance<\/a><\/strong>. En premier lieu, la mani\u00e8re dont se d\u00e9roule l\u2019accouchement impacte la flore intestinale. Si l\u2019enfant na\u00eet par voie basse, le microbiome de l\u2019enfant sera colonis\u00e9 par des bact\u00e9ries vaginales, c\u2019est-\u00e0-dire par le microbiote vaginal de la m\u00e8re. Si l\u2019enfant na\u00eet par c\u00e9sarienne, la colonisation initiale se fera principalement par les bact\u00e9ries vivant sur la peau de la m\u00e8re et par les germes pr\u00e9sents dans l\u2019environnement au moment de la naissance. Ce type d\u2019accouchement peut <strong>affecter la diversit\u00e9 de la flore intestinale du nouveau-n\u00e9<\/strong>. Des \u00e9tudes scientifiques ont d\u00e9montr\u00e9 qu\u2019une importante <strong>diversit\u00e9 bact\u00e9rienne du microbiote intestinal est associ\u00e9 \u00e0 un risque moins \u00e9lev\u00e9 de maladies allergiques<\/strong>.<\/p><p>Les <strong>premiers mois apr\u00e8s la naissance sont cruciaux<\/strong> pour le d\u00e9veloppement de la flore intestinale et c\u2019est surtout pendant cette p\u00e9riode que <strong>la pr\u00e9vention<\/strong> des risques allergiques est influente. L\u2019importance du lait maternel dans l\u2019alimentation du nouveau-n\u00e9 est notamment mise en avant. En effet, le lait maternel contient plus de 200 composants dont des prot\u00e9ines, des sucres et diff\u00e9rents types de gras. Cette composition en fait le lait le plus complexe de tous les mammif\u00e8res. Les glucides pr\u00e9sents dans<strong><a href=\"https:\/\/www.omni-biotic.com\/fr-fr\/blog\/le-lait-maternel-une-source-de-bienfaits-pour-votre-bebe\/\"> le lait maternel<\/a><\/strong><strong> permettent une colonisation bact\u00e9rienne saine<\/strong> apr\u00e8s la naissance. Par ailleurs, l\u2019immunoglobuline A contenue dans le lait maternel sert de protection contre les infections et constitue une prot\u00e9ine importante pour le syst\u00e8me immunitaire de l\u2019enfant.<\/p>\t\t\t\t\t\t\t\t<\/div>\n\t\t\t\t<\/div>\n\t\t\t\t\t<\/div>\n\t\t\t\t<\/div>\n\t\t\t\t<\/div>\n\t\t","protected":false},"excerpt":{"rendered":"<p>L\u2019allergie au pollen, le rhume des foins, l\u2019allergie aux acariens et tant d\u2019autres r\u00e9actions allergiques d\u00e9rangent voire chamboulent la vie de celles et ceux qui en souffrent. Saviez-vous que les intestins participent \u00e0 ce ph\u00e9nom\u00e8ne ? Lisez cet article pour en savoir plus sur la r\u00e9action allergique et pour d\u00e9couvrir comment prot\u00e9ger vos muqueuses ! [&hellip;]<\/p>\n","protected":false},"author":2,"featured_media":16276,"comment_status":"closed","ping_status":"closed","sticky":false,"template":"","format":"standard","meta":{"_acf_changed":false,"inline_featured_image":false,"footnotes":""},"categories":[225],"tags":[],"class_list":["post-16275","post","type-post","status-publish","format-standard","has-post-thumbnail","hentry","category-allergies"],"acf":[],"rank_math":{"og:title":"R\u00e9action allergique : quel est le r\u00f4le des intestins ?","og:desc":"La r\u00e9action allergique est une r\u00e9ponse anormale du syst\u00e8me immunitaire face \u00e0 un allerg\u00e8ne. Quel est le r\u00f4le des intestins dans ce processus ?","og:url":"https:\/\/www.omni-biotic.com\/fr-fr\/blog\/les-allergies-quel-est-le-role-des-intestins\/","og:locale":"fr_FR","og:image":"https:\/\/www.omni-biotic.com\/fr-fr\/wp-content\/uploads\/sites\/4\/2023\/06\/allergie-blumenstrauss.jpg","og:image:width":"1200","og:image:height":"800"},"additional_data":{"thumbnail":"https:\/\/www.omni-biotic.com\/fr-fr\/wp-content\/uploads\/sites\/4\/2023\/06\/allergie-blumenstrauss.jpg"},"blog_info":{"country":"fr-fr"},"_links":{"self":[{"href":"https:\/\/www.omni-biotic.com\/fr-fr\/wp-json\/wp\/v2\/posts\/16275","targetHints":{"allow":["GET"]}}],"collection":[{"href":"https:\/\/www.omni-biotic.com\/fr-fr\/wp-json\/wp\/v2\/posts"}],"about":[{"href":"https:\/\/www.omni-biotic.com\/fr-fr\/wp-json\/wp\/v2\/types\/post"}],"author":[{"embeddable":true,"href":"https:\/\/www.omni-biotic.com\/fr-fr\/wp-json\/wp\/v2\/users\/2"}],"replies":[{"embeddable":true,"href":"https:\/\/www.omni-biotic.com\/fr-fr\/wp-json\/wp\/v2\/comments?post=16275"}],"version-history":[{"count":7,"href":"https:\/\/www.omni-biotic.com\/fr-fr\/wp-json\/wp\/v2\/posts\/16275\/revisions"}],"predecessor-version":[{"id":30497,"href":"https:\/\/www.omni-biotic.com\/fr-fr\/wp-json\/wp\/v2\/posts\/16275\/revisions\/30497"}],"wp:featuredmedia":[{"embeddable":true,"href":"https:\/\/www.omni-biotic.com\/fr-fr\/wp-json\/wp\/v2\/media\/16276"}],"wp:attachment":[{"href":"https:\/\/www.omni-biotic.com\/fr-fr\/wp-json\/wp\/v2\/media?parent=16275"}],"wp:term":[{"taxonomy":"category","embeddable":true,"href":"https:\/\/www.omni-biotic.com\/fr-fr\/wp-json\/wp\/v2\/categories?post=16275"},{"taxonomy":"post_tag","embeddable":true,"href":"https:\/\/www.omni-biotic.com\/fr-fr\/wp-json\/wp\/v2\/tags?post=16275"}],"curies":[{"name":"wp","href":"https:\/\/api.w.org\/{rel}","templated":true}]}}