{"id":16298,"date":"2022-12-16T08:07:40Z","date_gmt":"2022-12-16T07:07:40Z","guid":{"rendered":"https:\/\/www.omni-biotic.com\/fr-fr\/etre-en-forme-pour-affronter-la-periode-hivernale\/"},"modified":"2024-02-23T11:35:50Z","modified_gmt":"2024-02-23T10:35:50Z","slug":"etre-en-forme-pour-affronter-la-periode-hivernale","status":"publish","type":"post","link":"https:\/\/www.omni-biotic.com\/fr-fr\/blog\/etre-en-forme-pour-affronter-la-periode-hivernale\/","title":{"rendered":"\u00catre en forme pour affronter l&rsquo;hiver"},"content":{"rendered":"\t\t<div data-elementor-type=\"wp-post\" data-elementor-id=\"16298\" class=\"elementor elementor-16298\" data-elementor-post-type=\"post\">\n\t\t\t\t<div class=\"elementor-element elementor-element-0f9bb59 obcs none e-flex e-con-boxed e-con e-parent\" data-id=\"0f9bb59\" data-element_type=\"container\">\n\t\t\t\t\t<div class=\"e-con-inner\">\n\t\t\t\t<div class=\"elementor-element elementor-element-87453e5 elementor-widget elementor-widget-text-editor\" data-id=\"87453e5\" data-element_type=\"widget\" data-widget_type=\"text-editor.default\">\n\t\t\t\t<div class=\"elementor-widget-container\">\n\t\t\t\t\t\t\t\t\t<p><em>En hiver, la m\u00e9t\u00e9o recouvre des r\u00e9alit\u00e9s diff\u00e9rentes selon les r\u00e9gions mais de mani\u00e8re g\u00e9n\u00e9rale, cette saison offre son lot de d\u00e9convenues : la pluie, la neige, le gel, les temp\u00eates\u2026 Le froid annonce aussi l\u2019arriv\u00e9e des<strong> virus hivernaux<\/strong> et des bact\u00e9ries nocives qui perturbent le bon fonctionnement de notre <strong>syst\u00e8me immunitaire<\/strong> ! Les conseils suivants, faciles \u00e0 appliquer au quotidien, vous aideront \u00e0 \u00e9viter d\u2019avoir le nez bouch\u00e9, le nez qui coule, des maux de gorge ou d\u2019autres sympt\u00f4mes associ\u00e9s au rhume.\u00a0<\/em><\/p>\t\t\t\t\t\t\t\t<\/div>\n\t\t\t\t<\/div>\n\t\t\t\t\t<\/div>\n\t\t\t\t<\/div>\n\t\t<div class=\"elementor-element elementor-element-19424d7 obcs none e-flex e-con-boxed e-con e-parent\" data-id=\"19424d7\" data-element_type=\"container\">\n\t\t\t\t\t<div class=\"e-con-inner\">\n\t\t\t\t<div class=\"elementor-element elementor-element-2c178e2 elementor-widget elementor-widget-heading\" data-id=\"2c178e2\" data-element_type=\"widget\" data-widget_type=\"heading.default\">\n\t\t\t\t<div class=\"elementor-widget-container\">\n\t\t\t\t\t<h2 class=\"elementor-heading-title elementor-size-default\">\u00catre en forme en hiver : les aliments \u00e0 privil\u00e9gier<\/h2>\t\t\t\t<\/div>\n\t\t\t\t<\/div>\n\t\t\t\t<div class=\"elementor-element elementor-element-7ae5aa9 elementor-widget__width-initial elementor-widget elementor-widget-text-editor\" data-id=\"7ae5aa9\" data-element_type=\"widget\" data-widget_type=\"text-editor.default\">\n\t\t\t\t<div class=\"elementor-widget-container\">\n\t\t\t\t\t\t\t\t\t<p>L\u2019hiver, c\u2019est la saison des soupes, des potages ou des rago\u00fbts ! Alors profitez-en pour vous r\u00e9chauffer avec des <strong>plats fortifiants<\/strong> et faites plaisir \u00e0 votre organisme en lui proposant des mets \u00e0 base de <strong>l\u00e9gumes racines<\/strong> (le panais, le navet, la betterave), de pommes de terre, de pois chiches, de haricots et de <strong>certaines \u00e9pices<\/strong> qui ont des vertus curatives comme le thym, la sauge, le curcuma ou le gingembre. <strong>Le gingembre<\/strong> offre de nombreux bienfaits, il peut notamment pr\u00e9venir les infections. Vous pouvez facilement ajouter un peu de gingembre frais \u00e0 votre th\u00e9. Si vous trouvez son go\u00fbt trop fort ou \u00e9pic\u00e9, ajoutez du miel et du citron pour adoucir sa note.\u00a0<\/p><p>De mani\u00e8re g\u00e9n\u00e9rale, notre alimentation a une influence d\u00e9terminante sur<a href=\"https:\/\/www.omni-biotic.com\/fr-fr\/blog\/systeme-immunitaire-comment-en-prendre-soin\/\"><strong> notre syst\u00e8me de d\u00e9fense<\/strong><\/a>. Certains aliments, comme les viandes grasses et les produits frits, nous rendent plus sensibles aux infections car ils surchargent et stressent le syst\u00e8me digestif. La base est <strong>une alimentation vari\u00e9e et \u00e9quilibr\u00e9e<\/strong> avec suffisamment de l\u00e9gumes, de fruits, de produits \u00e0 base de c\u00e9r\u00e9ales compl\u00e8tes, de prot\u00e9ines de bonne qualit\u00e9 et de graisses v\u00e9g\u00e9tales.<\/p>\t\t\t\t\t\t\t\t<\/div>\n\t\t\t\t<\/div>\n\t\t\t\t<div class=\"elementor-element elementor-element-bca3f3d elementor-widget elementor-widget-image\" data-id=\"bca3f3d\" data-element_type=\"widget\" data-widget_type=\"image.default\">\n\t\t\t\t<div class=\"elementor-widget-container\">\n\t\t\t\t\t\t\t\t\t\t\t\t\t\t\t<img fetchpriority=\"high\" decoding=\"async\" width=\"800\" height=\"534\" src=\"https:\/\/www.omni-biotic.com\/fr-fr\/wp-content\/uploads\/sites\/4\/2022\/12\/etre_en_forme_hiver.jpg\" class=\"attachment-large size-large wp-image-22973\" alt=\"\u00catre en forme en hiver : conseils\" srcset=\"https:\/\/www.omni-biotic.com\/fr-fr\/wp-content\/uploads\/sites\/4\/2022\/12\/etre_en_forme_hiver.jpg 1000w, https:\/\/www.omni-biotic.com\/fr-fr\/wp-content\/uploads\/sites\/4\/2022\/12\/etre_en_forme_hiver-300x200.jpg 300w, https:\/\/www.omni-biotic.com\/fr-fr\/wp-content\/uploads\/sites\/4\/2022\/12\/etre_en_forme_hiver-768x512.jpg 768w\" sizes=\"(max-width: 800px) 100vw, 800px\" title=\"\">\t\t\t\t\t\t\t\t\t\t\t\t\t\t\t<\/div>\n\t\t\t\t<\/div>\n\t\t\t\t\t<\/div>\n\t\t\t\t<\/div>\n\t\t<div class=\"elementor-element elementor-element-ad24330 obcs none e-flex e-con-boxed e-con e-parent\" data-id=\"ad24330\" data-element_type=\"container\">\n\t\t\t\t\t<div class=\"e-con-inner\">\n\t\t\t\t<div class=\"elementor-element elementor-element-569d78d elementor-widget elementor-widget-heading\" data-id=\"569d78d\" data-element_type=\"widget\" data-widget_type=\"heading.default\">\n\t\t\t\t<div class=\"elementor-widget-container\">\n\t\t\t\t\t<h2 class=\"elementor-heading-title elementor-size-default\">Pr\u00e9venir le rhume <\/h2>\t\t\t\t<\/div>\n\t\t\t\t<\/div>\n\t\t\t\t<div class=\"elementor-element elementor-element-34fddd9 elementor-widget elementor-widget-text-editor\" data-id=\"34fddd9\" data-element_type=\"widget\" data-widget_type=\"text-editor.default\">\n\t\t\t\t<div class=\"elementor-widget-container\">\n\t\t\t\t\t\t\t\t\t<p>En hiver, dans n\u2019importe quel transport en commun, vous entendez ou voyez des personnes \u00e9ternuer, se moucher, tousser\u2026 A cette p\u00e9riode de l\u2019ann\u00e9e, nous sommes constamment <strong>expos\u00e9s<\/strong> \u00e0 un niveau \u00e9lev\u00e9 de <strong>microbes<\/strong> et de <strong>virus<\/strong>. La grippe, le rhume et les autres maladies hivernales sont le plus souvent transmises, soit par de minuscules gouttelettes qui circulent dans l\u2019air apr\u00e8s un \u00e9ternuement ou des toussotements, soit par le contact direct des mains ou par le contact d\u2019objets. Lavez-vous fr\u00e9quemment les mains et ayez avec vous un petit flacon de gel hydroalcoolique pour vous les d\u00e9sinfecter si besoin. En d\u2019autres termes, <strong>gardons les gestes simples et efficaces<\/strong> que nous avons r\u00e9guli\u00e8rement r\u00e9p\u00e9t\u00e9s pendant la pand\u00e9mie. Pensez aussi \u00e0 garder vos distances si vous voyez que la personne \u00e0 vos c\u00f4t\u00e9s est malade ou enrhum\u00e9e.\u00a0<\/p><p>D\u2019autre part, l\u2019offre de fruits et l\u00e9gumes r\u00e9gionaux est fortement r\u00e9duite pendant la p\u00e9riode hivernale. Il est donc difficile de <strong>couvrir les besoins en vitamines et min\u00e9raux<\/strong> gr\u00e2ce \u00e0 l\u2019alimentation. Une carence nous pr\u00e9dispose \u00e0 attraper plus facilement \u201cun coup de froid\u201d. Les <strong><a href=\"https:\/\/www.omni-biotic.com\/fr-fr\/nos-produits\/meta-care\/\">vitamines et min\u00e9raux<\/a><\/strong> sont essentiels au bon fonctionnement de l\u2019organisme, par exemple, la vitamine C et le zinc aident \u00e0 pr\u00e9venir les rhumes. Cependant, <strong>la vitamine C<\/strong> provenant de l\u2019acide ascorbique ne peut pas toujours \u00eatre absorb\u00e9e de mani\u00e8re optimale par le corps. C\u2019est pourquoi, il est recommand\u00e9 de prendre des pr\u00e9parations contenant cette vitamine ainsi que des substances v\u00e9g\u00e9tales bioactives. Ces derni\u00e8res prolongent la disponibilit\u00e9 de la vitamine dans l\u2019organisme. <strong>Le zinc<\/strong> contribue \u00e9galement \u00e0 prot\u00e9ger les cellules contre les radicaux libres (effet antioxydant) et participe \u00e0 la beaut\u00e9 des ongles, de la peau et des cheveux.<\/p>\t\t\t\t\t\t\t\t<\/div>\n\t\t\t\t<\/div>\n\t\t\t\t<div class=\"elementor-element elementor-element-6557c08 elementor-widget elementor-widget-button\" data-id=\"6557c08\" data-element_type=\"widget\" data-widget_type=\"button.default\">\n\t\t\t\t<div class=\"elementor-widget-container\">\n\t\t\t\t\t\t\t\t\t<div class=\"elementor-button-wrapper\">\n\t\t\t\t\t<a class=\"elementor-button elementor-button-link elementor-size-md\" href=\"https:\/\/www.omni-biotic.com\/fr-fr\/blog\/5-idees-recues-sur-le-rhume\/\">\n\t\t\t\t\t\t<span class=\"elementor-button-content-wrapper\">\n\t\t\t\t\t\t\t\t\t<span class=\"elementor-button-text\">5 id\u00e9es re\u00e7ues sur le rhume : les d\u00e9couvrir !<\/span>\n\t\t\t\t\t<\/span>\n\t\t\t\t\t<\/a>\n\t\t\t\t<\/div>\n\t\t\t\t\t\t\t\t<\/div>\n\t\t\t\t<\/div>\n\t\t\t\t\t<\/div>\n\t\t\t\t<\/div>\n\t\t<div class=\"elementor-element elementor-element-9e3ca6e obcs none e-flex e-con-boxed e-con e-parent\" data-id=\"9e3ca6e\" data-element_type=\"container\">\n\t\t\t\t\t<div class=\"e-con-inner\">\n\t\t\t\t<div class=\"elementor-element elementor-element-c8feb11 elementor-widget elementor-widget-heading\" data-id=\"c8feb11\" data-element_type=\"widget\" data-widget_type=\"heading.default\">\n\t\t\t\t<div class=\"elementor-widget-container\">\n\t\t\t\t\t<h2 class=\"elementor-heading-title elementor-size-default\">Pour \u00eatre en forme : habillez-vous chaudement et prenez l\u2019air ! <\/h2>\t\t\t\t<\/div>\n\t\t\t\t<\/div>\n\t\t\t\t<div class=\"elementor-element elementor-element-17e7728 elementor-widget elementor-widget-text-editor\" data-id=\"17e7728\" data-element_type=\"widget\" data-widget_type=\"text-editor.default\">\n\t\t\t\t<div class=\"elementor-widget-container\">\n\t\t\t\t\t\t\t\t\t<p><strong>Avis \u00e0 tous les sportifs : m\u00e9nagez-vous quand vous \u00eates malades !<\/strong> Lorsqu\u2019on ne sent pas au meilleur de sa forme, il est pr\u00e9f\u00e9rable de laisser sa tenue de sport dans l\u2019armoire. Faire du sport en ayant un rhume, la grippe ou toute autre maladie infectieuse respiratoire surcharge la circulation et peut conduire \u00e0 une inflammation du muscle cardiaque. Si vous avez simplement le nez qui coule ou un l\u00e9ger mal de gorge, faites un entra\u00eenement d\u2019endurance calme.<\/p><p>M\u00eame si les temp\u00e9ratures sont n\u00e9gatives, il est important de <strong>prendre l\u2019air et de sortir au moins 20 minutes par jour<\/strong>. Habillez-vous chaudement pour \u00e9viter d\u2019attraper froid ! L\u2019air frais stimule le syst\u00e8me immunitaire et vous rend plus r\u00e9sistant aux germes pathog\u00e8nes. Le sport<strong> favorise la circulation sanguine<\/strong> et permet ainsi une meilleure r\u00e9partition des anticorps dans l\u2019organisme. De plus, le temps pass\u00e9 \u00e0 l\u2019ext\u00e9rieur permet de se changer les id\u00e9es et d\u2019all\u00e9ger son esprit. Un esprit libre facilite le bonheur et une personne heureuse tombe moins souvent malade ! En outre, aller au sauna en hiver fortifie le syst\u00e8me immunitaire, les Romains l\u2019avaient d\u00e9j\u00e0 remarqu\u00e9 et ils savaient profiter de cette chaleur agr\u00e9able. Si vous n\u2019avez jamais eu l\u2019occasion d\u2019y aller, faites-vous accompagner par une personne exp\u00e9riment\u00e9e car l\u2019alternance chaud-froid s\u2019apprend et n\u2019est pas \u00e0 prendre \u00e0 la l\u00e9g\u00e8re !<\/p>\t\t\t\t\t\t\t\t<\/div>\n\t\t\t\t<\/div>\n\t\t\t\t<div class=\"elementor-element elementor-element-313a56a elementor-widget elementor-widget-image\" data-id=\"313a56a\" data-element_type=\"widget\" data-widget_type=\"image.default\">\n\t\t\t\t<div class=\"elementor-widget-container\">\n\t\t\t\t\t\t\t\t\t\t\t\t\t\t\t<img decoding=\"async\" width=\"800\" height=\"600\" src=\"https:\/\/www.omni-biotic.com\/fr-fr\/wp-content\/uploads\/sites\/4\/2022\/12\/etre_en_forme_rhume.jpg\" class=\"attachment-large size-large wp-image-22974\" alt=\"\" srcset=\"https:\/\/www.omni-biotic.com\/fr-fr\/wp-content\/uploads\/sites\/4\/2022\/12\/etre_en_forme_rhume.jpg 960w, https:\/\/www.omni-biotic.com\/fr-fr\/wp-content\/uploads\/sites\/4\/2022\/12\/etre_en_forme_rhume-300x225.jpg 300w, https:\/\/www.omni-biotic.com\/fr-fr\/wp-content\/uploads\/sites\/4\/2022\/12\/etre_en_forme_rhume-768x576.jpg 768w\" sizes=\"(max-width: 800px) 100vw, 800px\" title=\"\">\t\t\t\t\t\t\t\t\t\t\t\t\t\t\t<\/div>\n\t\t\t\t<\/div>\n\t\t\t\t<div class=\"elementor-element elementor-element-8eeeaac elementor-widget elementor-widget-heading\" data-id=\"8eeeaac\" data-element_type=\"widget\" data-widget_type=\"heading.default\">\n\t\t\t\t<div class=\"elementor-widget-container\">\n\t\t\t\t\t<h2 class=\"elementor-heading-title elementor-size-default\">Je suis malade ! Que faire ?<\/h2>\t\t\t\t<\/div>\n\t\t\t\t<\/div>\n\t\t\t\t<div class=\"elementor-element elementor-element-9ce466e elementor-widget elementor-widget-text-editor\" data-id=\"9ce466e\" data-element_type=\"widget\" data-widget_type=\"text-editor.default\">\n\t\t\t\t<div class=\"elementor-widget-container\">\n\t\t\t\t\t\t\t\t\t<p>Parfois, toutes les pr\u00e9cautions du monde ne suffisent pas et un m\u00e9chant microbe est parvenu \u00e0 vous rendre malade ! Si votre m\u00e9decin vous prescrit <strong><a href=\"https:\/\/www.omni-biotic.com\/fr-fr\/blog\/probiotiques-et-antibiotiques-pourquoi-les-associer\/\">des antibiotiques<\/a><\/strong> pour traiter par exemple une bronchite ou une angine, il est important que vous compl\u00e9tiez ce traitement avec <a href=\"https:\/\/www.omni-biotic.com\/fr-fr\/sante-intestin\/intestin-centre-bien-etre\/probiotiques\/\"><strong>des probiotiques<\/strong><\/a> sp\u00e9cifiques pendant et apr\u00e8s la prise d\u2019antibiotiques.<\/p><p>Pourquoi est-ce n\u00e9cessaire ? Les antibiotiques ne se contentent pas de tuer les agents pathog\u00e8nes mais ils d\u00e9truisent aussi les <a href=\"https:\/\/www.omni-biotic.com\/fr-fr\/sante-intestin\/intestin-centre-bien-etre\/bacteries-intestinales\/\"><strong>bonnes bact\u00e9ries intestinales<\/strong><\/a> ce qui provoque un <strong>d\u00e9s\u00e9quilibre de la flore naturelle<\/strong>. Cela vous rend alors plus vuln\u00e9rables \u00e0 d\u2019autres maladies. Les probiotiques permettent d\u2019\u00e9viter qu\u2019un cercle vicieux ne se mette en place. En outre, il existe de nombreux rem\u00e8des apaisants tels que les inhalations d\u2019huile essentielle, les tisanes ou des bains th\u00e9rapeutiques. L\u2019inhalation a un effect expectorant et lib\u00e8re les voies nasales bouch\u00e9es. Remplissez un r\u00e9cipient d\u2019eau chaude et ajoutez-y quelques gouttes d\u2019huile essentielle par exemple <strong>de thym, d\u2019eucalyptus ou de menthe poivr\u00e9e<\/strong>. Lorsque vous achetez de telles huiles, assurez-vous qu\u2019il s\u2019agit d\u2019huiles \u00e9th\u00e9r\u00e9es 100% pures.\u00a0<\/p>\t\t\t\t\t\t\t\t<\/div>\n\t\t\t\t<\/div>\n\t\t\t\t\t<\/div>\n\t\t\t\t<\/div>\n\t\t<div class=\"elementor-element elementor-element-dac7bd0 obcs none e-flex e-con-boxed e-con e-parent\" data-id=\"dac7bd0\" data-element_type=\"container\">\n\t\t\t\t\t<div class=\"e-con-inner\">\n\t\t\t\t\t<\/div>\n\t\t\t\t<\/div>\n\t\t\t\t<\/div>\n\t\t","protected":false},"excerpt":{"rendered":"<p>En hiver, la m\u00e9t\u00e9o recouvre des r\u00e9alit\u00e9s diff\u00e9rentes selon les r\u00e9gions mais de mani\u00e8re g\u00e9n\u00e9rale, cette saison offre son lot de d\u00e9convenues : la pluie, la neige, le gel, les temp\u00eates\u2026 Le froid annonce aussi l\u2019arriv\u00e9e des virus hivernaux et des bact\u00e9ries nocives qui perturbent le bon fonctionnement de notre syst\u00e8me immunitaire ! Les conseils [&hellip;]<\/p>\n","protected":false},"author":2,"featured_media":16299,"comment_status":"closed","ping_status":"closed","sticky":false,"template":"","format":"standard","meta":{"_acf_changed":false,"inline_featured_image":false,"footnotes":""},"categories":[212],"tags":[],"class_list":["post-16298","post","type-post","status-publish","format-standard","has-post-thumbnail","hentry","category-bien-etre-au-quotidien"],"acf":[],"rank_math":{"og:title":"\u00catre en forme pour affronter l\u2019hiver - OMNi-BiOTiC\u00ae","og:desc":"Comment garder la sant\u00e9 quand le froid s'installe ? Quelques gestes simples pour \u00eatre en forme et pr\u00e9venir les maladies d'hiver. Conseils \u00e0 lire ici...","og:url":"https:\/\/www.omni-biotic.com\/fr-fr\/blog\/etre-en-forme-pour-affronter-la-periode-hivernale\/","og:locale":"fr_FR","og:image":"https:\/\/www.omni-biotic.com\/fr-fr\/wp-content\/uploads\/sites\/4\/2023\/06\/fit-in-den-winter-startseite.jpg","og:image:width":"1000","og:image:height":"667"},"additional_data":{"thumbnail":"https:\/\/www.omni-biotic.com\/fr-fr\/wp-content\/uploads\/sites\/4\/2023\/06\/fit-in-den-winter-startseite.jpg"},"blog_info":{"country":"fr-fr"},"_links":{"self":[{"href":"https:\/\/www.omni-biotic.com\/fr-fr\/wp-json\/wp\/v2\/posts\/16298","targetHints":{"allow":["GET"]}}],"collection":[{"href":"https:\/\/www.omni-biotic.com\/fr-fr\/wp-json\/wp\/v2\/posts"}],"about":[{"href":"https:\/\/www.omni-biotic.com\/fr-fr\/wp-json\/wp\/v2\/types\/post"}],"author":[{"embeddable":true,"href":"https:\/\/www.omni-biotic.com\/fr-fr\/wp-json\/wp\/v2\/users\/2"}],"replies":[{"embeddable":true,"href":"https:\/\/www.omni-biotic.com\/fr-fr\/wp-json\/wp\/v2\/comments?post=16298"}],"version-history":[{"count":7,"href":"https:\/\/www.omni-biotic.com\/fr-fr\/wp-json\/wp\/v2\/posts\/16298\/revisions"}],"predecessor-version":[{"id":24099,"href":"https:\/\/www.omni-biotic.com\/fr-fr\/wp-json\/wp\/v2\/posts\/16298\/revisions\/24099"}],"wp:featuredmedia":[{"embeddable":true,"href":"https:\/\/www.omni-biotic.com\/fr-fr\/wp-json\/wp\/v2\/media\/16299"}],"wp:attachment":[{"href":"https:\/\/www.omni-biotic.com\/fr-fr\/wp-json\/wp\/v2\/media?parent=16298"}],"wp:term":[{"taxonomy":"category","embeddable":true,"href":"https:\/\/www.omni-biotic.com\/fr-fr\/wp-json\/wp\/v2\/categories?post=16298"},{"taxonomy":"post_tag","embeddable":true,"href":"https:\/\/www.omni-biotic.com\/fr-fr\/wp-json\/wp\/v2\/tags?post=16298"}],"curies":[{"name":"wp","href":"https:\/\/api.w.org\/{rel}","templated":true}]}}