{"id":16300,"date":"2022-12-29T14:01:45Z","date_gmt":"2022-12-29T13:01:45Z","guid":{"rendered":"https:\/\/www.omni-biotic.com\/fr-fr\/6-particularites-de-linstitut-allergosan\/"},"modified":"2024-10-22T13:29:37Z","modified_gmt":"2024-10-22T11:29:37Z","slug":"6-particularites-de-linstitut-allergosan","status":"publish","type":"post","link":"https:\/\/www.omni-biotic.com\/fr-fr\/blog\/6-particularites-de-linstitut-allergosan\/","title":{"rendered":"6 choses \u00e0 d\u00e9couvrir sur l\u2019Institut AllergoSan"},"content":{"rendered":"\t\t<div data-elementor-type=\"wp-post\" data-elementor-id=\"16300\" class=\"elementor elementor-16300\" data-elementor-post-type=\"post\">\n\t\t\t\t<div class=\"elementor-element elementor-element-b273f4b obcs none e-flex e-con-boxed e-con e-parent\" data-id=\"b273f4b\" data-element_type=\"container\">\n\t\t\t\t\t<div class=\"e-con-inner\">\n\t\t\t\t<div class=\"elementor-element elementor-element-e5ba829 elementor-widget elementor-widget-text-editor\" data-id=\"e5ba829\" data-element_type=\"widget\" data-widget_type=\"text-editor.default\">\n\t\t\t\t<div class=\"elementor-widget-container\">\n\t\t\t\t\t\t\t\t\t<p><em>Depuis 30 ans, l\u2019Institut AllergoSan se consacre \u00e0 la recherche et au d\u00e9veloppement de produits issus de substances naturelles telles que les bact\u00e9ries probiotiques, les extraits de plantes et les min\u00e9raux. Une intense et riche coop\u00e9ration avec des chercheurs de renomm\u00e9e internationale dans les domaines de la m\u00e9decine, de la biologie, de la pharmacie et de la biochimie a permis \u00e0 l\u2019Institut d\u2019\u00e9tablir un prestigieux centre de comp\u00e9tence et de recherche sur le microbiome.\u00a0\u00a0<\/em><\/p>\t\t\t\t\t\t\t\t<\/div>\n\t\t\t\t<\/div>\n\t\t\t\t\t<\/div>\n\t\t\t\t<\/div>\n\t\t<div class=\"elementor-element elementor-element-880c74b obcs none e-flex e-con-boxed e-con e-parent\" data-id=\"880c74b\" data-element_type=\"container\">\n\t\t\t\t\t<div class=\"e-con-inner\">\n\t\t\t\t<div class=\"elementor-element elementor-element-cd1470e elementor-widget elementor-widget-heading\" data-id=\"cd1470e\" data-element_type=\"widget\" data-widget_type=\"heading.default\">\n\t\t\t\t<div class=\"elementor-widget-container\">\n\t\t\t\t\t<h2 class=\"elementor-heading-title elementor-size-default\">Les pr\u00e9mices de l'aventure AllergoSan\u2026<\/h2>\t\t\t\t<\/div>\n\t\t\t\t<\/div>\n\t\t\t\t<div class=\"elementor-element elementor-element-b92ed7f elementor-widget__width-initial elementor-widget elementor-widget-text-editor\" data-id=\"b92ed7f\" data-element_type=\"widget\" data-widget_type=\"text-editor.default\">\n\t\t\t\t<div class=\"elementor-widget-container\">\n\t\t\t\t\t\t\t\t\t<p><a href=\"https:\/\/www.omni-biotic.com\/fr-fr\/a-propos-de-nous\/institut-allergosan\/\"><strong>L\u2019Institut AllergoSan<\/strong><\/a> a \u00e9t\u00e9 fond\u00e9 en 1991. Sa cr\u00e9ation est bas\u00e9e sur une volont\u00e9 d\u2019Anita Frauwallner et de vingt m\u00e9decins, pharmaciens et biologistes. Ces derniers souhaitaient proposer \u00e0 leurs patients des aliments et des m\u00e9dicaments sans allerg\u00e8nes car ils c\u00f4toyaient de nombreuses personnes qui souffraient depuis des ann\u00e9es de <strong>maladies chroniques de la peau<\/strong> telles que la dermatite atopique et le psoriasis. Ils voulaient ainsi aider leurs patients et soulager les sympt\u00f4mes li\u00e9s \u00e0 ces maladies cutan\u00e9es.<\/p><p>En 1992, Anita Frauwallner prend la direction de l\u2019Institut et se concentre sur une approche holistique de la m\u00e9decine, selon laquelle la sant\u00e9 de l\u2019\u00eatre humain d\u00e9pend en grande partie du bon fonctionnement de l\u2019appareil digestif et d\u2019intestins en bonne sant\u00e9. A partir de 1993, l\u2019Institut commence \u00e0 d\u00e9velopper des <strong>produits sans allerg\u00e8nes<\/strong>, des compl\u00e9ments orthomol\u00e9culaires, ainsi que les premiers <a href=\"https:\/\/www.omni-biotic.com\/fr-fr\/sante-intestin\/intestin-centre-bien-etre\/probiotiques\/\"><strong>probiotiques<\/strong><\/a>.<\/p>\t\t\t\t\t\t\t\t<\/div>\n\t\t\t\t<\/div>\n\t\t\t\t\t<\/div>\n\t\t\t\t<\/div>\n\t\t<div class=\"elementor-element elementor-element-7670275 obcs none e-flex e-con-boxed e-con e-parent\" data-id=\"7670275\" data-element_type=\"container\">\n\t\t\t\t\t<div class=\"e-con-inner\">\n\t\t\t\t<div class=\"elementor-element elementor-element-b72e494 elementor-widget elementor-widget-button\" data-id=\"b72e494\" data-element_type=\"widget\" data-widget_type=\"button.default\">\n\t\t\t\t<div class=\"elementor-widget-container\">\n\t\t\t\t\t\t\t\t\t<div class=\"elementor-button-wrapper\">\n\t\t\t\t\t<a class=\"elementor-button elementor-button-link elementor-size-md\" href=\"https:\/\/www.omni-biotic.com\/fr-fr\/a-propos-de-nous\/omni-biotic-presentation\/\">\n\t\t\t\t\t\t<span class=\"elementor-button-content-wrapper\">\n\t\t\t\t\t\t\t\t\t<span class=\"elementor-button-text\">En savoir plus sur notre marque de probiotiques : OMNi-BiOTiC\u00ae<\/span>\n\t\t\t\t\t<\/span>\n\t\t\t\t\t<\/a>\n\t\t\t\t<\/div>\n\t\t\t\t\t\t\t\t<\/div>\n\t\t\t\t<\/div>\n\t\t\t\t\t<\/div>\n\t\t\t\t<\/div>\n\t\t<div class=\"elementor-element elementor-element-0ad779e obcs none e-flex e-con-boxed e-con e-parent\" data-id=\"0ad779e\" data-element_type=\"container\">\n\t\t\t\t\t<div class=\"e-con-inner\">\n\t\t\t\t<div class=\"elementor-element elementor-element-8813359 elementor-widget elementor-widget-image\" data-id=\"8813359\" data-element_type=\"widget\" data-widget_type=\"image.default\">\n\t\t\t\t<div class=\"elementor-widget-container\">\n\t\t\t\t\t\t\t\t\t\t\t\t\t\t\t<img fetchpriority=\"high\" decoding=\"async\" width=\"768\" height=\"511\" src=\"https:\/\/www.omni-biotic.com\/fr-fr\/wp-content\/uploads\/sites\/4\/2022\/12\/Frauwallner_PDG_Institut_AllergoSan.jpg\" class=\"attachment-large size-large wp-image-20034\" alt=\"PDG de l&#039;Institut Allergosan\" srcset=\"https:\/\/www.omni-biotic.com\/fr-fr\/wp-content\/uploads\/sites\/4\/2022\/12\/Frauwallner_PDG_Institut_AllergoSan.jpg 768w, https:\/\/www.omni-biotic.com\/fr-fr\/wp-content\/uploads\/sites\/4\/2022\/12\/Frauwallner_PDG_Institut_AllergoSan-300x200.jpg 300w\" sizes=\"(max-width: 768px) 100vw, 768px\" title=\"\">\t\t\t\t\t\t\t\t\t\t\t\t\t\t\t<\/div>\n\t\t\t\t<\/div>\n\t\t\t\t<div class=\"elementor-element elementor-element-958cc62 elementor-widget elementor-widget-heading\" data-id=\"958cc62\" data-element_type=\"widget\" data-widget_type=\"heading.default\">\n\t\t\t\t<div class=\"elementor-widget-container\">\n\t\t\t\t\t<h2 class=\"elementor-heading-title elementor-size-default\">D\u00e9couvrez le visage qui se cache derri\u00e8re l'Institut AllergoSan !<\/h2>\t\t\t\t<\/div>\n\t\t\t\t<\/div>\n\t\t\t\t<div class=\"elementor-element elementor-element-6db58ee elementor-widget elementor-widget-text-editor\" data-id=\"6db58ee\" data-element_type=\"widget\" data-widget_type=\"text-editor.default\">\n\t\t\t\t<div class=\"elementor-widget-container\">\n\t\t\t\t\t\t\t\t\t<p>Prof. Anita Frauwallner dirige d\u2019Institut AllergoSan depuis plus de 30 ans. L\u2019Institut AllergoSan est une entreprise autrichienne dont le si\u00e8ge social est situ\u00e9 \u00e0 Graz, en Autriche. Cet Institut travaille en \u00e9troite <strong>collaboration<\/strong> avec de nombreuses<strong> universit\u00e9s du monde entier<\/strong> afin de mener et de participer \u00e0 des \u00e9tudes scientifiques dans le domaine de la <strong>m\u00e9decine probiotique<\/strong>.<\/p>\t\t\t\t\t\t\t\t<\/div>\n\t\t\t\t<\/div>\n\t\t\t\t\t<\/div>\n\t\t\t\t<\/div>\n\t\t<div class=\"elementor-element elementor-element-584f846 obcs none e-flex e-con-boxed e-con e-parent\" data-id=\"584f846\" data-element_type=\"container\">\n\t\t\t\t\t<div class=\"e-con-inner\">\n\t\t\t\t<div class=\"elementor-element elementor-element-f33fc55 elementor-widget elementor-widget-button\" data-id=\"f33fc55\" data-element_type=\"widget\" data-widget_type=\"button.default\">\n\t\t\t\t<div class=\"elementor-widget-container\">\n\t\t\t\t\t\t\t\t\t<div class=\"elementor-button-wrapper\">\n\t\t\t\t\t<a class=\"elementor-button elementor-button-link elementor-size-md\" href=\"https:\/\/www.omni-biotic.com\/fr-fr\/a-propos-de-nous\/institut-allergosan\/anita-frauwallner\/\">\n\t\t\t\t\t\t<span class=\"elementor-button-content-wrapper\">\n\t\t\t\t\t\t\t\t\t<span class=\"elementor-button-text\">Prof. Anita Frauwallner : son parcours<\/span>\n\t\t\t\t\t<\/span>\n\t\t\t\t\t<\/a>\n\t\t\t\t<\/div>\n\t\t\t\t\t\t\t\t<\/div>\n\t\t\t\t<\/div>\n\t\t\t\t\t<\/div>\n\t\t\t\t<\/div>\n\t\t<div class=\"elementor-element elementor-element-82c76dd obcs none e-flex e-con-boxed e-con e-parent\" data-id=\"82c76dd\" data-element_type=\"container\">\n\t\t\t\t\t<div class=\"e-con-inner\">\n\t\t\t\t<div class=\"elementor-element elementor-element-742b9c6 elementor-widget elementor-widget-heading\" data-id=\"742b9c6\" data-element_type=\"widget\" data-widget_type=\"heading.default\">\n\t\t\t\t<div class=\"elementor-widget-container\">\n\t\t\t\t\t<h2 class=\"elementor-heading-title elementor-size-default\">Une philosophie qui va au-del\u00e0 des mots !<\/h2>\t\t\t\t<\/div>\n\t\t\t\t<\/div>\n\t\t\t\t<div class=\"elementor-element elementor-element-0cb05df elementor-widget__width-initial elementor-widget elementor-widget-text-editor\" data-id=\"0cb05df\" data-element_type=\"widget\" data-widget_type=\"text-editor.default\">\n\t\t\t\t<div class=\"elementor-widget-container\">\n\t\t\t\t\t\t\t\t\t<p>L\u2019Institut AllergoSan adopte une approche holistique dont l\u2019objectif est de <strong>renforcer les fondements de la sant\u00e9<\/strong> humaine avant que les maladies puissent se d\u00e9velopper.<\/p><p>L\u2019Institut s\u2019attache \u00e0 proposer \u00e0 ses clients des <a href=\"https:\/\/www.omni-biotic.com\/fr-fr\/nos-produits\/\"><strong>produits innovants<\/strong><\/a> scientifiquement test\u00e9s qui tiennent compte de l\u2019organisme dans son ensemble et de la nature. L\u2019objectif est de trouver les meilleures solutions \u00e0 des <strong>probl\u00e8mes de sant\u00e9 complexes<\/strong>. C\u2019est pourquoi, nous utilisons les derni\u00e8res avanc\u00e9es de la science pour d\u00e9terminer les causes d\u2019une maladie et et ne pas nous contenter d\u2019en traiter les sympt\u00f4mes. Nous avons adopt\u00e9 cette d\u00e9marche pour favoriser le bien-\u00eatre de nos clients !<\/p>\t\t\t\t\t\t\t\t<\/div>\n\t\t\t\t<\/div>\n\t\t\t\t\t<\/div>\n\t\t\t\t<\/div>\n\t\t<div class=\"elementor-element elementor-element-12f70fb obcs none e-flex e-con-boxed e-con e-parent\" data-id=\"12f70fb\" data-element_type=\"container\">\n\t\t\t\t\t<div class=\"e-con-inner\">\n\t\t\t\t<div class=\"elementor-element elementor-element-d8af7cf elementor-widget elementor-widget-button\" data-id=\"d8af7cf\" data-element_type=\"widget\" data-widget_type=\"button.default\">\n\t\t\t\t<div class=\"elementor-widget-container\">\n\t\t\t\t\t\t\t\t\t<div class=\"elementor-button-wrapper\">\n\t\t\t\t\t<a class=\"elementor-button elementor-button-link elementor-size-md\" href=\"https:\/\/www.omni-biotic.com\/fr-fr\/a-propos-de-nous\/recherche-developpement\/criteres-de-qualite\/\">\n\t\t\t\t\t\t<span class=\"elementor-button-content-wrapper\">\n\t\t\t\t\t\t\t\t\t<span class=\"elementor-button-text\">D\u00e9couvrir notre charte qualit\u00e9<\/span>\n\t\t\t\t\t<\/span>\n\t\t\t\t\t<\/a>\n\t\t\t\t<\/div>\n\t\t\t\t\t\t\t\t<\/div>\n\t\t\t\t<\/div>\n\t\t\t\t\t<\/div>\n\t\t\t\t<\/div>\n\t\t<div class=\"elementor-element elementor-element-c4b4740 obcs none e-flex e-con-boxed e-con e-parent\" data-id=\"c4b4740\" data-element_type=\"container\">\n\t\t\t\t\t<div class=\"e-con-inner\">\n\t\t\t\t<div class=\"elementor-element elementor-element-8af2b80 elementor-widget elementor-widget-heading\" data-id=\"8af2b80\" data-element_type=\"widget\" data-widget_type=\"heading.default\">\n\t\t\t\t<div class=\"elementor-widget-container\">\n\t\t\t\t\t<h2 class=\"elementor-heading-title elementor-size-default\">L'Institut AllergoSan : une entreprise familiale<\/h2>\t\t\t\t<\/div>\n\t\t\t\t<\/div>\n\t\t\t\t<div class=\"elementor-element elementor-element-8c065c9 elementor-widget__width-initial elementor-widget elementor-widget-text-editor\" data-id=\"8c065c9\" data-element_type=\"widget\" data-widget_type=\"text-editor.default\">\n\t\t\t\t<div class=\"elementor-widget-container\">\n\t\t\t\t\t\t\t\t\t<p>L\u2019Institut AllergoSan a connu ses premiers grands succ\u00e8s dans les ann\u00e9es 90 avec, d\u2019une part le premier probiotique multi-esp\u00e8ces et d\u2019autre part, le d\u00e9veloppement de la ligne de soins JAVACELL pour les personnes atteintes de <strong>dermatite atopique<\/strong> (ecz\u00e9ma) et de <strong>psoriasis.<\/strong> A cette \u00e9poque, Anita Frauwallner et son mari poss\u00e9daient une pharmacie \u00e0 Graz, ils \u00e9taient donc en contact direct et r\u00e9gulier avec leurs clients. Une <strong>relation de confiance<\/strong> s\u2019\u00e9tait alors \u00e9tablie, ce qui leur a permis d\u2019observer qu\u2019une approche holistique de la m\u00e9decine pouvait offrir une meilleure qualit\u00e9 de vie aux personnes souffrant de maladies chroniques.<\/p><p>Apr\u00e8s la vente de la pharmacie \u00e0 la fin de l\u2019ann\u00e9e 2001, Anita Frauwallner s\u2019est consacr\u00e9e \u00e0 la <strong>recherche au sein de l\u2019Institut AllergoSan<\/strong>. Le d\u00e9veloppement de probiotiques d\u2019int\u00e9r\u00eat m\u00e9dical et la <strong>combinaison d\u2019extraits de plantes,<\/strong> \u00e0 des vitamines et des min\u00e9raux ont \u00e9t\u00e9 la cl\u00e9 du succ\u00e8s. Apr\u00e8s avoir \u00e9tudi\u00e9 au sein de diff\u00e9rentes universit\u00e9s locales et \u00e9trang\u00e8res, <strong>Bernd Assinger<\/strong>, le fils d\u2019Anita Frauwallner, a rejoint le conseil d\u2019administration de l\u2019Institut AllergoSan en 2012 afin de porter l\u2019entreprise vers de nouveaux horizons.<\/p>\t\t\t\t\t\t\t\t<\/div>\n\t\t\t\t<\/div>\n\t\t\t\t<div class=\"elementor-element elementor-element-09e893d elementor-widget elementor-widget-image\" data-id=\"09e893d\" data-element_type=\"widget\" data-widget_type=\"image.default\">\n\t\t\t\t<div class=\"elementor-widget-container\">\n\t\t\t\t\t\t\t\t\t\t\t\t\t\t\t<img decoding=\"async\" width=\"800\" height=\"666\" src=\"https:\/\/www.omni-biotic.com\/fr-fr\/wp-content\/uploads\/sites\/4\/2022\/12\/entreprise_familiale_institut_allergosan-1024x852.png\" class=\"attachment-large size-large wp-image-20035\" alt=\"Institut Allergosan : une entreprise autrichienne \u00e0 l&#039;origine du succ\u00e8s d&#039;OMNi-BiOTiC\" srcset=\"https:\/\/www.omni-biotic.com\/fr-fr\/wp-content\/uploads\/sites\/4\/2022\/12\/entreprise_familiale_institut_allergosan-1024x852.png 1024w, https:\/\/www.omni-biotic.com\/fr-fr\/wp-content\/uploads\/sites\/4\/2022\/12\/entreprise_familiale_institut_allergosan-300x250.png 300w, https:\/\/www.omni-biotic.com\/fr-fr\/wp-content\/uploads\/sites\/4\/2022\/12\/entreprise_familiale_institut_allergosan-768x639.png 768w, https:\/\/www.omni-biotic.com\/fr-fr\/wp-content\/uploads\/sites\/4\/2022\/12\/entreprise_familiale_institut_allergosan.png 1200w\" sizes=\"(max-width: 800px) 100vw, 800px\" title=\"\">\t\t\t\t\t\t\t\t\t\t\t\t\t\t\t<\/div>\n\t\t\t\t<\/div>\n\t\t\t\t\t<\/div>\n\t\t\t\t<\/div>\n\t\t<div class=\"elementor-element elementor-element-a02ad98 obcs none e-flex e-con-boxed e-con e-parent\" data-id=\"a02ad98\" data-element_type=\"container\">\n\t\t\t\t\t<div class=\"e-con-inner\">\n\t\t\t\t<div class=\"elementor-element elementor-element-d213d44 elementor-widget elementor-widget-heading\" data-id=\"d213d44\" data-element_type=\"widget\" data-widget_type=\"heading.default\">\n\t\t\t\t<div class=\"elementor-widget-container\">\n\t\t\t\t\t<h2 class=\"elementor-heading-title elementor-size-default\">La recette du succ\u00e8s\u2026<\/h2>\t\t\t\t<\/div>\n\t\t\t\t<\/div>\n\t\t\t\t<div class=\"elementor-element elementor-element-8ec5030 elementor-widget__width-initial elementor-widget elementor-widget-text-editor\" data-id=\"8ec5030\" data-element_type=\"widget\" data-widget_type=\"text-editor.default\">\n\t\t\t\t<div class=\"elementor-widget-container\">\n\t\t\t\t\t\t\t\t\t<p>Une <strong>excellente \u00e9quipe<\/strong> compos\u00e9e de collaborateurs et d\u2019employ\u00e9s de longue date ou r\u00e9cemment arriv\u00e9s constitue la colonne vert\u00e9brale de l\u2019Institut AllergoSan. Tous b\u00e9n\u00e9ficient d\u2019une formation continue ce qui leur permet d\u2019\u00eatre performants, comp\u00e9tents et en mesure de conseiller les clients. Ils peuvent ainsi envisager l\u2019avenir avec motivation et optimisme. Un avenir qui n\u2019appartient pas \u00e0 l\u2019industrie chimique, mais au d\u00e9veloppement d\u2019une <strong>m\u00e9decine naturelle r\u00e9g\u00e9n\u00e9rative<\/strong> et bas\u00e9e sur la <strong>pr\u00e9vention<\/strong>.<\/p>\t\t\t\t\t\t\t\t<\/div>\n\t\t\t\t<\/div>\n\t\t\t\t<div class=\"elementor-element elementor-element-09c3369 elementor-widget elementor-widget-heading\" data-id=\"09c3369\" data-element_type=\"widget\" data-widget_type=\"heading.default\">\n\t\t\t\t<div class=\"elementor-widget-container\">\n\t\t\t\t\t<h2 class=\"elementor-heading-title elementor-size-default\">Des symbiotiques de haute qualit\u00e9 pour la sant\u00e9 des intestins<\/h2>\t\t\t\t<\/div>\n\t\t\t\t<\/div>\n\t\t\t\t<div class=\"elementor-element elementor-element-2df8cd2 elementor-widget__width-initial elementor-widget elementor-widget-text-editor\" data-id=\"2df8cd2\" data-element_type=\"widget\" data-widget_type=\"text-editor.default\">\n\t\t\t\t<div class=\"elementor-widget-container\">\n\t\t\t\t\t\t\t\t\t<p>L\u2019Institut AllergoSan est le <strong>premier centre de comp\u00e9tence<\/strong> autrichien dans le domaine de la <strong>recherche sur le microbiome<\/strong> et il est \u00e0 l\u2019origine de l\u2019une des marques de probiotiques les plus r\u00e9put\u00e9es au monde \u00e0 savoir <a href=\"https:\/\/www.omni-biotic.com\/fr-fr\/nos-produits\/omni-biotic\/\"><strong>OMNi-BiOTiC<\/strong><\/a>. Les produits de l\u2019Institut AllergoSan sont fabriqu\u00e9s selon les <a href=\"https:\/\/www.omni-biotic.com\/fr-fr\/a-propos-de-nous\/recherche-developpement\/criteres-de-qualite\/\"><strong>crit\u00e8res de qualit\u00e9<\/strong><\/a> \u00e9tablis par l\u2019OMS, la WGO, la FDA et l\u2019OePROM. Gr\u00e2ce \u00e0 ses excellents r\u00e9sultats et recherches scientifiques sur le microbiome, c\u2019est-\u00e0-dire l\u2019\u00e9tude de tous les micro-organismes qui peuplent l\u2019\u00eatre humain, l\u2019Institut AllergoSan s\u2019est forg\u00e9 une renomm\u00e9e internationale. Ces nombreuses \u00e9tudes ont permis un <strong>\u00e9change actif d\u2019informations<\/strong> entre l\u2019Institut, les centres de recherche et les universit\u00e9s du monde entier. Les employ\u00e9s et collaborateurs sont fiers de ces avanc\u00e9es et ils envisagent la suite de l\u2019aventure avec confiance.<\/p>\t\t\t\t\t\t\t\t<\/div>\n\t\t\t\t<\/div>\n\t\t\t\t\t<\/div>\n\t\t\t\t<\/div>\n\t\t<div class=\"elementor-element elementor-element-7dc42ad obcs none e-flex e-con-boxed e-con e-parent\" data-id=\"7dc42ad\" data-element_type=\"container\">\n\t\t\t\t\t<div class=\"e-con-inner\">\n\t\t\t\t<div class=\"elementor-element elementor-element-7f2ae91 elementor-widget elementor-widget-button\" data-id=\"7f2ae91\" data-element_type=\"widget\" data-widget_type=\"button.default\">\n\t\t\t\t<div class=\"elementor-widget-container\">\n\t\t\t\t\t\t\t\t\t<div class=\"elementor-button-wrapper\">\n\t\t\t\t\t<a class=\"elementor-button elementor-button-link elementor-size-sm\" href=\"https:\/\/www.omni-biotic.com\/fr-fr\/blog\/omni-biotic-6\/\">\n\t\t\t\t\t\t<span class=\"elementor-button-content-wrapper\">\n\t\t\t\t\t\t\t\t\t<span class=\"elementor-button-text\">D\u00e9couvrir OMNi-BiOTiC\u00ae 6 : notre premier probiotique<\/span>\n\t\t\t\t\t<\/span>\n\t\t\t\t\t<\/a>\n\t\t\t\t<\/div>\n\t\t\t\t\t\t\t\t<\/div>\n\t\t\t\t<\/div>\n\t\t\t\t\t<\/div>\n\t\t\t\t<\/div>\n\t\t\t\t<\/div>\n\t\t","protected":false},"excerpt":{"rendered":"<p>Depuis 30 ans, l\u2019Institut AllergoSan se consacre \u00e0 la recherche et au d\u00e9veloppement de produits issus de substances naturelles telles que les bact\u00e9ries probiotiques, les extraits de plantes et les min\u00e9raux. Une intense et riche coop\u00e9ration avec des chercheurs de renomm\u00e9e internationale dans les domaines de la m\u00e9decine, de la biologie, de la pharmacie et [&hellip;]<\/p>\n","protected":false},"author":2,"featured_media":16301,"comment_status":"closed","ping_status":"closed","sticky":false,"template":"","format":"standard","meta":{"_acf_changed":false,"inline_featured_image":false,"footnotes":""},"categories":[111],"tags":[],"class_list":["post-16300","post","type-post","status-publish","format-standard","has-post-thumbnail","hentry","category-institut-allergosan"],"acf":[],"rank_math":{"og:title":"6 choses \u00e0 d\u00e9couvrir sur l\u2019Institut AllergoSan -OMNi-BiOTiC\u00ae","og:desc":"L'Institut AllergoSan se consacre depuis pr\u00e8s de 30 ans \u00e0 la recherche et au d\u00e9veloppement de probiotiques et de compl\u00e9ments alimentaires.","og:url":"https:\/\/www.omni-biotic.com\/fr-fr\/blog\/6-particularites-de-linstitut-allergosan\/","og:locale":"fr_FR","og:image":"https:\/\/www.omni-biotic.com\/fr-fr\/wp-content\/uploads\/sites\/4\/2023\/06\/201711-institutallergosan-magfrauwallner-magassinger-c-wolfganghummercom-scaled-1-683x1024.jpg","og:image:width":"683","og:image:height":"1024"},"additional_data":{"thumbnail":"https:\/\/www.omni-biotic.com\/fr-fr\/wp-content\/uploads\/sites\/4\/2023\/06\/201711-institutallergosan-magfrauwallner-magassinger-c-wolfganghummercom-scaled-1.jpg"},"blog_info":{"country":"fr-fr"},"_links":{"self":[{"href":"https:\/\/www.omni-biotic.com\/fr-fr\/wp-json\/wp\/v2\/posts\/16300","targetHints":{"allow":["GET"]}}],"collection":[{"href":"https:\/\/www.omni-biotic.com\/fr-fr\/wp-json\/wp\/v2\/posts"}],"about":[{"href":"https:\/\/www.omni-biotic.com\/fr-fr\/wp-json\/wp\/v2\/types\/post"}],"author":[{"embeddable":true,"href":"https:\/\/www.omni-biotic.com\/fr-fr\/wp-json\/wp\/v2\/users\/2"}],"replies":[{"embeddable":true,"href":"https:\/\/www.omni-biotic.com\/fr-fr\/wp-json\/wp\/v2\/comments?post=16300"}],"version-history":[{"count":7,"href":"https:\/\/www.omni-biotic.com\/fr-fr\/wp-json\/wp\/v2\/posts\/16300\/revisions"}],"predecessor-version":[{"id":28516,"href":"https:\/\/www.omni-biotic.com\/fr-fr\/wp-json\/wp\/v2\/posts\/16300\/revisions\/28516"}],"wp:featuredmedia":[{"embeddable":true,"href":"https:\/\/www.omni-biotic.com\/fr-fr\/wp-json\/wp\/v2\/media\/16301"}],"wp:attachment":[{"href":"https:\/\/www.omni-biotic.com\/fr-fr\/wp-json\/wp\/v2\/media?parent=16300"}],"wp:term":[{"taxonomy":"category","embeddable":true,"href":"https:\/\/www.omni-biotic.com\/fr-fr\/wp-json\/wp\/v2\/categories?post=16300"},{"taxonomy":"post_tag","embeddable":true,"href":"https:\/\/www.omni-biotic.com\/fr-fr\/wp-json\/wp\/v2\/tags?post=16300"}],"curies":[{"name":"wp","href":"https:\/\/api.w.org\/{rel}","templated":true}]}}