{"id":16324,"date":"2023-01-27T11:22:27Z","date_gmt":"2023-01-27T10:22:27Z","guid":{"rendered":"https:\/\/www.omni-biotic.com\/fr-fr\/dermatite-atopique-chez-les-nourrissons-pourquoi-utiliser-des-probiotiques\/"},"modified":"2024-02-23T09:18:22Z","modified_gmt":"2024-02-23T08:18:22Z","slug":"dermatite-atopique-chez-les-nourrissons-pourquoi-utiliser-des-probiotiques","status":"publish","type":"post","link":"https:\/\/www.omni-biotic.com\/fr-fr\/blog\/dermatite-atopique-chez-les-nourrissons-pourquoi-utiliser-des-probiotiques\/","title":{"rendered":"Ecz\u00e9ma chez l&rsquo;enfant : pourquoi utiliser des probiotiques ?"},"content":{"rendered":"\t\t<div data-elementor-type=\"wp-post\" data-elementor-id=\"16324\" class=\"elementor elementor-16324\" data-elementor-post-type=\"post\">\n\t\t\t\t<div class=\"elementor-element elementor-element-1cda114 obcs none e-flex e-con-boxed e-con e-parent\" data-id=\"1cda114\" data-element_type=\"container\">\n\t\t\t\t\t<div class=\"e-con-inner\">\n\t\t\t\t<div class=\"elementor-element elementor-element-271c530 elementor-widget elementor-widget-text-editor\" data-id=\"271c530\" data-element_type=\"widget\" data-widget_type=\"text-editor.default\">\n\t\t\t\t<div class=\"elementor-widget-container\">\n\t\t\t\t\t\t\t\t\t<p><em>Dermatite atopique, ecz\u00e9ma atopique ou neurodermatite : cette maladie porte diff\u00e9rents noms. Elle peut concerner tout le monde car les nourrissons, les enfants et aussi certains adultes sont touch\u00e9s. La dermatite atopique est une maladie chronique de la peau provoquant des rougeurs, des d\u00e9mangeaisons, un dess\u00e8chement de la peau ou des cro\u00fbtes. Les parents dont l\u2019enfant souffre de dermatite se questionnent sur les raisons, les solutions th\u00e9rapeutiques et les mesures \u00e0 adopter. Il existe des traitements qui soulagent la maladie mais la dermatite atopique ne peut pas \u00eatre gu\u00e9rie. Qu\u2019apportent alors les probiotiques dans ce cas ? Ils peuvent aider \u00e0 renforcer le syst\u00e8me immunitaire des tout-petits d\u00e8s le d\u00e9but. Voyons pourquoi cela est b\u00e9n\u00e9fique !\u00a0<\/em><\/p>\t\t\t\t\t\t\t\t<\/div>\n\t\t\t\t<\/div>\n\t\t\t\t<div class=\"elementor-element elementor-element-17c19bd elementor-widget__width-initial elementor-widget elementor-widget-text-editor\" data-id=\"17c19bd\" data-element_type=\"widget\" data-widget_type=\"text-editor.default\">\n\t\t\t\t<div class=\"elementor-widget-container\">\n\t\t\t\t\t\t\t\t\t<p>\u00c7a <strong>d\u00e9mange<\/strong>, la peau est rouge et s\u00e8che, on se <strong>gratte<\/strong>, la peau s\u2019ab\u00eeme ce qui aggrave la situation ! Environ <strong>10 \u00e0 15 % des enfants<\/strong> doivent vivre avec cette maladie. Les parents sont inquiets car les pouss\u00e9es tourmentent leur enfant qui a envie de se gratter. De plus, la maladie s\u2019accompagne souvent de <strong>troubles du sommeil<\/strong> et parfois d\u2019un sentiment de honte \u00e0 cause de l\u2019<strong>apparence de la peau<\/strong> et d\u2019une m\u00e9connaissance de cette affection.<\/p>\t\t\t\t\t\t\t\t<\/div>\n\t\t\t\t<\/div>\n\t\t\t\t\t<\/div>\n\t\t\t\t<\/div>\n\t\t<div class=\"elementor-element elementor-element-860e275 obcs none e-flex e-con-boxed e-con e-parent\" data-id=\"860e275\" data-element_type=\"container\">\n\t\t\t\t\t<div class=\"e-con-inner\">\n\t\t\t\t<div class=\"elementor-element elementor-element-a5a0b25 elementor-widget elementor-widget-heading\" data-id=\"a5a0b25\" data-element_type=\"widget\" data-widget_type=\"heading.default\">\n\t\t\t\t<div class=\"elementor-widget-container\">\n\t\t\t\t\t<h2 class=\"elementor-heading-title elementor-size-default\">L'ecz\u00e9ma chez les tout-petits<\/h2>\t\t\t\t<\/div>\n\t\t\t\t<\/div>\n\t\t\t\t<div class=\"elementor-element elementor-element-e9771d9 elementor-widget__width-initial elementor-widget elementor-widget-text-editor\" data-id=\"e9771d9\" data-element_type=\"widget\" data-widget_type=\"text-editor.default\">\n\t\t\t\t<div class=\"elementor-widget-container\">\n\t\t\t\t\t\t\t\t\t<p>Le risque qu\u2019un b\u00e9b\u00e9 d\u00e9veloppe un ecz\u00e9ma atopique est fortement li\u00e9 \u00e0 une <strong>pr\u00e9disposition g\u00e9n\u00e9tique<\/strong>. Toutefois, on constate que le nombre de personnes qui d\u00e9veloppent des r\u00e9actions allergiques est en augmentation en Europe et cette hausse concerne aussi cette maladie cutan\u00e9e. Des <strong>causes environnementales<\/strong> seraient aussi impliqu\u00e9es. En d\u00e9finitive, <strong>une combinaison de plusieurs facteurs<\/strong> seraient \u00e0 l\u2019origine de l\u2019apparition de cette maladie, en plus de ceux cit\u00e9s auparavant, on peut ajouter une hygi\u00e8ne excessive, l\u2019alimentation, le tabagisme passif ou la pollution.<\/p><p>G\u00e9n\u00e9ralement, chez les nourrissons, la dermatite atopique appara\u00eet d\u00e8s les premiers mois apr\u00e8s la naissance. Chez les personnes atteintes de cette maladie, la <strong>fonction protectrice<\/strong> de la peau est <strong>limit\u00e9e<\/strong> et les irritations m\u00eame minimes peuvent <strong>entra\u00eener des inflammations<\/strong>. Toutefois, chez un enfant sur trois, les troubles s\u2019att\u00e9nuent au fil des ans et finissent par dispara\u00eetre compl\u00e8tement. En revanche, beaucoup d\u2019entre eux <strong>d\u00e9veloppent d\u2019autres <\/strong><a href=\"https:\/\/www.omni-biotic.com\/fr-fr\/troubles-digestifs\/allergies\/\"><strong>maladies allergiques<\/strong><\/a> telles que l\u2019allergie au pollen ou l\u2019asthme.<\/p>\t\t\t\t\t\t\t\t<\/div>\n\t\t\t\t<\/div>\n\t\t\t\t<div class=\"elementor-element elementor-element-a79765d elementor-widget elementor-widget-image\" data-id=\"a79765d\" data-element_type=\"widget\" data-widget_type=\"image.default\">\n\t\t\t\t<div class=\"elementor-widget-container\">\n\t\t\t\t\t\t\t\t\t\t\t\t\t\t\t<img fetchpriority=\"high\" decoding=\"async\" width=\"800\" height=\"534\" src=\"https:\/\/www.omni-biotic.com\/fr-fr\/wp-content\/uploads\/sites\/4\/2023\/01\/enfant_eczema_dermatite.jpg\" class=\"attachment-large size-large wp-image-19984\" alt=\"Ecz\u00e9ma : probiotiques et probl\u00e8mes de peau\" srcset=\"https:\/\/www.omni-biotic.com\/fr-fr\/wp-content\/uploads\/sites\/4\/2023\/01\/enfant_eczema_dermatite.jpg 1024w, https:\/\/www.omni-biotic.com\/fr-fr\/wp-content\/uploads\/sites\/4\/2023\/01\/enfant_eczema_dermatite-300x200.jpg 300w, https:\/\/www.omni-biotic.com\/fr-fr\/wp-content\/uploads\/sites\/4\/2023\/01\/enfant_eczema_dermatite-768x512.jpg 768w\" sizes=\"(max-width: 800px) 100vw, 800px\" title=\"\">\t\t\t\t\t\t\t\t\t\t\t\t\t\t\t<\/div>\n\t\t\t\t<\/div>\n\t\t\t\t\t<\/div>\n\t\t\t\t<\/div>\n\t\t<div class=\"elementor-element elementor-element-660eab2 obcs none e-flex e-con-boxed e-con e-parent\" data-id=\"660eab2\" data-element_type=\"container\">\n\t\t\t\t\t<div class=\"e-con-inner\">\n\t\t\t\t<div class=\"elementor-element elementor-element-1d648c5 elementor-widget elementor-widget-heading\" data-id=\"1d648c5\" data-element_type=\"widget\" data-widget_type=\"heading.default\">\n\t\t\t\t<div class=\"elementor-widget-container\">\n\t\t\t\t\t<h2 class=\"elementor-heading-title elementor-size-default\">Ecz\u00e9ma : diagnostic et possibilit\u00e9s de traitement<\/h2>\t\t\t\t<\/div>\n\t\t\t\t<\/div>\n\t\t\t\t<div class=\"elementor-element elementor-element-8f2c73e elementor-widget elementor-widget-text-editor\" data-id=\"8f2c73e\" data-element_type=\"widget\" data-widget_type=\"text-editor.default\">\n\t\t\t\t<div class=\"elementor-widget-container\">\n\t\t\t\t\t\t\t\t\t<p>La dermatite atopique est rarement diagnostiqu\u00e9e d\u00e8s la premi\u00e8re consultation m\u00e9dicale. En effet, le diagnostic ne peut \u00eatre clairement \u00e9tabli que lorsque les troubles apparaissent par pouss\u00e9es et de mani\u00e8re r\u00e9currente ou lorsque les enfants r\u00e9agissent, ou non, \u00e0 certains traitements comme les cr\u00e8mes ou les pommades. Les options th\u00e9rapeutiques varient en fonction du <strong>degr\u00e9 de s\u00e9v\u00e9rit\u00e9<\/strong> de la maladie et des cr\u00e8mes, des comprim\u00e9s voire des r\u00e9gimes alimentaires sp\u00e9cifiques sont prescrits. Les <strong>pr\u00e9parations <a href=\"https:\/\/www.omni-biotic.com\/fr-fr\/sante-intestin\/intestin-centre-bien-etre\/probiotiques\/\">probiotiques<\/a><\/strong> permettent \u00e9galement d\u2019obtenir des <strong>r\u00e9sultats satisfaisants<\/strong>.<\/p>\t\t\t\t\t\t\t\t<\/div>\n\t\t\t\t<\/div>\n\t\t\t\t\t<\/div>\n\t\t\t\t<\/div>\n\t\t<div class=\"elementor-element elementor-element-4cef4ed obcs none e-flex e-con-boxed e-con e-parent\" data-id=\"4cef4ed\" data-element_type=\"container\">\n\t\t\t\t\t<div class=\"e-con-inner\">\n\t\t\t\t<div class=\"elementor-element elementor-element-bd13a54 elementor-widget elementor-widget-heading\" data-id=\"bd13a54\" data-element_type=\"widget\" data-widget_type=\"heading.default\">\n\t\t\t\t<div class=\"elementor-widget-container\">\n\t\t\t\t\t<h2 class=\"elementor-heading-title elementor-size-default\">Les effets positifs des probiotiques sur le syst\u00e8me immunitaire<\/h2>\t\t\t\t<\/div>\n\t\t\t\t<\/div>\n\t\t\t\t<div class=\"elementor-element elementor-element-1bd48dd elementor-widget elementor-widget-text-editor\" data-id=\"1bd48dd\" data-element_type=\"widget\" data-widget_type=\"text-editor.default\">\n\t\t\t\t<div class=\"elementor-widget-container\">\n\t\t\t\t\t\t\t\t\t<p>Plusieurs \u00e9tudes cliniques ont d\u00e9montr\u00e9 que l\u2019administration de <a href=\"https:\/\/www.omni-biotic.com\/fr-fr\/sante-intestin\/intestin-centre-bien-etre\/probiotiques\/\"><strong>probiotiques<\/strong><\/a> permet de <strong>r\u00e9duire jusqu\u2019\u00e0 80 % les pouss\u00e9es<\/strong> de la dermatite atopique. La maladie ne peut certes pas (encore) \u00eatre gu\u00e9rie, mais une <strong>absence de sympt\u00f4mes<\/strong> peut \u00eatre maintenue gr\u00e2ce \u00e0 une <strong><a href=\"https:\/\/www.omni-biotic.com\/fr-fr\/sante-intestin\/intestin-centre-bien-etre\/microbiote-intestinal\/\">flore intestinale<\/a><\/strong><strong> \u00e9quilibr\u00e9e<\/strong>. Par ailleurs, il est conseill\u00e9 d\u2019\u00e9viter les situations stressantes et de supprimer les aliments non ou mal tol\u00e9r\u00e9s de son alimentation. La farine raffin\u00e9e, les \u00e9pices fortes, les produits laitiers et les produits \u00e0 base de soja sont notamment peu support\u00e9s par les personnes souffrant de dermatite atopique.<\/p><p>Les derni\u00e8res d\u00e9couvertes scientifiques sont particuli\u00e8rement int\u00e9ressantes pour les futurs parents qui souffrent eux-m\u00eames d\u2019allergies, d\u2019asthme ou de dermatite atopique. Il est d\u00e9sormais possible de <strong>prot\u00e9ger les enfants contre le d\u00e9veloppement d\u2019une maladie allergique<\/strong> avant m\u00eame leur naissance. Une femme enceinte qui prend pendant sa grossesse une <strong>combinaison de souches probiotiques<\/strong> sp\u00e9cialement s\u00e9lectionn\u00e9e et \u00e9labor\u00e9e peut r\u00e9duire consid\u00e9rablement le risque que son enfant d\u00e9veloppe plus tard de l\u2019ecz\u00e9ma atopique. Apr\u00e8s la naissance, des experts recommandent de donner au nouveau-n\u00e9 la m\u00eame pr\u00e9paration probiotique pendant sa premi\u00e8re ann\u00e9e. De cette fa\u00e7on, l\u2019enfant a toute les chances de <strong>d\u00e9velopper un syst\u00e8me immunitaire stable<\/strong> ce qui est essentiel car, en cas de dermatite atopique, la r\u00e9ponse immunitaire ne r\u00e9agit pas de mani\u00e8re appropri\u00e9e. En outre, son <strong>microbiote intestinal<\/strong> sera <strong>\u00e9quilibr\u00e9<\/strong> et colonis\u00e9 par des <a href=\"https:\/\/www.omni-biotic.com\/fr-fr\/sante-intestin\/intestin-centre-bien-etre\/bacteries-intestinales\/\"><strong>bact\u00e9ries b\u00e9n\u00e9fiques<\/strong><\/a>.<\/p>\t\t\t\t\t\t\t\t<\/div>\n\t\t\t\t<\/div>\n\t\t\t\t\t<\/div>\n\t\t\t\t<\/div>\n\t\t\t\t<\/div>\n\t\t","protected":false},"excerpt":{"rendered":"<p>Dermatite atopique, ecz\u00e9ma atopique ou neurodermatite : cette maladie porte diff\u00e9rents noms. Elle peut concerner tout le monde car les nourrissons, les enfants et aussi certains adultes sont touch\u00e9s. La dermatite atopique est une maladie chronique de la peau provoquant des rougeurs, des d\u00e9mangeaisons, un dess\u00e8chement de la peau ou des cro\u00fbtes. Les parents dont [&hellip;]<\/p>\n","protected":false},"author":2,"featured_media":16325,"comment_status":"closed","ping_status":"closed","sticky":false,"template":"","format":"standard","meta":{"_acf_changed":false,"inline_featured_image":false,"footnotes":""},"categories":[211],"tags":[],"class_list":["post-16324","post","type-post","status-publish","format-standard","has-post-thumbnail","hentry","category-la-sante-des-enfants"],"acf":[],"rank_math":{"og:title":"Ecz\u00e9ma chez l\u2019enfant : prendre un probiotique ? -OMNi-BiOTiC","og:desc":"Les b\u00e9b\u00e9s et les enfants atteints de dermatite atopique ou ecz\u00e9ma souffrent d'une maladie cutan\u00e9e qui les g\u00eane. Que faire ? Lire la suite...","og:url":"https:\/\/www.omni-biotic.com\/fr-fr\/blog\/dermatite-atopique-chez-les-nourrissons-pourquoi-utiliser-des-probiotiques\/","og:locale":"fr_FR","og:image":"https:\/\/www.omni-biotic.com\/fr-fr\/wp-content\/uploads\/sites\/4\/2023\/06\/maedchen-mit-neurodermitis.jpg","og:image:width":"1200","og:image:height":"800"},"additional_data":{"thumbnail":"https:\/\/www.omni-biotic.com\/fr-fr\/wp-content\/uploads\/sites\/4\/2023\/06\/maedchen-mit-neurodermitis.jpg"},"blog_info":{"country":"fr-fr"},"_links":{"self":[{"href":"https:\/\/www.omni-biotic.com\/fr-fr\/wp-json\/wp\/v2\/posts\/16324","targetHints":{"allow":["GET"]}}],"collection":[{"href":"https:\/\/www.omni-biotic.com\/fr-fr\/wp-json\/wp\/v2\/posts"}],"about":[{"href":"https:\/\/www.omni-biotic.com\/fr-fr\/wp-json\/wp\/v2\/types\/post"}],"author":[{"embeddable":true,"href":"https:\/\/www.omni-biotic.com\/fr-fr\/wp-json\/wp\/v2\/users\/2"}],"replies":[{"embeddable":true,"href":"https:\/\/www.omni-biotic.com\/fr-fr\/wp-json\/wp\/v2\/comments?post=16324"}],"version-history":[{"count":6,"href":"https:\/\/www.omni-biotic.com\/fr-fr\/wp-json\/wp\/v2\/posts\/16324\/revisions"}],"predecessor-version":[{"id":22463,"href":"https:\/\/www.omni-biotic.com\/fr-fr\/wp-json\/wp\/v2\/posts\/16324\/revisions\/22463"}],"wp:featuredmedia":[{"embeddable":true,"href":"https:\/\/www.omni-biotic.com\/fr-fr\/wp-json\/wp\/v2\/media\/16325"}],"wp:attachment":[{"href":"https:\/\/www.omni-biotic.com\/fr-fr\/wp-json\/wp\/v2\/media?parent=16324"}],"wp:term":[{"taxonomy":"category","embeddable":true,"href":"https:\/\/www.omni-biotic.com\/fr-fr\/wp-json\/wp\/v2\/categories?post=16324"},{"taxonomy":"post_tag","embeddable":true,"href":"https:\/\/www.omni-biotic.com\/fr-fr\/wp-json\/wp\/v2\/tags?post=16324"}],"curies":[{"name":"wp","href":"https:\/\/api.w.org\/{rel}","templated":true}]}}