{"id":16356,"date":"2023-03-07T09:30:08Z","date_gmt":"2023-03-07T08:30:08Z","guid":{"rendered":"https:\/\/www.omni-biotic.com\/fr-fr\/le-systeme-immunitaire-et-le-microbiote-des-nourrissons\/"},"modified":"2026-04-02T12:01:15Z","modified_gmt":"2026-04-02T10:01:15Z","slug":"le-systeme-immunitaire-et-le-microbiote-des-nourrissons","status":"publish","type":"post","link":"https:\/\/www.omni-biotic.com\/fr-fr\/blog\/le-systeme-immunitaire-et-le-microbiote-des-nourrissons\/","title":{"rendered":"Le syst\u00e8me immunitaire et le microbiote des nourrissons"},"content":{"rendered":"\t\t<div data-elementor-type=\"wp-post\" data-elementor-id=\"16356\" class=\"elementor elementor-16356\" data-elementor-post-type=\"post\">\n\t\t\t\t<div class=\"elementor-element elementor-element-f0773f0 obcs none e-flex e-con-boxed e-con e-parent\" data-id=\"f0773f0\" data-element_type=\"container\">\n\t\t\t\t\t<div class=\"e-con-inner\">\n\t\t\t\t<div class=\"elementor-element elementor-element-07f86c5 elementor-widget elementor-widget-text-editor\" data-id=\"07f86c5\" data-element_type=\"widget\" data-widget_type=\"text-editor.default\">\n\t\t\t\t<div class=\"elementor-widget-container\">\n\t\t\t\t\t\t\t\t\t<p><em>Le d\u00e9veloppement des d\u00e9fenses immunitaires des nourrissons commence d\u00e9j\u00e0 dans le ventre de la m\u00e8re et la constitution de sa flore intestinale se met en place d\u00e8s la naissance et se fait progressivement. La composition du microbiote est importante \u00e0 cet \u00e2ge car il est susceptible d\u2019avoir une influence sur le risque de d\u00e9velopper une maladie plus tard.\u00a0<\/em><\/p>\t\t\t\t\t\t\t\t<\/div>\n\t\t\t\t<\/div>\n\t\t\t\t\t<\/div>\n\t\t\t\t<\/div>\n\t\t<div class=\"elementor-element elementor-element-c1fa79c obcs none e-flex e-con-boxed e-con e-parent\" data-id=\"c1fa79c\" data-element_type=\"container\">\n\t\t\t\t\t<div class=\"e-con-inner\">\n\t\t\t\t<div class=\"elementor-element elementor-element-8e48d2d elementor-widget elementor-widget-heading\" data-id=\"8e48d2d\" data-element_type=\"widget\" data-widget_type=\"heading.default\">\n\t\t\t\t<div class=\"elementor-widget-container\">\n\t\t\t\t\t<h3 class=\"elementor-heading-title elementor-size-default\">Le microbiote de la m\u00e8re influe sur le d\u00e9veloppement du syst\u00e8me immunitaire du b\u00e9b\u00e9<\/h3>\t\t\t\t<\/div>\n\t\t\t\t<\/div>\n\t\t\t\t<div class=\"elementor-element elementor-element-f89b716 elementor-widget__width-initial elementor-widget elementor-widget-text-editor\" data-id=\"f89b716\" data-element_type=\"widget\" data-widget_type=\"text-editor.default\">\n\t\t\t\t<div class=\"elementor-widget-container\">\n\t\t\t\t\t\t\t\t\t<p>Les g\u00e8nes que les parents transmettent \u00e0 leur enfant ne sont pas les seuls \u00e0 d\u00e9terminer le d\u00e9veloppement du syst\u00e8me immunitaire. Ce dernier prend forme dans le ventre de la m\u00e8re car il y rencontre notamment des anticorps contre certains agents pathog\u00e8nes via le sang de la m\u00e8re. Le microbiote intestinal de la m\u00e8re a \u00e9galement un impact sur la mani\u00e8re dont les d\u00e9fenses immunitaires de l\u2019enfant se d\u00e9veloppent.<\/p><p>Certaines \u00e9tudes montrent clairement que les <strong>bact\u00e9ries<\/strong> pr\u00e9sentes dans les intestins de la m\u00e8re <strong>fa\u00e7onnent le syst\u00e8me de d\u00e9fense<\/strong> du f\u0153tus. Par cons\u00e9quent, si la m\u00e8re prend des bact\u00e9ries utiles sous forme de <a href=\"https:\/\/www.omni-biotic.com\/fr-fr\/sante-intestin\/intestin-centre-bien-etre\/\"><strong>probiotiques<\/strong><\/a> pendant le dernier mois de grossesse et que cette administration est poursuivie chez le nouveau-n\u00e9 pendant les six premiers mois de sa vie, il sera moins susceptible de d\u00e9velopper un trouble plus tard tel que la dermatite atopique.<\/p>\t\t\t\t\t\t\t\t<\/div>\n\t\t\t\t<\/div>\n\t\t\t\t<div class=\"elementor-element elementor-element-33b5808 elementor-widget elementor-widget-image\" data-id=\"33b5808\" data-element_type=\"widget\" data-widget_type=\"image.default\">\n\t\t\t\t<div class=\"elementor-widget-container\">\n\t\t\t\t\t\t\t\t\t\t\t\t\t\t\t<img fetchpriority=\"high\" decoding=\"async\" width=\"800\" height=\"530\" src=\"https:\/\/www.omni-biotic.com\/fr-fr\/wp-content\/uploads\/sites\/4\/2023\/03\/microbiote_nourrissons-1024x678.png\" class=\"attachment-large size-large wp-image-22818\" alt=\"Le microbiote des nourrissons et leur syst\u00e8me immunitaire\" srcset=\"https:\/\/www.omni-biotic.com\/fr-fr\/wp-content\/uploads\/sites\/4\/2023\/03\/microbiote_nourrissons-1024x678.png 1024w, https:\/\/www.omni-biotic.com\/fr-fr\/wp-content\/uploads\/sites\/4\/2023\/03\/microbiote_nourrissons-300x199.png 300w, https:\/\/www.omni-biotic.com\/fr-fr\/wp-content\/uploads\/sites\/4\/2023\/03\/microbiote_nourrissons-768x509.png 768w, https:\/\/www.omni-biotic.com\/fr-fr\/wp-content\/uploads\/sites\/4\/2023\/03\/microbiote_nourrissons.png 1200w\" sizes=\"(max-width: 800px) 100vw, 800px\" title=\"\">\t\t\t\t\t\t\t\t\t\t\t\t\t\t\t<\/div>\n\t\t\t\t<\/div>\n\t\t\t\t\t<\/div>\n\t\t\t\t<\/div>\n\t\t<div class=\"elementor-element elementor-element-6d00176 obcs none e-flex e-con-boxed e-con e-parent\" data-id=\"6d00176\" data-element_type=\"container\">\n\t\t\t\t\t<div class=\"e-con-inner\">\n\t\t\t\t<div class=\"elementor-element elementor-element-71a5ade elementor-widget elementor-widget-heading\" data-id=\"71a5ade\" data-element_type=\"widget\" data-widget_type=\"heading.default\">\n\t\t\t\t<div class=\"elementor-widget-container\">\n\t\t\t\t\t<h3 class=\"elementor-heading-title elementor-size-default\">L\u2019accouchement par voie basse et l\u2019allaitement : des coups de pouce pour le microbiote<\/h3>\t\t\t\t<\/div>\n\t\t\t\t<\/div>\n\t\t\t\t<div class=\"elementor-element elementor-element-f822f1c elementor-widget elementor-widget-text-editor\" data-id=\"f822f1c\" data-element_type=\"widget\" data-widget_type=\"text-editor.default\">\n\t\t\t\t<div class=\"elementor-widget-container\">\n\t\t\t\t\t\t\t\t\t<p>La mani\u00e8re dont un b\u00e9b\u00e9 est mis au monde a une influence sur l\u2019origine des bact\u00e9ries qui s\u2019installent dans ses intestins. Si l\u2019enfant na\u00eet par c\u00e9sarienne, il n\u2019entre pas en contact avec <strong>les bact\u00e9ries pr\u00e9sentes dans le canal pelvi-g\u00e9nital<\/strong> de sa m\u00e8re mais avec les micro-organismes pr\u00e9sents dans l\u2019environnement au moment de la naissance. Cela entra\u00eene une r\u00e9duction de la diversit\u00e9 des bact\u00e9ries dans les intestins d\u2019un nouveau-n\u00e9, pouvant \u00eatre \u00e0 l\u2019origine d\u2019un manque de ferments lactiques dont des lactobacilles et des bifidobact\u00e9ries. <a href=\"https:\/\/www.omni-biotic.com\/fr-fr\/sante-intestin\/intestin-organe-influent\/grossesse-allaitement\/\"><strong>L\u2019allaitement<\/strong><\/a> peut alors aider \u00e0 <strong>r\u00e9tablir l\u2019\u00e9quilibre<\/strong> bact\u00e9rien de la flore car le lait maternel est riche notamment en bifidobact\u00e9ries. Les risques d\u2019infection et de diarrh\u00e9e peuvent par cons\u00e9quent diminuer.<\/p><p>Le lait maternel a une <strong>fonction protectrice<\/strong> b\u00e9n\u00e9fique pour le nouveau-n\u00e9 qui peut \u00eatre am\u00e9lior\u00e9e si la m\u00e8re prend des <strong>probiotiques<\/strong>. En effet, diverses souches bact\u00e9riennes contribuent au bon fonctionnement de l\u2019appareil digestif du nouveau-n\u00e9, aident \u00e0 la production de vitamines chez le b\u00e9b\u00e9 et ainsi, elles peuvent pr\u00e9venir la propagation d\u2019agents pathog\u00e8nes. Par ailleurs, le <strong>microbiote<\/strong> intestinal des nourrissons peut \u00eatre <strong>facilement alt\u00e9r\u00e9 ou d\u00e9s\u00e9quilibr\u00e9<\/strong>, par exemple, quand des <strong>antibiotiques<\/strong> leur sont administr\u00e9s. Le microbiome est particuli\u00e8rement <strong>sensible<\/strong> pendant les deux premi\u00e8res ann\u00e9es de vie.<\/p>\t\t\t\t\t\t\t\t<\/div>\n\t\t\t\t<\/div>\n\t\t\t\t<div class=\"elementor-element elementor-element-ee8712c elementor-widget elementor-widget-image\" data-id=\"ee8712c\" data-element_type=\"widget\" data-widget_type=\"image.default\">\n\t\t\t\t<div class=\"elementor-widget-container\">\n\t\t\t\t\t\t\t\t\t\t\t\t\t\t\t<img decoding=\"async\" width=\"800\" height=\"534\" src=\"https:\/\/www.omni-biotic.com\/fr-fr\/wp-content\/uploads\/sites\/4\/2023\/06\/immunite-microbiote-nourrisson.jpg\" class=\"attachment-large size-large wp-image-16357\" alt=\"D\u00e9veloppement du microbiote et du syst\u00e8me immunitaire\" srcset=\"https:\/\/www.omni-biotic.com\/fr-fr\/wp-content\/uploads\/sites\/4\/2023\/06\/immunite-microbiote-nourrisson.jpg 1000w, https:\/\/www.omni-biotic.com\/fr-fr\/wp-content\/uploads\/sites\/4\/2023\/06\/immunite-microbiote-nourrisson-300x200.jpg 300w, https:\/\/www.omni-biotic.com\/fr-fr\/wp-content\/uploads\/sites\/4\/2023\/06\/immunite-microbiote-nourrisson-768x512.jpg 768w\" sizes=\"(max-width: 800px) 100vw, 800px\" title=\"\">\t\t\t\t\t\t\t\t\t\t\t\t\t\t\t<\/div>\n\t\t\t\t<\/div>\n\t\t\t\t\t<\/div>\n\t\t\t\t<\/div>\n\t\t<div class=\"elementor-element elementor-element-0e3fab5 obcs none e-flex e-con-boxed e-con e-parent\" data-id=\"0e3fab5\" data-element_type=\"container\">\n\t\t\t\t\t<div class=\"e-con-inner\">\n\t\t\t\t<div class=\"elementor-element elementor-element-04bfbe8 elementor-widget elementor-widget-heading\" data-id=\"04bfbe8\" data-element_type=\"widget\" data-widget_type=\"heading.default\">\n\t\t\t\t<div class=\"elementor-widget-container\">\n\t\t\t\t\t<h3 class=\"elementor-heading-title elementor-size-default\">Un microbiote intestinal \u00e9quilibr\u00e9 = un syst\u00e8me immunitaire fort<\/h3>\t\t\t\t<\/div>\n\t\t\t\t<\/div>\n\t\t\t\t<div class=\"elementor-element elementor-element-06d01e1 elementor-widget elementor-widget-text-editor\" data-id=\"06d01e1\" data-element_type=\"widget\" data-widget_type=\"text-editor.default\">\n\t\t\t\t<div class=\"elementor-widget-container\">\n\t\t\t\t\t\t\t\t\t<p>Si le microbiote intestinal d\u2019un b\u00e9b\u00e9 ne s\u2019est pas d\u00e9velopp\u00e9 correctement, son <strong>syst\u00e8me immunitaire<\/strong> est aussi impact\u00e9. D\u00e8s lors, la probabilit\u00e9 qu\u2019un enfant d\u00e9veloppe de l\u2019asthme, des allergies ou des maladies auto-immunes telles que le diab\u00e8te de type 1 augmente. D\u2019ailleurs, le nombre de personnes qui souffrent de <a href=\"https:\/\/www.omni-biotic.com\/fr-fr\/troubles-digestifs\/allergies\/\"><strong>maladies allergiques<\/strong><\/a> est en constante <strong>croissance<\/strong> dans le monde occidental. Des scientifiques ont \u00e9mis l\u2019hypoth\u00e8se qu\u2019une hygi\u00e8ne trop aseptis\u00e9e pourrait expliquer ce ph\u00e9nom\u00e8ne : une <strong>propret\u00e9 excessive<\/strong> serait susceptible de provoquer une <strong>r\u00e9action excessive<\/strong> du syst\u00e8me immunitaire. Celui-ci se retourne alors contre des substances en principe inoffensives comme le pollen ou les acariens. Plusieurs \u00e9tudes ont montr\u00e9 que les enfants qui grandissaient \u00e0 la ferme pr\u00e9sentaient un syst\u00e8me immunitaire plus fort. De ce fait, ils souffrent moins souvent d\u2019asthme ou de rhinite allergique (ou rhume des foins). C\u2019est pourquoi il est b\u00e9n\u00e9fique que <a href=\"https:\/\/www.omni-biotic.com\/fr-fr\/blog\/grandir-a-la-ferme-immunite\/\">les enfants c\u00f4toient des animaux<\/a> d\u00e8s leur plus jeune \u00e2ge et qu\u2019ils jouent aussi souvent que possible \u00e0 l\u2019ext\u00e9rieur.<\/p>\t\t\t\t\t\t\t\t<\/div>\n\t\t\t\t<\/div>\n\t\t\t\t\t<\/div>\n\t\t\t\t<\/div>\n\t\t<div class=\"elementor-element elementor-element-05d477f obcs none e-flex e-con-boxed e-con e-parent\" data-id=\"05d477f\" data-element_type=\"container\">\n\t\t\t\t\t<div class=\"e-con-inner\">\n\t\t\t\t<div class=\"elementor-element elementor-element-bbf7b75 elementor-widget elementor-widget-button\" data-id=\"bbf7b75\" data-element_type=\"widget\" data-widget_type=\"button.default\">\n\t\t\t\t<div class=\"elementor-widget-container\">\n\t\t\t\t\t\t\t\t\t<div class=\"elementor-button-wrapper\">\n\t\t\t\t\t<a class=\"elementor-button elementor-button-link elementor-size-lg\" href=\"https:\/\/www.omni-biotic.com\/fr-fr\/sante-intestin\/intestin-organe-influent\/grossesse-allaitement\/\">\n\t\t\t\t\t\t<span class=\"elementor-button-content-wrapper\">\n\t\t\t\t\t\t\t\t\t<span class=\"elementor-button-text\">Dossier \"grossesse &amp; allaitement\"<\/span>\n\t\t\t\t\t<\/span>\n\t\t\t\t\t<\/a>\n\t\t\t\t<\/div>\n\t\t\t\t\t\t\t\t<\/div>\n\t\t\t\t<\/div>\n\t\t\t\t\t<\/div>\n\t\t\t\t<\/div>\n\t\t\t\t<\/div>\n\t\t","protected":false},"excerpt":{"rendered":"<p>Le d\u00e9veloppement des d\u00e9fenses immunitaires des nourrissons commence d\u00e9j\u00e0 dans le ventre de la m\u00e8re et la constitution de sa flore intestinale se met en place d\u00e8s la naissance et se fait progressivement. La composition du microbiote est importante \u00e0 cet \u00e2ge car il est susceptible d\u2019avoir une influence sur le risque de d\u00e9velopper une [&hellip;]<\/p>\n","protected":false},"author":2,"featured_media":22818,"comment_status":"closed","ping_status":"closed","sticky":false,"template":"","format":"standard","meta":{"_acf_changed":false,"inline_featured_image":false,"footnotes":""},"categories":[224,215],"tags":[],"class_list":["post-16356","post","type-post","status-publish","format-standard","has-post-thumbnail","hentry","category-la-sante-des-nourrissons","category-immunite"],"acf":[],"rank_math":{"og:title":"Syst\u00e8me immunitaire et microbiote des nourrissons","og:desc":"Nourrissons : le d\u00e9veloppement de leur microbiote et de leurs d\u00e9fenses immunitaires est influenc\u00e9 par le microbiome de leur m\u00e8re. Lire la suite !","og:url":"https:\/\/www.omni-biotic.com\/fr-fr\/blog\/le-systeme-immunitaire-et-le-microbiote-des-nourrissons\/","og:locale":"fr_FR","og:image":"https:\/\/www.omni-biotic.com\/fr-fr\/wp-content\/uploads\/sites\/4\/2023\/03\/microbiote_nourrissons.png","og:image:width":"1200","og:image:height":"795"},"additional_data":{"thumbnail":"https:\/\/www.omni-biotic.com\/fr-fr\/wp-content\/uploads\/sites\/4\/2023\/03\/microbiote_nourrissons.png"},"blog_info":{"country":"fr-fr"},"_links":{"self":[{"href":"https:\/\/www.omni-biotic.com\/fr-fr\/wp-json\/wp\/v2\/posts\/16356","targetHints":{"allow":["GET"]}}],"collection":[{"href":"https:\/\/www.omni-biotic.com\/fr-fr\/wp-json\/wp\/v2\/posts"}],"about":[{"href":"https:\/\/www.omni-biotic.com\/fr-fr\/wp-json\/wp\/v2\/types\/post"}],"author":[{"embeddable":true,"href":"https:\/\/www.omni-biotic.com\/fr-fr\/wp-json\/wp\/v2\/users\/2"}],"replies":[{"embeddable":true,"href":"https:\/\/www.omni-biotic.com\/fr-fr\/wp-json\/wp\/v2\/comments?post=16356"}],"version-history":[{"count":7,"href":"https:\/\/www.omni-biotic.com\/fr-fr\/wp-json\/wp\/v2\/posts\/16356\/revisions"}],"predecessor-version":[{"id":22823,"href":"https:\/\/www.omni-biotic.com\/fr-fr\/wp-json\/wp\/v2\/posts\/16356\/revisions\/22823"}],"wp:featuredmedia":[{"embeddable":true,"href":"https:\/\/www.omni-biotic.com\/fr-fr\/wp-json\/wp\/v2\/media\/22818"}],"wp:attachment":[{"href":"https:\/\/www.omni-biotic.com\/fr-fr\/wp-json\/wp\/v2\/media?parent=16356"}],"wp:term":[{"taxonomy":"category","embeddable":true,"href":"https:\/\/www.omni-biotic.com\/fr-fr\/wp-json\/wp\/v2\/categories?post=16356"},{"taxonomy":"post_tag","embeddable":true,"href":"https:\/\/www.omni-biotic.com\/fr-fr\/wp-json\/wp\/v2\/tags?post=16356"}],"curies":[{"name":"wp","href":"https:\/\/api.w.org\/{rel}","templated":true}]}}