{"id":16387,"date":"2023-04-13T09:25:29Z","date_gmt":"2023-04-13T07:25:29Z","guid":{"rendered":"https:\/\/www.omni-biotic.com\/fr-fr\/zoom-sur-trois-micro-organismes-gardnerella-vaginalis-escherichia-coli-et-candida-albicans\/"},"modified":"2026-04-02T14:33:33Z","modified_gmt":"2026-04-02T12:33:33Z","slug":"zoom-sur-trois-micro-organismes-gardnerella-vaginalis-escherichia-coli-et-candida-albicans","status":"publish","type":"post","link":"https:\/\/www.omni-biotic.com\/fr-fr\/blog\/zoom-sur-trois-micro-organismes-gardnerella-vaginalis-escherichia-coli-et-candida-albicans\/","title":{"rendered":"Zoom sur Gardnerella vaginalis, Escherichia coli et Candida albicans"},"content":{"rendered":"\t\t<div data-elementor-type=\"wp-post\" data-elementor-id=\"16387\" class=\"elementor elementor-16387\" data-elementor-post-type=\"post\">\n\t\t\t\t<div class=\"elementor-element elementor-element-e95c5f8 obcs none e-flex e-con-boxed e-con e-parent\" data-id=\"e95c5f8\" data-element_type=\"container\">\n\t\t\t\t\t<div class=\"e-con-inner\">\n\t\t\t\t<div class=\"elementor-element elementor-element-cfa1935 elementor-widget elementor-widget-text-editor\" data-id=\"cfa1935\" data-element_type=\"widget\" data-widget_type=\"text-editor.default\">\n\t\t\t\t<div class=\"elementor-widget-container\">\n\t\t\t\t\t\t\t\t\t<p><strong><em>Gardnerella vaginalis, Escherichia coli et Candida albicans<\/em><\/strong><em> sont des micro-organismes qui sont \u00e0 l\u2019origine de l\u2019apparition de sympt\u00f4mes et qui peuvent provoquer des infections lorsqu\u2019ils<\/em><strong><em> se multiplient<\/em><\/strong><em> dans l\u2019organisme et qu\u2019ils <\/em><strong><em>s\u2019imposent<\/em><\/strong><em> sur les \u201cbonnes\u201d bact\u00e9ries. Description dans cet article de ces trois micro-organismes !<\/em><\/p>\t\t\t\t\t\t\t\t<\/div>\n\t\t\t\t<\/div>\n\t\t\t\t\t<\/div>\n\t\t\t\t<\/div>\n\t\t<div class=\"elementor-element elementor-element-5c2cf80 obcs none e-flex e-con-boxed e-con e-parent\" data-id=\"5c2cf80\" data-element_type=\"container\">\n\t\t\t\t\t<div class=\"e-con-inner\">\n\t\t\t\t<div class=\"elementor-element elementor-element-be953ae elementor-widget elementor-widget-heading\" data-id=\"be953ae\" data-element_type=\"widget\" data-widget_type=\"heading.default\">\n\t\t\t\t<div class=\"elementor-widget-container\">\n\t\t\t\t\t<h2 class=\"elementor-heading-title elementor-size-default\">Gardnerella vaginalis : une bact\u00e9rie commensale du vagin et de l\u2019ur\u00e8tre<\/h2>\t\t\t\t<\/div>\n\t\t\t\t<\/div>\n\t\t\t\t<div class=\"elementor-element elementor-element-80b590c elementor-widget__width-initial elementor-widget elementor-widget-text-editor\" data-id=\"80b590c\" data-element_type=\"widget\" data-widget_type=\"text-editor.default\">\n\t\t\t\t<div class=\"elementor-widget-container\">\n\t\t\t\t\t\t\t\t\t<p><em>Gardnerella vaginalis<\/em> est une bact\u00e9rie en forme de b\u00e2tonnet (un bacille Gram n\u00e9gatif) que l\u2019on retrouve g\u00e9n\u00e9ralement dans une flore intime saine, cependant elle y est pr\u00e9sente en<strong> infime quantit\u00e9<\/strong>.<\/p><p>Toutefois, lorsque <a href=\"https:\/\/www.omni-biotic.com\/fr-fr\/sante-intestin\/intestin-organe-influent\/microbiote-vaginal\/\"><strong>le microbiote vaginal<\/strong><\/a> est alt\u00e9r\u00e9 ou d\u00e9s\u00e9quilibr\u00e9, cette bact\u00e9rie peut se propager et s\u2019imposer face aux bact\u00e9ries lactiques (les lactobacilles qui sont majoritaires quand la flore intime est normale). Ces bact\u00e9ries lactiques sont importantes car elles produisent de l&rsquo;acide lactique permettant d&rsquo;avoir un milieu d\u00e9favorable au d\u00e9veloppement de bact\u00e9ries pathog\u00e8nes.\u00a0<\/p><p>Lorque les bact\u00e9ries <em style=\"color: var( --e-global-color-text );text-align: var(--text-align);background-color: inherit;font-family: var( --e-global-typography-text-font-family ), -apple-system,BlinkMacSystemFont,Segoe UI,Roboto,Helvetica Neue,Arial,Noto Sans,sans-serif;font-size: var( --e-global-typography-text-font-size );font-weight: var( --e-global-typography-text-font-weight );letter-spacing: var( --e-global-typography-text-letter-spacing );text-transform: var( --e-global-typography-text-text-transform )\">Gardnerella vaginalis <\/em>se multiplient, elles <span style=\"color: var( --e-global-color-text );text-align: var(--text-align);background-color: inherit;font-family: var( --e-global-typography-text-font-family ), -apple-system,BlinkMacSystemFont,Segoe UI,Roboto,Helvetica Neue,Arial,Noto Sans,sans-serif;font-size: var( --e-global-typography-text-font-size );font-style: var( --e-global-typography-text-font-style );font-weight: var( --e-global-typography-text-font-weight );letter-spacing: var( --e-global-typography-text-letter-spacing );text-transform: var( --e-global-typography-text-text-transform )\">provoquent alors des <\/span><strong style=\"color: var( --e-global-color-text );text-align: var(--text-align);background-color: inherit;font-family: var( --e-global-typography-text-font-family ), -apple-system,BlinkMacSystemFont,Segoe UI,Roboto,Helvetica Neue,Arial,Noto Sans,sans-serif;font-size: var( --e-global-typography-text-font-size );font-style: var( --e-global-typography-text-font-style );letter-spacing: var( --e-global-typography-text-letter-spacing );text-transform: var( --e-global-typography-text-text-transform )\">sympt\u00f4mes<\/strong><span style=\"color: var( --e-global-color-text );text-align: var(--text-align);background-color: inherit;font-family: var( --e-global-typography-text-font-family ), -apple-system,BlinkMacSystemFont,Segoe UI,Roboto,Helvetica Neue,Arial,Noto Sans,sans-serif;font-size: var( --e-global-typography-text-font-size );font-style: var( --e-global-typography-text-font-style );font-weight: var( --e-global-typography-text-font-weight );letter-spacing: var( --e-global-typography-text-letter-spacing );text-transform: var( --e-global-typography-text-text-transform )\"> tels que des br\u00fblures, des gonflements et des s\u00e9cr\u00e9tions vaginales malodorantes. C\u2019est ce qu\u2019on appelle la <\/span><strong style=\"color: var( --e-global-color-text );text-align: var(--text-align);background-color: inherit;font-family: var( --e-global-typography-text-font-family ), -apple-system,BlinkMacSystemFont,Segoe UI,Roboto,Helvetica Neue,Arial,Noto Sans,sans-serif;font-size: var( --e-global-typography-text-font-size );font-style: var( --e-global-typography-text-font-style );letter-spacing: var( --e-global-typography-text-letter-spacing );text-transform: var( --e-global-typography-text-text-transform )\"><a href=\"https:\/\/www.omni-biotic.com\/fr\/blog\/vaginose-bacterienne-ou-mycose-vaginale-causes-et-caracteristiques\/\">vaginose bact\u00e9rienne<\/a><\/strong><span style=\"color: var( --e-global-color-text );text-align: var(--text-align);background-color: inherit;font-family: var( --e-global-typography-text-font-family ), -apple-system,BlinkMacSystemFont,Segoe UI,Roboto,Helvetica Neue,Arial,Noto Sans,sans-serif;font-size: var( --e-global-typography-text-font-size );font-style: var( --e-global-typography-text-font-style );font-weight: var( --e-global-typography-text-font-weight );letter-spacing: var( --e-global-typography-text-letter-spacing );text-transform: var( --e-global-typography-text-text-transform )\">, c\u2019est-\u00e0-dire une <\/span><strong style=\"color: var( --e-global-color-text );text-align: var(--text-align);background-color: inherit;font-family: var( --e-global-typography-text-font-family ), -apple-system,BlinkMacSystemFont,Segoe UI,Roboto,Helvetica Neue,Arial,Noto Sans,sans-serif;font-size: var( --e-global-typography-text-font-size );font-style: var( --e-global-typography-text-font-style );letter-spacing: var( --e-global-typography-text-letter-spacing );text-transform: var( --e-global-typography-text-text-transform )\">colonisation microbienne anormale du microbiote<\/strong><span style=\"color: var( --e-global-color-text );text-align: var(--text-align);background-color: inherit;font-family: var( --e-global-typography-text-font-family ), -apple-system,BlinkMacSystemFont,Segoe UI,Roboto,Helvetica Neue,Arial,Noto Sans,sans-serif;font-size: var( --e-global-typography-text-font-size );font-style: var( --e-global-typography-text-font-style );font-weight: var( --e-global-typography-text-font-weight );letter-spacing: var( --e-global-typography-text-letter-spacing );text-transform: var( --e-global-typography-text-text-transform )\"> vaginal.<\/span><\/p><p>En g\u00e9n\u00e9ral, <em>Gardnerella vaginalis<\/em> n\u2019est pas la seule responsable d\u2019un tel d\u00e9s\u00e9quilibre car<strong> l\u2019infection<\/strong> est aussi caus\u00e9e par <strong>d\u2019autres bact\u00e9ries<\/strong> comme les <em>Bacteroides<\/em> spp. ou des <em>mycoplasmes<\/em>. Le diagnostic est \u00e9tabli \u00e0 partir de pr\u00e9l\u00e8vements vaginaux et de la recherche de cellules vaginales recouvertes de petits bacilles. Si cette infection n\u2019est pas trait\u00e9e, elle peut provoquer des complications et infecter notamment l\u2019ut\u00e9rus et les trompes de Fallope.<\/p>\t\t\t\t\t\t\t\t<\/div>\n\t\t\t\t<\/div>\n\t\t\t\t<div class=\"elementor-element elementor-element-f49e259 elementor-widget elementor-widget-image\" data-id=\"f49e259\" data-element_type=\"widget\" data-widget_type=\"image.default\">\n\t\t\t\t<div class=\"elementor-widget-container\">\n\t\t\t\t\t\t\t\t\t\t\t\t\t\t\t<img fetchpriority=\"high\" decoding=\"async\" width=\"768\" height=\"512\" src=\"https:\/\/www.omni-biotic.com\/fr-fr\/wp-content\/uploads\/sites\/4\/2023\/06\/gardnerella-vaginalis-bacterie.png\" class=\"attachment-large size-large wp-image-16390\" alt=\"Gardnerella vaginalis\" srcset=\"https:\/\/www.omni-biotic.com\/fr-fr\/wp-content\/uploads\/sites\/4\/2023\/06\/gardnerella-vaginalis-bacterie.png 768w, https:\/\/www.omni-biotic.com\/fr-fr\/wp-content\/uploads\/sites\/4\/2023\/06\/gardnerella-vaginalis-bacterie-300x200.png 300w\" sizes=\"(max-width: 768px) 100vw, 768px\" title=\"\">\t\t\t\t\t\t\t\t\t\t\t\t\t\t\t<\/div>\n\t\t\t\t<\/div>\n\t\t\t\t\t<\/div>\n\t\t\t\t<\/div>\n\t\t<div class=\"elementor-element elementor-element-6f1feba obcs none e-flex e-con-boxed e-con e-parent\" data-id=\"6f1feba\" data-element_type=\"container\">\n\t\t\t\t\t<div class=\"e-con-inner\">\n\t\t\t\t<div class=\"elementor-element elementor-element-d80c01f elementor-widget elementor-widget-heading\" data-id=\"d80c01f\" data-element_type=\"widget\" data-widget_type=\"heading.default\">\n\t\t\t\t<div class=\"elementor-widget-container\">\n\t\t\t\t\t<h2 class=\"elementor-heading-title elementor-size-default\">Candida albicans : un champignon \u00e0 l\u2019origine des candidoses <\/h2>\t\t\t\t<\/div>\n\t\t\t\t<\/div>\n\t\t\t\t<div class=\"elementor-element elementor-element-503c61c elementor-widget elementor-widget-text-editor\" data-id=\"503c61c\" data-element_type=\"widget\" data-widget_type=\"text-editor.default\">\n\t\t\t\t<div class=\"elementor-widget-container\">\n\t\t\t\t\t\t\t\t\t<p><em>Candida albicans<\/em> est un champignon (plus pr\u00e9cis\u00e9ment une levure) qui est naturellement pr\u00e9sent dans le corps humain, notamment sur<strong> la peau et les muqueuses<\/strong>. On le retrouve donc dans la bouche, les intestins ou le vagin. Il devient <strong>pathog\u00e8ne<\/strong> lorsqu\u2019il se multiplie et comme tous les champignons, <em>Candida albicans<\/em> pr\u00e9f\u00e8re les <strong>environnements chauds et humides<\/strong> ! Il est m\u00eame capable de vivre dans un milieu hostile gr\u00e2ce \u00e0 la production de spores.<\/p><p>Ce champignon ne provoque aucun sympt\u00f4me lorsqu\u2019il vit dans un syst\u00e8me \u00e0 l\u2019\u00e9quilibre naturel. Une<strong> hygi\u00e8ne excessive ou inadapt\u00e9e, le stress, des changements hormonaux ou un syst\u00e8me immunitaire affaibli<\/strong> peuvent n\u00e9anmoins alt\u00e9rer le microbiome et par cons\u00e9quent, <strong>favoriser la propagation<\/strong> du <em>Candida albicans. <\/em>D\u00e8s lors qu\u2019il domine, il provoque des sympt\u00f4mes au niveau de la peau et des muqueuses et des <strong>candidoses<\/strong> peuvent survenir. Ce champignon peut notamment toucher la bouche <em>(candidose buccale ou muguet)<\/em> ou la zone g\u00e9nitale <em>(candidose g\u00e9nitale)<\/em>. Ces<strong> infections fongiques<\/strong> peuvent \u00eatre observ\u00e9es chez les femmes et les hommes et peuvent se transmettre, par exemple lors de rapports sexuels non prot\u00e9g\u00e9s.<\/p>\t\t\t\t\t\t\t\t<\/div>\n\t\t\t\t<\/div>\n\t\t\t\t<div class=\"elementor-element elementor-element-0703bff elementor-widget elementor-widget-image\" data-id=\"0703bff\" data-element_type=\"widget\" data-widget_type=\"image.default\">\n\t\t\t\t<div class=\"elementor-widget-container\">\n\t\t\t\t\t\t\t\t\t\t\t\t\t\t\t<img decoding=\"async\" width=\"768\" height=\"512\" src=\"https:\/\/www.omni-biotic.com\/fr-fr\/wp-content\/uploads\/sites\/4\/2023\/06\/candida-albicans-champignon.png\" class=\"attachment-large size-large wp-image-16391\" alt=\"Candida albicans et candidoses ou muguet\" srcset=\"https:\/\/www.omni-biotic.com\/fr-fr\/wp-content\/uploads\/sites\/4\/2023\/06\/candida-albicans-champignon.png 768w, https:\/\/www.omni-biotic.com\/fr-fr\/wp-content\/uploads\/sites\/4\/2023\/06\/candida-albicans-champignon-300x200.png 300w\" sizes=\"(max-width: 768px) 100vw, 768px\" title=\"\">\t\t\t\t\t\t\t\t\t\t\t\t\t\t\t<\/div>\n\t\t\t\t<\/div>\n\t\t\t\t<div class=\"elementor-element elementor-element-5bf5804 elementor-widget elementor-widget-heading\" data-id=\"5bf5804\" data-element_type=\"widget\" data-widget_type=\"heading.default\">\n\t\t\t\t<div class=\"elementor-widget-container\">\n\t\t\t\t\t<h2 class=\"elementor-heading-title elementor-size-default\">Escherichia coli : une bact\u00e9rie responsable de la cystite et des infections urinaires<\/h2>\t\t\t\t<\/div>\n\t\t\t\t<\/div>\n\t\t\t\t<div class=\"elementor-element elementor-element-555d985 elementor-widget elementor-widget-text-editor\" data-id=\"555d985\" data-element_type=\"widget\" data-widget_type=\"text-editor.default\">\n\t\t\t\t<div class=\"elementor-widget-container\">\n\t\t\t\t\t\t\t\t\t<p><em>Escherichia coli (E. coli) <\/em>est aussi une bact\u00e9rie que l\u2019on peut trouver dans <a href=\"https:\/\/www.omni-biotic.com\/fr-fr\/sante-intestin\/intestin-centre-bien-etre\/microbiome\/\"><strong>un microbiome<\/strong><\/a> sain. Cependant, cette bact\u00e9rie provoque des infections dans certains cas.<\/p><p>Un microbiote vaginal, pauvre en lactobacilles par exemple, va favoriser le d\u00e9veloppement de cette bact\u00e9rie car <em>Escherichia coli\u00a0<\/em>peut se propager des intestins vers le vagin ou les voies urinaires et provoquer des infections, principalement des <strong>infections urinaires<\/strong>.<\/p><p>Apr\u00e8s l\u2019infection, cette bact\u00e9rie s\u2019installe dans la paroi de la vessie pour s\u2019y cacher. Dissimul\u00e9e \u00e0 cet endroit, elle est<strong> inaccessible aux antibiotiques<\/strong> et le <strong>syst\u00e8me immunitaire<\/strong> ne la rep\u00e8re pas ! A ce stade, tous les sympt\u00f4mes de l\u2019infection ont disparu. Cependant, si des bact\u00e9ries telles que <em>Gardnerella<\/em> rejoignent <em>Escherichia coli, <\/em><strong>l\u2019infection r\u00e9appara\u00eet<\/strong>. En attaquant le couche externe de la paroi de la vessie, les bact\u00e9ries lib\u00e8rent les E. coli et ce ph\u00e9nom\u00e8ne ouvre la voie aux <strong>infections urinaires chroniques<\/strong>.<\/p>\t\t\t\t\t\t\t\t<\/div>\n\t\t\t\t<\/div>\n\t\t\t\t<div class=\"elementor-element elementor-element-380a588 elementor-widget elementor-widget-button\" data-id=\"380a588\" data-element_type=\"widget\" data-widget_type=\"button.default\">\n\t\t\t\t<div class=\"elementor-widget-container\">\n\t\t\t\t\t\t\t\t\t<div class=\"elementor-button-wrapper\">\n\t\t\t\t\t<a class=\"elementor-button elementor-button-link elementor-size-md\" href=\"https:\/\/www.omni-biotic.com\/fr-fr\/blog\/infections-urinaires-e-coli-fimh\/\">\n\t\t\t\t\t\t<span class=\"elementor-button-content-wrapper\">\n\t\t\t\t\t\t\t\t\t<span class=\"elementor-button-text\">Nouvelle d\u00e9couverte sur E. Coli \u00e0 lire ici <\/span>\n\t\t\t\t\t<\/span>\n\t\t\t\t\t<\/a>\n\t\t\t\t<\/div>\n\t\t\t\t\t\t\t\t<\/div>\n\t\t\t\t<\/div>\n\t\t\t\t<div class=\"elementor-element elementor-element-778a257 elementor-widget elementor-widget-image\" data-id=\"778a257\" data-element_type=\"widget\" data-widget_type=\"image.default\">\n\t\t\t\t<div class=\"elementor-widget-container\">\n\t\t\t\t\t\t\t\t\t\t\t\t\t\t\t<img decoding=\"async\" width=\"800\" height=\"800\" src=\"https:\/\/www.omni-biotic.com\/fr-fr\/wp-content\/uploads\/sites\/4\/2023\/06\/escherichia-coli-bacterie.png\" class=\"attachment-large size-large wp-image-16392\" alt=\"Escherichia coli et infections urinaires\" srcset=\"https:\/\/www.omni-biotic.com\/fr-fr\/wp-content\/uploads\/sites\/4\/2023\/06\/escherichia-coli-bacterie.png 1000w, https:\/\/www.omni-biotic.com\/fr-fr\/wp-content\/uploads\/sites\/4\/2023\/06\/escherichia-coli-bacterie-300x300.png 300w, https:\/\/www.omni-biotic.com\/fr-fr\/wp-content\/uploads\/sites\/4\/2023\/06\/escherichia-coli-bacterie-150x150.png 150w, https:\/\/www.omni-biotic.com\/fr-fr\/wp-content\/uploads\/sites\/4\/2023\/06\/escherichia-coli-bacterie-768x768.png 768w\" sizes=\"(max-width: 800px) 100vw, 800px\" title=\"\">\t\t\t\t\t\t\t\t\t\t\t\t\t\t\t<\/div>\n\t\t\t\t<\/div>\n\t\t\t\t\t<\/div>\n\t\t\t\t<\/div>\n\t\t\t\t<\/div>\n\t\t","protected":false},"excerpt":{"rendered":"<p>Gardnerella vaginalis, Escherichia coli et Candida albicans sont des micro-organismes qui sont \u00e0 l\u2019origine de l\u2019apparition de sympt\u00f4mes et qui peuvent provoquer des infections lorsqu\u2019ils se multiplient dans l\u2019organisme et qu\u2019ils s\u2019imposent sur les \u201cbonnes\u201d bact\u00e9ries. Description dans cet article de ces trois micro-organismes ! Gardnerella vaginalis : une bact\u00e9rie commensale du vagin et de [&hellip;]<\/p>\n","protected":false},"author":2,"featured_media":16388,"comment_status":"closed","ping_status":"closed","sticky":false,"template":"","format":"standard","meta":{"_acf_changed":false,"inline_featured_image":false,"footnotes":""},"categories":[108],"tags":[],"class_list":["post-16387","post","type-post","status-publish","format-standard","has-post-thumbnail","hentry","category-actualite-de-la-recherche"],"acf":[],"rank_math":{"og:title":"Gardnerella vaginalis \/ Escherichia coli \/ Candida albicans","og:desc":"Ces micro-organismes sont \u00e0 l'origine de sympt\u00f4mes et provoquent des infections quand ils se multiplient dans l'organisme. En savoir plus !","og:url":"https:\/\/www.omni-biotic.com\/fr-fr\/blog\/zoom-sur-trois-micro-organismes-gardnerella-vaginalis-escherichia-coli-et-candida-albicans\/","og:locale":"fr_FR","og:image":"https:\/\/www.omni-biotic.com\/fr-fr\/wp-content\/uploads\/sites\/4\/2023\/06\/candida-albicans-champignon-1.png","og:image:width":"768","og:image:height":"512"},"additional_data":{"thumbnail":"https:\/\/www.omni-biotic.com\/fr-fr\/wp-content\/uploads\/sites\/4\/2023\/06\/candida-albicans-champignon-1.png"},"blog_info":{"country":"fr-fr"},"_links":{"self":[{"href":"https:\/\/www.omni-biotic.com\/fr-fr\/wp-json\/wp\/v2\/posts\/16387","targetHints":{"allow":["GET"]}}],"collection":[{"href":"https:\/\/www.omni-biotic.com\/fr-fr\/wp-json\/wp\/v2\/posts"}],"about":[{"href":"https:\/\/www.omni-biotic.com\/fr-fr\/wp-json\/wp\/v2\/types\/post"}],"author":[{"embeddable":true,"href":"https:\/\/www.omni-biotic.com\/fr-fr\/wp-json\/wp\/v2\/users\/2"}],"replies":[{"embeddable":true,"href":"https:\/\/www.omni-biotic.com\/fr-fr\/wp-json\/wp\/v2\/comments?post=16387"}],"version-history":[{"count":7,"href":"https:\/\/www.omni-biotic.com\/fr-fr\/wp-json\/wp\/v2\/posts\/16387\/revisions"}],"predecessor-version":[{"id":30502,"href":"https:\/\/www.omni-biotic.com\/fr-fr\/wp-json\/wp\/v2\/posts\/16387\/revisions\/30502"}],"wp:featuredmedia":[{"embeddable":true,"href":"https:\/\/www.omni-biotic.com\/fr-fr\/wp-json\/wp\/v2\/media\/16388"}],"wp:attachment":[{"href":"https:\/\/www.omni-biotic.com\/fr-fr\/wp-json\/wp\/v2\/media?parent=16387"}],"wp:term":[{"taxonomy":"category","embeddable":true,"href":"https:\/\/www.omni-biotic.com\/fr-fr\/wp-json\/wp\/v2\/categories?post=16387"},{"taxonomy":"post_tag","embeddable":true,"href":"https:\/\/www.omni-biotic.com\/fr-fr\/wp-json\/wp\/v2\/tags?post=16387"}],"curies":[{"name":"wp","href":"https:\/\/api.w.org\/{rel}","templated":true}]}}