{"id":16393,"date":"2023-04-19T07:43:08Z","date_gmt":"2023-04-19T05:43:08Z","guid":{"rendered":"https:\/\/www.omni-biotic.com\/fr-fr\/rester-en-forme-au-printemps-malgre-une-allergie-au-pollen-et-la-fatigue\/"},"modified":"2026-04-02T14:33:17Z","modified_gmt":"2026-04-02T12:33:17Z","slug":"rester-en-forme-au-printemps-malgre-une-allergie-au-pollen-et-la-fatigue","status":"publish","type":"post","link":"https:\/\/www.omni-biotic.com\/fr-fr\/blog\/rester-en-forme-au-printemps-malgre-une-allergie-au-pollen-et-la-fatigue\/","title":{"rendered":"Rester en forme au printemps malgr\u00e9 une allergie au pollen et la fatigue"},"content":{"rendered":"\t\t<div data-elementor-type=\"wp-post\" data-elementor-id=\"16393\" class=\"elementor elementor-16393\" data-elementor-post-type=\"post\">\n\t\t\t\t<div class=\"elementor-element elementor-element-6ec8d47 obcs none e-flex e-con-boxed e-con e-parent\" data-id=\"6ec8d47\" data-element_type=\"container\">\n\t\t\t\t\t<div class=\"e-con-inner\">\n\t\t\t\t<div class=\"elementor-element elementor-element-35bc816 elementor-widget elementor-widget-text-editor\" data-id=\"35bc816\" data-element_type=\"widget\" data-widget_type=\"text-editor.default\">\n\t\t\t\t<div class=\"elementor-widget-container\">\n\t\t\t\t\t\t\t\t\t<p><em>Le printemps s\u2019installe et la nature se r\u00e9veille ! Pendant que les arbres et les fleurs s\u2019\u00e9panouissent, certaines personnes<strong> souffrent du pollen<\/strong> : le nez coule ou d\u00e9mange, les yeux sont rouges et gonfl\u00e9s, la fatigue se fait ressentir. Ce sont les signes d\u2019une <strong>r\u00e9action allergique respiratoire.<\/strong> Ne pas profiter des beaux jours et \u00e9viter de faire de l\u2019exercice ne sont pas des solutions id\u00e9ales. D\u00e9couvrez comment vous pouvez rester en forme et appr\u00e9cier le printemps malgr\u00e9 une allergie au pollen.\u00a0<\/em><\/p>\t\t\t\t\t\t\t\t<\/div>\n\t\t\t\t<\/div>\n\t\t\t\t\t<\/div>\n\t\t\t\t<\/div>\n\t\t<div class=\"elementor-element elementor-element-c528e45 obcs none e-flex e-con-boxed e-con e-parent\" data-id=\"c528e45\" data-element_type=\"container\">\n\t\t\t\t\t<div class=\"e-con-inner\">\n\t\t\t\t<div class=\"elementor-element elementor-element-00b96d4 elementor-widget__width-initial elementor-widget elementor-widget-text-editor\" data-id=\"00b96d4\" data-element_type=\"widget\" data-widget_type=\"text-editor.default\">\n\t\t\t\t<div class=\"elementor-widget-container\">\n\t\t\t\t\t\t\t\t\t<p>Les <strong>arbres \u00e0 floraison pr\u00e9coce<\/strong> tels que le bouleau, le noisetier, le charme, le fr\u00eane ou le saule fleurissent au printemps et sont <strong>sources d\u2019inconfort<\/strong> pour de nombreuses personnes allergiques. Celles-ci souffrent d\u2019une vari\u00e9t\u00e9 de sympt\u00f4mes comme les \u00e9ternuements, des picotements, des d\u00e9mangeaisons, le nez bouch\u00e9 et des \u00e9coulements ou un larmoiement. Certaines personnes peuvent \u00e9galement d\u00e9velopper un asthme. Cependant, l<strong>\u2019intensit\u00e9 et la gravit\u00e9 des sympt\u00f4mes<\/strong> varient d\u2019une personne \u00e0 l\u2019autre et on note aussi une diff\u00e9rence entre les sexes puisque plus d\u2019un tiers des femmes souffrent d\u2019allergies, contre seulement un quart des hommes. Les jeunes gar\u00e7ons sont g\u00e9n\u00e9ralement plus durement touch\u00e9s par les r\u00e9actions allergiques, tandis que les filles d\u00e9veloppent habituellement des sympt\u00f4mes plus tard.<\/p>\t\t\t\t\t\t\t\t<\/div>\n\t\t\t\t<\/div>\n\t\t\t\t\t<\/div>\n\t\t\t\t<\/div>\n\t\t<div class=\"elementor-element elementor-element-16d7c85 obcs none e-flex e-con-boxed e-con e-parent\" data-id=\"16d7c85\" data-element_type=\"container\">\n\t\t\t\t\t<div class=\"e-con-inner\">\n\t\t\t\t<div class=\"elementor-element elementor-element-be8a067 elementor-widget elementor-widget-image\" data-id=\"be8a067\" data-element_type=\"widget\" data-widget_type=\"image.default\">\n\t\t\t\t<div class=\"elementor-widget-container\">\n\t\t\t\t\t\t\t\t\t\t\t\t\t\t\t<img fetchpriority=\"high\" decoding=\"async\" width=\"800\" height=\"473\" src=\"https:\/\/www.omni-biotic.com\/fr-fr\/wp-content\/uploads\/sites\/4\/2023\/04\/allergie_pollen_saison-1024x606.png\" class=\"attachment-large size-large wp-image-22293\" alt=\"Allergie au pollen : que faire ?\" srcset=\"https:\/\/www.omni-biotic.com\/fr-fr\/wp-content\/uploads\/sites\/4\/2023\/04\/allergie_pollen_saison-1024x606.png 1024w, https:\/\/www.omni-biotic.com\/fr-fr\/wp-content\/uploads\/sites\/4\/2023\/04\/allergie_pollen_saison-300x178.png 300w, https:\/\/www.omni-biotic.com\/fr-fr\/wp-content\/uploads\/sites\/4\/2023\/04\/allergie_pollen_saison-768x454.png 768w, https:\/\/www.omni-biotic.com\/fr-fr\/wp-content\/uploads\/sites\/4\/2023\/04\/allergie_pollen_saison.png 1200w\" sizes=\"(max-width: 800px) 100vw, 800px\" title=\"\">\t\t\t\t\t\t\t\t\t\t\t\t\t\t\t<\/div>\n\t\t\t\t<\/div>\n\t\t\t\t<div class=\"elementor-element elementor-element-aaa7b2d elementor-widget elementor-widget-heading\" data-id=\"aaa7b2d\" data-element_type=\"widget\" data-widget_type=\"heading.default\">\n\t\t\t\t<div class=\"elementor-widget-container\">\n\t\t\t\t\t<h2 class=\"elementor-heading-title elementor-size-default\">L'allergie au pollen : une affection saisonni\u00e8re<\/h2>\t\t\t\t<\/div>\n\t\t\t\t<\/div>\n\t\t\t\t<div class=\"elementor-element elementor-element-16a8f2d elementor-widget elementor-widget-text-editor\" data-id=\"16a8f2d\" data-element_type=\"widget\" data-widget_type=\"text-editor.default\">\n\t\t\t\t<div class=\"elementor-widget-container\">\n\t\t\t\t\t\t\t\t\t<p><a href=\"https:\/\/www.omni-biotic.com\/fr-fr\/troubles-digestifs\/allergies\/\"><strong>L\u2019allergie<\/strong><\/a> est un m\u00e9canisme et une maladie qui concerne l\u2019ensemble du corps. Lorsque la saison des pollens d\u00e9bute, ses r\u00e9percussions sur les personnes allergiques sont d\u2019ores et d\u00e9j\u00e0 visibles sur un r\u00e9sultat d\u2019h\u00e9mogramme par exemple. En effet, le nombre de <strong>globules rouges diminue<\/strong> tandis que la quantit\u00e9 de <strong>globules blancs augmente<\/strong>. Le fait que le sang transporte moins d\u2019oxyg\u00e8ne explique \u00e9galement la <strong>baisse d\u2019\u00e9nergie et la fatigue<\/strong> que ressentent certains allergiques pendant la saison pollinique. De nombreuses personnes acceptent cet inconfort, mais avec le temps, il devient contre-productif d\u2019ignorer le probl\u00e8me ou de se contenter de traiter les sympt\u00f4mes avec des m\u00e9dicaments contre l\u2019allergie. Par ailleurs, <a href=\"https:\/\/www.omni-biotic.com\/fr-fr\/sante-intestin\/intestin-organe-influent\/systeme-immunitaire\/\"><strong>le syst\u00e8me immunitaire<\/strong><\/a> a tendance \u00e0 s\u2019emballer si on attend trop longtemps.<\/p><p>Quelles sont les parties de l\u2019appareil respiratoire qui sont touch\u00e9es ? L\u2019allergie peut concerner les <strong>voies a\u00e9riennes sup\u00e9rieures<\/strong> <em>(nez, rhinopharynx et larynx)<\/em> ou les <strong>voies a\u00e9riennes inf\u00e9rieures <\/strong><em>(trach\u00e9e, bronches et alv\u00e9oles pulmonaires)<\/em>. Dans le premier en cas, on parle de<strong> rhinite allergique<\/strong>, la plus connue \u00e9tant le \u00ab rhume des foins \u00bb. Quant \u00e0 <strong>l\u2019asthme allergique<\/strong>, il affecte les bronches et peut provoquer des g\u00eanes respiratoires.<\/p>\t\t\t\t\t\t\t\t<\/div>\n\t\t\t\t<\/div>\n\t\t\t\t\t<\/div>\n\t\t\t\t<\/div>\n\t\t<div class=\"elementor-element elementor-element-e9c3959 obcs none e-flex e-con-boxed e-con e-parent\" data-id=\"e9c3959\" data-element_type=\"container\">\n\t\t\t\t\t<div class=\"e-con-inner\">\n\t\t\t\t<div class=\"elementor-element elementor-element-037c7ea elementor-widget elementor-widget-heading\" data-id=\"037c7ea\" data-element_type=\"widget\" data-widget_type=\"heading.default\">\n\t\t\t\t<div class=\"elementor-widget-container\">\n\t\t\t\t\t<h2 class=\"elementor-heading-title elementor-size-default\">Comment soulager une allergie au pollen ? <\/h2>\t\t\t\t<\/div>\n\t\t\t\t<\/div>\n\t\t\t\t<div class=\"elementor-element elementor-element-d25ba6b elementor-widget elementor-widget-heading\" data-id=\"d25ba6b\" data-element_type=\"widget\" data-widget_type=\"heading.default\">\n\t\t\t\t<div class=\"elementor-widget-container\">\n\t\t\t\t\t<h4 class=\"elementor-heading-title elementor-size-default\">M\u00e9thodes pour agir sur les sympt\u00f4mes <\/h4>\t\t\t\t<\/div>\n\t\t\t\t<\/div>\n\t\t\t\t<div class=\"elementor-element elementor-element-78b96f8 elementor-widget__width-initial elementor-widget elementor-widget-text-editor\" data-id=\"78b96f8\" data-element_type=\"widget\" data-widget_type=\"text-editor.default\">\n\t\t\t\t<div class=\"elementor-widget-container\">\n\t\t\t\t\t\t\t\t\t<p>Une<strong> immunoth\u00e9rapie sp\u00e9cifique<\/strong> ou <strong>d\u00e9sensibilisation<\/strong> peut apporter un soulagement \u00e0 long terme. On administre progressivement (cela dure plusieurs ann\u00e9es) des <strong>extraits d\u2019allerg\u00e8nes<\/strong> pour habituer lentement le corps \u00e0 l\u2019allerg\u00e8ne. Deux m\u00e9thodes sont jusqu\u2019\u00e0 pr\u00e9sent utilis\u00e9es\u00a0: soit par injection sous-cutan\u00e9e, soit sous la forme de comprim\u00e9 ou de gouttes.<\/p><p>L\u2019administration d\u2019<a href=\"https:\/\/www.omni-biotic.com\/fr-fr\/sante-intestin\/intestin-centre-bien-etre\/probiotiques\/\"><strong>un probiotique<\/strong><\/a>, qui prot\u00e8ge la muqueuse intestinale et renforce ainsi le syst\u00e8me immunitaire intestinal, peut \u00e9galement \u00eatre b\u00e9n\u00e9fique. En effet, si <strong>la muqueuse intestinale est alt\u00e9r\u00e9e<\/strong>, les allerg\u00e8nes peuvent franchir cette barri\u00e8re naturelle. Or, une muqueuse intestinale saine repousse les corps \u00e9trangers gr\u00e2ce aux anticorps lgAs (les immunoglobulines A).<\/p><p><strong>Conseil<\/strong><\/p><p>Si la r\u00e9action allergique persiste ou s\u2019aggrave, consultez rapidement votre m\u00e9decin !<\/p>\t\t\t\t\t\t\t\t<\/div>\n\t\t\t\t<\/div>\n\t\t\t\t<div class=\"elementor-element elementor-element-d77a684 elementor-widget elementor-widget-image\" data-id=\"d77a684\" data-element_type=\"widget\" data-widget_type=\"image.default\">\n\t\t\t\t<div class=\"elementor-widget-container\">\n\t\t\t\t\t\t\t\t\t\t\t\t\t\t\t<img decoding=\"async\" width=\"800\" height=\"422\" src=\"https:\/\/www.omni-biotic.com\/fr-fr\/wp-content\/uploads\/sites\/4\/2023\/04\/allergie_pollen_conseils-1024x540.png\" class=\"attachment-large size-large wp-image-22294\" alt=\"Profitez du printemps avec une allergie au pollen\" srcset=\"https:\/\/www.omni-biotic.com\/fr-fr\/wp-content\/uploads\/sites\/4\/2023\/04\/allergie_pollen_conseils-1024x540.png 1024w, https:\/\/www.omni-biotic.com\/fr-fr\/wp-content\/uploads\/sites\/4\/2023\/04\/allergie_pollen_conseils-300x158.png 300w, https:\/\/www.omni-biotic.com\/fr-fr\/wp-content\/uploads\/sites\/4\/2023\/04\/allergie_pollen_conseils-768x405.png 768w, https:\/\/www.omni-biotic.com\/fr-fr\/wp-content\/uploads\/sites\/4\/2023\/04\/allergie_pollen_conseils.png 1200w\" sizes=\"(max-width: 800px) 100vw, 800px\" title=\"\">\t\t\t\t\t\t\t\t\t\t\t\t\t\t\t<\/div>\n\t\t\t\t<\/div>\n\t\t\t\t<div class=\"elementor-element elementor-element-efbe92e elementor-widget elementor-widget-heading\" data-id=\"efbe92e\" data-element_type=\"widget\" data-widget_type=\"heading.default\">\n\t\t\t\t<div class=\"elementor-widget-container\">\n\t\t\t\t\t<h4 class=\"elementor-heading-title elementor-size-default\">Ne renoncez pas au sport !<\/h4>\t\t\t\t<\/div>\n\t\t\t\t<\/div>\n\t\t\t\t<div class=\"elementor-element elementor-element-0f46294 elementor-widget__width-initial elementor-widget elementor-widget-text-editor\" data-id=\"0f46294\" data-element_type=\"widget\" data-widget_type=\"text-editor.default\">\n\t\t\t\t<div class=\"elementor-widget-container\">\n\t\t\t\t\t\t\t\t\t<p>Les sympt\u00f4mes d\u2019une r\u00e9action allergique compliquent la vie quotidienne et ils g\u00e2chent certains plaisirs, notamment faire du sport en plein air par un temps printanier enfin agr\u00e9able ! Pourtant, vous ne devez pas renoncer au sport car <strong>l\u2019activit\u00e9 physique<\/strong> renforce les <strong>muscles respiratoires<\/strong> ainsi que la <strong>r\u00e9sistance physique<\/strong> et am\u00e9liore la <strong>perception de soi<\/strong>. Si l\u2019allergie est correctement ma\u00eetris\u00e9e par un traitement par exemple, presque tous les sports peuvent \u00eatre pratiqu\u00e9s, \u00e0 condition qu\u2019ils soient <strong>adapt\u00e9s \u00e0 la situation pollinique<\/strong> et m\u00e9t\u00e9orologique. Toutefois, en cas de forte concentration de pollen et de sympt\u00f4mes prononc\u00e9s, il est pr\u00e9f\u00e9rable de renoncer aux activit\u00e9s en plein air.<\/p><p>Apr\u00e8s une averse, la concentration de pollen est plus faible et se trouve au sol. Faites du sport plut\u00f4t t\u00f4t le matin ou en fin de journ\u00e9e, mais \u00e9vitez de faire votre s\u00e9ance l\u2019apr\u00e8s-midi surtout s\u2019il y a du vent\u00a0!<\/p><p><strong>Conseil<\/strong><\/p><p>Vous pouvez vous informer du risque d\u2019allergie dans votre r\u00e9gion ou d\u00e9partement sur <a href=\"https:\/\/www.pollens.fr\/\" target=\"_blank\" rel=\"noopener\">https:\/\/www.pollens.fr\/<\/a> (pour la France), <a href=\"https:\/\/airallergy.sciensano.be\/fr\" target=\"_blank\" rel=\"noopener\">https:\/\/airallergy.sciensano.be\/fr<\/a> (pour la Belgique) et <a href=\"https:\/\/www.pollenundallergie.ch\/home?lang=fr\" target=\"_blank\" rel=\"noopener\">https:\/\/www.pollenundallergie.ch\/home<\/a> (pour la Suisse).<\/p>\t\t\t\t\t\t\t\t<\/div>\n\t\t\t\t<\/div>\n\t\t\t\t<div class=\"elementor-element elementor-element-c4936cf elementor-widget elementor-widget-heading\" data-id=\"c4936cf\" data-element_type=\"widget\" data-widget_type=\"heading.default\">\n\t\t\t\t<div class=\"elementor-widget-container\">\n\t\t\t\t\t<h4 class=\"elementor-heading-title elementor-size-default\">Comment lutter contre la fatigue du printemps ? <\/h4>\t\t\t\t<\/div>\n\t\t\t\t<\/div>\n\t\t\t\t<div class=\"elementor-element elementor-element-58aba5d elementor-widget__width-initial elementor-widget elementor-widget-text-editor\" data-id=\"58aba5d\" data-element_type=\"widget\" data-widget_type=\"text-editor.default\">\n\t\t\t\t<div class=\"elementor-widget-container\">\n\t\t\t\t\t\t\t\t\t<p>Au printemps, la fatigue ou l\u2019\u00e9puisement n\u2019affectent pas seulement les personnes allergiques. Une <strong>d\u00e9ficience en <a href=\"https:\/\/www.omni-biotic.com\/fr-fr\/blog\/la-vitamine-d\/\">vitamine D<\/a><\/strong> en est souvent la cause et provient g\u00e9n\u00e9ralement des longs mois d\u2019hiver et du<strong> manque de lumi\u00e8re du soleil<\/strong>. La bonne nouvelle est qu\u2019il possible de r\u00e9soudre ce probl\u00e8me en prenant des <strong>compl\u00e9ments alimentaires<\/strong> contenant de la vitamine D3 (ou chol\u00e9calcif\u00e9rol). Pour que l\u2019organisme puisse tirer les meilleurs avantages de la vitamine D, vous pouvez l\u2019associer \u00e0 du magn\u00e9sium. Pour augmenter de mani\u00e8re naturelle la production de vitamine D, on peut \u00e9galement passer du temps au soleil, sans oublier de bouger pour stimuler le syst\u00e8me cardiovasculaire. Certains<strong> aliments<\/strong> contiennent de la <strong>vitamine D3<\/strong>, en particulier les poissons tels que le hareng, le maquereau et le saumon. Vous pouvez donc les inclure \u00e0 un r\u00e9gime alimentaire sain et \u00e9quilibr\u00e9.<\/p><p><strong>Conseil\u00a0<\/strong><\/p><p>Bougez et sortez\u00a0! Pratiquer une activit\u00e9 physique est importante pour r\u00e9duire la fatigue. Profitez pleinement du printemps pour marcher, voir des amis, jardiner. Mangez \u00e9quilibr\u00e9 et sain et buvez beaucoup d\u2019eau\u00a0!<\/p>\t\t\t\t\t\t\t\t<\/div>\n\t\t\t\t<\/div>\n\t\t\t\t\t<\/div>\n\t\t\t\t<\/div>\n\t\t<div class=\"elementor-element elementor-element-47fd7f0 obcs none e-flex e-con-boxed e-con e-parent\" data-id=\"47fd7f0\" data-element_type=\"container\">\n\t\t\t\t\t<div class=\"e-con-inner\">\n\t\t\t\t<div class=\"elementor-element elementor-element-d614037 elementor-widget elementor-widget-button\" data-id=\"d614037\" data-element_type=\"widget\" data-widget_type=\"button.default\">\n\t\t\t\t<div class=\"elementor-widget-container\">\n\t\t\t\t\t\t\t\t\t<div class=\"elementor-button-wrapper\">\n\t\t\t\t\t<a class=\"elementor-button elementor-button-link elementor-size-lg\" href=\"https:\/\/www.omni-biotic.com\/fr-fr\/blog\/lallergie-aux-acariens\/\">\n\t\t\t\t\t\t<span class=\"elementor-button-content-wrapper\">\n\t\t\t\t\t\t\t\t\t<span class=\"elementor-button-text\">A lire ici : l'allergie aux acariens<\/span>\n\t\t\t\t\t<\/span>\n\t\t\t\t\t<\/a>\n\t\t\t\t<\/div>\n\t\t\t\t\t\t\t\t<\/div>\n\t\t\t\t<\/div>\n\t\t\t\t\t<\/div>\n\t\t\t\t<\/div>\n\t\t\t\t<\/div>\n\t\t","protected":false},"excerpt":{"rendered":"<p>Le printemps s\u2019installe et la nature se r\u00e9veille ! Pendant que les arbres et les fleurs s\u2019\u00e9panouissent, certaines personnes souffrent du pollen : le nez coule ou d\u00e9mange, les yeux sont rouges et gonfl\u00e9s, la fatigue se fait ressentir. Ce sont les signes d\u2019une r\u00e9action allergique respiratoire. Ne pas profiter des beaux jours et \u00e9viter [&hellip;]<\/p>\n","protected":false},"author":2,"featured_media":16394,"comment_status":"closed","ping_status":"closed","sticky":false,"template":"","format":"standard","meta":{"_acf_changed":false,"inline_featured_image":false,"footnotes":""},"categories":[225],"tags":[],"class_list":["post-16393","post","type-post","status-publish","format-standard","has-post-thumbnail","hentry","category-allergies"],"acf":[],"rank_math":{"og:title":"Allergie au pollen et fatigue : que faire ? - OMNi-BiOTiC\u00ae","og:desc":"Les sympt\u00f4mes li\u00e9s \u00e0 une allergie au pollen et la sensation de fatigue compliquent la vie quotidienne. Que faire pour rester en forme ? A lire ici !","og:url":"https:\/\/www.omni-biotic.com\/fr-fr\/blog\/rester-en-forme-au-printemps-malgre-une-allergie-au-pollen-et-la-fatigue\/","og:locale":"fr_FR","og:image":"https:\/\/www.omni-biotic.com\/fr-fr\/wp-content\/uploads\/sites\/4\/2023\/06\/allergies-respiratoires-probiotiques-conseils.jpg","og:image:width":"800","og:image:height":"599"},"additional_data":{"thumbnail":"https:\/\/www.omni-biotic.com\/fr-fr\/wp-content\/uploads\/sites\/4\/2023\/06\/allergies-respiratoires-probiotiques-conseils.jpg"},"blog_info":{"country":"fr-fr"},"_links":{"self":[{"href":"https:\/\/www.omni-biotic.com\/fr-fr\/wp-json\/wp\/v2\/posts\/16393","targetHints":{"allow":["GET"]}}],"collection":[{"href":"https:\/\/www.omni-biotic.com\/fr-fr\/wp-json\/wp\/v2\/posts"}],"about":[{"href":"https:\/\/www.omni-biotic.com\/fr-fr\/wp-json\/wp\/v2\/types\/post"}],"author":[{"embeddable":true,"href":"https:\/\/www.omni-biotic.com\/fr-fr\/wp-json\/wp\/v2\/users\/2"}],"replies":[{"embeddable":true,"href":"https:\/\/www.omni-biotic.com\/fr-fr\/wp-json\/wp\/v2\/comments?post=16393"}],"version-history":[{"count":7,"href":"https:\/\/www.omni-biotic.com\/fr-fr\/wp-json\/wp\/v2\/posts\/16393\/revisions"}],"predecessor-version":[{"id":22298,"href":"https:\/\/www.omni-biotic.com\/fr-fr\/wp-json\/wp\/v2\/posts\/16393\/revisions\/22298"}],"wp:featuredmedia":[{"embeddable":true,"href":"https:\/\/www.omni-biotic.com\/fr-fr\/wp-json\/wp\/v2\/media\/16394"}],"wp:attachment":[{"href":"https:\/\/www.omni-biotic.com\/fr-fr\/wp-json\/wp\/v2\/media?parent=16393"}],"wp:term":[{"taxonomy":"category","embeddable":true,"href":"https:\/\/www.omni-biotic.com\/fr-fr\/wp-json\/wp\/v2\/categories?post=16393"},{"taxonomy":"post_tag","embeddable":true,"href":"https:\/\/www.omni-biotic.com\/fr-fr\/wp-json\/wp\/v2\/tags?post=16393"}],"curies":[{"name":"wp","href":"https:\/\/api.w.org\/{rel}","templated":true}]}}