{"id":16448,"date":"2024-05-01T09:00:12Z","date_gmt":"2024-05-01T07:00:12Z","guid":{"rendered":"https:\/\/www.omni-biotic.com\/fr-fr\/omni-biotic-6\/"},"modified":"2024-05-28T15:21:17Z","modified_gmt":"2024-05-28T13:21:17Z","slug":"omni-biotic-6","status":"publish","type":"post","link":"https:\/\/www.omni-biotic.com\/fr-fr\/blog\/omni-biotic-6\/","title":{"rendered":"OMNi-BiOTiC\u00ae 6"},"content":{"rendered":"\t\t<div data-elementor-type=\"wp-post\" data-elementor-id=\"16448\" class=\"elementor elementor-16448\" data-elementor-post-type=\"post\">\n\t\t\t\t<div class=\"elementor-element elementor-element-252f0f7 obcs none e-flex e-con-boxed e-con e-parent\" data-id=\"252f0f7\" data-element_type=\"container\">\n\t\t\t\t\t<div class=\"e-con-inner\">\n\t\t\t\t<div class=\"elementor-element elementor-element-088132a elementor-widget elementor-widget-text-editor\" data-id=\"088132a\" data-element_type=\"widget\" data-widget_type=\"text-editor.default\">\n\t\t\t\t<div class=\"elementor-widget-container\">\n\t\t\t\t\t\t\t\t\t<p><strong><em>OMNi-BiOTiC\u00ae 6 : l&rsquo;indispensable pour un intestin en forme !<\/em><\/strong><\/p><p><em>Et si vous aviez un alli\u00e9 quotidien qui vous permettait d\u2019am\u00e9liorer votre confort intestinal ? Les probiotiques soutiennent l\u2019intestin et son fonctionnement. L&rsquo;influence de cet organe est plus importante qu\u2019on pourrait le croire ! Il participe \u00e9videmment \u00e0 aux processus digestifs et \u00e0 notre transit, mais il influe aussi sur notre syst\u00e8me immunitaire, sur le d\u00e9veloppement des r\u00e9actions allergiques ou sur l\u2019aspect de la peau. Pr\u00e9parez-vous \u00e0 un voyage passionnant dans le monde des probiotiques et d\u00e9couvrez comment ils peuvent am\u00e9liorer votre qualit\u00e9 de vie !\u00a0<\/em><\/p>\t\t\t\t\t\t\t\t<\/div>\n\t\t\t\t<\/div>\n\t\t\t\t\t<\/div>\n\t\t\t\t<\/div>\n\t\t<div class=\"elementor-element elementor-element-654aa37 obcs none e-flex e-con-boxed e-con e-parent\" data-id=\"654aa37\" data-element_type=\"container\">\n\t\t\t\t\t<div class=\"e-con-inner\">\n\t\t\t\t<div class=\"elementor-element elementor-element-eb941e6 elementor-widget elementor-widget-heading\" data-id=\"eb941e6\" data-element_type=\"widget\" data-widget_type=\"heading.default\">\n\t\t\t\t<div class=\"elementor-widget-container\">\n\t\t\t\t\t<h2 class=\"elementor-heading-title elementor-size-default\">Les probiotiques : qu\u2019est-ce que c\u2019est&nbsp;?<\/h2>\t\t\t\t<\/div>\n\t\t\t\t<\/div>\n\t\t\t\t<div class=\"elementor-element elementor-element-165c088 elementor-widget__width-initial elementor-widget elementor-widget-text-editor\" data-id=\"165c088\" data-element_type=\"widget\" data-widget_type=\"text-editor.default\">\n\t\t\t\t<div class=\"elementor-widget-container\">\n\t\t\t\t\t\t\t\t\t<p>Les <a href=\"https:\/\/www.omni-biotic.com\/fr-fr\/sante-intestin\/intestin-centre-bien-etre\/probiotiques\/\"><strong>probiotiques<\/strong><\/a> sont des <strong>micro-organismes vivants<\/strong> qui pr\u00e9sentent de <strong>nombreux avantages<\/strong> pour la sant\u00e9 lorsqu\u2019ils sont ing\u00e9r\u00e9s en quantit\u00e9 suffisante. Bien qu\u2019ils soient principalement li\u00e9s au <strong>bien-\u00eatre gastro-intestinal<\/strong>, leur impact va bien au-del\u00e0 ! Ces micro-organismes b\u00e9n\u00e9fiques jouent un r\u00f4le essentiel dans le bon fonctionnement du syst\u00e8me digestif, ils soutiennent \u00e9galement le syst\u00e8me immunitaire et interviennent m\u00eame dans la lutte contre<a href=\"https:\/\/www.omni-biotic.com\/fr-fr\/troubles-digestifs\/allergies\/\"><strong> les allergies<\/strong><\/a>.<\/p>\t\t\t\t\t\t\t\t<\/div>\n\t\t\t\t<\/div>\n\t\t\t\t<div class=\"elementor-element elementor-element-4b6dbfa elementor-widget elementor-widget-heading\" data-id=\"4b6dbfa\" data-element_type=\"widget\" data-widget_type=\"heading.default\">\n\t\t\t\t<div class=\"elementor-widget-container\">\n\t\t\t\t\t<h2 class=\"elementor-heading-title elementor-size-default\">Comment les probiotiques peuvent-ils contribuer \u00e0 votre sant\u00e9&nbsp;?<\/h2>\t\t\t\t<\/div>\n\t\t\t\t<\/div>\n\t\t\t\t<div class=\"elementor-element elementor-element-2684a45 elementor-widget__width-initial elementor-widget elementor-widget-text-editor\" data-id=\"2684a45\" data-element_type=\"widget\" data-widget_type=\"text-editor.default\">\n\t\t\t\t<div class=\"elementor-widget-container\">\n\t\t\t\t\t\t\t\t\t<p>Pro<em> bios<\/em> signifie \u201cpour la vie\u201d. Les <strong>probiotiques<\/strong> sont principalement connus pour leur r\u00f4le dans le bon fonctionnement de la fonction digestive de l\u2019organisme. Les souches probiotiques les plus connues sont les <strong>lactobacilles<\/strong>\u00a0<em>(Lactobacillus)<\/em> et les <strong>bifidobact\u00e9ries <\/strong><em>(Bifidobacterium)<\/em>. Elles colonisent les muqueuses de notre syst\u00e8me digestif et veillent \u00e0 ce que <a href=\"https:\/\/www.omni-biotic.com\/fr-fr\/sante-intestin\/intestin-centre-bien-etre\/microbiote-intestinal\/\"><strong>le microbiote intestinal<\/strong><\/a> naturel puisse se d\u00e9fendre contre les substances ind\u00e9sirables. Plus notre syst\u00e8me digestif contient de bact\u00e9ries saines, plus notre r\u00e9sistance aux agents pathog\u00e8nes et aux toxines est forte.<\/p><p>Plusieurs facteurs sont capables d\u2019impacter le microbiote intestinal, qui peut s\u2019affaiblir au fil du temps. Lorsque vos bact\u00e9ries intestinales p\u00e2tissent d\u2019une telle situation, la <strong>paroi de votre intestin se fragilise<\/strong> et elle devient davantage perm\u00e9able, ce qui facilite la p\u00e9n\u00e9tration d\u2019agents pathog\u00e8nes et de toxines dans votre circulation sanguine (on parle alors <a href=\"https:\/\/www.omni-biotic.com\/fr-fr\/troubles-digestifs\/hyperpermeabilite-intestinale\/\"><strong>d\u2019hyperperm\u00e9abilit\u00e9 intestinale<\/strong><\/a>). Un intestin dont les fonctions sont alt\u00e9r\u00e9es a \u00e9galement un <strong>impact sur le fonctionnement des d\u00e9fenses immunitaires<\/strong> puisque 80 % des cellules immunitaires du corps se trouvent dans l\u2019intestin. Par cons\u00e9quent, si vous prenez soin de vos bact\u00e9ries intestinales, elles vous aideront \u00e0 vous prot\u00e9ger lorsque votre syst\u00e8me immunitaire sera sollicit\u00e9.<\/p><p>Une <strong>alimentation d\u00e9s\u00e9quilibr\u00e9e<\/strong>, la prise r\u00e9guli\u00e8re de <strong>m\u00e9dicaments<\/strong>, une <strong>activit\u00e9 physique intense<\/strong> et <strong><a href=\"https:\/\/www.omni-biotic.com\/fr\/blog\/maux-de-ventre-transit-perturbe-les-troubles-digestifs-lies-au-stress\/\">le stress<\/a> <\/strong>chronique sont autant de facteurs qui peuvent avoir un impact consid\u00e9rable sur le microbiome intestinal. D\u00e8s lors, vous pouvez \u00eatre plus sensible aux infections ou susceptible de souffrir de probl\u00e8mes digestifs tels que <a href=\"https:\/\/www.omni-biotic.com\/fr-fr\/troubles-digestifs\/ballonnements\/\"><strong>les ballonnements<\/strong><\/a>, <a href=\"https:\/\/www.omni-biotic.com\/fr-fr\/troubles-digestifs\/constipation\/\"><strong>la constipation<\/strong><\/a> ou <a href=\"https:\/\/www.omni-biotic.com\/fr-fr\/troubles-digestifs\/diarrhee\/\"><strong>la diarrh\u00e9e<\/strong><\/a>.<\/p>\t\t\t\t\t\t\t\t<\/div>\n\t\t\t\t<\/div>\n\t\t\t\t\t<\/div>\n\t\t\t\t<\/div>\n\t\t<div class=\"elementor-element elementor-element-479d5d8 obcs none e-flex e-con-boxed e-con e-parent\" data-id=\"479d5d8\" data-element_type=\"container\">\n\t\t\t\t\t<div class=\"e-con-inner\">\n\t\t\t\t<div class=\"elementor-element elementor-element-dbdd869 elementor-widget elementor-widget-button\" data-id=\"dbdd869\" data-element_type=\"widget\" data-widget_type=\"button.default\">\n\t\t\t\t<div class=\"elementor-widget-container\">\n\t\t\t\t\t\t\t\t\t<div class=\"elementor-button-wrapper\">\n\t\t\t\t\t<a class=\"elementor-button elementor-button-link elementor-size-sm\" href=\"https:\/\/www.omni-biotic.com\/fr-fr\/sante-intestin\/intestin-organe-influent\/systeme-immunitaire\/\">\n\t\t\t\t\t\t<span class=\"elementor-button-content-wrapper\">\n\t\t\t\t\t\t\t\t\t<span class=\"elementor-button-text\">En savoir plus sur le syst\u00e8me immunitaire<\/span>\n\t\t\t\t\t<\/span>\n\t\t\t\t\t<\/a>\n\t\t\t\t<\/div>\n\t\t\t\t\t\t\t\t<\/div>\n\t\t\t\t<\/div>\n\t\t\t\t<div class=\"elementor-element elementor-element-bfc4ac1 elementor-widget elementor-widget-image\" data-id=\"bfc4ac1\" data-element_type=\"widget\" data-widget_type=\"image.default\">\n\t\t\t\t<div class=\"elementor-widget-container\">\n\t\t\t\t\t\t\t\t\t\t\t\t\t\t\t<img fetchpriority=\"high\" decoding=\"async\" width=\"800\" height=\"485\" src=\"https:\/\/www.omni-biotic.com\/fr-fr\/wp-content\/uploads\/sites\/4\/2023\/06\/intestin_sante-1024x621.png\" class=\"attachment-large size-large wp-image-23482\" alt=\"OMNi-BiOTiC\u00ae 6 : un probiotique pour votre intestin\" srcset=\"https:\/\/www.omni-biotic.com\/fr-fr\/wp-content\/uploads\/sites\/4\/2023\/06\/intestin_sante-1024x621.png 1024w, https:\/\/www.omni-biotic.com\/fr-fr\/wp-content\/uploads\/sites\/4\/2023\/06\/intestin_sante-300x182.png 300w, https:\/\/www.omni-biotic.com\/fr-fr\/wp-content\/uploads\/sites\/4\/2023\/06\/intestin_sante-768x466.png 768w, https:\/\/www.omni-biotic.com\/fr-fr\/wp-content\/uploads\/sites\/4\/2023\/06\/intestin_sante.png 1200w\" sizes=\"(max-width: 800px) 100vw, 800px\" title=\"\">\t\t\t\t\t\t\t\t\t\t\t\t\t\t\t<\/div>\n\t\t\t\t<\/div>\n\t\t\t\t\t<\/div>\n\t\t\t\t<\/div>\n\t\t<div class=\"elementor-element elementor-element-eaa4808 obcs none e-flex e-con-boxed e-con e-parent\" data-id=\"eaa4808\" data-element_type=\"container\">\n\t\t\t\t\t<div class=\"e-con-inner\">\n\t\t\t\t<div class=\"elementor-element elementor-element-3c5c606 elementor-widget-divider--view-line elementor-widget elementor-widget-divider\" data-id=\"3c5c606\" data-element_type=\"widget\" data-widget_type=\"divider.default\">\n\t\t\t\t<div class=\"elementor-widget-container\">\n\t\t\t\t\t\t\t<div class=\"elementor-divider\">\n\t\t\t<span class=\"elementor-divider-separator\">\n\t\t\t\t\t\t<\/span>\n\t\t<\/div>\n\t\t\t\t\t\t<\/div>\n\t\t\t\t<\/div>\n\t\t\t\t\t<\/div>\n\t\t\t\t<\/div>\n\t\t<div class=\"elementor-element elementor-element-800de4a obcs none e-flex e-con-boxed e-con e-parent\" data-id=\"800de4a\" data-element_type=\"container\">\n\t\t\t\t\t<div class=\"e-con-inner\">\n\t\t\t\t<div class=\"elementor-element elementor-element-58a2783 elementor-widget elementor-widget-heading\" data-id=\"58a2783\" data-element_type=\"widget\" data-widget_type=\"heading.default\">\n\t\t\t\t<div class=\"elementor-widget-container\">\n\t\t\t\t\t<h2 class=\"elementor-heading-title elementor-size-default\">Qu\u2019est-ce qui rend OMNi-BiOTiC \u00ae 6 si particulier ?<\/h2>\t\t\t\t<\/div>\n\t\t\t\t<\/div>\n\t\t\t\t<div class=\"elementor-element elementor-element-744f735 elementor-widget elementor-widget-text-editor\" data-id=\"744f735\" data-element_type=\"widget\" data-widget_type=\"text-editor.default\">\n\t\t\t\t<div class=\"elementor-widget-container\">\n\t\t\t\t\t\t\t\t\t<p>OMNi-BiOTiC\u00ae 6 est le premier probiotique d\u00e9velopp\u00e9 par <a href=\"https:\/\/www.omni-biotic.com\/fr-fr\/a-propos-de-nous\/institut-allergosan\/\"><strong>l\u2019Institut AllergoSan<\/strong><\/a> et, au cours de ces 30 derni\u00e8res ann\u00e9es, ce produit phare s\u2019est r\u00e9v\u00e9l\u00e9 \u00eatre le <strong>produit de r\u00e9f\u00e9rence<\/strong> pour le bien-\u00eatre g\u00e9n\u00e9ral de l\u2019intestin !<\/p><p>Comme<strong> tous les produits OMNi-BiOTiC\u00ae<\/strong> de notre gamme, OMNi-BiOTiC\u00ae 6 r\u00e9pond \u00e0 <a href=\"https:\/\/www.omni-biotic.com\/fr-fr\/a-propos-de-nous\/recherche-developpement\/criteres-de-qualite\/\"><strong>une charte qualit\u00e9<\/strong><\/a> aux crit\u00e8res exigeants. OMNi-BiOTiC\u00ae 6 contient <strong>6 souches bact\u00e9riennes<\/strong> qui ont \u00e9t\u00e9 test\u00e9es lors d&rsquo;\u00e9tudes cliniques. Chaque dose de 2 g contient 2 milliards de bact\u00e9ries <strong>r\u00e9sistantes aux acides digestifs<\/strong>, ainsi qu\u2019une matrice sp\u00e9ciale compos\u00e9e d\u2019enzymes et de fibres afin de renforcer les bact\u00e9ries lorsqu&rsquo;elles \u00ab\u00a0se r\u00e9veillent\u00a0\u00bb ! De plus, il n\u2019est pas n\u00e9cessaire de conserver le produit au r\u00e9frig\u00e9rateur car les souches des produits OMNi-BiOTiC\u00ae sont suffisamment fortes pour <strong>r\u00e9sister \u00e0 des temp\u00e9ratures<\/strong> allant jusqu\u2019\u00e0 40 degr\u00e9s.\u00a0<\/p><p>Les particularit\u00e9s de nos produits : une formulation multi-esp\u00e8ces sp\u00e9cifique, l\u2019utilisation de bact\u00e9ries lyophilis\u00e9e et une m\u00e9thode unique pour r\u00e9activer les bact\u00e9ries ! En effet, <strong>la phase d\u2019activation<\/strong> qui dure une minute a lieu au contact d\u2019un liquide, par exemple de l\u2019eau, avant que la solution ne soit ing\u00e9r\u00e9e. Ainsi, les bact\u00e9ries sont pr\u00eates \u00e0 entreprendre leur voyage dans le tractus gastro-intestinal pour arriver dans l\u2019intestin.\u00a0<strong style=\"color: var( --e-global-color-text );text-align: var(--text-align);background-color: inherit;font-family: var( --e-global-typography-text-font-family ), -apple-system,BlinkMacSystemFont,Segoe UI,Roboto,Helvetica Neue,Arial,Noto Sans,sans-serif;font-size: var( --e-global-typography-text-font-size );font-style: var( --e-global-typography-text-font-style );letter-spacing: var( --e-global-typography-text-letter-spacing );text-transform: var( --e-global-typography-text-text-transform )\">Ce produit est facile \u00e0 utiliser<\/strong><span style=\"color: var( --e-global-color-text );text-align: var(--text-align);background-color: inherit;font-family: var( --e-global-typography-text-font-family ), -apple-system,BlinkMacSystemFont,Segoe UI,Roboto,Helvetica Neue,Arial,Noto Sans,sans-serif;font-size: var( --e-global-typography-text-font-size );font-style: var( --e-global-typography-text-font-style );font-weight: var( --e-global-typography-text-font-weight );letter-spacing: var( --e-global-typography-text-letter-spacing );text-transform: var( --e-global-typography-text-text-transform )\"> : il suffit de m\u00e9langer un sachet ou une cuill\u00e8re doseuse dans un verre d\u2019eau, de laisser reposer une minute, de m\u00e9langer \u00e0 nouveau et de boire !<\/span><\/p>\t\t\t\t\t\t\t\t<\/div>\n\t\t\t\t<\/div>\n\t\t\t\t<div class=\"elementor-element elementor-element-4d1c6eb elementor-widget elementor-widget-infobox\" data-id=\"4d1c6eb\" data-element_type=\"widget\" data-widget_type=\"infobox.default\">\n\t\t\t\t<div class=\"elementor-widget-container\">\n\t\t\t\t\t\n<div class=\"li-widgets--infobox blue highlights-always-magenta\">\n\n    <div class=\"li-widgets--infobox__icon\">\n        <i aria-hidden=\"true\" class=\"fas fa-info\"><\/i>    <\/div>\n    <div class=\"li-widgets--infobox__text\">\n        Les particularit\u00e9s de nos produits : une formulation multi-esp\u00e8ces sp\u00e9cifique, l\u2019utilisation de bact\u00e9ries lyophilis\u00e9e et une m\u00e9thode unique pour r\u00e9activer les bact\u00e9ries !    <\/div>\n    <div class=\"li-widgets--infobox__text-body\">\n            <\/div>\n\n    \n<\/div>\n\t\t\t\t<\/div>\n\t\t\t\t<\/div>\n\t\t\t\t\t<\/div>\n\t\t\t\t<\/div>\n\t\t<div class=\"elementor-element elementor-element-a8693e8 obcs none e-flex e-con-boxed e-con e-parent\" data-id=\"a8693e8\" data-element_type=\"container\">\n\t\t\t\t\t<div class=\"e-con-inner\">\n\t\t\t\t<div class=\"elementor-element elementor-element-86fe122 elementor-widget elementor-widget-button\" data-id=\"86fe122\" data-element_type=\"widget\" data-widget_type=\"button.default\">\n\t\t\t\t<div class=\"elementor-widget-container\">\n\t\t\t\t\t\t\t\t\t<div class=\"elementor-button-wrapper\">\n\t\t\t\t\t<a class=\"elementor-button elementor-button-link elementor-size-md\" href=\"https:\/\/shop.omni-biotic.com\/fr-fr\/products\/omni-biotic-6-int-99104\">\n\t\t\t\t\t\t<span class=\"elementor-button-content-wrapper\">\n\t\t\t\t\t\t\t\t\t<span class=\"elementor-button-text\">OMNi-BiOTiC\u00ae 6 dans notre boutique<\/span>\n\t\t\t\t\t<\/span>\n\t\t\t\t\t<\/a>\n\t\t\t\t<\/div>\n\t\t\t\t\t\t\t\t<\/div>\n\t\t\t\t<\/div>\n\t\t\t\t<div class=\"elementor-element elementor-element-c059174 elementor-widget elementor-widget-image\" data-id=\"c059174\" data-element_type=\"widget\" data-widget_type=\"image.default\">\n\t\t\t\t<div class=\"elementor-widget-container\">\n\t\t\t\t\t\t\t\t\t\t\t\t\t\t\t<img decoding=\"async\" width=\"480\" height=\"480\" src=\"https:\/\/www.omni-biotic.com\/fr-fr\/wp-content\/uploads\/sites\/4\/2023\/06\/omnibiotic6-complement-alimentaire-probiotique.jpg\" class=\"attachment-large size-large wp-image-19382\" alt=\"Pour l&#039;\u00e9quilibre de la flore intestinale\" srcset=\"https:\/\/www.omni-biotic.com\/fr-fr\/wp-content\/uploads\/sites\/4\/2023\/06\/omnibiotic6-complement-alimentaire-probiotique.jpg 480w, https:\/\/www.omni-biotic.com\/fr-fr\/wp-content\/uploads\/sites\/4\/2023\/06\/omnibiotic6-complement-alimentaire-probiotique-300x300.jpg 300w, https:\/\/www.omni-biotic.com\/fr-fr\/wp-content\/uploads\/sites\/4\/2023\/06\/omnibiotic6-complement-alimentaire-probiotique-150x150.jpg 150w\" sizes=\"(max-width: 480px) 100vw, 480px\" title=\"\">\t\t\t\t\t\t\t\t\t\t\t\t\t\t\t<\/div>\n\t\t\t\t<\/div>\n\t\t\t\t\t<\/div>\n\t\t\t\t<\/div>\n\t\t<div class=\"elementor-element elementor-element-feacbbe obcs none e-flex e-con-boxed e-con e-parent\" data-id=\"feacbbe\" data-element_type=\"container\">\n\t\t\t\t\t<div class=\"e-con-inner\">\n\t\t\t\t<div class=\"elementor-element elementor-element-5fe9acf elementor-widget elementor-widget-li-widgets--author-quote\" data-id=\"5fe9acf\" data-element_type=\"widget\" data-widget_type=\"li-widgets--author-quote.default\">\n\t\t\t\t<div class=\"elementor-widget-container\">\n\t\t\t\t\t<div class=\"li-widgets--author-quote magenta\">\n        <div class=\"li-widgets--author-quote__image--wrapper\">\n        <div class=\"li-widgets--author-quote__image\">\n            <img decoding=\"async\" width=\"239\" height=\"300\" src=\"https:\/\/www.omni-biotic.com\/fr-fr\/wp-content\/uploads\/sites\/4\/2023\/06\/frauwallner_pdg_institut.jpg\" class=\"attachment-medium size-medium\" alt=\"Anita Frauwallner\" title=\"\">        <\/div>\n    <\/div>\n        <div class=\"li-widgets--author-quote__content\">\n        <div class=\"li-widgets--author-quote__content--text\">\n            Depuis pr\u00e8s de 30 ans, je me consacre \u00e0 la recherche d\u00e9di\u00e9e \u00e0 l\u2019intestin et au microbiome. Une bonne sant\u00e9 intestinale devrait \u00eatre accessible \u00e0 tous.        <\/div>\n        <div class=\"li-widgets--author-quote__content--author\">\n            Anita Frauwallner, PDG de l\u2019Institut AllergoSan        <\/div>\n            <\/div>\n        <div class=\"li-widgets--author-quote__icon\">\n        <i aria-hidden=\"true\" class=\"fas fa-quote-left\"><\/i>    <\/div>\n    <\/div>\n\t\t\t\t<\/div>\n\t\t\t\t<\/div>\n\t\t\t\t\t<\/div>\n\t\t\t\t<\/div>\n\t\t<div class=\"elementor-element elementor-element-90cbaee obcs none e-flex e-con-boxed e-con e-parent\" data-id=\"90cbaee\" data-element_type=\"container\">\n\t\t\t\t\t<div class=\"e-con-inner\">\n\t\t\t\t<div class=\"elementor-element elementor-element-d3353a0 elementor-widget-divider--view-line elementor-widget elementor-widget-divider\" data-id=\"d3353a0\" data-element_type=\"widget\" data-widget_type=\"divider.default\">\n\t\t\t\t<div class=\"elementor-widget-container\">\n\t\t\t\t\t\t\t<div class=\"elementor-divider\">\n\t\t\t<span class=\"elementor-divider-separator\">\n\t\t\t\t\t\t<\/span>\n\t\t<\/div>\n\t\t\t\t\t\t<\/div>\n\t\t\t\t<\/div>\n\t\t\t\t\t<\/div>\n\t\t\t\t<\/div>\n\t\t<div class=\"elementor-element elementor-element-a05ee38 obcs none e-flex e-con-boxed e-con e-parent\" data-id=\"a05ee38\" data-element_type=\"container\">\n\t\t\t\t\t<div class=\"e-con-inner\">\n\t\t\t\t<div class=\"elementor-element elementor-element-d2e023e elementor-widget elementor-widget-heading\" data-id=\"d2e023e\" data-element_type=\"widget\" data-widget_type=\"heading.default\">\n\t\t\t\t<div class=\"elementor-widget-container\">\n\t\t\t\t\t<h2 class=\"elementor-heading-title elementor-size-default\">Comment agit OMNi-BiOTiC\u00ae 6 ?<\/h2>\t\t\t\t<\/div>\n\t\t\t\t<\/div>\n\t\t\t\t<div class=\"elementor-element elementor-element-dc240d5 elementor-widget elementor-widget-text-editor\" data-id=\"dc240d5\" data-element_type=\"widget\" data-widget_type=\"text-editor.default\">\n\t\t\t\t<div class=\"elementor-widget-container\">\n\t\t\t\t\t\t\t\t\t<p>Des \u00e9tudes ont montr\u00e9 que <strong>le syst\u00e8me immunitaire et l\u2019intestin<\/strong> sont \u00e9troitement li\u00e9s. <strong>OMNi-BiOTiC\u00ae 6<\/strong> est un compl\u00e9ment alimentaire \u00e0 base de ferments lactiques. Ce produit contient <strong>six souches bact\u00e9riennes<\/strong> test\u00e9es scientifiquement qui pr\u00e9sente les caract\u00e9ristiques et propri\u00e9t\u00e9s ci-dessous d\u00e9finissant ainsi son champ d\u2019application.<\/p><ul><li><strong>Colonisation durable <\/strong>de l\u2019ensemble de l\u2019intestin<\/li><li>Favorise <strong>la diversit\u00e9 du microbiote<\/strong> intestinal et le bon fonctionnement de la fonction digestive<\/li><li><strong>Am\u00e9lioration de la fonction de barri\u00e8re<\/strong> de la muqueuse intestinale<\/li><\/ul>\t\t\t\t\t\t\t\t<\/div>\n\t\t\t\t<\/div>\n\t\t\t\t\t<\/div>\n\t\t\t\t<\/div>\n\t\t<div class=\"elementor-element elementor-element-9585474 obcs none e-flex e-con-boxed e-con e-parent\" data-id=\"9585474\" data-element_type=\"container\">\n\t\t\t\t\t<div class=\"e-con-inner\">\n\t\t\t\t<div class=\"elementor-element elementor-element-811f392 elementor-widget elementor-widget-button\" data-id=\"811f392\" data-element_type=\"widget\" data-widget_type=\"button.default\">\n\t\t\t\t<div class=\"elementor-widget-container\">\n\t\t\t\t\t\t\t\t\t<div class=\"elementor-button-wrapper\">\n\t\t\t\t\t<a class=\"elementor-button elementor-button-link elementor-size-md\" href=\"https:\/\/www.omni-biotic.com\/fr-fr\/sante-intestin\/intestin-centre-bien-etre\/microbiote-intestinal\/\">\n\t\t\t\t\t\t<span class=\"elementor-button-content-wrapper\">\n\t\t\t\t\t\t\t\t\t<span class=\"elementor-button-text\">En savoir plus sur le microbiote intestinal<\/span>\n\t\t\t\t\t<\/span>\n\t\t\t\t\t<\/a>\n\t\t\t\t<\/div>\n\t\t\t\t\t\t\t\t<\/div>\n\t\t\t\t<\/div>\n\t\t\t\t<div class=\"elementor-element elementor-element-2f033e7 elementor-widget elementor-widget-image\" data-id=\"2f033e7\" data-element_type=\"widget\" data-widget_type=\"image.default\">\n\t\t\t\t<div class=\"elementor-widget-container\">\n\t\t\t\t\t\t\t\t\t\t\t\t\t\t\t<img loading=\"lazy\" decoding=\"async\" width=\"800\" height=\"600\" src=\"https:\/\/www.omni-biotic.com\/fr-fr\/wp-content\/uploads\/sites\/4\/2023\/06\/microbiote_intestinal.jpg\" class=\"attachment-large size-large wp-image-16541\" alt=\"Le microbiote intestinal ou flore intestinale\" srcset=\"https:\/\/www.omni-biotic.com\/fr-fr\/wp-content\/uploads\/sites\/4\/2023\/06\/microbiote_intestinal.jpg 800w, https:\/\/www.omni-biotic.com\/fr-fr\/wp-content\/uploads\/sites\/4\/2023\/06\/microbiote_intestinal-300x225.jpg 300w, https:\/\/www.omni-biotic.com\/fr-fr\/wp-content\/uploads\/sites\/4\/2023\/06\/microbiote_intestinal-768x576.jpg 768w\" sizes=\"(max-width: 800px) 100vw, 800px\" title=\"\">\t\t\t\t\t\t\t\t\t\t\t\t\t\t\t<\/div>\n\t\t\t\t<\/div>\n\t\t\t\t\t<\/div>\n\t\t\t\t<\/div>\n\t\t<div class=\"elementor-element elementor-element-3653c39 obcs none e-flex e-con-boxed e-con e-parent\" data-id=\"3653c39\" data-element_type=\"container\">\n\t\t\t\t\t<div class=\"e-con-inner\">\n\t\t\t\t<div class=\"elementor-element elementor-element-a0a6102 elementor-widget-divider--view-line elementor-widget elementor-widget-divider\" data-id=\"a0a6102\" data-element_type=\"widget\" data-widget_type=\"divider.default\">\n\t\t\t\t<div class=\"elementor-widget-container\">\n\t\t\t\t\t\t\t<div class=\"elementor-divider\">\n\t\t\t<span class=\"elementor-divider-separator\">\n\t\t\t\t\t\t<\/span>\n\t\t<\/div>\n\t\t\t\t\t\t<\/div>\n\t\t\t\t<\/div>\n\t\t\t\t\t<\/div>\n\t\t\t\t<\/div>\n\t\t<div class=\"elementor-element elementor-element-5d57ce2 obcs none e-flex e-con-boxed e-con e-parent\" data-id=\"5d57ce2\" data-element_type=\"container\">\n\t\t\t\t\t<div class=\"e-con-inner\">\n\t\t\t\t<div class=\"elementor-element elementor-element-98c3ed5 elementor-widget elementor-widget-heading\" data-id=\"98c3ed5\" data-element_type=\"widget\" data-widget_type=\"heading.default\">\n\t\t\t\t<div class=\"elementor-widget-container\">\n\t\t\t\t\t<h2 class=\"elementor-heading-title elementor-size-default\">Qui peut utiliser OMNi-BiOTiC\u00ae 6 ?<\/h2>\t\t\t\t<\/div>\n\t\t\t\t<\/div>\n\t\t\t\t<div class=\"elementor-element elementor-element-213a7bc elementor-widget elementor-widget-text-editor\" data-id=\"213a7bc\" data-element_type=\"widget\" data-widget_type=\"text-editor.default\">\n\t\t\t\t<div class=\"elementor-widget-container\">\n\t\t\t\t\t\t\t\t\t<p><strong>OMNi-BiOTiC\u00ae 6\u00a0<\/strong>peut soutenir durablement votre microbiote intestinal. C\u2019est la solution id\u00e9ale pour toute personne (et ce d\u00e8s la naissance) qui cherche un moyen naturel d&rsquo;aider<strong>\u00a0son syst\u00e8me digestif<\/strong> et de contribuer \u00e0<strong> sa sant\u00e9 et \u00e0 son bien-\u00eatre<\/strong> en g\u00e9n\u00e9ral !<\/p><p>De nombreux facteurs peuvent alt\u00e9rer <strong>votre microbiote intestinal<\/strong>, parmi lesquels on trouve un niveau de <strong>stress<\/strong> \u00e9lev\u00e9, une <strong>alimentation d\u00e9s\u00e9quilibr\u00e9e<\/strong> ou la prise r\u00e9guli\u00e8re de <strong>m\u00e9dicaments<\/strong> ! Les dommages caus\u00e9s peuvent ne pas \u00eatre imm\u00e9diatement perceptibles et certains<strong> probl\u00e8mes de sant\u00e9<\/strong> peuvent \u00eatre li\u00e9s \u00e0 votre sant\u00e9 intestinale sans que vous ne vous en rendiez compte. Un microbiote intestinal alt\u00e9r\u00e9 peut non seulement provoquer des probl\u00e8mes digestifs tels que des <strong>ballonnements<\/strong> et de la <strong>constipation<\/strong>, mais aussi une plus grande fatigue ou m\u00eame des <strong>probl\u00e8mes de peau<\/strong>. Un d\u00e9s\u00e9quilibre intestinal peut surtout avoir un impact sur votre syst\u00e8me immunitaire et vous rendre plus vuln\u00e9rable aux infections.<\/p>\t\t\t\t\t\t\t\t<\/div>\n\t\t\t\t<\/div>\n\t\t\t\t<div class=\"elementor-element elementor-element-af0f42e elementor-widget elementor-widget-button\" data-id=\"af0f42e\" data-element_type=\"widget\" data-widget_type=\"button.default\">\n\t\t\t\t<div class=\"elementor-widget-container\">\n\t\t\t\t\t\t\t\t\t<div class=\"elementor-button-wrapper\">\n\t\t\t\t\t<a class=\"elementor-button elementor-button-link elementor-size-md\" href=\"https:\/\/shop.omni-biotic.com\/fr-fr\/pages\/contact\">\n\t\t\t\t\t\t<span class=\"elementor-button-content-wrapper\">\n\t\t\t\t\t\t\t\t\t<span class=\"elementor-button-text\">Besoin de conseils ? Contactez-nous !<\/span>\n\t\t\t\t\t<\/span>\n\t\t\t\t\t<\/a>\n\t\t\t\t<\/div>\n\t\t\t\t\t\t\t\t<\/div>\n\t\t\t\t<\/div>\n\t\t\t\t<div class=\"elementor-element elementor-element-2632fcf elementor-widget elementor-widget-heading\" data-id=\"2632fcf\" data-element_type=\"widget\" data-widget_type=\"heading.default\">\n\t\t\t\t<div class=\"elementor-widget-container\">\n\t\t\t\t\t<h2 class=\"elementor-heading-title elementor-size-default\">Comment utiliser OMNi-BiOTiC\u00ae 6 ?<\/h2>\t\t\t\t<\/div>\n\t\t\t\t<\/div>\n\t\t\t\t<div class=\"elementor-element elementor-element-01241a7 elementor-widget elementor-widget-text-editor\" data-id=\"01241a7\" data-element_type=\"widget\" data-widget_type=\"text-editor.default\">\n\t\t\t\t<div class=\"elementor-widget-container\">\n\t\t\t\t\t\t\t\t\t<p>Une \u00e0 deux fois par jour, m\u00e9langer<strong> une dose d\u2019OMNi-BiOTiC\u00ae 6<\/strong> (= 2 ou 3 g) dans un verre d\u2019eau (environ 125 ml) \u00e0 temp\u00e9rature ambiante, <strong>attendre au moins une minute<\/strong> pour l\u2019activation bact\u00e9rienne, m\u00e9langer \u00e0 nouveau et boire.\u00a0<\/p><p>Id\u00e9alement, <strong>OMNi-BiOTiC\u00ae 6 doit \u00eatre pris \u00e0 jeun<\/strong>.\u00a0<span style=\"color: var( --e-global-color-text );text-align: var(--text-align);background-color: inherit;font-family: var( --e-global-typography-text-font-family ), -apple-system,BlinkMacSystemFont,Segoe UI,Roboto,Helvetica Neue,Arial,Noto Sans,sans-serif;font-size: var( --e-global-typography-text-font-size );font-style: var( --e-global-typography-text-font-style );font-weight: var( --e-global-typography-text-font-weight );letter-spacing: var( --e-global-typography-text-letter-spacing );text-transform: var( --e-global-typography-text-text-transform )\">Si vous prenez OMNi-BiOTiC\u00ae 6 deux fois par jour, il est conseill\u00e9 de le prendre avant le petit d\u00e9jeuner et avant le repas du soir.<\/span><\/p><p>En cas d\u2019<strong>intol\u00e9rance au fructose<\/strong>, vous devez prolonger le temps d\u2019activation \u00e0 au moins 30 minutes. Pendant ce temps, les bact\u00e9ries m\u00e9tabolisent les<strong> fructo-oligosaccharides<\/strong>. Le fructose ne parvient donc pas dans l\u2019intestin.\u00a0<\/p><p>OMNi-BiOTiC\u00ae 6 peut \u00eatre utilis\u00e9 en toute s\u00e9curit\u00e9 <strong>pendant la grossesse et l\u2019allaitement<\/strong>.<\/p><p><strong>Conditionnements possibles :<br \/><\/strong>\u2013 Un flacon en verre de 60 g avec une cuill\u00e8re doseuse (2 g)<br \/>\u2013 30 sachets x 3 g<\/p>\t\t\t\t\t\t\t\t<\/div>\n\t\t\t\t<\/div>\n\t\t\t\t<div class=\"elementor-element elementor-element-a412910 elementor-widget elementor-widget-image\" data-id=\"a412910\" data-element_type=\"widget\" data-widget_type=\"image.default\">\n\t\t\t\t<div class=\"elementor-widget-container\">\n\t\t\t\t\t\t\t\t\t\t\t\t\t\t\t<img loading=\"lazy\" decoding=\"async\" width=\"800\" height=\"258\" src=\"https:\/\/www.omni-biotic.com\/fr-fr\/wp-content\/uploads\/sites\/4\/2023\/06\/mode_emploi_probiotique-1024x330.png\" class=\"attachment-large size-large wp-image-23483\" alt=\"\" srcset=\"https:\/\/www.omni-biotic.com\/fr-fr\/wp-content\/uploads\/sites\/4\/2023\/06\/mode_emploi_probiotique-1024x330.png 1024w, https:\/\/www.omni-biotic.com\/fr-fr\/wp-content\/uploads\/sites\/4\/2023\/06\/mode_emploi_probiotique-300x97.png 300w, https:\/\/www.omni-biotic.com\/fr-fr\/wp-content\/uploads\/sites\/4\/2023\/06\/mode_emploi_probiotique-768x248.png 768w, https:\/\/www.omni-biotic.com\/fr-fr\/wp-content\/uploads\/sites\/4\/2023\/06\/mode_emploi_probiotique.png 1200w\" sizes=\"(max-width: 800px) 100vw, 800px\" title=\"\">\t\t\t\t\t\t\t\t\t\t\t\t\t\t\t<\/div>\n\t\t\t\t<\/div>\n\t\t\t\t\t<\/div>\n\t\t\t\t<\/div>\n\t\t<div class=\"elementor-element elementor-element-52060b3 obcs none e-flex e-con-boxed e-con e-parent\" data-id=\"52060b3\" data-element_type=\"container\">\n\t\t\t\t\t<div class=\"e-con-inner\">\n\t\t\t\t<div class=\"elementor-element elementor-element-b671423 elementor-widget-divider--view-line elementor-widget elementor-widget-divider\" data-id=\"b671423\" data-element_type=\"widget\" data-widget_type=\"divider.default\">\n\t\t\t\t<div class=\"elementor-widget-container\">\n\t\t\t\t\t\t\t<div class=\"elementor-divider\">\n\t\t\t<span class=\"elementor-divider-separator\">\n\t\t\t\t\t\t<\/span>\n\t\t<\/div>\n\t\t\t\t\t\t<\/div>\n\t\t\t\t<\/div>\n\t\t\t\t<div class=\"elementor-element elementor-element-6e35b7d elementor-widget elementor-widget-heading\" data-id=\"6e35b7d\" data-element_type=\"widget\" data-widget_type=\"heading.default\">\n\t\t\t\t<div class=\"elementor-widget-container\">\n\t\t\t\t\t<h2 class=\"elementor-heading-title elementor-size-default\">Informations nutritionnelles<\/h2>\t\t\t\t<\/div>\n\t\t\t\t<\/div>\n\t\t\t\t<div class=\"elementor-element elementor-element-f50998c elementor-widget elementor-widget-text-editor\" data-id=\"f50998c\" data-element_type=\"widget\" data-widget_type=\"text-editor.default\">\n\t\t\t\t<div class=\"elementor-widget-container\">\n\t\t\t\t\t\t\t\t\t<table width=\"498\"><tbody><tr><td><p><strong>\u00a0<\/strong><\/p><\/td><td><p><strong>pour 2 g <\/strong><\/p><p><strong>(= 1 cuill\u00e8re-mesure)<\/strong><\/p><\/td><td><p><strong>pour 3 g <\/strong><\/p><p><strong>(= 1 sachet)<\/strong><\/p><\/td><td><p><strong>\u00a0pour 100 g<\/strong><\/p><\/td><\/tr><tr><td><p>Valeur \u00e9nerg\u00e9tique<\/p><\/td><td><p>28,46 kJ<br \/>6,80 kcal<\/p><\/td><td><p>42,69 kJ<br \/>10,20 kcal<\/p><\/td><td><p>1 423 kJ<br \/>340 kcal<\/p><\/td><\/tr><tr><td><p>Mati\u00e8res grasses<\/p><\/td><td><p>0,01 g<\/p><\/td><td><p>0,01 g<\/p><\/td><td><p>0,30 g<\/p><\/td><\/tr><tr><td><p>\u2013 dont acides gras satur\u00e9s<\/p><\/td><td><p>&lt; 0,01 g<\/p><\/td><td><p>&lt; 0,01 g<\/p><\/td><td><p>0,10 g<\/p><\/td><\/tr><tr><td><p>Glucides<\/p><\/td><td><p>1,50 g<\/p><\/td><td><p>2,25 g<\/p><\/td><td><p>75,10 g<\/p><\/td><\/tr><tr><td><p>\u2013 dont sucres<\/p><\/td><td><p>0,07 g<\/p><\/td><td><p>0,10 g<\/p><\/td><td><p>3,40 g<\/p><\/td><\/tr><tr><td><p>Prot\u00e9ines<\/p><\/td><td><p>0,05 g<\/p><\/td><td><p>0,07 g<\/p><\/td><td><p>2,30 g<\/p><\/td><\/tr><tr><td><p>Sel<\/p><\/td><td><p>0,02 g<\/p><\/td><td><p>0,04 g<\/p><\/td><td><p>1,21 g<\/p><\/td><\/tr><\/tbody><\/table>\t\t\t\t\t\t\t\t<\/div>\n\t\t\t\t<\/div>\n\t\t\t\t<div class=\"elementor-element elementor-element-90ce449 elementor-widget elementor-widget-heading\" data-id=\"90ce449\" data-element_type=\"widget\" data-widget_type=\"heading.default\">\n\t\t\t\t<div class=\"elementor-widget-container\">\n\t\t\t\t\t<h2 class=\"elementor-heading-title elementor-size-default\">Composition<\/h2>\t\t\t\t<\/div>\n\t\t\t\t<\/div>\n\t\t\t\t<div class=\"elementor-element elementor-element-5bdbde7 elementor-widget elementor-widget-text-editor\" data-id=\"5bdbde7\" data-element_type=\"widget\" data-widget_type=\"text-editor.default\">\n\t\t\t\t<div class=\"elementor-widget-container\">\n\t\t\t\t\t\t\t\t\t<p>Amidon de ma\u00efs, maltodextrine, fructo-oligosaccharides (FOS), inuline, polydextrose, chlorure de potassium, ferments lactiques*, prot\u00e9ines v\u00e9g\u00e9tales (riz), sulfate de magn\u00e9sium, enzymes (amylases), sulfate de mangan\u00e8se.<\/p><p><strong>*6 ferments lactiques<\/strong>\u00a0avec au moins un milliard de micro-organismes (UFC ; unit\u00e9 formant colonie) par gramme de poudre :<\/p><p><em>Bifidobacterium animalis<\/em>\u00a0W53<br \/><em>Lactobacillus acidophilus<\/em>\u00a0W55<br \/><em>Lactobacillus salivarius<\/em>\u00a0W57<br \/><em>Enterococcus faecium<\/em>\u00a0W54<br \/><em>Lactococcus lactis<\/em>\u00a0W58<br \/><em>Lactobacillus casei<\/em>\u00a0W56<\/p><p><strong>Ne contient pas<\/strong> de prot\u00e9ines animales, de gluten, de levure ni de lactose.<\/p><p><strong>Convient aux <\/strong>diab\u00e9tiques, aux personnes allergiques au lait, aux enfants et aux femmes pendant la grossesse ou l\u2019allaitement.<\/p>\t\t\t\t\t\t\t\t<\/div>\n\t\t\t\t<\/div>\n\t\t\t\t<div class=\"elementor-element elementor-element-f6e6515 elementor-widget elementor-widget-button\" data-id=\"f6e6515\" data-element_type=\"widget\" data-widget_type=\"button.default\">\n\t\t\t\t<div class=\"elementor-widget-container\">\n\t\t\t\t\t\t\t\t\t<div class=\"elementor-button-wrapper\">\n\t\t\t\t\t<a class=\"elementor-button elementor-button-link elementor-size-md\" href=\"https:\/\/shop.omni-biotic.com\/fr-fr\/products\/omni-biotic-6-int-99104\">\n\t\t\t\t\t\t<span class=\"elementor-button-content-wrapper\">\n\t\t\t\t\t\t\t\t\t<span class=\"elementor-button-text\">OMNi-BiOTiC\u00ae 6 dans notre boutique<\/span>\n\t\t\t\t\t<\/span>\n\t\t\t\t\t<\/a>\n\t\t\t\t<\/div>\n\t\t\t\t\t\t\t\t<\/div>\n\t\t\t\t<\/div>\n\t\t\t\t<div class=\"elementor-element elementor-element-e2cc9e3 elementor-widget elementor-widget-image\" data-id=\"e2cc9e3\" data-element_type=\"widget\" data-widget_type=\"image.default\">\n\t\t\t\t<div class=\"elementor-widget-container\">\n\t\t\t\t\t\t\t\t\t\t\t\t\t\t\t<img loading=\"lazy\" decoding=\"async\" width=\"800\" height=\"495\" src=\"https:\/\/www.omni-biotic.com\/fr-fr\/wp-content\/uploads\/sites\/4\/2023\/06\/OMNIBIOTIC6_complement_alimentaire_sachet-1024x633.png\" class=\"attachment-large size-large wp-image-23484\" alt=\"OMNi-BiOTiC\u00ae 6 : pour un intestin en forme\" srcset=\"https:\/\/www.omni-biotic.com\/fr-fr\/wp-content\/uploads\/sites\/4\/2023\/06\/OMNIBIOTIC6_complement_alimentaire_sachet-1024x633.png 1024w, https:\/\/www.omni-biotic.com\/fr-fr\/wp-content\/uploads\/sites\/4\/2023\/06\/OMNIBIOTIC6_complement_alimentaire_sachet-300x186.png 300w, https:\/\/www.omni-biotic.com\/fr-fr\/wp-content\/uploads\/sites\/4\/2023\/06\/OMNIBIOTIC6_complement_alimentaire_sachet-768x475.png 768w, https:\/\/www.omni-biotic.com\/fr-fr\/wp-content\/uploads\/sites\/4\/2023\/06\/OMNIBIOTIC6_complement_alimentaire_sachet-1536x950.png 1536w, https:\/\/www.omni-biotic.com\/fr-fr\/wp-content\/uploads\/sites\/4\/2023\/06\/OMNIBIOTIC6_complement_alimentaire_sachet-1920x1188.png 1920w, https:\/\/www.omni-biotic.com\/fr-fr\/wp-content\/uploads\/sites\/4\/2023\/06\/OMNIBIOTIC6_complement_alimentaire_sachet.png 1940w\" sizes=\"(max-width: 800px) 100vw, 800px\" title=\"\">\t\t\t\t\t\t\t\t\t\t\t\t\t\t\t<\/div>\n\t\t\t\t<\/div>\n\t\t\t\t\t<\/div>\n\t\t\t\t<\/div>\n\t\t\t\t<\/div>\n\t\t","protected":false},"excerpt":{"rendered":"<p>OMNi-BiOTiC\u00ae 6 : l&rsquo;indispensable pour un intestin en forme ! Et si vous aviez un alli\u00e9 quotidien qui vous permettait d\u2019am\u00e9liorer votre confort intestinal ? Les probiotiques soutiennent l\u2019intestin et son fonctionnement. L&rsquo;influence de cet organe est plus importante qu\u2019on pourrait le croire ! Il participe \u00e9videmment \u00e0 aux processus digestifs et \u00e0 notre transit, [&hellip;]<\/p>\n","protected":false},"author":2,"featured_media":25741,"comment_status":"closed","ping_status":"closed","sticky":false,"template":"","format":"standard","meta":{"_acf_changed":false,"inline_featured_image":false,"footnotes":""},"categories":[217],"tags":[],"class_list":["post-16448","post","type-post","status-publish","format-standard","has-post-thumbnail","hentry","category-probiotiques"],"acf":[],"rank_math":{"og:title":"OMNi-BiOTiC\u00ae 6 - Pour le bien-\u00eatre intestinal","og:desc":"L'intestin, organe cl\u00e9 pour le bien-\u00eatre, garantit le bon fonctionnement de la digestion et de bien d'autres m\u00e9canismes. D\u00e9couvrez OMNi-BiOTiC\u00ae 6 !","og:url":"https:\/\/www.omni-biotic.com\/fr-fr\/blog\/omni-biotic-6\/","og:locale":"fr_FR","og:image":"https:\/\/www.omni-biotic.com\/fr-fr\/wp-content\/uploads\/sites\/4\/2024\/05\/probiotique_omnibiotic6.jpg","og:image:width":"1920","og:image:height":"1280"},"additional_data":{"thumbnail":"https:\/\/www.omni-biotic.com\/fr-fr\/wp-content\/uploads\/sites\/4\/2024\/05\/probiotique_omnibiotic6.jpg"},"blog_info":{"country":"fr-fr"},"_links":{"self":[{"href":"https:\/\/www.omni-biotic.com\/fr-fr\/wp-json\/wp\/v2\/posts\/16448","targetHints":{"allow":["GET"]}}],"collection":[{"href":"https:\/\/www.omni-biotic.com\/fr-fr\/wp-json\/wp\/v2\/posts"}],"about":[{"href":"https:\/\/www.omni-biotic.com\/fr-fr\/wp-json\/wp\/v2\/types\/post"}],"author":[{"embeddable":true,"href":"https:\/\/www.omni-biotic.com\/fr-fr\/wp-json\/wp\/v2\/users\/2"}],"replies":[{"embeddable":true,"href":"https:\/\/www.omni-biotic.com\/fr-fr\/wp-json\/wp\/v2\/comments?post=16448"}],"version-history":[{"count":7,"href":"https:\/\/www.omni-biotic.com\/fr-fr\/wp-json\/wp\/v2\/posts\/16448\/revisions"}],"predecessor-version":[{"id":26075,"href":"https:\/\/www.omni-biotic.com\/fr-fr\/wp-json\/wp\/v2\/posts\/16448\/revisions\/26075"}],"wp:featuredmedia":[{"embeddable":true,"href":"https:\/\/www.omni-biotic.com\/fr-fr\/wp-json\/wp\/v2\/media\/25741"}],"wp:attachment":[{"href":"https:\/\/www.omni-biotic.com\/fr-fr\/wp-json\/wp\/v2\/media?parent=16448"}],"wp:term":[{"taxonomy":"category","embeddable":true,"href":"https:\/\/www.omni-biotic.com\/fr-fr\/wp-json\/wp\/v2\/categories?post=16448"},{"taxonomy":"post_tag","embeddable":true,"href":"https:\/\/www.omni-biotic.com\/fr-fr\/wp-json\/wp\/v2\/tags?post=16448"}],"curies":[{"name":"wp","href":"https:\/\/api.w.org\/{rel}","templated":true}]}}