{"id":20503,"date":"2023-10-02T09:43:30Z","date_gmt":"2023-10-02T07:43:30Z","guid":{"rendered":"https:\/\/www.omni-biotic.com\/fr-fr\/?p=20503"},"modified":"2026-04-02T14:46:21Z","modified_gmt":"2026-04-02T12:46:21Z","slug":"la-vitamine-d","status":"publish","type":"post","link":"https:\/\/www.omni-biotic.com\/fr-fr\/blog\/la-vitamine-d\/","title":{"rendered":"La vitamine D : son importance pour le syst\u00e8me immunitaire et l\u2019intestin"},"content":{"rendered":"\t\t<div data-elementor-type=\"wp-post\" data-elementor-id=\"20503\" class=\"elementor elementor-20503\" data-elementor-post-type=\"post\">\n\t\t\t\t<div class=\"elementor-element elementor-element-24900ba obcs none e-flex e-con-boxed e-con e-parent\" data-id=\"24900ba\" data-element_type=\"container\">\n\t\t\t\t\t<div class=\"e-con-inner\">\n\t\t\t\t<div class=\"elementor-element elementor-element-0a8a1f7 elementor-widget elementor-widget-text-editor\" data-id=\"0a8a1f7\" data-element_type=\"widget\" data-widget_type=\"text-editor.default\">\n\t\t\t\t<div class=\"elementor-widget-container\">\n\t\t\t\t\t\t\t\t\t<p><em>La vitamine D, connue aussi sous le nom de vitamine du soleil, n&rsquo;est pas vraiment une vitamine au sens classique du terme car elle provient tr\u00e8s peu de l&rsquo;alimentation. Notre corps est capable de la synth\u00e9tiser, mais pour cela, il a besoin de la <\/em><strong><em>lumi\u00e8re du soleil<\/em><\/strong><em>. En fonction de la saison ou de la latitude du lieu de vie, cet apport peut \u00eatre tr\u00e8s restreint. Pourquoi cette vitamine est-elle si importante ? Que faire pour \u00e9viter une carence ?\u00a0<\/em><\/p>\t\t\t\t\t\t\t\t<\/div>\n\t\t\t\t<\/div>\n\t\t\t\t<div class=\"elementor-element elementor-element-95700c9 elementor-widget elementor-widget-image\" data-id=\"95700c9\" data-element_type=\"widget\" data-widget_type=\"image.default\">\n\t\t\t\t<div class=\"elementor-widget-container\">\n\t\t\t\t\t\t\t\t\t\t\t\t\t\t\t<img fetchpriority=\"high\" decoding=\"async\" width=\"768\" height=\"355\" src=\"https:\/\/www.omni-biotic.com\/fr-fr\/wp-content\/uploads\/sites\/4\/2023\/09\/vitamine_d_soleil-768x355.png\" class=\"attachment-medium_large size-medium_large wp-image-20505\" alt=\"La vitamine D, la vitamine du soleil : bienfaits\" srcset=\"https:\/\/www.omni-biotic.com\/fr-fr\/wp-content\/uploads\/sites\/4\/2023\/09\/vitamine_d_soleil-768x355.png 768w, https:\/\/www.omni-biotic.com\/fr-fr\/wp-content\/uploads\/sites\/4\/2023\/09\/vitamine_d_soleil-300x139.png 300w, https:\/\/www.omni-biotic.com\/fr-fr\/wp-content\/uploads\/sites\/4\/2023\/09\/vitamine_d_soleil-1024x473.png 1024w, https:\/\/www.omni-biotic.com\/fr-fr\/wp-content\/uploads\/sites\/4\/2023\/09\/vitamine_d_soleil.png 1200w\" sizes=\"(max-width: 768px) 100vw, 768px\" title=\"\">\t\t\t\t\t\t\t\t\t\t\t\t\t\t\t<\/div>\n\t\t\t\t<\/div>\n\t\t\t\t\t<\/div>\n\t\t\t\t<\/div>\n\t\t<div class=\"elementor-element elementor-element-7e32235 obcs none e-flex e-con-boxed e-con e-parent\" data-id=\"7e32235\" data-element_type=\"container\">\n\t\t\t\t\t<div class=\"e-con-inner\">\n\t\t\t\t<div class=\"elementor-element elementor-element-3508207 elementor-widget elementor-widget-heading\" data-id=\"3508207\" data-element_type=\"widget\" data-widget_type=\"heading.default\">\n\t\t\t\t<div class=\"elementor-widget-container\">\n\t\t\t\t\t<h2 class=\"elementor-heading-title elementor-size-default\">Le soleil : condition de base pour la production de vitamine D<\/h2>\t\t\t\t<\/div>\n\t\t\t\t<\/div>\n\t\t\t\t<div class=\"elementor-element elementor-element-685f359 elementor-widget elementor-widget-text-editor\" data-id=\"685f359\" data-element_type=\"widget\" data-widget_type=\"text-editor.default\">\n\t\t\t\t<div class=\"elementor-widget-container\">\n\t\t\t\t\t\t\t\t\t<p>La meilleure source de vitamine D est le soleil ! La quantit\u00e9 de vitamine D synth\u00e9tis\u00e9e par le corps d\u00e9pend du <strong>rayonnement solaire<\/strong>, de <strong>l&rsquo;indice UV<\/strong>, qui correspond \u00e0 l&rsquo;intensit\u00e9 du rayonnement, ainsi que de <strong>la position du soleil<\/strong>, c&rsquo;est-\u00e0-dire l&rsquo;angle de rayonnement. Selon les connaissances actuelles, ces conditions sont parfois insuffisantes dans une partie de l&rsquo;Europe. De plus, la synth\u00e8se de la vitamine du soleil varie d\u2019une personne \u00e0 l\u2019autre en fonction notamment de <strong>l\u2019\u00e2ge<\/strong> et de la <strong>pigmentation de la peau<\/strong>.<\/p><p>Pendant les mois d&rsquo;hiver, cette synth\u00e8se est rendue difficile \u00e0 partir du 42e parall\u00e8le nord. Ce parall\u00e8le traverse l&rsquo;Europe au niveau de la Corse et de Rome. Une <strong>carence en vitamine D<\/strong> est donc possible surtout si on travaille quotidiennement dans un bureau. L&rsquo;exposition \u00e0 la lumi\u00e8re du soleil est insuffisante car les journ\u00e9es \u00e9tant plus courtes en hiver, on part au travail, le jour ne s&rsquo;est pas encore lev\u00e9, et quand on rentre chez soi, la nuit est d\u00e9j\u00e0 tomb\u00e9e ! Il faudrait s&rsquo;exposer au soleil entre 15 et 30 minutes en milieu de journ\u00e9e pour <strong>assurer un apport journalier suffisant<\/strong> en vitamine D.<\/p>\t\t\t\t\t\t\t\t<\/div>\n\t\t\t\t<\/div>\n\t\t\t\t\t<\/div>\n\t\t\t\t<\/div>\n\t\t<div class=\"elementor-element elementor-element-db2f6ec obcs none e-flex e-con-boxed e-con e-parent\" data-id=\"db2f6ec\" data-element_type=\"container\">\n\t\t\t\t\t<div class=\"e-con-inner\">\n\t\t\t\t<div class=\"elementor-element elementor-element-85aba08 elementor-widget elementor-widget-heading\" data-id=\"85aba08\" data-element_type=\"widget\" data-widget_type=\"heading.default\">\n\t\t\t\t<div class=\"elementor-widget-container\">\n\t\t\t\t\t<h2 class=\"elementor-heading-title elementor-size-default\">Une carence en vitamine D<\/h2>\t\t\t\t<\/div>\n\t\t\t\t<\/div>\n\t\t\t\t<div class=\"elementor-element elementor-element-9a6618e elementor-widget elementor-widget-text-editor\" data-id=\"9a6618e\" data-element_type=\"widget\" data-widget_type=\"text-editor.default\">\n\t\t\t\t<div class=\"elementor-widget-container\">\n\t\t\t\t\t\t\t\t\t<p>La formation de vitamine D dans la peau est influenc\u00e9e par de nombreux autres facteurs : le froid, une peau fonc\u00e9e et un \u00e2ge avanc\u00e9 ont pour cons\u00e9quence <strong>une production r\u00e9duite<\/strong> de vitamine D.<\/p><p>Par ailleurs, il est compliqu\u00e9 d&rsquo;obtenir un apport suffisant en vitamine D par le biais de <strong>l&rsquo;alimentation<\/strong>. Certains aliments en contiennent mais en tr\u00e8s faible proportion. La vitamine D se trouve principalement dans les <strong>produits d&rsquo;origine animale<\/strong> comme le poisson, les \u0153ufs, la viande ou les produits laitiers <em>(essentiellement de la vitamine D3 ou chol\u00e9calcif\u00e9rol)<\/em> et dans <strong>quelques v\u00e9g\u00e9taux<\/strong> comme dans certains champignons ou c\u00e9r\u00e9ales <em>(vitamine D2 ou ergocalcif\u00e9rol)<\/em>. Pour couvrir suffisamment les besoins en vitamine D, il faudrait consommer chaque jour plusieurs centaines de grammes de poisson gras (par exemple, du maquereau, des sardines, du hareng ou du saumon).<\/p>\t\t\t\t\t\t\t\t<\/div>\n\t\t\t\t<\/div>\n\t\t\t\t\t<\/div>\n\t\t\t\t<\/div>\n\t\t<div class=\"elementor-element elementor-element-caf6f49 obcs none e-flex e-con-boxed e-con e-parent\" data-id=\"caf6f49\" data-element_type=\"container\">\n\t\t\t\t\t<div class=\"e-con-inner\">\n\t\t\t\t<div class=\"elementor-element elementor-element-f666f9b elementor-widget elementor-widget-image\" data-id=\"f666f9b\" data-element_type=\"widget\" data-widget_type=\"image.default\">\n\t\t\t\t<div class=\"elementor-widget-container\">\n\t\t\t\t\t\t\t\t\t\t\t\t\t\t\t<img decoding=\"async\" width=\"800\" height=\"376\" src=\"https:\/\/www.omni-biotic.com\/fr-fr\/wp-content\/uploads\/sites\/4\/2023\/09\/vitamine_d3_d2_aliments-1024x481.png\" class=\"attachment-large size-large wp-image-20506\" alt=\"La vitamine D dans les aliments\" srcset=\"https:\/\/www.omni-biotic.com\/fr-fr\/wp-content\/uploads\/sites\/4\/2023\/09\/vitamine_d3_d2_aliments-1024x481.png 1024w, https:\/\/www.omni-biotic.com\/fr-fr\/wp-content\/uploads\/sites\/4\/2023\/09\/vitamine_d3_d2_aliments-300x141.png 300w, https:\/\/www.omni-biotic.com\/fr-fr\/wp-content\/uploads\/sites\/4\/2023\/09\/vitamine_d3_d2_aliments-768x361.png 768w, https:\/\/www.omni-biotic.com\/fr-fr\/wp-content\/uploads\/sites\/4\/2023\/09\/vitamine_d3_d2_aliments.png 1200w\" sizes=\"(max-width: 800px) 100vw, 800px\" title=\"\">\t\t\t\t\t\t\t\t\t\t\t\t\t\t\t<\/div>\n\t\t\t\t<\/div>\n\t\t\t\t<div class=\"elementor-element elementor-element-3689917 elementor-widget elementor-widget-heading\" data-id=\"3689917\" data-element_type=\"widget\" data-widget_type=\"heading.default\">\n\t\t\t\t<div class=\"elementor-widget-container\">\n\t\t\t\t\t<h2 class=\"elementor-heading-title elementor-size-default\">Quels sont les bienfaits de la vitamine D ? <\/h2>\t\t\t\t<\/div>\n\t\t\t\t<\/div>\n\t\t\t\t<div class=\"elementor-element elementor-element-b73efb9 elementor-widget elementor-widget-text-editor\" data-id=\"b73efb9\" data-element_type=\"widget\" data-widget_type=\"text-editor.default\">\n\t\t\t\t<div class=\"elementor-widget-container\">\n\t\t\t\t\t\t\t\t\t<p>De nombreuses personnes connaissent son importance pour le <strong>maintien normal des os et des dents<\/strong>. La vitamine D participe au fonctionnement de l&rsquo;hom\u00e9ostasie du calcium et du phosphore, c&rsquo;est-\u00e0-dire qu&rsquo;elle favorise les m\u00e9canismes qui r\u00e9gulent les flux de ces deux \u00e9l\u00e9ments.<\/p><p>La vitamine du soleil est \u00e9galement importante pour le <strong>fonctionnement normal du <\/strong><strong><a href=\"https:\/\/www.omni-biotic.com\/fr-fr\/sante-intestin\/intestin-organe-influent\/\">syst\u00e8me immunitaire<\/a><\/strong>. Des \u00e9tudes ont montr\u00e9 que les personnes pr\u00e9sentant un faible taux de vitamine D sont plus souvent confront\u00e9es \u00e0 des affections tels que les rhumes que les personnes ayant un apport suffisant en vitamine D.<\/p><p>En outre, la vitamine D contribue \u00e0 <strong>la division cellulaire<\/strong>. Ce processus est primordial pour l&rsquo;organisme car il permet aux cellules de se multiplier puisque celles-ci ont une dur\u00e9e de vie limit\u00e9e. A titre d&rsquo;exemple, les cellules des os sont renouvel\u00e9es tous les dix environ alors que les cellules de <a href=\"https:\/\/www.omni-biotic.com\/fr-fr\/sante-intestin\/\"><strong>la muqueuse intestinale<\/strong><\/a> se r\u00e9g\u00e9n\u00e8rent tr\u00e8s rapidement, tous les deux \u00e0 cinq jours. Ce renouvellement fr\u00e9quent permet de maintenir le <strong>bon fonctionnement de la muqueuse<\/strong>, notamment<strong> sa fonction de barri\u00e8re<\/strong>. En effet, les agents pathog\u00e8nes ou les substances ind\u00e9sirables ne peuvent pas franchir la paroi intestinale pour atteindre la circulation sanguine. Pour mener \u00e0 bien ce processus de division cellulaire, le corps a besoin de vitamine D.<\/p><p>Il est donc recommand\u00e9 de contr\u00f4ler son taux de vitamine du soleil et d&rsquo;\u00e9valuer les besoins avec un m\u00e9decin. Pour compenser une carence en vitamine D, des compl\u00e9ments alimentaires existent.<\/p>\t\t\t\t\t\t\t\t<\/div>\n\t\t\t\t<\/div>\n\t\t\t\t\t<\/div>\n\t\t\t\t<\/div>\n\t\t\t\t<\/div>\n\t\t","protected":false},"excerpt":{"rendered":"<p>La vitamine D, connue aussi sous le nom de vitamine du soleil, n&rsquo;est pas vraiment une vitamine au sens classique du terme car elle provient tr\u00e8s peu de l&rsquo;alimentation. Notre corps est capable de la synth\u00e9tiser, mais pour cela, il a besoin de la lumi\u00e8re du soleil. En fonction de la saison ou de la [&hellip;]<\/p>\n","protected":false},"author":14,"featured_media":20512,"comment_status":"closed","ping_status":"closed","sticky":false,"template":"","format":"standard","meta":{"_acf_changed":false,"inline_featured_image":false,"footnotes":""},"categories":[110,215],"tags":[],"class_list":["post-20503","post","type-post","status-publish","format-standard","has-post-thumbnail","hentry","category-nutrition-recettes","category-immunite"],"acf":[],"rank_math":{"og:title":"Vitamine D : utile pour le syst\u00e8me immunitaire et l'intestin","og:desc":"La vitamine D ou du soleil joue un r\u00f4le important pour les os, le syst\u00e8me immunitaire et la division cellulaire. A quoi sert la vitamine D ?","og:url":"https:\/\/www.omni-biotic.com\/fr-fr\/blog\/la-vitamine-d\/","og:locale":"fr_FR","og:image":"https:\/\/www.omni-biotic.com\/fr-fr\/wp-content\/uploads\/sites\/4\/2023\/10\/soleil_vitamine_D_systeme_imminutaire.png","og:image:width":"1200","og:image:height":"675"},"additional_data":{"thumbnail":"https:\/\/www.omni-biotic.com\/fr-fr\/wp-content\/uploads\/sites\/4\/2023\/10\/soleil_vitamine_D_systeme_imminutaire.png"},"blog_info":{"country":"fr-fr"},"_links":{"self":[{"href":"https:\/\/www.omni-biotic.com\/fr-fr\/wp-json\/wp\/v2\/posts\/20503","targetHints":{"allow":["GET"]}}],"collection":[{"href":"https:\/\/www.omni-biotic.com\/fr-fr\/wp-json\/wp\/v2\/posts"}],"about":[{"href":"https:\/\/www.omni-biotic.com\/fr-fr\/wp-json\/wp\/v2\/types\/post"}],"author":[{"embeddable":true,"href":"https:\/\/www.omni-biotic.com\/fr-fr\/wp-json\/wp\/v2\/users\/14"}],"replies":[{"embeddable":true,"href":"https:\/\/www.omni-biotic.com\/fr-fr\/wp-json\/wp\/v2\/comments?post=20503"}],"version-history":[{"count":7,"href":"https:\/\/www.omni-biotic.com\/fr-fr\/wp-json\/wp\/v2\/posts\/20503\/revisions"}],"predecessor-version":[{"id":20736,"href":"https:\/\/www.omni-biotic.com\/fr-fr\/wp-json\/wp\/v2\/posts\/20503\/revisions\/20736"}],"wp:featuredmedia":[{"embeddable":true,"href":"https:\/\/www.omni-biotic.com\/fr-fr\/wp-json\/wp\/v2\/media\/20512"}],"wp:attachment":[{"href":"https:\/\/www.omni-biotic.com\/fr-fr\/wp-json\/wp\/v2\/media?parent=20503"}],"wp:term":[{"taxonomy":"category","embeddable":true,"href":"https:\/\/www.omni-biotic.com\/fr-fr\/wp-json\/wp\/v2\/categories?post=20503"},{"taxonomy":"post_tag","embeddable":true,"href":"https:\/\/www.omni-biotic.com\/fr-fr\/wp-json\/wp\/v2\/tags?post=20503"}],"curies":[{"name":"wp","href":"https:\/\/api.w.org\/{rel}","templated":true}]}}